{"id":32802,"date":"2010-05-05T19:27:59","date_gmt":"2010-05-05T17:27:59","guid":{"rendered":"http:\/\/www.visit-ulcinj.com\/blog\/?p=32802"},"modified":"2010-05-13T18:21:38","modified_gmt":"2010-05-13T16:21:38","slug":"per-dhe-kunder-koalicionit-%e2%80%9cper-ulqinin-evropian%e2%80%9d","status":"publish","type":"post","link":"https:\/\/www.visit-ulcinj.com\/blog\/2010\/05\/05\/per-dhe-kunder-koalicionit-%e2%80%9cper-ulqinin-evropian%e2%80%9d\/","title":{"rendered":"P\u00ebr dhe kund\u00ebr koalicionit \u201cP\u00ebr Ulqinin evropian\u201d"},"content":{"rendered":"<p><a href=\"http:\/\/www.visit-ulcinj.com\/blog\/wp-content\/uploads\/2010\/05\/Koalicioni-_P\u00ebr-Ulqinin-evropian.jpg\"><img loading=\"lazy\" class=\"alignleft size-full wp-image-32803\" title=\"Koalicioni _P\u00ebr Ulqinin evropian\" src=\"http:\/\/www.visit-ulcinj.com\/blog\/wp-content\/uploads\/2010\/05\/Koalicioni-_P\u00ebr-Ulqinin-evropian.jpg\" alt=\"Koalicioni _P\u00ebr Ulqinin evropian\" width=\"604\" height=\"425\" \/><\/a>Ulqin, 5 maj &#8211; Koalicioni \u201cP\u00ebr Ulqinin evropian\u201d t\u00eb cilin e p\u00ebrb\u00ebjn\u00eb  Unioni Demokratik i Shqiptar\u00ebve \/UDSH\/ dhe Partia Demokratike e  Socialist\u00ebve \/PDS\/ e Milo Gjukanoviqit ka habitur shum\u00eb njer\u00ebz, t\u00eb cil\u00ebt  e kan\u00eb konsideruar edhe bashk\u00ebrenditje t\u00eb panatyrshme, por doli e  kund\u00ebrta, vler\u00ebson kryebashkiaku i k\u00ebsaj komune, G\u00ebzim Hajdinaga, i cili  kryeson edhe list\u00ebn zgjedhore t\u00eb k\u00ebtij koalicioni p\u00ebr zgjedhjet lokale  t\u00eb 23 majit.<\/p>\n<p>G\u00ebzim Hajdinaga thekson se gjat\u00eb mandatit t\u00eb kaluar kat\u00ebrvje\u00e7ar,  n\u00eb saje t\u00eb koalicionit \u201cP\u00ebr Ulqinin evropian\u201d dhe t\u00eb p\u00ebrkrahjes s\u00eb  Qeveris\u00eb malazeze, Ulqini u kthye n\u00eb shkall\u00ebn e normalitetit t\u00eb  zhvillimit.<\/p>\n<p>\u201cKemi startuar me Planin e p\u00ebrgjithsh\u00ebm urbanistik, p\u00ebr t\u00eb  vazhduar planet me ato detaje, t\u00eb cil\u00ebt i kan\u00eb munguar k\u00ebtij qyteti. Fal  mjeteve financiare q\u00eb kemi marr\u00eb me mb\u00ebshtetje nga Qeveria e Malit t\u00eb  Zi, kemi p\u00ebrmir\u00ebsuar gjendjen n\u00eb infrastruktur\u00eb, jo vet\u00ebm n\u00eb qytet, por  edhe n\u00eb zonat rurale\u201d, thot\u00eb Hajdinaga. Ai shton se, p\u00ebrve\u00e7 mysafir\u00ebve  nga rajonet tradicionale, si\u00e7 \u00ebsht\u00eb Kosova, Maqedonia e Shqip\u00ebria, n\u00eb  Ulqin jan\u00eb kthyer p\u00ebrs\u00ebri edhe turist\u00ebt nga Bosnj\u00eb e Hercegovina.<\/p>\n<p>K\u00ebshtu nuk mendon Nazif\u00a0 Cungu, lideri i Forc\u00ebs s\u00eb Re  Demokratike, e cila \u00ebsht\u00eb n\u00eb opozit\u00eb. Ai thot\u00eb se koalicioni \u201cP\u00ebr  Ulqinin evropian\u201d e ka varf\u00ebruar dhe shkat\u00ebrruar Ulqinin. Sipas tij ky  koalicion nuk ka realizuar asnj\u00eb projekt q\u00eb u ka premtuar qytetar\u00ebve n\u00eb  vitin 2006.<\/p>\n<p>\u201cE keqja m\u00eb e madhe \u00ebsht\u00eb se Ulqini nuk ka Plan t\u00eb p\u00ebrgjithsh\u00ebm  urbanistik. Tash 20 vjet e m\u00eb shum\u00eb, nuk \u00ebsht\u00eb hartuar asnj\u00eb dokument i  plot\u00eb i k\u00ebsaj natyre, dhe n\u00eb k\u00ebt\u00eb gjendje kush do t\u00eb investonte n\u00eb  Ulqin. Kan\u00eb d\u00ebshtuar t\u00eb gjith\u00eb tender\u00ebt p\u00ebr ishullin Ada dhe Plazhin e  madh. Aksi rrugor nd\u00ebrkomb\u00ebtar Ulqin &#8211; Sukubin\u00eb \/kufiri me Shqip\u00ebrin\u00eb\/  nuk u rikonstruktua\u201d, thot\u00eb Nazif Cungu.<\/p>\n<p>Lideri i Forc\u00ebs s\u00eb Re Demokratike, shton se nuk u nd\u00ebrtuar as  ura shum\u00eb e p\u00ebrfolur mbi Portmilen\u00eb, as marina edhe pse dihet se Ulqini  \u00ebsht\u00eb i vetmi qytet n\u00eb bregdetin e Malit t\u00eb Zi q\u00eb nuk ka marin\u00eb dhe  pretendon t\u00eb jet\u00eb qytet modern turistik. Sipas Cungut, buxheti u  shpenzua p\u00ebr udh\u00ebtime t\u00eb pafund jasht\u00eb shteti dhe koncerte muzikore, por  jo edhe p\u00ebr ngritjen e nivelit ekonomik t\u00eb Ulqinit<\/p>\n<p><strong>Koha Net<\/strong><br \/>\n\n\t\t<style type=\"text\/css\">\n\t\t\t#gallery-1 {\n\t\t\t\tmargin: auto;\n\t\t\t}\n\t\t\t#gallery-1 .gallery-item {\n\t\t\t\tfloat: left;\n\t\t\t\tmargin-top: 10px;\n\t\t\t\ttext-align: center;\n\t\t\t\twidth: 33%;\n\t\t\t}\n\t\t\t#gallery-1 img {\n\t\t\t\tborder: 2px solid #cfcfcf;\n\t\t\t}\n\t\t\t#gallery-1 .gallery-caption {\n\t\t\t\tmargin-left: 0;\n\t\t\t}\n\t\t\t\/* see gallery_shortcode() in wp-includes\/media.php *\/\n\t\t<\/style>\n\t\t<div id='gallery-1' class='gallery galleryid-32802 gallery-columns-3 gallery-size-thumbnail'><dl class='gallery-item'>\n\t\t\t<dt class='gallery-icon '>\n\t\t\t\t<a href='https:\/\/www.visit-ulcinj.com\/blog\/wp-content\/uploads\/2010\/05\/Koalicioni-_P\u00c3\u00abr-Ulqinin-evropian.jpg'><img width=\"1\" height=\"1\" src=\"https:\/\/www.visit-ulcinj.com\/blog\/wp-content\/uploads\/2010\/05\/Koalicioni-_P\u00c3\u00abr-Ulqinin-evropian.jpg\" class=\"attachment-thumbnail size-thumbnail\" alt=\"\" loading=\"lazy\" \/><\/a>\n\t\t\t<\/dt><\/dl><dl class='gallery-item'>\n\t\t\t<dt class='gallery-icon '>\n\t\t\t\t<a href='https:\/\/www.visit-ulcinj.com\/blog\/wp-content\/uploads\/2010\/05\/Koalicioni-_P\u00c3\u00abr-Ulqinin-evropian.2.jpg'><img width=\"1\" height=\"1\" src=\"https:\/\/www.visit-ulcinj.com\/blog\/wp-content\/uploads\/2010\/05\/Koalicioni-_P\u00c3\u00abr-Ulqinin-evropian.2.jpg\" class=\"attachment-thumbnail size-thumbnail\" alt=\"\" loading=\"lazy\" \/><\/a>\n\t\t\t<\/dt><\/dl><dl class='gallery-item'>\n\t\t\t<dt class='gallery-icon '>\n\t\t\t\t<a href='https:\/\/www.visit-ulcinj.com\/blog\/wp-content\/uploads\/2010\/05\/Koalicioni-_P\u00c3\u00abr-Ulqinin-evropian.1.jpg'><img width=\"1\" height=\"1\" src=\"https:\/\/www.visit-ulcinj.com\/blog\/wp-content\/uploads\/2010\/05\/Koalicioni-_P\u00c3\u00abr-Ulqinin-evropian.1.jpg\" class=\"attachment-thumbnail size-thumbnail\" alt=\"\" loading=\"lazy\" \/><\/a>\n\t\t\t<\/dt><\/dl><br style=\"clear: both\" \/>\n\t\t<\/div>\n<br \/>\n<!--YouTube Error: bad URL entered--><\/p>\n","protected":false},"excerpt":{"rendered":"<p>Ulqin, 5 maj &#8211; Koalicioni \u201cP\u00ebr Ulqinin evropian\u201d t\u00eb cilin e p\u00ebrb\u00ebjn\u00eb Unioni Demokratik i Shqiptar\u00ebve \/UDSH\/ dhe Partia Demokratike e Socialist\u00ebve \/PDS\/ e Milo Gjukanoviqit ka habitur shum\u00eb njer\u00ebz, t\u00eb cil\u00ebt e kan\u00eb konsideruar edhe bashk\u00ebrenditje t\u00eb panatyrshme, por doli e kund\u00ebrta, vler\u00ebson kryebashkiaku i k\u00ebsaj komune, G\u00ebzim Hajdinaga, i cili kryeson edhe list\u00ebn [&hellip;]<\/p>\n","protected":false},"author":1,"featured_media":0,"comment_status":"open","ping_status":"closed","sticky":false,"template":"","format":"standard","meta":{"spay_email":"","jetpack_publicize_message":"","jetpack_is_tweetstorm":false,"jetpack_publicize_feature_enabled":true},"categories":[1],"tags":[222,14206,12725,2568,118,14207,13991],"jetpack_publicize_connections":[],"yoast_head":"<!-- This site is optimized with the Yoast SEO plugin v19.1 - https:\/\/yoast.com\/wordpress\/plugins\/seo\/ -->\n<title>P\u00ebr dhe kund\u00ebr koalicionit \u201cP\u00ebr Ulqinin evropian\u201d - Lajme nga Ulqini<\/title>\n<meta name=\"description\" content=\"Ulqin, 5 maj - Koalicioni \u201cP\u00ebr Ulqinin evropian\u201d t\u00eb cilin e p\u00ebrb\u00ebjn\u00eb Unioni Demokratik i Shqiptar\u00ebve \/UDSH\/ dhe Partia Demokratike e Socialist\u00ebve \/PDS\/ e\" \/>\n<meta name=\"robots\" content=\"index, follow, max-snippet:-1, max-image-preview:large, max-video-preview:-1\" \/>\n<link rel=\"canonical\" href=\"https:\/\/www.visit-ulcinj.com\/blog\/2010\/05\/05\/per-dhe-kunder-koalicionit-\u201cper-ulqinin-evropian\u201d\/\" \/>\n<meta property=\"og:locale\" content=\"en_US\" \/>\n<meta property=\"og:type\" content=\"article\" \/>\n<meta property=\"og:title\" content=\"P\u00ebr dhe kund\u00ebr koalicionit \u201cP\u00ebr Ulqinin evropian\u201d - Lajme nga Ulqini\" \/>\n<meta property=\"og:description\" content=\"Ulqin, 5 maj - Koalicioni \u201cP\u00ebr Ulqinin evropian\u201d t\u00eb cilin e p\u00ebrb\u00ebjn\u00eb Unioni Demokratik i Shqiptar\u00ebve \/UDSH\/ dhe Partia Demokratike e Socialist\u00ebve \/PDS\/ e\" \/>\n<meta property=\"og:url\" content=\"https:\/\/www.visit-ulcinj.com\/blog\/2010\/05\/05\/per-dhe-kunder-koalicionit-\u201cper-ulqinin-evropian\u201d\/\" \/>\n<meta property=\"og:site_name\" content=\"Lajme nga Ulqini\" \/>\n<meta property=\"article:published_time\" content=\"2010-05-05T17:27:59+00:00\" \/>\n<meta property=\"article:modified_time\" content=\"2010-05-13T16:21:38+00:00\" \/>\n<meta property=\"og:image\" content=\"https:\/\/www.visit-ulcinj.com\/blog\/wp-content\/uploads\/2010\/05\/Koalicioni-_P\u00c3\u00abr-Ulqinin-evropian.jpg\" \/>\n<meta name=\"twitter:label1\" content=\"Written by\" \/>\n\t<meta name=\"twitter:data1\" content=\"ulqini\" \/>\n\t<meta name=\"twitter:label2\" content=\"Est. reading time\" \/>\n\t<meta name=\"twitter:data2\" content=\"2 minutes\" \/>\n<script type=\"application\/ld+json\" class=\"yoast-schema-graph\">{\"@context\":\"https:\/\/schema.org\",\"@graph\":[{\"@type\":\"WebSite\",\"@id\":\"https:\/\/www.visit-ulcinj.com\/blog\/#website\",\"url\":\"https:\/\/www.visit-ulcinj.com\/blog\/\",\"name\":\"Lajme nga Ulqini\",\"description\":\"Lajme,Vijesti,Ulqini,Ulqin,Crna Gora,Mali i Zi\",\"potentialAction\":[{\"@type\":\"SearchAction\",\"target\":{\"@type\":\"EntryPoint\",\"urlTemplate\":\"https:\/\/www.visit-ulcinj.com\/blog\/?s={search_term_string}\"},\"query-input\":\"required name=search_term_string\"}],\"inLanguage\":\"en-US\"},{\"@type\":\"WebPage\",\"@id\":\"https:\/\/www.visit-ulcinj.com\/blog\/2010\/05\/05\/per-dhe-kunder-koalicionit-%e2%80%9cper-ulqinin-evropian%e2%80%9d\/#webpage\",\"url\":\"https:\/\/www.visit-ulcinj.com\/blog\/2010\/05\/05\/per-dhe-kunder-koalicionit-%e2%80%9cper-ulqinin-evropian%e2%80%9d\/\",\"name\":\"P\u00ebr dhe kund\u00ebr koalicionit \u201cP\u00ebr Ulqinin evropian\u201d - Lajme nga Ulqini\",\"isPartOf\":{\"@id\":\"https:\/\/www.visit-ulcinj.com\/blog\/#website\"},\"datePublished\":\"2010-05-05T17:27:59+00:00\",\"dateModified\":\"2010-05-13T16:21:38+00:00\",\"author\":{\"@id\":\"https:\/\/www.visit-ulcinj.com\/blog\/#\/schema\/person\/dcab619c614d3038751c63bc2aadc06d\"},\"description\":\"Ulqin, 5 maj - Koalicioni \u201cP\u00ebr Ulqinin evropian\u201d t\u00eb cilin e p\u00ebrb\u00ebjn\u00eb Unioni Demokratik i Shqiptar\u00ebve \/UDSH\/ dhe Partia Demokratike e Socialist\u00ebve \/PDS\/ e\",\"breadcrumb\":{\"@id\":\"https:\/\/www.visit-ulcinj.com\/blog\/2010\/05\/05\/per-dhe-kunder-koalicionit-%e2%80%9cper-ulqinin-evropian%e2%80%9d\/#breadcrumb\"},\"inLanguage\":\"en-US\",\"potentialAction\":[{\"@type\":\"ReadAction\",\"target\":[\"https:\/\/www.visit-ulcinj.com\/blog\/2010\/05\/05\/per-dhe-kunder-koalicionit-%e2%80%9cper-ulqinin-evropian%e2%80%9d\/\"]}]},{\"@type\":\"BreadcrumbList\",\"@id\":\"https:\/\/www.visit-ulcinj.com\/blog\/2010\/05\/05\/per-dhe-kunder-koalicionit-%e2%80%9cper-ulqinin-evropian%e2%80%9d\/#breadcrumb\",\"itemListElement\":[{\"@type\":\"ListItem\",\"position\":1,\"name\":\"P\u00ebr dhe kund\u00ebr koalicionit \u201cP\u00ebr Ulqinin evropian\u201d\"}]},{\"@type\":\"Person\",\"@id\":\"https:\/\/www.visit-ulcinj.com\/blog\/#\/schema\/person\/dcab619c614d3038751c63bc2aadc06d\",\"name\":\"ulqini\",\"sameAs\":[\"http:\/\/www.visit-ulcinj.com\"],\"url\":\"https:\/\/www.visit-ulcinj.com\/blog\/author\/admin\/\"}]}<\/script>\n<!-- \/ Yoast SEO plugin. -->","yoast_head_json":{"title":"P\u00ebr dhe kund\u00ebr koalicionit \u201cP\u00ebr Ulqinin evropian\u201d - Lajme nga Ulqini","description":"Ulqin, 5 maj - Koalicioni \u201cP\u00ebr Ulqinin evropian\u201d t\u00eb cilin e p\u00ebrb\u00ebjn\u00eb Unioni Demokratik i Shqiptar\u00ebve \/UDSH\/ dhe Partia Demokratike e Socialist\u00ebve \/PDS\/ e","robots":{"index":"index","follow":"follow","max-snippet":"max-snippet:-1","max-image-preview":"max-image-preview:large","max-video-preview":"max-video-preview:-1"},"canonical":"https:\/\/www.visit-ulcinj.com\/blog\/2010\/05\/05\/per-dhe-kunder-koalicionit-\u201cper-ulqinin-evropian\u201d\/","og_locale":"en_US","og_type":"article","og_title":"P\u00ebr dhe kund\u00ebr koalicionit \u201cP\u00ebr Ulqinin evropian\u201d - Lajme nga Ulqini","og_description":"Ulqin, 5 maj - Koalicioni \u201cP\u00ebr Ulqinin evropian\u201d t\u00eb cilin e p\u00ebrb\u00ebjn\u00eb Unioni Demokratik i Shqiptar\u00ebve \/UDSH\/ dhe Partia Demokratike e Socialist\u00ebve \/PDS\/ e","og_url":"https:\/\/www.visit-ulcinj.com\/blog\/2010\/05\/05\/per-dhe-kunder-koalicionit-\u201cper-ulqinin-evropian\u201d\/","og_site_name":"Lajme nga Ulqini","article_published_time":"2010-05-05T17:27:59+00:00","article_modified_time":"2010-05-13T16:21:38+00:00","og_image":[{"url":"https:\/\/www.visit-ulcinj.com\/blog\/wp-content\/uploads\/2010\/05\/Koalicioni-_P\u00c3\u00abr-Ulqinin-evropian.jpg"}],"twitter_misc":{"Written by":"ulqini","Est. reading time":"2 minutes"},"schema":{"@context":"https:\/\/schema.org","@graph":[{"@type":"WebSite","@id":"https:\/\/www.visit-ulcinj.com\/blog\/#website","url":"https:\/\/www.visit-ulcinj.com\/blog\/","name":"Lajme nga Ulqini","description":"Lajme,Vijesti,Ulqini,Ulqin,Crna Gora,Mali i Zi","potentialAction":[{"@type":"SearchAction","target":{"@type":"EntryPoint","urlTemplate":"https:\/\/www.visit-ulcinj.com\/blog\/?s={search_term_string}"},"query-input":"required name=search_term_string"}],"inLanguage":"en-US"},{"@type":"WebPage","@id":"https:\/\/www.visit-ulcinj.com\/blog\/2010\/05\/05\/per-dhe-kunder-koalicionit-%e2%80%9cper-ulqinin-evropian%e2%80%9d\/#webpage","url":"https:\/\/www.visit-ulcinj.com\/blog\/2010\/05\/05\/per-dhe-kunder-koalicionit-%e2%80%9cper-ulqinin-evropian%e2%80%9d\/","name":"P\u00ebr dhe kund\u00ebr koalicionit \u201cP\u00ebr Ulqinin evropian\u201d - Lajme nga Ulqini","isPartOf":{"@id":"https:\/\/www.visit-ulcinj.com\/blog\/#website"},"datePublished":"2010-05-05T17:27:59+00:00","dateModified":"2010-05-13T16:21:38+00:00","author":{"@id":"https:\/\/www.visit-ulcinj.com\/blog\/#\/schema\/person\/dcab619c614d3038751c63bc2aadc06d"},"description":"Ulqin, 5 maj - Koalicioni \u201cP\u00ebr Ulqinin evropian\u201d t\u00eb cilin e p\u00ebrb\u00ebjn\u00eb Unioni Demokratik i Shqiptar\u00ebve \/UDSH\/ dhe Partia Demokratike e Socialist\u00ebve \/PDS\/ e","breadcrumb":{"@id":"https:\/\/www.visit-ulcinj.com\/blog\/2010\/05\/05\/per-dhe-kunder-koalicionit-%e2%80%9cper-ulqinin-evropian%e2%80%9d\/#breadcrumb"},"inLanguage":"en-US","potentialAction":[{"@type":"ReadAction","target":["https:\/\/www.visit-ulcinj.com\/blog\/2010\/05\/05\/per-dhe-kunder-koalicionit-%e2%80%9cper-ulqinin-evropian%e2%80%9d\/"]}]},{"@type":"BreadcrumbList","@id":"https:\/\/www.visit-ulcinj.com\/blog\/2010\/05\/05\/per-dhe-kunder-koalicionit-%e2%80%9cper-ulqinin-evropian%e2%80%9d\/#breadcrumb","itemListElement":[{"@type":"ListItem","position":1,"name":"P\u00ebr dhe kund\u00ebr koalicionit \u201cP\u00ebr Ulqinin evropian\u201d"}]},{"@type":"Person","@id":"https:\/\/www.visit-ulcinj.com\/blog\/#\/schema\/person\/dcab619c614d3038751c63bc2aadc06d","name":"ulqini","sameAs":["http:\/\/www.visit-ulcinj.com"],"url":"https:\/\/www.visit-ulcinj.com\/blog\/author\/admin\/"}]}},"jetpack_featured_media_url":"","jetpack_sharing_enabled":true,"jetpack_shortlink":"https:\/\/wp.me\/pe6lTn-8x4","_links":{"self":[{"href":"https:\/\/www.visit-ulcinj.com\/blog\/wp-json\/wp\/v2\/posts\/32802"}],"collection":[{"href":"https:\/\/www.visit-ulcinj.com\/blog\/wp-json\/wp\/v2\/posts"}],"about":[{"href":"https:\/\/www.visit-ulcinj.com\/blog\/wp-json\/wp\/v2\/types\/post"}],"author":[{"embeddable":true,"href":"https:\/\/www.visit-ulcinj.com\/blog\/wp-json\/wp\/v2\/users\/1"}],"replies":[{"embeddable":true,"href":"https:\/\/www.visit-ulcinj.com\/blog\/wp-json\/wp\/v2\/comments?post=32802"}],"version-history":[{"count":0,"href":"https:\/\/www.visit-ulcinj.com\/blog\/wp-json\/wp\/v2\/posts\/32802\/revisions"}],"wp:attachment":[{"href":"https:\/\/www.visit-ulcinj.com\/blog\/wp-json\/wp\/v2\/media?parent=32802"}],"wp:term":[{"taxonomy":"category","embeddable":true,"href":"https:\/\/www.visit-ulcinj.com\/blog\/wp-json\/wp\/v2\/categories?post=32802"},{"taxonomy":"post_tag","embeddable":true,"href":"https:\/\/www.visit-ulcinj.com\/blog\/wp-json\/wp\/v2\/tags?post=32802"}],"curies":[{"name":"wp","href":"https:\/\/api.w.org\/{rel}","templated":true}]}}