{"id":3286,"date":"2008-09-13T12:25:03","date_gmt":"2008-09-13T17:25:03","guid":{"rendered":"http:\/\/www.visit-ulcinj.com\/blog\/?p=3286"},"modified":"2008-10-17T15:08:05","modified_gmt":"2008-10-17T20:08:05","slug":"rexhep-haxhi-likadashuri-ndaj-te-gjithe-atyre-qe-i-kemi-ne-afersi","status":"publish","type":"post","link":"https:\/\/www.visit-ulcinj.com\/blog\/2008\/09\/13\/rexhep-haxhi-likadashuri-ndaj-te-gjithe-atyre-qe-i-kemi-ne-afersi\/","title":{"rendered":"Kryeimami i Ulqinit Rexhep Lika,Dashuri ndaj t\u00eb gjith\u00eb atyre q\u00eb i kemi n\u00eb af\u00ebrsi"},"content":{"rendered":"<p><a href=\"http:\/\/www.visit-ulcinj.com\/blog\/wp-content\/uploads\/2008\/09\/mollarexhepi2.jpg\"><img loading=\"lazy\" class=\"alignleft size-medium wp-image-3287\" title=\"mollarexhepi2\" src=\"http:\/\/www.visit-ulcinj.com\/blog\/wp-content\/uploads\/2008\/09\/mollarexhepi2-300x202.jpg\" alt=\"\" width=\"300\" height=\"202\" srcset=\"https:\/\/www.visit-ulcinj.com\/blog\/wp-content\/uploads\/2008\/09\/mollarexhepi2-300x202.jpg 300w, https:\/\/www.visit-ulcinj.com\/blog\/wp-content\/uploads\/2008\/09\/mollarexhepi2.jpg 640w\" sizes=\"(max-width: 300px) 100vw, 300px\" \/><\/a>Rexhep (Haxhi) Lika, u lind n\u00eb vitin 1940 n\u00eb Brajsh\u00eb, komuna e Ulqinit. Shkoll\u00ebn fillore e kreu n\u00eb Kat\u00ebrkoll\u00eb n\u00eb vitin 1956, kur regjistrohet n\u00eb medresen\u00eb &#8220;Alauddin&#8221; n\u00eb Prishtin\u00eb, t\u00eb cil\u00ebn e kryen n\u00eb vitin 1960. Si imam filloi t\u00eb punoj\u00eb n\u00eb xhamin\u00eb e Husein-pash\u00ebs n\u00eb Plevla n\u00eb vitin 1963 ku kreu detyr\u00ebn e imamit, mual-limit dhe sekretarit deri n\u00eb korrik t\u00eb vitit 1965. Prej k\u00ebtij viti e deri n\u00eb janar t\u00eb vitit 1987 punoi si imam, mual-lim dhe sekretar n\u00eb xhamin\u00eb e Re n\u00eb Tuz, nd\u00ebrsa prej janarit t\u00eb vitit 1987 si imam, mual-lim dhe sekretar n\u00eb Xhamin\u00eb e Bregut n\u00eb Ulqin. Nga korriku i vitit 1997 punon si imam n\u00eb Xhamin\u00eb e Mezjahit, n\u00eb Ulqin. Pran\u00eb K\u00ebshillit t\u00eb Bashk\u00ebsis\u00eb Islame Ulqin kryen edhe detyr\u00ebn e kryeimamit. \u00cbsht\u00eb njoh\u00ebs i gjuh\u00ebs arabe.<br \/>\n<strong>Si lindi dhe cila \u00ebsht\u00eb r\u00ebnd\u00ebsia dhe vlera e agj\u00ebrimit t\u00eb k\u00ebtij muaji t\u00eb madh\u00ebruesh\u00ebm p\u00ebr besimtar\u00ebt mysliman\u00eb?<\/strong><br \/>\nMuaji i Ramazanit \u00ebsht\u00eb muaji m\u00eb i madh\u00ebruesh\u00ebm p\u00ebr mysliman\u00ebt, p\u00ebr at\u00eb \u00e7ka ka ndodhur dhe me at\u00eb \u00e7ka jan\u00eb t\u00eb obliguar n\u00eb k\u00ebt\u00eb muaj. Si\u00e7 dihet, shpallja p\u00ebrfundimtare e Allahut filloi ti shpallet Muhamedit a.s. mu n\u00eb k\u00ebt\u00eb muaj, shpallje e cila u plot\u00ebsua brenda 23 vitesh. Agj\u00ebrimi n\u00eb k\u00ebt\u00eb muaj p\u00ebr mysliman\u00ebt \u00ebsht\u00eb i obliguesh\u00ebm. Si\u00e7 thot\u00eb Zoti n\u00eb Kuran sikur q\u00eb e kan\u00eb pasur edhe popujt para nesh.<br \/>\nQ\u00ebllimi i agj\u00ebrimit \u00ebsht\u00eb devotshm\u00ebria. P\u00ebr t\u00eb mirat e agj\u00ebrimit n\u00eb Ramazan duhet t\u00eb flitet gjat\u00eb. Ato jan\u00eb edhe fizike, edhe shpirt\u00ebrore, q\u00eb n\u00eb Islam nuk dallohen nj\u00ebra nga tjetra. Ta analizojm\u00eb nj\u00eb agjerues, i cili \u00ebsht\u00eb i etur dhe i uritur brenda kat\u00ebr mureve, ku nuk e sheh kush nga njer\u00ebzit dhe ai nuk e shtrin dor\u00ebn t\u00eb marr\u00eb as uj\u00eb e as ushqim, sepse ka vendosur t\u00eb agj\u00ebroj\u00eb n\u00eb em\u00ebr t\u00eb Krijuesit, i cili din dhe sheh \u00e7do gj\u00eb. K\u00ebt\u00eb grad\u00eb nuk mund ta arrij\u00eb askush p\u00ebrpos agj\u00ebruesit. Agj\u00ebrimi ka edhe shum\u00eb t\u00eb mira t\u00eb tjera, t\u00eb cilat i shijojn\u00eb ata q\u00eb e kryejn\u00eb k\u00ebt\u00eb obligim.<a href=\"http:\/\/www.visit-ulcinj.com\/blog\/wp-content\/uploads\/2008\/09\/rexhep-lika.jpg\"><img loading=\"lazy\" class=\"alignright size-medium wp-image-2889\" title=\"rexhep-lika\" src=\"http:\/\/www.visit-ulcinj.com\/blog\/wp-content\/uploads\/2008\/09\/rexhep-lika.jpg\" alt=\"\" width=\"213\" height=\"235\" \/><\/a><br \/>\nT\u00eb gjith\u00eb mysliman\u00ebt besojn\u00eb n\u00eb Kuran, librin e tyre t\u00eb shenjt\u00eb. Megjithat\u00eb ata dallojn\u00eb nd\u00ebrmjet tyre kur \u00ebsht\u00eb fjala p\u00ebr m\u00ebnyr\u00ebn e zbatimit t\u00eb rregullave kuranore. Cilat jan\u00eb k\u00ebto ve\u00e7ori apo karakteristika t\u00eb cilat i dallojn\u00eb mysliman\u00ebt nga nj\u00ebri-tjetri? A ka dallime t\u00eb tilla edhe nd\u00ebr vet\u00eb besimtar\u00ebt mysliman\u00eb shqiptar\u00eb dhe n\u00eb \u00e7far\u00eb konsistojn\u00eb k\u00ebto dallime?<br \/>\nAta q\u00eb e njohin Islamin dhe mysliman\u00ebt e din\u00eb se t\u00eb gjitha grupet n\u00eb Islam nuk b\u00ebjn\u00eb m\u00eb tep\u00ebr se 12% t\u00eb mysliman\u00ebve n\u00eb Tok\u00eb. Sunnit\u00ebt jan\u00eb ata q\u00eb n\u00eb ritet fetare e ndjekin tradit\u00ebn e Muhamedit a.s. Brenda sunnit\u00ebve ka kat\u00ebr shkolla juridike t\u00eb pranuara, t\u00eb cilat dallohen n\u00eb disa \u00e7\u00ebshtje joesenciale t\u00eb riteve fetare q\u00eb kan\u00eb t\u00eb b\u00ebjn\u00eb me paraqitjen e jashtme &#8211; form\u00ebn e riteve e jo me thelbin e tyre.<br \/>\nSa u p\u00ebrket disa dukurive n\u00eb mesin ton\u00eb, q\u00eb manifestohen n\u00eb kryerjen e riteve e q\u00eb mund t\u00eb duken se dallohen, p\u00ebr mua jan\u00eb t\u00eb kuptueshme, por problemi \u00ebsht\u00eb q\u00eb ata q\u00eb e ushtrojn\u00eb k\u00ebt\u00eb, nuk ma merr mendja se jan\u00eb t\u00eb njohur me arsyet p\u00ebrse e b\u00ebjn\u00eb k\u00ebt\u00eb. Kjo \u00ebsht\u00eb si pasoj\u00eb e ardhjeve n\u00eb Ballkan t\u00eb disa organizatave bamir\u00ebse nga vendet arabe t\u00eb cil\u00ebt i udh\u00ebheqin jo dijetar\u00eb islam\u00eb, por njer\u00ebz t\u00eb profileve tjera t\u00eb cil\u00ebt mund t\u00eb jen\u00eb an\u00ebtar\u00eb t\u00eb shkollave tjera juridike e jo asaj hanefite t\u00eb cil\u00ebs i p\u00ebrkasim ne.<br \/>\nNj\u00ebri nd\u00ebr problemet m\u00eb t\u00eb m\u00ebdha t\u00eb fes\u00eb islame nd\u00ebr shqiptar\u00eb sipas v\u00ebzhguesve \u00ebsht\u00eb niveli i predikuesve t\u00eb fes\u00eb islame, respektivisht Kuranit. Kjo sipas tyre ka sjellur shpeshher\u00eb n\u00eb keqinterpretimin e tij. Cili \u00ebsht\u00eb niveli i p\u00ebrgatitjes s\u00eb imam\u00ebve shqiptar\u00eb nd\u00ebr ne?<br \/>\nShqiptar\u00ebt kan\u00eb qen\u00eb t\u00eb m\u00ebshiruar nga Zoti xh.sh. t\u00eb ken\u00eb dijetar\u00eb islam\u00eb me em\u00ebr e z\u00eb, t\u00eb pranuar nga bota islame, si\u00e7 ishin Nasradin Albania n\u00eb Damask, Sulejman ef. Gavo\u00e7i, t\u00eb dy nga Shkodra, e mos ti p\u00ebrmendim t\u00eb tjer\u00ebt nga Kosova e Maqedonia. Si\u00e7 dihet gjat\u00eb sundimit t\u00eb sistemit monist n\u00eb Ballkan jan\u00eb b\u00ebr\u00eb masakra ndaj dijetar\u00ebve islam\u00eb n\u00eb trevat shiptare. Mir\u00ebpo, sot, fal\u00eb Krijuesit, n\u00eb aspektin kadrovik jemi n\u00eb nj\u00eb nivel t\u00eb lakmuesh\u00ebm n\u00eb krahasim me periudh\u00ebn para 10 vitesh. N\u00eb Bashk\u00ebsin\u00eb Islame t\u00eb Ulqinit kemi 2 magjistra nga universitetet e njohura t\u00eb Stambollit dhe Kajros dhe kemi edhe 6 student\u00eb t\u00eb tjer\u00eb n\u00eb fakultetet e ndryshme teologjike islame n\u00eb bot\u00eb. Sa di un\u00eb, nuk ka pasur keqinterpretim t\u00eb Kuranit. Kurani kuptohet sipas nivelit t\u00eb atij q\u00eb e lexon, e si\u00e7 e dini nivelet jan\u00eb t\u00eb ndryshme. Nuk e di se nga i mor\u00ebn &#8220;v\u00ebzhguesit&#8221; k\u00ebto t\u00eb dh\u00ebna? M\u00eb intereson edhe k\u00ebndi nga i cili i kan\u00eb v\u00ebzhguar.<br \/>\n<strong>Cilat jan\u00eb problemet e Bashk\u00ebsis\u00eb Islame t\u00eb Ulqinit dhe cilat jan\u00eb synimet e saj n\u00eb t\u00eb ardhmen?<\/strong><br \/>\n<a href=\"http:\/\/www.visit-ulcinj.com\/blog\/wp-content\/uploads\/2008\/08\/rexhep-lika.jpg\"><img loading=\"lazy\" class=\"alignleft size-medium wp-image-2834\" title=\"rexhep-lika\" src=\"http:\/\/www.visit-ulcinj.com\/blog\/wp-content\/uploads\/2008\/08\/rexhep-lika.jpg\" alt=\"\" width=\"180\" height=\"240\" \/><\/a> Synimi i Bashk\u00ebsis\u00eb Islame \u00ebsht\u00eb q\u00eb Islamin ta prezantojm\u00eb n\u00eb m\u00ebnyr\u00eb t\u00eb drejt\u00eb dhe t\u00eb denj\u00eb dhe q\u00eb pjes\u00ebtar\u00ebt e saj ta aplikojn\u00eb Islamin n\u00eb jet\u00ebn e p\u00ebrditshme.<br \/>\nPun\u00ebt q\u00eb na presin nuk mund t\u00eb quhen probleme. Duhet t\u00eb angazhohemi t\u00eb gjith\u00eb, q\u00eb:<br \/>\n&#8211; t\u00eb kthehen pronat e Bashk\u00ebsis\u00eb Islame t\u00eb cilat u nacionalizuan gjat\u00eb periudh\u00ebs moniste,<br \/>\n&#8211; xhamia e Kalas\u00eb t\u00eb sh\u00ebrbej\u00eb si xhami e besimtar\u00ebve n\u00eb Kala,<br \/>\n&#8211; t\u00eb rind\u00ebrtohet Xhamia e Mariner\u00ebve,<br \/>\n&#8211; t\u00eb nd\u00ebrtohet qendra islamike dhe xhamia qendrore (e cila \u00ebsht\u00eb m\u00eb se e nevojshme) n\u00eb Plazhin e Madh,<br \/>\n&#8211; t\u00eb rritet fondi p\u00ebr financimin e student\u00ebve dhe nx\u00ebn\u00ebsve t\u00eb medreseve,<br \/>\n&#8211; t\u00eb ngritet vet\u00ebdija e besimtar\u00ebve q\u00eb t\u00eb kontribuojn\u00eb materialisht Bashk\u00ebsin\u00eb,<br \/>\n&#8211; t\u00eb afrohen intelektual\u00ebt dhe ekspert\u00ebt e t\u00eb gjitha fushave q\u00eb ti kon-<br \/>\n-tribuojn\u00eb Bashk\u00ebsis\u00eb Islame n\u00eb realizimin e synimeve t\u00eb saj dhe n\u00eb prezentimin e drejt\u00eb t\u00eb Islamit,<br \/>\n&#8211; t\u00eb ndihmojm\u00eb si Bashk\u00ebsi nd\u00ebrtimin e Medreses\u00eb n\u00eb Milesh, e cila do t\u00eb jet\u00eb fidanishte e kuadrove t\u00eb ardhshme.<a href=\"http:\/\/www.visit-ulcinj.com\/blog\/wp-content\/uploads\/2008\/04\/mevludi-ulqin-20308-balline.jpg\"><img loading=\"lazy\" class=\"alignright\" src=\"http:\/\/www.visit-ulcinj.com\/blog\/wp-content\/uploads\/2008\/04\/mevludi-ulqin-20308-balline.jpg\" alt=\"\" width=\"269\" height=\"201\" \/><\/a><br \/>\nProblemet mund t\u00eb lindin dhe ka vet\u00ebm kur \u00ebsht\u00eb n\u00eb pyetje mir\u00ebkuptimi nga organet p\u00ebrkat\u00ebse lokale dhe qendrore p\u00ebr realizimin e nevojave dhe synimeve t\u00eb Bashk\u00ebsis\u00eb Islame. Ju takon edhe ju mediave pjesa e ndihm\u00ebs n\u00eb prezentimin e drejt\u00eb dhe t\u00eb denj\u00eb t\u00eb aktiviteteve t\u00eb Bashk\u00ebsis\u00eb Islame.<br \/>\n<strong>Shqiptar\u00ebt u p\u00ebrkasin tri feve: islame, ortodokse dhe katolike. Si e vler\u00ebsoni nivelin e toleranc\u00ebs nd\u00ebrfetare te shqiptar\u00ebt?<\/strong><br \/>\nHistoria jon\u00eb komb\u00ebtare, fal\u00eb Zotit, nuk ka sh\u00ebnuar mosmarr\u00ebveshje nd\u00ebrfetare nd\u00ebr ne, e jo m\u00eb p\u00ebrleshje. Merita p\u00ebr k\u00ebt\u00eb kan\u00eb t\u00eb gjith\u00eb, por nj\u00eb merit\u00eb e ve\u00e7ant\u00eb u takon pjes\u00ebtar\u00ebve t\u00eb fes\u00eb islame q\u00eb p\u00ebrb\u00ebjn\u00eb shumic\u00ebn e popullsis\u00eb shqiptare. D\u00ebshira ime \u00ebsht\u00eb q\u00eb t\u00eb gjith\u00eb t\u00eb kujdesemi maksimalisht q\u00eb ta ruajm\u00eb respektin reciprok fetar.<br \/>\n<object classid=\"clsid:6bf52a52-394a-11d3-b153-00c04f79faa6\" width=\"250\" height=\"200\" codebase=\"http:\/\/activex.microsoft.com\/activex\/controls\/mplayer\/en\/nsmp2inf.cab#Version=5,1,52,701\"><param name=\"url\" value=\"http:\/\/www.aiitc.org\/gezuar.wmv\" \/><\/object>Jam i bindur se ka kaluar koha e konvertimit, por secili le t\u00eb punoj\u00eb n\u00eb bashk\u00ebsin\u00eb e vet fetare, ti udh\u00ebzoj\u00eb besimtar\u00ebt sipas m\u00ebsimit t\u00eb besimit t\u00eb vet, e nj\u00ebkoh\u00ebsisht ti udh\u00ebzoj\u00eb ata n\u00eb mir\u00ebmbajtjen e lidhjeve shoq\u00ebrore me pjes\u00ebtar\u00ebt e feve tjera. N\u00eb Kuranin fam\u00eblart\u00eb shkruan (El Mumtehine ): &#8220;Allahu nuk ju ndalon t\u00eb b\u00ebni mir\u00eb dhe t\u00eb b\u00ebni drejt\u00ebsi me ata q\u00eb nuk ju luftuan p\u00ebr shkak t\u00eb fes\u00eb, e as nuk ju d\u00ebbuan prej sht\u00ebpive tuaja; Allahu i do ata q\u00eb mbajn\u00eb drejt\u00ebsin\u00eb&#8221;, kurse Muhamedi a.s. tha: &#8220;Un\u00eb, n\u00eb dit\u00ebn e Gjykimit, do t\u00eb jem armiku i atij myslimani, i cili e trazon nj\u00eb jomysliman n\u00eb qeverisjen islame!&#8221;<\/p>\n<p>Jam munduar gjat\u00eb misionit tim si imam n\u00eb Mal\u00ebsi e Ulqin, q\u00eb t\u00eb forcojm\u00eb mir\u00ebshkuarjen dhe nderimin reciprok n\u00eb mes njer\u00ebzve t\u00eb konfesioneve t\u00eb ndryshme dhe gjat\u00eb t\u00ebr\u00eb koh\u00ebs kam hasur n\u00eb njer\u00ebz t\u00eb konfesioneve dhe shtresave sociale e intektuale t\u00eb ndryshme q\u00eb m\u00eb kan\u00eb ndihmuar n\u00eb k\u00ebt\u00eb mision.<\/p>\n<div id=\"attachment_2841\" style=\"width: 310px\" class=\"wp-caption alignleft\"><a href=\"http:\/\/www.visit-ulcinj.com\/blog\/wp-content\/uploads\/2008\/08\/ndertimi-i-xhamis-ne-fushe-te-ulqinit11.jpg\"><img aria-describedby=\"caption-attachment-2841\" loading=\"lazy\" class=\"size-medium wp-image-2841\" title=\"ndertimi-i-xhamis-ne-fushe-te-ulqinit11\" src=\"http:\/\/www.visit-ulcinj.com\/blog\/wp-content\/uploads\/2008\/08\/ndertimi-i-xhamis-ne-fushe-te-ulqinit11-300x220.jpg\" alt=\"Pamja e Projektit t\u00eb xhamis\u00eb n\u00eb Fush\u00eb t\u00eb Ulqinit\" width=\"300\" height=\"220\" srcset=\"https:\/\/www.visit-ulcinj.com\/blog\/wp-content\/uploads\/2008\/08\/ndertimi-i-xhamis-ne-fushe-te-ulqinit11-300x220.jpg 300w, https:\/\/www.visit-ulcinj.com\/blog\/wp-content\/uploads\/2008\/08\/ndertimi-i-xhamis-ne-fushe-te-ulqinit11.jpg 585w\" sizes=\"(max-width: 300px) 100vw, 300px\" \/><\/a><p id=\"caption-attachment-2841\" class=\"wp-caption-text\">Pamja e Projektit t\u00eb xhamis\u00eb n\u00eb Fush\u00eb t\u00eb Ulqinit<\/p><\/div>\n<p><strong>Ka nisur grumbullimi i mjeteve financiare p\u00ebr nd\u00ebrtimin e xhamis\u00eb n\u00eb Fush\u00eb t\u00eb Ulqinit.<\/strong><\/p>\n<p>Xhamia do t\u00eb jet\u00eb shum\u00eb funksionale: 1 mij\u00eb vende p\u00ebr falje, vend p\u00ebr mir\u00ebmbajtjen dhe pregaditjen e xhenazes (gasulhanja), mejtep, bibliotek\u00eb,sall\u00eb, kafiteri, vende p\u00ebr parkim etj.<br \/>\nDeri m\u00eb tash \u00ebsht\u00eb bler\u00eb trolli i xhamis\u00eb dhe \u00ebsht\u00eb punuar projekti ideor.Lusim Allahun Fuqiplot\u00eb q\u00eb \u00e7do ndihm\u00eb tuaj\u00ebn ta radhis\u00eb n\u00eb vepra t\u00eb mira.<\/p>\n<p><strong>BASHK\u00cbSIJA ISLAME E ULQINIT<\/strong><\/p>\n<p><a href=\"http:\/\/www.visit-ulcinj.com\/blog\/wp-content\/uploads\/2008\/08\/bashkesija-islame-e-ulqinit.gif\"><img loading=\"lazy\" class=\"size-medium wp-image-2842 alignright\" title=\"bashkesija-islame-e-ulqinit\" src=\"http:\/\/www.visit-ulcinj.com\/blog\/wp-content\/uploads\/2008\/08\/bashkesija-islame-e-ulqinit.gif\" alt=\"Bashkesija Islame e Uqinit\" width=\"117\" height=\"114\" \/><\/a><\/p>\n<p><strong>Xhirollogaria:510-12295-15<\/strong><\/p>\n<p><strong>Informatat n\u00eb tel\/fax:<br \/>\nTel\/fax:+382 30 413-257<br \/>\nMobil :+382 69 037-681<br \/>\nMobil :+382 69 473-400<\/strong><\/p>\n<p style=\"text-align: center;\"><a class=\"aligncenter\" title=\"???? ????,?????,Ulcinj,Montenegru,??????????,\u00c7ernoqoriya,Besplatni internet oglasi,Besplatni oglasi,besplatni mali oglasi,besplatni turisti?ki oglasi,oglasi, usluge, turizam,Turisti?ke usluge,Doma?i turizam,Besplatni Oglasnik,Brzi Oglasi Besplatno,Besplatno OglasavanjeTurizam,besplatni oglasi sa slikom,Turisticki informator besplatni,li?ni-oglasi,BESPLATNI Turisticki OGLASI SA SLIKAMA,BESPLATNI Turisticki Oglasi saVideom,turisticki smestaj oglasi,Turisti?ki vodi? balkana,BESPLATNA REZERVACIJA SMESTAJA,Postavite besplatno Vas oglas,FREE TOURIST GUIDES,Izdavanje-Turizam oglasi,Balkan Turisticki vodic,shpallje turistike falas,Shpallje Falas,Shpallje falas per Komplekse Turistike,Lajmerime,Njoftime,shpallje shqip per shqiptaret ne shqiperi kosova maqedoni,mal te zi,???????????,Montenegiro,?ern\u00e1 Hora,??????????,Cz\u00f4rnog\u00f3ra,Cz\u00f4rn\u00f4 G\u00f3ra,Carna G\u00f3ra,T\u0161ernogooria,\u00c7ernogoriya,Montain\u00e9agr\u00f3,Montenegwo,?orna Hora,Montenegr\u00f3,M?ntenigro,Chernogoriya ,\u00c7\u00earnogor\u00ee ,?????????,????????? ,??????? ,Montes Nigrae,Mons Niger,M\u00f4ntenegr\u00f4,Muntenegru,??????????,Czarnog\u00f3ra,Muntinigru,Muntenegro,&lt;br &gt;&lt;\/a&gt; Muntenegru,\t?ierna Hora,Cxerngora,????????,?rna gora,Moontineegro,?ornog?ra,\u00c7ernogori\u00fda,Chernogoriya,Mont\u00f5negro,????? ???? ,?r?na Gora,?r?nogorije,?ernogorija,?arnahoryja,??????????,???????????????????? ,?ern?g?riy\u00e2,M?nt?n??r?,????? ?????? ,?????????,??????????,???????????,M?nten?gro,???? ????? ,????????,M\u00f4ntenegr\u00f4,????????????,???????????,????????????, ??????????? ,????????????,??????????? ,\u008d\u2022?R\/?K?R ,\u0192\u201a\u0192\u201c\u0192e\u0192l\u0192O\u0192\u008d,\u00b8???\u00b3?\u00b1?\u00b7? ,Muntenegru, ????? ????, Montenegr?,chambres ? louer ? ulcinj, location de vacance, location saisonni?res, louer villa,location de vacance, Locations vacance, h?bergements vacances, locations villa, logements de vacances, location maison avec piscine, Location vacance, locations de vacance, h?bergements de vacances, location villa, locations entre particulier, logements vacance, vacances ? Mont?n?gro - location ? Ulcinj ,location  de bigorre,Urlaub in Ulcinj -Montenegro,Hotelbewertungen Ulcinj,Reisen Ulcinj, Urlaub Ulcinj,Hotel in Serbien und Montenegro von Urlaubern bewertet,Billig Urlaub in Ulcinj,ferienh?user,ferienwohnung,Billige Ferienh?user,Ferienwohnung ULCINJ,Ferien an der Adria,Urlaub im Ferienhaus ulcinjBilligreisen Ulcinj,Pauschalreisen,FKK Strand Ada Bojana ulcinj,Last Minute Angebote ulcinj,Preise f?r Lastminute,Kleinanzeigen gratis,Ausflug nach Ulcinj,FKK-Reisen ada bojana,FKK-Urlaub ulcinj,Privatni smje?taj,rezervacija smje?taja,apartmani,sobe,ku?e,odmor,sobe za odmor ulcinj,Pretra?ivanje privatnog smje?taja,rooms rent accommodation ulcinj, rentail private accommodation ulcinj,?elite rezervirati privatni smje?taj,Private accommodation,Smje?taj ulcinj,Pushime Verore ulqin,pushime t? lira n? ulqin,Pushime ne plazh,Pushime te kendshme,dhoma per pushime ulqin,dhoma me qera ulqin,dhoma te lira ulqin,pushime te lira ulqin,mali i zi,kosova,maqedoni,shqiperi,Pushime ne det te ulqinit,godi?nji odmor u ulcinj,odmor u ulcinj,Ku?a za odmor,kuda na odmor,ljetovanje u ulcinj,slobodne sobe,dhoma te lira,ku?a uz more,turisti?ka ponuda,odmor i zabava,povolne cene,sobe,usluge,Mjesto za Va? odmor , Place for Your holiday,Odmor portal,putovanaja,Iznajmljivanje soba ulcinj,odmor ulcinj info,Va?e mjesto za odmor ulcinj,nudisticka plaza ada bojana,smjestaj ponuda ulcinj,lokacioni i dhomave ulqin,deti,plazhet e bukura,diskoteka,zbavitja,.\" href=\"http:\/\/www.visit-ulcinj.com\/tourism\/\" target=\"_blank\"><img loading=\"lazy\" class=\"aligncenter\" title=\"SHPALLJE TURISTIKE FALAS,FREE TOURIST GUIDES,BESPLATNI TURISTI?KI OGLASI,balkan holiday rentals,ALBANIJA,ALBANIA,SHQIPERIJA,CRNA GORA,HRVATSKA,KROACIA,SLOVENIJA,MAKEDONIJA,MAKEDONIA,SRBIJA,MONTENEGRO,MALI I ZI,\" src=\"http:\/\/www.visit-ulcinj.com\/blog\/wp-content\/uploads\/2008\/09\/balkanholidayrentals.gif\" alt=\"Apatin,  Aran?elovac,  ?uprija,  ?a?ak,  ?apljina,  ?itluk,  ?abac,  ?ipovo,  ?iroki Brijeg,  ?ep?e,  ?ivinice,  Ba?ka Palanka,  Banja Luka,  Banovi?i,  Be?ej,  beograd,  Biha?,  Bijeljina,  Bor,  Bor?a,  Bosanska Gradi?ka,  Bosanska Krupa,  Bosanski ?amac,  Bosanski Brod,  Bosanski Novi,  Br?ko,  Bu?im,  Bugojno,  Cazin,  Crna Gora,  Derventa,  Doboj,  Donji Vakuf,  Drvar,  Dubrovnik,  Fo?a,  Fojnica,  Glamo?,  Gora?de,  Gornji Milanovac,  Gornji Vakuf,  gostivar,  Gra?anica,  Grada?ac,  Gradiska,  Grahovo,  Had?i?i,  Ilid?a,  In?ija,  Jablanica,  Jagodina,  Jajce,  Kakanj,  Kalu?erica,  Kikinda,  Klju?,  Konjic,  Kotor Varo?,  Kragujevac,  Kraljevo,  Kru?evac,  Kula,  Kupres,  Lakta?i,  Lazarevac,  Leskovac,  Livno,  Ljubinje,  ljublana,  Ljubu?ki,  Loznica,  Lukavac,  Maglaj,  Mladenovac,  Modri?a,  montenegro erlajnz,  mostar,  Mrkonji? Grad,  Neum,  Ni?,  Novi Pazar,  Novi Sad,  Novi Travnik,  Obrenovac,  Od?ak,  ohrid,  Ora?je,  Pale,  Pan?evo,  Para?in,  Pirot,  Po?arevac,  Podgorica,  Priboj,  Prijedor,  Prokuplje,  Prozor,  pula,  rijeka,  Ruma,  Sanski Most,  Sarajevo,  Senta,  serbija,  sibenik,  skopje,  Smederevo,  Smederevska Palanka,  Sokolac,  Sombor,  split,  Srebrenica,  Srebrenik,  Sremska Mitrovica,  Stolac,  Struga,  Subotica,  Temerin,  Tesli?,  tetovo,  Travnik,  Trebinje,  tuzla,  U?ice,  ulcinj,  Valjevo,  Velika Kladu?a,  Vi?egrad,  Visoko,  Vitez,  Vogo??a,  vojvodina,  Vranje,  Vr?ac,  Vrbas,  zadar,  Zagreb,  Zaje?ar,  Zavidovi?i,  Zenica,  Zrenjanin,  Zvornik,copacabana ulcinj,  h?tels,  hotel ulqin,  Kosova,  Mali i Zi,  Maqedonija,  Montenegro,  montenegro tourisme plage,  montenegro ulcinj,  Shpallje Falas,  Shpallje Falas per shitjen e shtepis se juaj,  Shpallje Falas per villat e juaj,  Shpallje Falas Real Estate,  Shpallje Falas turistike,  shqiperija,  tourisme,  Ulci?,  ulcinj,  ulqin,  ulqin hotel,  ulqini,  ulqini 2007,Ada Bojana,  Alba?czyk,  Cita di Dolcino,  Copacabana,  Czarnog?ra,  Czarnog?rzec,  Don Kichota,  Ma\u00b3a Pla\u00bfa,  Mandra,  MIGUEL DE SERVANTES,  p?\u00b3wyspy Marjan,  Pla\u00bfa Valdanos,  Rzeka Bojana,  Shas \/ ?as \/ Sva?,  Ulci?,  Ulcinjsk\u00b9 Riwier?,  Wielka Pla\u00bfa,  Wyspa Bojana,GORA,??????????,???????,??????????, ?ern? Hora,TO ULCINJ \/ ULQIN,MONTENEGRO, Czarnog?ra, Muntenegru, ????? ????, Montenegr?,villa ? louer ? ulcinj, location de vacance, location saisonni?res, louer chambres,location de vacance, Locations vacance, h?bergements vacances, locations villa, logements de vacances, location maison avec piscine, Location vacance, locations de vacance, h?bergements de vacances, location, locations entre particulier, logements vacance, vacances ? Mont?n?gro - location ? Ulcinj ,location  de bigorre,Albaniku,  Artana,  Bujanoci,  Burimi,  Dardana,  Dardan?,  De?an,  Dibra,  Drenas,  Drenasi,  Ferizaj,  Ferizaji,  Fush? Kosova,Besplatni internet oglasi,Besplatni oglasi,besplatni mali oglasi,besplatni turisti?ki oglasi,oglasi, usluge, turizam,Turisti?ke usluge,Doma?i turizam,Besplatni Oglasnik,Brzi Oglasi Besplatno,Besplatno OglasavanjeTurizam,besplatni oglasi sa slikom,Turisticki informator besplatni,li?ni-oglasi,BESPLATNI Turisticki OGLASI SA SLIKAMA,BESPLATNI Turisticki Oglasi saVideom,turisticki smestaj oglasi,Turisti?ki vodi? balkana,BESPLATNA REZERVACIJA SMESTAJA,Postavite besplatno Vas oglas,FREE TOURIST GUIDES,Izdavanje-Turizam oglasi,Balkan Turisticki vodic,shpallje turistike falas,Shpallje Falas,Shpallje falas per Komplekse Turistike,Lajmerime,Njoftime,shpallje shqip per shqiptaret ne shqiperi kosova maqedoni,mal te zi,Fush? Kosov?,  Gjakova,  Gjakov?,  Gjilan,  Gjilani,  Gostivari,  Istog,  Istog\u00b7,  Ka?anik,  Ka?aniku,  Kastrioti,  K?r?ova,  Klina,  Klin?,  Kumanova,  Leposaviq,  Leskovci,  Likova,  Lipjan,  Lipjani,  Malisheva,  Malishev?,  Manastiri,  Medvegja,  Mitrovica,  Mitrovic?,  Novob?rd?,  Obiliq\u00b7 Rahovec,  Ohri,  Peja,  Pej?,  Podujeva,  Podujev?,  Presheva,  Prishtina,  Prishtin?,  Prizren,  Prizreni,  Rahoveci,  Sharri,  Sharri (Kosov?),  Shkupi,  Sht?rpca,  Sht?rpc?,  Shtime,  Sk?nderaj,  Struga,  Tetova,  Theranda,  Therand?,  Triumf Riza,  Veleshta,  Viti,  Vitia,  Vushtrri,  Vushtrria,  Zubin Potok,  Zubin Potoku,  Zve?an,  Zve?ani,Struga,Gostivari,Gostivar,Ker?ova,Tirana,Durr?si,Elbasani,Shkodra,Tuzi,Vlora, Kor?a,Fieri,Berati,Lushnja ,Kavaja,Pogradeci,La?i,Gjirokastra,Patosi,Kruja,Ku?ova,Kuk?si,Lezha,Saranda,Peshkopia,Burreli,C?rriku,?orovoda,Shijaku,Librazhdi,Tepelena,Gramshi,Poli?ani,Bulqiza,P?rmeti,Fush?Kruja,Kamza,Rr?sheni,Ballshi,Mamurrasi,BajramCurri,Erseka,Peqini,Divjaka,Selenica,Bilishti,Roskoveci,Puka,Memaliaj,Rrogozhina,Ura Vajgurore,Himara,Delvina,Vora,Kopliku,Maliqi,P?rrenjasi,Kruma, Libohova,Orikumi,Fush?-Arr?za,Sh?ngjini,Rubiku,Miloti, Leskoviku,Konispoli,K?lcyra,Krasta,K?rraba,Manastiri,Hara?ina,Likova,Prilepi,Zajazi,Vrap?ishti,Bogovin?,\" width=\"420\" height=\"120\" \/><\/a><\/p>\n","protected":false},"excerpt":{"rendered":"<p>Rexhep (Haxhi) Lika, u lind n\u00eb vitin 1940 n\u00eb Brajsh\u00eb, komuna e Ulqinit. Shkoll\u00ebn fillore e kreu n\u00eb Kat\u00ebrkoll\u00eb n\u00eb vitin 1956, kur regjistrohet n\u00eb medresen\u00eb &#8220;Alauddin&#8221; n\u00eb Prishtin\u00eb, t\u00eb cil\u00ebn e kryen n\u00eb vitin 1960. Si imam filloi t\u00eb punoj\u00eb n\u00eb xhamin\u00eb e Husein-pash\u00ebs n\u00eb Plevla n\u00eb vitin 1963 ku kreu detyr\u00ebn e imamit, [&hellip;]<\/p>\n","protected":false},"author":1,"featured_media":0,"comment_status":"open","ping_status":"closed","sticky":false,"template":"","format":"standard","meta":{"spay_email":"","jetpack_publicize_message":"","jetpack_is_tweetstorm":false,"jetpack_publicize_feature_enabled":true},"categories":[4,1,11],"tags":[4550,4444,200],"jetpack_publicize_connections":[],"yoast_head":"<!-- This site is optimized with the Yoast SEO plugin v19.1 - https:\/\/yoast.com\/wordpress\/plugins\/seo\/ -->\n<title>Kryeimami i Ulqinit Rexhep Lika,Dashuri ndaj t\u00eb gjith\u00eb atyre q\u00eb i kemi n\u00eb af\u00ebrsi - Lajme nga Ulqini<\/title>\n<meta name=\"description\" content=\"Rexhep (Haxhi) Lika, u lind n\u00eb vitin 1940 n\u00eb Brajsh\u00eb, komuna e Ulqinit. Shkoll\u00ebn fillore e kreu n\u00eb Kat\u00ebrkoll\u00eb n\u00eb vitin 1956, kur regjistrohet n\u00eb medresen\u00eb\" \/>\n<meta name=\"robots\" content=\"index, follow, max-snippet:-1, max-image-preview:large, max-video-preview:-1\" \/>\n<link rel=\"canonical\" href=\"https:\/\/www.visit-ulcinj.com\/blog\/2008\/09\/13\/rexhep-haxhi-likadashuri-ndaj-te-gjithe-atyre-qe-i-kemi-ne-afersi\/\" \/>\n<meta property=\"og:locale\" content=\"en_US\" \/>\n<meta property=\"og:type\" content=\"article\" \/>\n<meta property=\"og:title\" content=\"Kryeimami i Ulqinit Rexhep Lika,Dashuri ndaj t\u00eb gjith\u00eb atyre q\u00eb i kemi n\u00eb af\u00ebrsi - Lajme nga Ulqini\" \/>\n<meta property=\"og:description\" content=\"Rexhep (Haxhi) Lika, u lind n\u00eb vitin 1940 n\u00eb Brajsh\u00eb, komuna e Ulqinit. Shkoll\u00ebn fillore e kreu n\u00eb Kat\u00ebrkoll\u00eb n\u00eb vitin 1956, kur regjistrohet n\u00eb medresen\u00eb\" \/>\n<meta property=\"og:url\" content=\"https:\/\/www.visit-ulcinj.com\/blog\/2008\/09\/13\/rexhep-haxhi-likadashuri-ndaj-te-gjithe-atyre-qe-i-kemi-ne-afersi\/\" \/>\n<meta property=\"og:site_name\" content=\"Lajme nga Ulqini\" \/>\n<meta property=\"article:published_time\" content=\"2008-09-13T17:25:03+00:00\" \/>\n<meta property=\"article:modified_time\" content=\"2008-10-17T20:08:05+00:00\" \/>\n<meta property=\"og:image\" content=\"http:\/\/www.visit-ulcinj.com\/blog\/wp-content\/uploads\/2008\/09\/mollarexhepi2-300x202.jpg\" \/>\n<meta name=\"twitter:label1\" content=\"Written by\" \/>\n\t<meta name=\"twitter:data1\" content=\"ulqini\" \/>\n\t<meta name=\"twitter:label2\" content=\"Est. reading time\" \/>\n\t<meta name=\"twitter:data2\" content=\"8 minutes\" \/>\n<script type=\"application\/ld+json\" class=\"yoast-schema-graph\">{\"@context\":\"https:\/\/schema.org\",\"@graph\":[{\"@type\":\"WebSite\",\"@id\":\"https:\/\/www.visit-ulcinj.com\/blog\/#website\",\"url\":\"https:\/\/www.visit-ulcinj.com\/blog\/\",\"name\":\"Lajme nga Ulqini\",\"description\":\"Lajme,Vijesti,Ulqini,Ulqin,Crna Gora,Mali i Zi\",\"potentialAction\":[{\"@type\":\"SearchAction\",\"target\":{\"@type\":\"EntryPoint\",\"urlTemplate\":\"https:\/\/www.visit-ulcinj.com\/blog\/?s={search_term_string}\"},\"query-input\":\"required name=search_term_string\"}],\"inLanguage\":\"en-US\"},{\"@type\":\"ImageObject\",\"inLanguage\":\"en-US\",\"@id\":\"https:\/\/www.visit-ulcinj.com\/blog\/2008\/09\/13\/rexhep-haxhi-likadashuri-ndaj-te-gjithe-atyre-qe-i-kemi-ne-afersi\/#primaryimage\",\"url\":\"http:\/\/www.visit-ulcinj.com\/blog\/wp-content\/uploads\/2008\/09\/mollarexhepi2-300x202.jpg\",\"contentUrl\":\"http:\/\/www.visit-ulcinj.com\/blog\/wp-content\/uploads\/2008\/09\/mollarexhepi2-300x202.jpg\"},{\"@type\":\"WebPage\",\"@id\":\"https:\/\/www.visit-ulcinj.com\/blog\/2008\/09\/13\/rexhep-haxhi-likadashuri-ndaj-te-gjithe-atyre-qe-i-kemi-ne-afersi\/#webpage\",\"url\":\"https:\/\/www.visit-ulcinj.com\/blog\/2008\/09\/13\/rexhep-haxhi-likadashuri-ndaj-te-gjithe-atyre-qe-i-kemi-ne-afersi\/\",\"name\":\"Kryeimami i Ulqinit Rexhep Lika,Dashuri ndaj t\u00eb gjith\u00eb atyre q\u00eb i kemi n\u00eb af\u00ebrsi - Lajme nga Ulqini\",\"isPartOf\":{\"@id\":\"https:\/\/www.visit-ulcinj.com\/blog\/#website\"},\"primaryImageOfPage\":{\"@id\":\"https:\/\/www.visit-ulcinj.com\/blog\/2008\/09\/13\/rexhep-haxhi-likadashuri-ndaj-te-gjithe-atyre-qe-i-kemi-ne-afersi\/#primaryimage\"},\"datePublished\":\"2008-09-13T17:25:03+00:00\",\"dateModified\":\"2008-10-17T20:08:05+00:00\",\"author\":{\"@id\":\"https:\/\/www.visit-ulcinj.com\/blog\/#\/schema\/person\/dcab619c614d3038751c63bc2aadc06d\"},\"description\":\"Rexhep (Haxhi) Lika, u lind n\u00eb vitin 1940 n\u00eb Brajsh\u00eb, komuna e Ulqinit. Shkoll\u00ebn fillore e kreu n\u00eb Kat\u00ebrkoll\u00eb n\u00eb vitin 1956, kur regjistrohet n\u00eb medresen\u00eb\",\"breadcrumb\":{\"@id\":\"https:\/\/www.visit-ulcinj.com\/blog\/2008\/09\/13\/rexhep-haxhi-likadashuri-ndaj-te-gjithe-atyre-qe-i-kemi-ne-afersi\/#breadcrumb\"},\"inLanguage\":\"en-US\",\"potentialAction\":[{\"@type\":\"ReadAction\",\"target\":[\"https:\/\/www.visit-ulcinj.com\/blog\/2008\/09\/13\/rexhep-haxhi-likadashuri-ndaj-te-gjithe-atyre-qe-i-kemi-ne-afersi\/\"]}]},{\"@type\":\"BreadcrumbList\",\"@id\":\"https:\/\/www.visit-ulcinj.com\/blog\/2008\/09\/13\/rexhep-haxhi-likadashuri-ndaj-te-gjithe-atyre-qe-i-kemi-ne-afersi\/#breadcrumb\",\"itemListElement\":[{\"@type\":\"ListItem\",\"position\":1,\"name\":\"Kryeimami i Ulqinit Rexhep Lika,Dashuri ndaj t\u00eb gjith\u00eb atyre q\u00eb i kemi n\u00eb af\u00ebrsi\"}]},{\"@type\":\"Person\",\"@id\":\"https:\/\/www.visit-ulcinj.com\/blog\/#\/schema\/person\/dcab619c614d3038751c63bc2aadc06d\",\"name\":\"ulqini\",\"sameAs\":[\"http:\/\/www.visit-ulcinj.com\"],\"url\":\"https:\/\/www.visit-ulcinj.com\/blog\/author\/admin\/\"}]}<\/script>\n<!-- \/ Yoast SEO plugin. -->","yoast_head_json":{"title":"Kryeimami i Ulqinit Rexhep Lika,Dashuri ndaj t\u00eb gjith\u00eb atyre q\u00eb i kemi n\u00eb af\u00ebrsi - Lajme nga Ulqini","description":"Rexhep (Haxhi) Lika, u lind n\u00eb vitin 1940 n\u00eb Brajsh\u00eb, komuna e Ulqinit. Shkoll\u00ebn fillore e kreu n\u00eb Kat\u00ebrkoll\u00eb n\u00eb vitin 1956, kur regjistrohet n\u00eb medresen\u00eb","robots":{"index":"index","follow":"follow","max-snippet":"max-snippet:-1","max-image-preview":"max-image-preview:large","max-video-preview":"max-video-preview:-1"},"canonical":"https:\/\/www.visit-ulcinj.com\/blog\/2008\/09\/13\/rexhep-haxhi-likadashuri-ndaj-te-gjithe-atyre-qe-i-kemi-ne-afersi\/","og_locale":"en_US","og_type":"article","og_title":"Kryeimami i Ulqinit Rexhep Lika,Dashuri ndaj t\u00eb gjith\u00eb atyre q\u00eb i kemi n\u00eb af\u00ebrsi - Lajme nga Ulqini","og_description":"Rexhep (Haxhi) Lika, u lind n\u00eb vitin 1940 n\u00eb Brajsh\u00eb, komuna e Ulqinit. Shkoll\u00ebn fillore e kreu n\u00eb Kat\u00ebrkoll\u00eb n\u00eb vitin 1956, kur regjistrohet n\u00eb medresen\u00eb","og_url":"https:\/\/www.visit-ulcinj.com\/blog\/2008\/09\/13\/rexhep-haxhi-likadashuri-ndaj-te-gjithe-atyre-qe-i-kemi-ne-afersi\/","og_site_name":"Lajme nga Ulqini","article_published_time":"2008-09-13T17:25:03+00:00","article_modified_time":"2008-10-17T20:08:05+00:00","og_image":[{"url":"http:\/\/www.visit-ulcinj.com\/blog\/wp-content\/uploads\/2008\/09\/mollarexhepi2-300x202.jpg"}],"twitter_misc":{"Written by":"ulqini","Est. reading time":"8 minutes"},"schema":{"@context":"https:\/\/schema.org","@graph":[{"@type":"WebSite","@id":"https:\/\/www.visit-ulcinj.com\/blog\/#website","url":"https:\/\/www.visit-ulcinj.com\/blog\/","name":"Lajme nga Ulqini","description":"Lajme,Vijesti,Ulqini,Ulqin,Crna Gora,Mali i Zi","potentialAction":[{"@type":"SearchAction","target":{"@type":"EntryPoint","urlTemplate":"https:\/\/www.visit-ulcinj.com\/blog\/?s={search_term_string}"},"query-input":"required name=search_term_string"}],"inLanguage":"en-US"},{"@type":"ImageObject","inLanguage":"en-US","@id":"https:\/\/www.visit-ulcinj.com\/blog\/2008\/09\/13\/rexhep-haxhi-likadashuri-ndaj-te-gjithe-atyre-qe-i-kemi-ne-afersi\/#primaryimage","url":"http:\/\/www.visit-ulcinj.com\/blog\/wp-content\/uploads\/2008\/09\/mollarexhepi2-300x202.jpg","contentUrl":"http:\/\/www.visit-ulcinj.com\/blog\/wp-content\/uploads\/2008\/09\/mollarexhepi2-300x202.jpg"},{"@type":"WebPage","@id":"https:\/\/www.visit-ulcinj.com\/blog\/2008\/09\/13\/rexhep-haxhi-likadashuri-ndaj-te-gjithe-atyre-qe-i-kemi-ne-afersi\/#webpage","url":"https:\/\/www.visit-ulcinj.com\/blog\/2008\/09\/13\/rexhep-haxhi-likadashuri-ndaj-te-gjithe-atyre-qe-i-kemi-ne-afersi\/","name":"Kryeimami i Ulqinit Rexhep Lika,Dashuri ndaj t\u00eb gjith\u00eb atyre q\u00eb i kemi n\u00eb af\u00ebrsi - Lajme nga Ulqini","isPartOf":{"@id":"https:\/\/www.visit-ulcinj.com\/blog\/#website"},"primaryImageOfPage":{"@id":"https:\/\/www.visit-ulcinj.com\/blog\/2008\/09\/13\/rexhep-haxhi-likadashuri-ndaj-te-gjithe-atyre-qe-i-kemi-ne-afersi\/#primaryimage"},"datePublished":"2008-09-13T17:25:03+00:00","dateModified":"2008-10-17T20:08:05+00:00","author":{"@id":"https:\/\/www.visit-ulcinj.com\/blog\/#\/schema\/person\/dcab619c614d3038751c63bc2aadc06d"},"description":"Rexhep (Haxhi) Lika, u lind n\u00eb vitin 1940 n\u00eb Brajsh\u00eb, komuna e Ulqinit. Shkoll\u00ebn fillore e kreu n\u00eb Kat\u00ebrkoll\u00eb n\u00eb vitin 1956, kur regjistrohet n\u00eb medresen\u00eb","breadcrumb":{"@id":"https:\/\/www.visit-ulcinj.com\/blog\/2008\/09\/13\/rexhep-haxhi-likadashuri-ndaj-te-gjithe-atyre-qe-i-kemi-ne-afersi\/#breadcrumb"},"inLanguage":"en-US","potentialAction":[{"@type":"ReadAction","target":["https:\/\/www.visit-ulcinj.com\/blog\/2008\/09\/13\/rexhep-haxhi-likadashuri-ndaj-te-gjithe-atyre-qe-i-kemi-ne-afersi\/"]}]},{"@type":"BreadcrumbList","@id":"https:\/\/www.visit-ulcinj.com\/blog\/2008\/09\/13\/rexhep-haxhi-likadashuri-ndaj-te-gjithe-atyre-qe-i-kemi-ne-afersi\/#breadcrumb","itemListElement":[{"@type":"ListItem","position":1,"name":"Kryeimami i Ulqinit Rexhep Lika,Dashuri ndaj t\u00eb gjith\u00eb atyre q\u00eb i kemi n\u00eb af\u00ebrsi"}]},{"@type":"Person","@id":"https:\/\/www.visit-ulcinj.com\/blog\/#\/schema\/person\/dcab619c614d3038751c63bc2aadc06d","name":"ulqini","sameAs":["http:\/\/www.visit-ulcinj.com"],"url":"https:\/\/www.visit-ulcinj.com\/blog\/author\/admin\/"}]}},"jetpack_featured_media_url":"","jetpack_sharing_enabled":true,"jetpack_shortlink":"https:\/\/wp.me\/pe6lTn-R0","_links":{"self":[{"href":"https:\/\/www.visit-ulcinj.com\/blog\/wp-json\/wp\/v2\/posts\/3286"}],"collection":[{"href":"https:\/\/www.visit-ulcinj.com\/blog\/wp-json\/wp\/v2\/posts"}],"about":[{"href":"https:\/\/www.visit-ulcinj.com\/blog\/wp-json\/wp\/v2\/types\/post"}],"author":[{"embeddable":true,"href":"https:\/\/www.visit-ulcinj.com\/blog\/wp-json\/wp\/v2\/users\/1"}],"replies":[{"embeddable":true,"href":"https:\/\/www.visit-ulcinj.com\/blog\/wp-json\/wp\/v2\/comments?post=3286"}],"version-history":[{"count":0,"href":"https:\/\/www.visit-ulcinj.com\/blog\/wp-json\/wp\/v2\/posts\/3286\/revisions"}],"wp:attachment":[{"href":"https:\/\/www.visit-ulcinj.com\/blog\/wp-json\/wp\/v2\/media?parent=3286"}],"wp:term":[{"taxonomy":"category","embeddable":true,"href":"https:\/\/www.visit-ulcinj.com\/blog\/wp-json\/wp\/v2\/categories?post=3286"},{"taxonomy":"post_tag","embeddable":true,"href":"https:\/\/www.visit-ulcinj.com\/blog\/wp-json\/wp\/v2\/tags?post=3286"}],"curies":[{"name":"wp","href":"https:\/\/api.w.org\/{rel}","templated":true}]}}