{"id":32877,"date":"2010-05-06T18:11:20","date_gmt":"2010-05-06T16:11:20","guid":{"rendered":"http:\/\/www.visit-ulcinj.com\/blog\/?p=32877"},"modified":"2010-05-06T18:12:53","modified_gmt":"2010-05-06T16:12:53","slug":"ulcinj-montenegro-nuova-meta-turistica-video","status":"publish","type":"post","link":"https:\/\/www.visit-ulcinj.com\/blog\/2010\/05\/06\/ulcinj-montenegro-nuova-meta-turistica-video\/","title":{"rendered":"Ada Bojana &#8211; Montenegro: nuova meta turistica &#8211; Video"},"content":{"rendered":"<p><a href=\"http:\/\/www.visit-ulcinj.com\/blog\/wp-content\/uploads\/2010\/05\/Ada-Bojana_Ulcinj_Montenegro.1.jpg\"><img loading=\"lazy\" class=\"alignleft size-full wp-image-32879\" title=\"Ada Bojana_Ulcinj_Montenegro.1\" src=\"http:\/\/www.visit-ulcinj.com\/blog\/wp-content\/uploads\/2010\/05\/Ada-Bojana_Ulcinj_Montenegro.1.jpg\" alt=\"Ada Bojana_Ulcinj_Montenegro.1\" width=\"604\" height=\"403\" srcset=\"https:\/\/www.visit-ulcinj.com\/blog\/wp-content\/uploads\/2010\/05\/Ada-Bojana_Ulcinj_Montenegro.1.jpg 604w, https:\/\/www.visit-ulcinj.com\/blog\/wp-content\/uploads\/2010\/05\/Ada-Bojana_Ulcinj_Montenegro.1-300x200.jpg 300w\" sizes=\"(max-width: 604px) 100vw, 604px\" \/><\/a>Trecento chilometri di costa punteggiati di promontori, baie, calette,  isole e spiagge da sogno ombreggiate da palme, mimose e oleandri. Qui  regna il sole 246 giorni all\u2019anno; il mare \u00e8 calmo e caldo, le strutture  di ottimo livello e oltre alla vita d mare vanta paesaggi spettacolari  fatti d natura intatta, villaggi e cittadine medioevali.<em><strong>Ulcinj<\/strong><\/em> \u00e8 una delle  localit\u00e0 balneari pi\u00f9 belle della costa del Montenegro; la citt\u00e0  conserva un centro storico splendido, abbarbicato su una collina che  domina una lunga spiaggia; il castello, le mura gli stretti vicoli e le  moschee testimoniano i tre secoli di dominio ottomano. Una citt\u00e0  orientale, lo si vede dai negozi, ai caff\u00e8, alla cucina. Le spiagge sono  di sabbia fine e il mare \u00e8 trasparente; in questa localit\u00e0 \u00e8 possibile  trovare ben 32 km di litorale e 18 spiagge; il fondale \u00e8 basso e  sabbioso e digrada dolcemente verso il mare. Anche chi vuole immergersi  potr\u00e0 ammirare banchi di pesci. Altra localit\u00e0 degna di visita \u00e8 <a href=\"http:\/\/www.visit-ulcinj.com\/gallery\/main.php?g2_itemId=19866&amp;g2_page=4\" target=\"_blank\"><em><strong>Velika  Plaza<\/strong><\/em><\/a>, distante 5 km dalla precendete; qui \u00e8 possibile  affittare i tipici kalimera, tradizionali cottage in legno che sembrano  sospesi sull\u2019acqua. Qui poi \u00e8 possibile praticare surf e windsurf grazie  a maestrale che soffia spesso. Merita una visita<a href=\"http:\/\/www.visit-ulcinj.com\/gallery\/main.php?g2_itemId=19866\" target=\"_blank\"><em><strong> l\u2019isola di  Ada Bjana<\/strong><\/em>,<\/a> l\u2019isola del paradiso a forma di triangolo,  bagnata su due lati dal fiume Bojana e sul terzo dall\u2019Adriatico. Le  spiagge sono belle, di sabbia fine e attrezzate.<br \/>\nPer informazioni e prenotazioni<strong> <a href=\"http:\/\/\/\" target=\"_blank\">www.visitmontenegro.com<\/a>.<br \/>\n<\/strong><\/p>\n<p><strong><a href=\"http:\/\/viaggi.guidaconsumatore.com\" target=\"_blank\">http:\/\/viaggi.guidaconsumatore.com<\/a><\/strong><br \/>\n\n\t\t<style type=\"text\/css\">\n\t\t\t#gallery-1 {\n\t\t\t\tmargin: auto;\n\t\t\t}\n\t\t\t#gallery-1 .gallery-item {\n\t\t\t\tfloat: left;\n\t\t\t\tmargin-top: 10px;\n\t\t\t\ttext-align: center;\n\t\t\t\twidth: 33%;\n\t\t\t}\n\t\t\t#gallery-1 img {\n\t\t\t\tborder: 2px solid #cfcfcf;\n\t\t\t}\n\t\t\t#gallery-1 .gallery-caption {\n\t\t\t\tmargin-left: 0;\n\t\t\t}\n\t\t\t\/* see gallery_shortcode() in wp-includes\/media.php *\/\n\t\t<\/style>\n\t\t<div id='gallery-1' class='gallery galleryid-32877 gallery-columns-3 gallery-size-thumbnail'><dl class='gallery-item'>\n\t\t\t<dt class='gallery-icon landscape'>\n\t\t\t\t<a href='https:\/\/www.visit-ulcinj.com\/blog\/wp-content\/uploads\/2010\/05\/Ada-Bojana_Ulcinj_Montenegro.jpg'><img width=\"150\" height=\"150\" src=\"https:\/\/www.visit-ulcinj.com\/blog\/wp-content\/uploads\/2010\/05\/Ada-Bojana_Ulcinj_Montenegro-150x150.jpg\" class=\"attachment-thumbnail size-thumbnail\" alt=\"\" loading=\"lazy\" \/><\/a>\n\t\t\t<\/dt><\/dl><dl class='gallery-item'>\n\t\t\t<dt class='gallery-icon landscape'>\n\t\t\t\t<a href='https:\/\/www.visit-ulcinj.com\/blog\/wp-content\/uploads\/2010\/05\/Ada-Bojana_Ulcinj_Montenegro.1.jpg'><img width=\"150\" height=\"150\" src=\"https:\/\/www.visit-ulcinj.com\/blog\/wp-content\/uploads\/2010\/05\/Ada-Bojana_Ulcinj_Montenegro.1-150x150.jpg\" class=\"attachment-thumbnail size-thumbnail\" alt=\"\" loading=\"lazy\" \/><\/a>\n\t\t\t<\/dt><\/dl><dl class='gallery-item'>\n\t\t\t<dt class='gallery-icon landscape'>\n\t\t\t\t<a href='https:\/\/www.visit-ulcinj.com\/blog\/wp-content\/uploads\/2010\/05\/Ada-Bojana_Ulcinj_Montenegro.2.jpg'><img width=\"150\" height=\"150\" src=\"https:\/\/www.visit-ulcinj.com\/blog\/wp-content\/uploads\/2010\/05\/Ada-Bojana_Ulcinj_Montenegro.2-150x150.jpg\" class=\"attachment-thumbnail size-thumbnail\" alt=\"\" loading=\"lazy\" \/><\/a>\n\t\t\t<\/dt><\/dl><br style=\"clear: both\" \/><dl class='gallery-item'>\n\t\t\t<dt class='gallery-icon landscape'>\n\t\t\t\t<a href='https:\/\/www.visit-ulcinj.com\/blog\/wp-content\/uploads\/2010\/05\/Ada-Bojana_Ulcinj_Montenegro.3.jpg'><img width=\"150\" height=\"150\" src=\"https:\/\/www.visit-ulcinj.com\/blog\/wp-content\/uploads\/2010\/05\/Ada-Bojana_Ulcinj_Montenegro.3-150x150.jpg\" class=\"attachment-thumbnail size-thumbnail\" alt=\"\" loading=\"lazy\" \/><\/a>\n\t\t\t<\/dt><\/dl><dl class='gallery-item'>\n\t\t\t<dt class='gallery-icon landscape'>\n\t\t\t\t<a href='https:\/\/www.visit-ulcinj.com\/blog\/wp-content\/uploads\/2010\/05\/Ada-Bojana_Ulcinj_Montenegro.4.jpg'><img width=\"150\" height=\"150\" src=\"https:\/\/www.visit-ulcinj.com\/blog\/wp-content\/uploads\/2010\/05\/Ada-Bojana_Ulcinj_Montenegro.4-150x150.jpg\" class=\"attachment-thumbnail size-thumbnail\" alt=\"\" loading=\"lazy\" \/><\/a>\n\t\t\t<\/dt><\/dl><dl class='gallery-item'>\n\t\t\t<dt class='gallery-icon landscape'>\n\t\t\t\t<a href='https:\/\/www.visit-ulcinj.com\/blog\/wp-content\/uploads\/2010\/05\/Ada-Bojana_Ulcinj_Montenegro.5.jpg'><img width=\"150\" height=\"150\" src=\"https:\/\/www.visit-ulcinj.com\/blog\/wp-content\/uploads\/2010\/05\/Ada-Bojana_Ulcinj_Montenegro.5-150x150.jpg\" class=\"attachment-thumbnail size-thumbnail\" alt=\"\" loading=\"lazy\" \/><\/a>\n\t\t\t<\/dt><\/dl><br style=\"clear: both\" \/><dl class='gallery-item'>\n\t\t\t<dt class='gallery-icon landscape'>\n\t\t\t\t<a href='https:\/\/www.visit-ulcinj.com\/blog\/wp-content\/uploads\/2010\/05\/Ada-Bojana_Ulcinj_Montenegro.7.jpg'><img width=\"150\" height=\"150\" src=\"https:\/\/www.visit-ulcinj.com\/blog\/wp-content\/uploads\/2010\/05\/Ada-Bojana_Ulcinj_Montenegro.7-150x150.jpg\" class=\"attachment-thumbnail size-thumbnail\" alt=\"\" loading=\"lazy\" \/><\/a>\n\t\t\t<\/dt><\/dl><dl class='gallery-item'>\n\t\t\t<dt class='gallery-icon landscape'>\n\t\t\t\t<a href='https:\/\/www.visit-ulcinj.com\/blog\/wp-content\/uploads\/2010\/05\/Ada-Bojana_Ulcinj_Montenegro.8.jpg'><img width=\"150\" height=\"150\" src=\"https:\/\/www.visit-ulcinj.com\/blog\/wp-content\/uploads\/2010\/05\/Ada-Bojana_Ulcinj_Montenegro.8-150x150.jpg\" class=\"attachment-thumbnail size-thumbnail\" alt=\"\" loading=\"lazy\" \/><\/a>\n\t\t\t<\/dt><\/dl><dl class='gallery-item'>\n\t\t\t<dt class='gallery-icon landscape'>\n\t\t\t\t<a href='https:\/\/www.visit-ulcinj.com\/blog\/wp-content\/uploads\/2010\/05\/Ada-Bojana_Ulcinj_Montenegro.9.jpg'><img width=\"150\" height=\"150\" src=\"https:\/\/www.visit-ulcinj.com\/blog\/wp-content\/uploads\/2010\/05\/Ada-Bojana_Ulcinj_Montenegro.9-150x150.jpg\" class=\"attachment-thumbnail size-thumbnail\" alt=\"\" loading=\"lazy\" \/><\/a>\n\t\t\t<\/dt><\/dl><br style=\"clear: both\" \/>\n\t\t<\/div>\n<br \/>\n<!--YouTube Error: bad URL entered--><\/p>\n","protected":false},"excerpt":{"rendered":"<p>Trecento chilometri di costa punteggiati di promontori, baie, calette, isole e spiagge da sogno ombreggiate da palme, mimose e oleandri. Qui regna il sole 246 giorni all\u2019anno; il mare \u00e8 calmo e caldo, le strutture di ottimo livello e oltre alla vita d mare vanta paesaggi spettacolari fatti d natura intatta, villaggi e cittadine medioevali.Ulcinj [&hellip;]<\/p>\n","protected":false},"author":1,"featured_media":0,"comment_status":"open","ping_status":"closed","sticky":false,"template":"","format":"standard","meta":{"spay_email":"","jetpack_publicize_message":"","jetpack_is_tweetstorm":false,"jetpack_publicize_feature_enabled":true},"categories":[15],"tags":[8802,265,14210,14209],"jetpack_publicize_connections":[],"yoast_head":"<!-- This site is optimized with the Yoast SEO plugin v19.1 - https:\/\/yoast.com\/wordpress\/plugins\/seo\/ -->\n<title>Ada Bojana - Montenegro: nuova meta turistica - Video - Lajme nga Ulqini<\/title>\n<meta name=\"description\" content=\"Trecento chilometri di costa punteggiati di promontori, baie, calette, isole e spiagge da sogno ombreggiate da palme, mimose e oleandri. Qui regna il sole\" \/>\n<meta name=\"robots\" content=\"index, follow, max-snippet:-1, max-image-preview:large, max-video-preview:-1\" \/>\n<link rel=\"canonical\" href=\"https:\/\/www.visit-ulcinj.com\/blog\/2010\/05\/06\/ulcinj-montenegro-nuova-meta-turistica-video\/\" \/>\n<meta property=\"og:locale\" content=\"en_US\" \/>\n<meta property=\"og:type\" content=\"article\" \/>\n<meta property=\"og:title\" content=\"Ada Bojana - Montenegro: nuova meta turistica - Video - Lajme nga Ulqini\" \/>\n<meta property=\"og:description\" content=\"Trecento chilometri di costa punteggiati di promontori, baie, calette, isole e spiagge da sogno ombreggiate da palme, mimose e oleandri. Qui regna il sole\" \/>\n<meta property=\"og:url\" content=\"https:\/\/www.visit-ulcinj.com\/blog\/2010\/05\/06\/ulcinj-montenegro-nuova-meta-turistica-video\/\" \/>\n<meta property=\"og:site_name\" content=\"Lajme nga Ulqini\" \/>\n<meta property=\"article:published_time\" content=\"2010-05-06T16:11:20+00:00\" \/>\n<meta property=\"article:modified_time\" content=\"2010-05-06T16:12:53+00:00\" \/>\n<meta property=\"og:image\" content=\"https:\/\/www.visit-ulcinj.com\/blog\/wp-content\/uploads\/2010\/05\/Ada-Bojana_Ulcinj_Montenegro-150x150.jpg\" \/>\n<meta name=\"twitter:label1\" content=\"Written by\" \/>\n\t<meta name=\"twitter:data1\" content=\"ulqini\" \/>\n\t<meta name=\"twitter:label2\" content=\"Est. reading time\" \/>\n\t<meta name=\"twitter:data2\" content=\"1 minute\" \/>\n<script type=\"application\/ld+json\" class=\"yoast-schema-graph\">{\"@context\":\"https:\/\/schema.org\",\"@graph\":[{\"@type\":\"WebSite\",\"@id\":\"https:\/\/www.visit-ulcinj.com\/blog\/#website\",\"url\":\"https:\/\/www.visit-ulcinj.com\/blog\/\",\"name\":\"Lajme nga Ulqini\",\"description\":\"Lajme,Vijesti,Ulqini,Ulqin,Crna Gora,Mali i Zi\",\"potentialAction\":[{\"@type\":\"SearchAction\",\"target\":{\"@type\":\"EntryPoint\",\"urlTemplate\":\"https:\/\/www.visit-ulcinj.com\/blog\/?s={search_term_string}\"},\"query-input\":\"required name=search_term_string\"}],\"inLanguage\":\"en-US\"},{\"@type\":\"ImageObject\",\"inLanguage\":\"en-US\",\"@id\":\"https:\/\/www.visit-ulcinj.com\/blog\/2010\/05\/06\/ulcinj-montenegro-nuova-meta-turistica-video\/#primaryimage\",\"url\":\"https:\/\/www.visit-ulcinj.com\/blog\/wp-content\/uploads\/2010\/05\/Ada-Bojana_Ulcinj_Montenegro.1.jpg\",\"contentUrl\":\"https:\/\/www.visit-ulcinj.com\/blog\/wp-content\/uploads\/2010\/05\/Ada-Bojana_Ulcinj_Montenegro.1.jpg\",\"width\":\"604\",\"height\":\"403\"},{\"@type\":\"WebPage\",\"@id\":\"https:\/\/www.visit-ulcinj.com\/blog\/2010\/05\/06\/ulcinj-montenegro-nuova-meta-turistica-video\/#webpage\",\"url\":\"https:\/\/www.visit-ulcinj.com\/blog\/2010\/05\/06\/ulcinj-montenegro-nuova-meta-turistica-video\/\",\"name\":\"Ada Bojana - Montenegro: nuova meta turistica - Video - Lajme nga Ulqini\",\"isPartOf\":{\"@id\":\"https:\/\/www.visit-ulcinj.com\/blog\/#website\"},\"primaryImageOfPage\":{\"@id\":\"https:\/\/www.visit-ulcinj.com\/blog\/2010\/05\/06\/ulcinj-montenegro-nuova-meta-turistica-video\/#primaryimage\"},\"datePublished\":\"2010-05-06T16:11:20+00:00\",\"dateModified\":\"2010-05-06T16:12:53+00:00\",\"author\":{\"@id\":\"https:\/\/www.visit-ulcinj.com\/blog\/#\/schema\/person\/dcab619c614d3038751c63bc2aadc06d\"},\"description\":\"Trecento chilometri di costa punteggiati di promontori, baie, calette, isole e spiagge da sogno ombreggiate da palme, mimose e oleandri. Qui regna il sole\",\"breadcrumb\":{\"@id\":\"https:\/\/www.visit-ulcinj.com\/blog\/2010\/05\/06\/ulcinj-montenegro-nuova-meta-turistica-video\/#breadcrumb\"},\"inLanguage\":\"en-US\",\"potentialAction\":[{\"@type\":\"ReadAction\",\"target\":[\"https:\/\/www.visit-ulcinj.com\/blog\/2010\/05\/06\/ulcinj-montenegro-nuova-meta-turistica-video\/\"]}]},{\"@type\":\"BreadcrumbList\",\"@id\":\"https:\/\/www.visit-ulcinj.com\/blog\/2010\/05\/06\/ulcinj-montenegro-nuova-meta-turistica-video\/#breadcrumb\",\"itemListElement\":[{\"@type\":\"ListItem\",\"position\":1,\"name\":\"Ada Bojana &#8211; Montenegro: nuova meta turistica &#8211; Video\"}]},{\"@type\":\"Person\",\"@id\":\"https:\/\/www.visit-ulcinj.com\/blog\/#\/schema\/person\/dcab619c614d3038751c63bc2aadc06d\",\"name\":\"ulqini\",\"sameAs\":[\"http:\/\/www.visit-ulcinj.com\"],\"url\":\"https:\/\/www.visit-ulcinj.com\/blog\/author\/admin\/\"}]}<\/script>\n<!-- \/ Yoast SEO plugin. -->","yoast_head_json":{"title":"Ada Bojana - Montenegro: nuova meta turistica - Video - Lajme nga Ulqini","description":"Trecento chilometri di costa punteggiati di promontori, baie, calette, isole e spiagge da sogno ombreggiate da palme, mimose e oleandri. Qui regna il sole","robots":{"index":"index","follow":"follow","max-snippet":"max-snippet:-1","max-image-preview":"max-image-preview:large","max-video-preview":"max-video-preview:-1"},"canonical":"https:\/\/www.visit-ulcinj.com\/blog\/2010\/05\/06\/ulcinj-montenegro-nuova-meta-turistica-video\/","og_locale":"en_US","og_type":"article","og_title":"Ada Bojana - Montenegro: nuova meta turistica - Video - Lajme nga Ulqini","og_description":"Trecento chilometri di costa punteggiati di promontori, baie, calette, isole e spiagge da sogno ombreggiate da palme, mimose e oleandri. Qui regna il sole","og_url":"https:\/\/www.visit-ulcinj.com\/blog\/2010\/05\/06\/ulcinj-montenegro-nuova-meta-turistica-video\/","og_site_name":"Lajme nga Ulqini","article_published_time":"2010-05-06T16:11:20+00:00","article_modified_time":"2010-05-06T16:12:53+00:00","og_image":[{"url":"https:\/\/www.visit-ulcinj.com\/blog\/wp-content\/uploads\/2010\/05\/Ada-Bojana_Ulcinj_Montenegro-150x150.jpg"}],"twitter_misc":{"Written by":"ulqini","Est. reading time":"1 minute"},"schema":{"@context":"https:\/\/schema.org","@graph":[{"@type":"WebSite","@id":"https:\/\/www.visit-ulcinj.com\/blog\/#website","url":"https:\/\/www.visit-ulcinj.com\/blog\/","name":"Lajme nga Ulqini","description":"Lajme,Vijesti,Ulqini,Ulqin,Crna Gora,Mali i Zi","potentialAction":[{"@type":"SearchAction","target":{"@type":"EntryPoint","urlTemplate":"https:\/\/www.visit-ulcinj.com\/blog\/?s={search_term_string}"},"query-input":"required name=search_term_string"}],"inLanguage":"en-US"},{"@type":"ImageObject","inLanguage":"en-US","@id":"https:\/\/www.visit-ulcinj.com\/blog\/2010\/05\/06\/ulcinj-montenegro-nuova-meta-turistica-video\/#primaryimage","url":"https:\/\/www.visit-ulcinj.com\/blog\/wp-content\/uploads\/2010\/05\/Ada-Bojana_Ulcinj_Montenegro.1.jpg","contentUrl":"https:\/\/www.visit-ulcinj.com\/blog\/wp-content\/uploads\/2010\/05\/Ada-Bojana_Ulcinj_Montenegro.1.jpg","width":"604","height":"403"},{"@type":"WebPage","@id":"https:\/\/www.visit-ulcinj.com\/blog\/2010\/05\/06\/ulcinj-montenegro-nuova-meta-turistica-video\/#webpage","url":"https:\/\/www.visit-ulcinj.com\/blog\/2010\/05\/06\/ulcinj-montenegro-nuova-meta-turistica-video\/","name":"Ada Bojana - Montenegro: nuova meta turistica - Video - Lajme nga Ulqini","isPartOf":{"@id":"https:\/\/www.visit-ulcinj.com\/blog\/#website"},"primaryImageOfPage":{"@id":"https:\/\/www.visit-ulcinj.com\/blog\/2010\/05\/06\/ulcinj-montenegro-nuova-meta-turistica-video\/#primaryimage"},"datePublished":"2010-05-06T16:11:20+00:00","dateModified":"2010-05-06T16:12:53+00:00","author":{"@id":"https:\/\/www.visit-ulcinj.com\/blog\/#\/schema\/person\/dcab619c614d3038751c63bc2aadc06d"},"description":"Trecento chilometri di costa punteggiati di promontori, baie, calette, isole e spiagge da sogno ombreggiate da palme, mimose e oleandri. Qui regna il sole","breadcrumb":{"@id":"https:\/\/www.visit-ulcinj.com\/blog\/2010\/05\/06\/ulcinj-montenegro-nuova-meta-turistica-video\/#breadcrumb"},"inLanguage":"en-US","potentialAction":[{"@type":"ReadAction","target":["https:\/\/www.visit-ulcinj.com\/blog\/2010\/05\/06\/ulcinj-montenegro-nuova-meta-turistica-video\/"]}]},{"@type":"BreadcrumbList","@id":"https:\/\/www.visit-ulcinj.com\/blog\/2010\/05\/06\/ulcinj-montenegro-nuova-meta-turistica-video\/#breadcrumb","itemListElement":[{"@type":"ListItem","position":1,"name":"Ada Bojana &#8211; Montenegro: nuova meta turistica &#8211; Video"}]},{"@type":"Person","@id":"https:\/\/www.visit-ulcinj.com\/blog\/#\/schema\/person\/dcab619c614d3038751c63bc2aadc06d","name":"ulqini","sameAs":["http:\/\/www.visit-ulcinj.com"],"url":"https:\/\/www.visit-ulcinj.com\/blog\/author\/admin\/"}]}},"jetpack_featured_media_url":"","jetpack_sharing_enabled":true,"jetpack_shortlink":"https:\/\/wp.me\/pe6lTn-8yh","_links":{"self":[{"href":"https:\/\/www.visit-ulcinj.com\/blog\/wp-json\/wp\/v2\/posts\/32877"}],"collection":[{"href":"https:\/\/www.visit-ulcinj.com\/blog\/wp-json\/wp\/v2\/posts"}],"about":[{"href":"https:\/\/www.visit-ulcinj.com\/blog\/wp-json\/wp\/v2\/types\/post"}],"author":[{"embeddable":true,"href":"https:\/\/www.visit-ulcinj.com\/blog\/wp-json\/wp\/v2\/users\/1"}],"replies":[{"embeddable":true,"href":"https:\/\/www.visit-ulcinj.com\/blog\/wp-json\/wp\/v2\/comments?post=32877"}],"version-history":[{"count":0,"href":"https:\/\/www.visit-ulcinj.com\/blog\/wp-json\/wp\/v2\/posts\/32877\/revisions"}],"wp:attachment":[{"href":"https:\/\/www.visit-ulcinj.com\/blog\/wp-json\/wp\/v2\/media?parent=32877"}],"wp:term":[{"taxonomy":"category","embeddable":true,"href":"https:\/\/www.visit-ulcinj.com\/blog\/wp-json\/wp\/v2\/categories?post=32877"},{"taxonomy":"post_tag","embeddable":true,"href":"https:\/\/www.visit-ulcinj.com\/blog\/wp-json\/wp\/v2\/tags?post=32877"}],"curies":[{"name":"wp","href":"https:\/\/api.w.org\/{rel}","templated":true}]}}