{"id":32923,"date":"2010-05-06T23:15:15","date_gmt":"2010-05-06T21:15:15","guid":{"rendered":"http:\/\/www.visit-ulcinj.com\/blog\/?p=32923"},"modified":"2010-05-06T23:16:09","modified_gmt":"2010-05-06T21:16:09","slug":"intezivne-pripreme-za-ljetnju-sezonu-ulcinjske-rivijere-video","status":"publish","type":"post","link":"https:\/\/www.visit-ulcinj.com\/blog\/2010\/05\/06\/intezivne-pripreme-za-ljetnju-sezonu-ulcinjske-rivijere-video\/","title":{"rendered":"Intezivne pripreme za ljetnju sezonu  Ulcinjske rivijere &#8211; Video"},"content":{"rendered":"<p><a href=\"http:\/\/www.visit-ulcinj.com\/blog\/wp-content\/uploads\/2010\/05\/Ulcinj-rivijera-Montenegro_Ada-Bojana_Olympic-_Bellevue_9.jpg\"><img loading=\"lazy\" class=\"alignleft size-full wp-image-32924\" title=\"Ulcinj rivijera Montenegro_Ada Bojana_Olympic _Bellevue_9\" src=\"http:\/\/www.visit-ulcinj.com\/blog\/wp-content\/uploads\/2010\/05\/Ulcinj-rivijera-Montenegro_Ada-Bojana_Olympic-_Bellevue_9.jpg\" alt=\"Ulcinj rivijera Montenegro_Ada Bojana_Olympic _Bellevue_9\" width=\"640\" height=\"426\" srcset=\"https:\/\/www.visit-ulcinj.com\/blog\/wp-content\/uploads\/2010\/05\/Ulcinj-rivijera-Montenegro_Ada-Bojana_Olympic-_Bellevue_9.jpg 640w, https:\/\/www.visit-ulcinj.com\/blog\/wp-content\/uploads\/2010\/05\/Ulcinj-rivijera-Montenegro_Ada-Bojana_Olympic-_Bellevue_9-300x199.jpg 300w\" sizes=\"(max-width: 640px) 100vw, 640px\" \/><\/a>Protekla zimska sezona bila je jedna od  najuspje\u0161nijih u HTP Ulcinjska rivijera. Dobri rezultati u zimskom  periodu posebno su motivisali ?lanove tog kolektiva da krenu u  intenzivne pripreme za ljetnju sezonu, od koje o?ekuju rezultate bolje  od pro\u0161logodi\u0161njih.<\/p>\n<div>Hotel \u201eOlimpik&#8221; sre?en je prije zime i u njemu je  ostvareno ove zime 8.527 no?enja, \u0161to je 70 odsto vi\u0161e nego u istom  periodu pro\u0161le godine. Najbrojniji gosti su bili sportisti, koji u  Ulcinju sve vi\u0161e prepoznaju mjesto sa idealnim uslovima za zimske  pripreme. Ispred tog hotela do ljeta ?e biti izgra?en pla\u017eni bar.<\/p>\n<p>Renoviranje hotela \u201eBelvi&#8221; je u toku, ali glavne aktivnosti u pripremi  sezone usmjerene su na turisti?kom naselju pored Bojane, omiljenom  ljetovali\u0161tu ljubitelja kupanja i sun?anja u &#8220;kostimu&#8221; Eve i Adama.<\/p>\n<p>U toku su sanacije objekata stradalih u poplavama. Ovogodi\u0161nje  turiste tamo ?e do?ekati sobe i apartman opremljeni novim namje\u0161tajem.  Na nudisti?koj pla\u017ei ce grade dva pla\u017ena bara, a prilaz naselju bi?e  osvijetljen.<\/p>\n<p>U Ulcinjskoj rivijeri saop\u0161tavaju da im najave  partnera sa svih tr\u017ei\u0161ta nagovje\u0161tavaju da ?e, uprkos krizi, imati bolju  posjetu nego pro\u0161log ljeta. No, i pored dobrih najava, zna?ajnih  investicija i boljeg nivoa ponude cijene usluga he biti veoma povoljne  za sve strukture gostiju. Puni pansion u hotelu \u201eOlimpik&#8221; je 33 eura.<\/p><\/div>\n<div><strong>Pobjeda<\/strong><\/div>\n<div><strong>VIDEO\u00a0 RTCG<br \/>\n[flv]http:\/\/www.rtcg.me\/images\/biblioteka\/audio_video_arhiva\/otvoreno_turizam.flv[\/flv]<br \/>\n<\/strong><\/div>\n","protected":false},"excerpt":{"rendered":"<p>Protekla zimska sezona bila je jedna od najuspje\u0161nijih u HTP Ulcinjska rivijera. Dobri rezultati u zimskom periodu posebno su motivisali ?lanove tog kolektiva da krenu u intenzivne pripreme za ljetnju sezonu, od koje o?ekuju rezultate bolje od pro\u0161logodi\u0161njih. Hotel \u201eOlimpik&#8221; sre?en je prije zime i u njemu je ostvareno ove zime 8.527 no?enja, \u0161to je [&hellip;]<\/p>\n","protected":false},"author":1,"featured_media":0,"comment_status":"open","ping_status":"closed","sticky":false,"template":"","format":"standard","meta":{"spay_email":"","jetpack_publicize_message":"","jetpack_is_tweetstorm":false,"jetpack_publicize_feature_enabled":true},"categories":[8337],"tags":[250,2633,13743],"jetpack_publicize_connections":[],"yoast_head":"<!-- This site is optimized with the Yoast SEO plugin v19.1 - https:\/\/yoast.com\/wordpress\/plugins\/seo\/ -->\n<title>Intezivne pripreme za ljetnju sezonu Ulcinjske rivijere - Video - Lajme nga Ulqini<\/title>\n<meta name=\"description\" content=\"Protekla zimska sezona bila je jedna od najuspje\u0161nijih u HTP Ulcinjska rivijera. Dobri rezultati u zimskom periodu posebno su motivisali ?lanove tog\" \/>\n<meta name=\"robots\" content=\"index, follow, max-snippet:-1, max-image-preview:large, max-video-preview:-1\" \/>\n<link rel=\"canonical\" href=\"https:\/\/www.visit-ulcinj.com\/blog\/2010\/05\/06\/intezivne-pripreme-za-ljetnju-sezonu-ulcinjske-rivijere-video\/\" \/>\n<meta property=\"og:locale\" content=\"en_US\" \/>\n<meta property=\"og:type\" content=\"article\" \/>\n<meta property=\"og:title\" content=\"Intezivne pripreme za ljetnju sezonu Ulcinjske rivijere - Video - Lajme nga Ulqini\" \/>\n<meta property=\"og:description\" content=\"Protekla zimska sezona bila je jedna od najuspje\u0161nijih u HTP Ulcinjska rivijera. Dobri rezultati u zimskom periodu posebno su motivisali ?lanove tog\" \/>\n<meta property=\"og:url\" content=\"https:\/\/www.visit-ulcinj.com\/blog\/2010\/05\/06\/intezivne-pripreme-za-ljetnju-sezonu-ulcinjske-rivijere-video\/\" \/>\n<meta property=\"og:site_name\" content=\"Lajme nga Ulqini\" \/>\n<meta property=\"article:published_time\" content=\"2010-05-06T21:15:15+00:00\" \/>\n<meta property=\"article:modified_time\" content=\"2010-05-06T21:16:09+00:00\" \/>\n<meta property=\"og:image\" content=\"http:\/\/www.visit-ulcinj.com\/blog\/wp-content\/uploads\/2010\/05\/Ulcinj-rivijera-Montenegro_Ada-Bojana_Olympic-_Bellevue_9.jpg\" \/>\n<meta name=\"twitter:label1\" content=\"Written by\" \/>\n\t<meta name=\"twitter:data1\" content=\"ulqini\" \/>\n\t<meta name=\"twitter:label2\" content=\"Est. reading time\" \/>\n\t<meta name=\"twitter:data2\" content=\"1 minute\" \/>\n<script type=\"application\/ld+json\" class=\"yoast-schema-graph\">{\"@context\":\"https:\/\/schema.org\",\"@graph\":[{\"@type\":\"WebSite\",\"@id\":\"https:\/\/www.visit-ulcinj.com\/blog\/#website\",\"url\":\"https:\/\/www.visit-ulcinj.com\/blog\/\",\"name\":\"Lajme nga Ulqini\",\"description\":\"Lajme,Vijesti,Ulqini,Ulqin,Crna Gora,Mali i Zi\",\"potentialAction\":[{\"@type\":\"SearchAction\",\"target\":{\"@type\":\"EntryPoint\",\"urlTemplate\":\"https:\/\/www.visit-ulcinj.com\/blog\/?s={search_term_string}\"},\"query-input\":\"required name=search_term_string\"}],\"inLanguage\":\"en-US\"},{\"@type\":\"ImageObject\",\"inLanguage\":\"en-US\",\"@id\":\"https:\/\/www.visit-ulcinj.com\/blog\/2010\/05\/06\/intezivne-pripreme-za-ljetnju-sezonu-ulcinjske-rivijere-video\/#primaryimage\",\"url\":\"https:\/\/www.visit-ulcinj.com\/blog\/wp-content\/uploads\/2010\/05\/Ulcinj-rivijera-Montenegro_Ada-Bojana_Olympic-_Bellevue_9.jpg\",\"contentUrl\":\"https:\/\/www.visit-ulcinj.com\/blog\/wp-content\/uploads\/2010\/05\/Ulcinj-rivijera-Montenegro_Ada-Bojana_Olympic-_Bellevue_9.jpg\",\"width\":\"640\",\"height\":\"426\"},{\"@type\":\"WebPage\",\"@id\":\"https:\/\/www.visit-ulcinj.com\/blog\/2010\/05\/06\/intezivne-pripreme-za-ljetnju-sezonu-ulcinjske-rivijere-video\/#webpage\",\"url\":\"https:\/\/www.visit-ulcinj.com\/blog\/2010\/05\/06\/intezivne-pripreme-za-ljetnju-sezonu-ulcinjske-rivijere-video\/\",\"name\":\"Intezivne pripreme za ljetnju sezonu Ulcinjske rivijere - Video - Lajme nga Ulqini\",\"isPartOf\":{\"@id\":\"https:\/\/www.visit-ulcinj.com\/blog\/#website\"},\"primaryImageOfPage\":{\"@id\":\"https:\/\/www.visit-ulcinj.com\/blog\/2010\/05\/06\/intezivne-pripreme-za-ljetnju-sezonu-ulcinjske-rivijere-video\/#primaryimage\"},\"datePublished\":\"2010-05-06T21:15:15+00:00\",\"dateModified\":\"2010-05-06T21:16:09+00:00\",\"author\":{\"@id\":\"https:\/\/www.visit-ulcinj.com\/blog\/#\/schema\/person\/dcab619c614d3038751c63bc2aadc06d\"},\"description\":\"Protekla zimska sezona bila je jedna od najuspje\u0161nijih u HTP Ulcinjska rivijera. Dobri rezultati u zimskom periodu posebno su motivisali ?lanove tog\",\"breadcrumb\":{\"@id\":\"https:\/\/www.visit-ulcinj.com\/blog\/2010\/05\/06\/intezivne-pripreme-za-ljetnju-sezonu-ulcinjske-rivijere-video\/#breadcrumb\"},\"inLanguage\":\"en-US\",\"potentialAction\":[{\"@type\":\"ReadAction\",\"target\":[\"https:\/\/www.visit-ulcinj.com\/blog\/2010\/05\/06\/intezivne-pripreme-za-ljetnju-sezonu-ulcinjske-rivijere-video\/\"]}]},{\"@type\":\"BreadcrumbList\",\"@id\":\"https:\/\/www.visit-ulcinj.com\/blog\/2010\/05\/06\/intezivne-pripreme-za-ljetnju-sezonu-ulcinjske-rivijere-video\/#breadcrumb\",\"itemListElement\":[{\"@type\":\"ListItem\",\"position\":1,\"name\":\"Intezivne pripreme za ljetnju sezonu Ulcinjske rivijere &#8211; Video\"}]},{\"@type\":\"Person\",\"@id\":\"https:\/\/www.visit-ulcinj.com\/blog\/#\/schema\/person\/dcab619c614d3038751c63bc2aadc06d\",\"name\":\"ulqini\",\"sameAs\":[\"http:\/\/www.visit-ulcinj.com\"],\"url\":\"https:\/\/www.visit-ulcinj.com\/blog\/author\/admin\/\"}]}<\/script>\n<!-- \/ Yoast SEO plugin. -->","yoast_head_json":{"title":"Intezivne pripreme za ljetnju sezonu Ulcinjske rivijere - Video - Lajme nga Ulqini","description":"Protekla zimska sezona bila je jedna od najuspje\u0161nijih u HTP Ulcinjska rivijera. Dobri rezultati u zimskom periodu posebno su motivisali ?lanove tog","robots":{"index":"index","follow":"follow","max-snippet":"max-snippet:-1","max-image-preview":"max-image-preview:large","max-video-preview":"max-video-preview:-1"},"canonical":"https:\/\/www.visit-ulcinj.com\/blog\/2010\/05\/06\/intezivne-pripreme-za-ljetnju-sezonu-ulcinjske-rivijere-video\/","og_locale":"en_US","og_type":"article","og_title":"Intezivne pripreme za ljetnju sezonu Ulcinjske rivijere - Video - Lajme nga Ulqini","og_description":"Protekla zimska sezona bila je jedna od najuspje\u0161nijih u HTP Ulcinjska rivijera. Dobri rezultati u zimskom periodu posebno su motivisali ?lanove tog","og_url":"https:\/\/www.visit-ulcinj.com\/blog\/2010\/05\/06\/intezivne-pripreme-za-ljetnju-sezonu-ulcinjske-rivijere-video\/","og_site_name":"Lajme nga Ulqini","article_published_time":"2010-05-06T21:15:15+00:00","article_modified_time":"2010-05-06T21:16:09+00:00","og_image":[{"url":"http:\/\/www.visit-ulcinj.com\/blog\/wp-content\/uploads\/2010\/05\/Ulcinj-rivijera-Montenegro_Ada-Bojana_Olympic-_Bellevue_9.jpg"}],"twitter_misc":{"Written by":"ulqini","Est. reading time":"1 minute"},"schema":{"@context":"https:\/\/schema.org","@graph":[{"@type":"WebSite","@id":"https:\/\/www.visit-ulcinj.com\/blog\/#website","url":"https:\/\/www.visit-ulcinj.com\/blog\/","name":"Lajme nga Ulqini","description":"Lajme,Vijesti,Ulqini,Ulqin,Crna Gora,Mali i Zi","potentialAction":[{"@type":"SearchAction","target":{"@type":"EntryPoint","urlTemplate":"https:\/\/www.visit-ulcinj.com\/blog\/?s={search_term_string}"},"query-input":"required name=search_term_string"}],"inLanguage":"en-US"},{"@type":"ImageObject","inLanguage":"en-US","@id":"https:\/\/www.visit-ulcinj.com\/blog\/2010\/05\/06\/intezivne-pripreme-za-ljetnju-sezonu-ulcinjske-rivijere-video\/#primaryimage","url":"https:\/\/www.visit-ulcinj.com\/blog\/wp-content\/uploads\/2010\/05\/Ulcinj-rivijera-Montenegro_Ada-Bojana_Olympic-_Bellevue_9.jpg","contentUrl":"https:\/\/www.visit-ulcinj.com\/blog\/wp-content\/uploads\/2010\/05\/Ulcinj-rivijera-Montenegro_Ada-Bojana_Olympic-_Bellevue_9.jpg","width":"640","height":"426"},{"@type":"WebPage","@id":"https:\/\/www.visit-ulcinj.com\/blog\/2010\/05\/06\/intezivne-pripreme-za-ljetnju-sezonu-ulcinjske-rivijere-video\/#webpage","url":"https:\/\/www.visit-ulcinj.com\/blog\/2010\/05\/06\/intezivne-pripreme-za-ljetnju-sezonu-ulcinjske-rivijere-video\/","name":"Intezivne pripreme za ljetnju sezonu Ulcinjske rivijere - Video - Lajme nga Ulqini","isPartOf":{"@id":"https:\/\/www.visit-ulcinj.com\/blog\/#website"},"primaryImageOfPage":{"@id":"https:\/\/www.visit-ulcinj.com\/blog\/2010\/05\/06\/intezivne-pripreme-za-ljetnju-sezonu-ulcinjske-rivijere-video\/#primaryimage"},"datePublished":"2010-05-06T21:15:15+00:00","dateModified":"2010-05-06T21:16:09+00:00","author":{"@id":"https:\/\/www.visit-ulcinj.com\/blog\/#\/schema\/person\/dcab619c614d3038751c63bc2aadc06d"},"description":"Protekla zimska sezona bila je jedna od najuspje\u0161nijih u HTP Ulcinjska rivijera. Dobri rezultati u zimskom periodu posebno su motivisali ?lanove tog","breadcrumb":{"@id":"https:\/\/www.visit-ulcinj.com\/blog\/2010\/05\/06\/intezivne-pripreme-za-ljetnju-sezonu-ulcinjske-rivijere-video\/#breadcrumb"},"inLanguage":"en-US","potentialAction":[{"@type":"ReadAction","target":["https:\/\/www.visit-ulcinj.com\/blog\/2010\/05\/06\/intezivne-pripreme-za-ljetnju-sezonu-ulcinjske-rivijere-video\/"]}]},{"@type":"BreadcrumbList","@id":"https:\/\/www.visit-ulcinj.com\/blog\/2010\/05\/06\/intezivne-pripreme-za-ljetnju-sezonu-ulcinjske-rivijere-video\/#breadcrumb","itemListElement":[{"@type":"ListItem","position":1,"name":"Intezivne pripreme za ljetnju sezonu Ulcinjske rivijere &#8211; Video"}]},{"@type":"Person","@id":"https:\/\/www.visit-ulcinj.com\/blog\/#\/schema\/person\/dcab619c614d3038751c63bc2aadc06d","name":"ulqini","sameAs":["http:\/\/www.visit-ulcinj.com"],"url":"https:\/\/www.visit-ulcinj.com\/blog\/author\/admin\/"}]}},"jetpack_featured_media_url":"","jetpack_sharing_enabled":true,"jetpack_shortlink":"https:\/\/wp.me\/pe6lTn-8z1","_links":{"self":[{"href":"https:\/\/www.visit-ulcinj.com\/blog\/wp-json\/wp\/v2\/posts\/32923"}],"collection":[{"href":"https:\/\/www.visit-ulcinj.com\/blog\/wp-json\/wp\/v2\/posts"}],"about":[{"href":"https:\/\/www.visit-ulcinj.com\/blog\/wp-json\/wp\/v2\/types\/post"}],"author":[{"embeddable":true,"href":"https:\/\/www.visit-ulcinj.com\/blog\/wp-json\/wp\/v2\/users\/1"}],"replies":[{"embeddable":true,"href":"https:\/\/www.visit-ulcinj.com\/blog\/wp-json\/wp\/v2\/comments?post=32923"}],"version-history":[{"count":0,"href":"https:\/\/www.visit-ulcinj.com\/blog\/wp-json\/wp\/v2\/posts\/32923\/revisions"}],"wp:attachment":[{"href":"https:\/\/www.visit-ulcinj.com\/blog\/wp-json\/wp\/v2\/media?parent=32923"}],"wp:term":[{"taxonomy":"category","embeddable":true,"href":"https:\/\/www.visit-ulcinj.com\/blog\/wp-json\/wp\/v2\/categories?post=32923"},{"taxonomy":"post_tag","embeddable":true,"href":"https:\/\/www.visit-ulcinj.com\/blog\/wp-json\/wp\/v2\/tags?post=32923"}],"curies":[{"name":"wp","href":"https:\/\/api.w.org\/{rel}","templated":true}]}}