{"id":32928,"date":"2010-05-07T16:51:25","date_gmt":"2010-05-07T14:51:25","guid":{"rendered":"http:\/\/www.visit-ulcinj.com\/blog\/?p=32928"},"modified":"2010-05-08T12:21:13","modified_gmt":"2010-05-08T10:21:13","slug":"hajdinaga-fiton-mirenjohje-nga-shkaulqini","status":"publish","type":"post","link":"https:\/\/www.visit-ulcinj.com\/blog\/2010\/05\/07\/hajdinaga-fiton-mirenjohje-nga-shkaulqini\/","title":{"rendered":"Hajdinaga fiton mirenjohje nga SHKA&#8221;Ulqini&#8221;"},"content":{"rendered":"<p><a href=\"http:\/\/www.visit-ulcinj.com\/blog\/wp-content\/uploads\/2010\/05\/Hajdinaga-mirenjohje-nga-SHKA-Ulqini.7.jpg\"><img loading=\"lazy\" class=\"alignleft size-full wp-image-32936\" title=\"Hajdinaga mirenjohje nga SHKA-Ulqini.7\" src=\"http:\/\/www.visit-ulcinj.com\/blog\/wp-content\/uploads\/2010\/05\/Hajdinaga-mirenjohje-nga-SHKA-Ulqini.7.jpg\" alt=\"Hajdinaga mirenjohje nga SHKA-Ulqini.7\" width=\"490\" height=\"390\" \/><\/a>SHKA&#8221;Ulqini&#8221; ndau nj\u00eb mir\u00ebnjohje t\u00eb k\u00ebtij lloji nga Shoqata kulturo-artistike p\u00ebr kontributin e dh\u00ebn\u00eb  kryetari t\u00eb komun\u00ebs s\u00eb Ulqinit z.G\u00ebzim Hajdinaga.<br \/>\nPrandaj, n\u00eb k\u00ebt\u00eb kontekst nj\u00eb kontribut t\u00eb ve\u00e7ant n\u00eb harmonizimin dhe  avansimin e shum\u00eb q\u00ebshtjeve ka kontribuar edhe kryetari i komun\u00ebs s\u00eb Ulqinit z.G\u00ebzim Hajdinaga.<\/p>\n<p>Nd\u00ebrkaq kryetari i komun\u00ebss\u00eb Ulqinit z.G\u00ebzim Hajdinaga,falenderoi  p\u00ebr mirenjohjen Shoqaten kulturo-artistike&#8221;Ulqini&#8221;dhe shprehu zotimin  p\u00ebr agnazhimin e m\u00ebtutjesh\u00ebm n\u00eb k\u00ebt\u00eb instuticion dhe p\u00ebr kontributin e m\u00ebtejsh\u00ebm t\u00eb SHKA&#8221;Ulqini si dhe shoqatat tjera q\u00eb veprojn n\u00eb komun t\u00eb Ulqinit.<br \/>\nNd\u00ebrkaq kryetari i komun\u00ebss\u00eb Ulqinit z.G\u00ebzim Hajdinaga,falenderoi  p\u00ebr  mirenjohjen e tij veteranin legjendar t\u00eb folklorit t\u00eb Ulqinit gjithashtu dhe abasadorin e folklorit t\u00eb Ulqinit zotni Beqir Trum\u00ebn.<\/p>\n<p><strong>Lajme nga Ulqini<br \/>\n\n\t\t<style type=\"text\/css\">\n\t\t\t#gallery-1 {\n\t\t\t\tmargin: auto;\n\t\t\t}\n\t\t\t#gallery-1 .gallery-item {\n\t\t\t\tfloat: left;\n\t\t\t\tmargin-top: 10px;\n\t\t\t\ttext-align: center;\n\t\t\t\twidth: 33%;\n\t\t\t}\n\t\t\t#gallery-1 img {\n\t\t\t\tborder: 2px solid #cfcfcf;\n\t\t\t}\n\t\t\t#gallery-1 .gallery-caption {\n\t\t\t\tmargin-left: 0;\n\t\t\t}\n\t\t\t\/* see gallery_shortcode() in wp-includes\/media.php *\/\n\t\t<\/style>\n\t\t<div id='gallery-1' class='gallery galleryid-32928 gallery-columns-3 gallery-size-thumbnail'><dl class='gallery-item'>\n\t\t\t<dt class='gallery-icon landscape'>\n\t\t\t\t<a href='https:\/\/www.visit-ulcinj.com\/blog\/wp-content\/uploads\/2010\/05\/Hajdinaga-mirenjohje-nga-SHKA-Ulqini.1.jpg'><img width=\"150\" height=\"150\" src=\"https:\/\/www.visit-ulcinj.com\/blog\/wp-content\/uploads\/2010\/05\/Hajdinaga-mirenjohje-nga-SHKA-Ulqini.1-150x150.jpg\" class=\"attachment-thumbnail size-thumbnail\" alt=\"\" loading=\"lazy\" \/><\/a>\n\t\t\t<\/dt><\/dl><dl class='gallery-item'>\n\t\t\t<dt class='gallery-icon landscape'>\n\t\t\t\t<a href='https:\/\/www.visit-ulcinj.com\/blog\/wp-content\/uploads\/2010\/05\/Hajdinaga-mirenjohje-nga-SHKA-Ulqini.2.jpg'><img width=\"150\" height=\"150\" src=\"https:\/\/www.visit-ulcinj.com\/blog\/wp-content\/uploads\/2010\/05\/Hajdinaga-mirenjohje-nga-SHKA-Ulqini.2-150x150.jpg\" class=\"attachment-thumbnail size-thumbnail\" alt=\"\" loading=\"lazy\" \/><\/a>\n\t\t\t<\/dt><\/dl><dl class='gallery-item'>\n\t\t\t<dt class='gallery-icon landscape'>\n\t\t\t\t<a href='https:\/\/www.visit-ulcinj.com\/blog\/wp-content\/uploads\/2010\/05\/Hajdinaga-mirenjohje-nga-SHKA-Ulqini.3.jpg'><img width=\"150\" height=\"150\" src=\"https:\/\/www.visit-ulcinj.com\/blog\/wp-content\/uploads\/2010\/05\/Hajdinaga-mirenjohje-nga-SHKA-Ulqini.3-150x150.jpg\" class=\"attachment-thumbnail size-thumbnail\" alt=\"\" loading=\"lazy\" \/><\/a>\n\t\t\t<\/dt><\/dl><br style=\"clear: both\" \/><dl class='gallery-item'>\n\t\t\t<dt class='gallery-icon landscape'>\n\t\t\t\t<a href='https:\/\/www.visit-ulcinj.com\/blog\/wp-content\/uploads\/2010\/05\/Hajdinaga-mirenjohje-nga-SHKA-Ulqini.4.jpg'><img width=\"150\" height=\"150\" src=\"https:\/\/www.visit-ulcinj.com\/blog\/wp-content\/uploads\/2010\/05\/Hajdinaga-mirenjohje-nga-SHKA-Ulqini.4-150x150.jpg\" class=\"attachment-thumbnail size-thumbnail\" alt=\"\" loading=\"lazy\" \/><\/a>\n\t\t\t<\/dt><\/dl><dl class='gallery-item'>\n\t\t\t<dt class='gallery-icon landscape'>\n\t\t\t\t<a href='https:\/\/www.visit-ulcinj.com\/blog\/wp-content\/uploads\/2010\/05\/Hajdinaga-mirenjohje-nga-SHKA-Ulqini.5.jpg'><img width=\"150\" height=\"150\" src=\"https:\/\/www.visit-ulcinj.com\/blog\/wp-content\/uploads\/2010\/05\/Hajdinaga-mirenjohje-nga-SHKA-Ulqini.5-150x150.jpg\" class=\"attachment-thumbnail size-thumbnail\" alt=\"\" loading=\"lazy\" \/><\/a>\n\t\t\t<\/dt><\/dl><dl class='gallery-item'>\n\t\t\t<dt class='gallery-icon landscape'>\n\t\t\t\t<a href='https:\/\/www.visit-ulcinj.com\/blog\/wp-content\/uploads\/2010\/05\/Hajdinaga-mirenjohje-nga-SHKA-Ulqini.6.jpg'><img width=\"150\" height=\"150\" src=\"https:\/\/www.visit-ulcinj.com\/blog\/wp-content\/uploads\/2010\/05\/Hajdinaga-mirenjohje-nga-SHKA-Ulqini.6-150x150.jpg\" class=\"attachment-thumbnail size-thumbnail\" alt=\"\" loading=\"lazy\" \/><\/a>\n\t\t\t<\/dt><\/dl><br style=\"clear: both\" \/><dl class='gallery-item'>\n\t\t\t<dt class='gallery-icon landscape'>\n\t\t\t\t<a href='https:\/\/www.visit-ulcinj.com\/blog\/wp-content\/uploads\/2010\/05\/Hajdinaga-mirenjohje-nga-SHKA-Ulqini.7.jpg'><img width=\"150\" height=\"150\" src=\"https:\/\/www.visit-ulcinj.com\/blog\/wp-content\/uploads\/2010\/05\/Hajdinaga-mirenjohje-nga-SHKA-Ulqini.7-150x150.jpg\" class=\"attachment-thumbnail size-thumbnail\" alt=\"\" loading=\"lazy\" \/><\/a>\n\t\t\t<\/dt><\/dl><dl class='gallery-item'>\n\t\t\t<dt class='gallery-icon landscape'>\n\t\t\t\t<a href='https:\/\/www.visit-ulcinj.com\/blog\/wp-content\/uploads\/2010\/05\/Hajdinaga-mirenjohje-nga-SHKA-Ulqini.8.jpg'><img width=\"150\" height=\"150\" src=\"https:\/\/www.visit-ulcinj.com\/blog\/wp-content\/uploads\/2010\/05\/Hajdinaga-mirenjohje-nga-SHKA-Ulqini.8-150x150.jpg\" class=\"attachment-thumbnail size-thumbnail\" alt=\"\" loading=\"lazy\" \/><\/a>\n\t\t\t<\/dt><\/dl><dl class='gallery-item'>\n\t\t\t<dt class='gallery-icon landscape'>\n\t\t\t\t<a href='https:\/\/www.visit-ulcinj.com\/blog\/wp-content\/uploads\/2010\/05\/Hajdinaga-mirenjohje-nga-SHKA-Ulqini.jpg'><img width=\"150\" height=\"150\" src=\"https:\/\/www.visit-ulcinj.com\/blog\/wp-content\/uploads\/2010\/05\/Hajdinaga-mirenjohje-nga-SHKA-Ulqini-150x150.jpg\" class=\"attachment-thumbnail size-thumbnail\" alt=\"\" loading=\"lazy\" \/><\/a>\n\t\t\t<\/dt><\/dl><br style=\"clear: both\" \/>\n\t\t<\/div>\n<br \/>\n<\/strong><!--YouTube Error: bad URL entered--><\/p>\n","protected":false},"excerpt":{"rendered":"<p>SHKA&#8221;Ulqini&#8221; ndau nj\u00eb mir\u00ebnjohje t\u00eb k\u00ebtij lloji nga Shoqata kulturo-artistike p\u00ebr kontributin e dh\u00ebn\u00eb kryetari t\u00eb komun\u00ebs s\u00eb Ulqinit z.G\u00ebzim Hajdinaga. Prandaj, n\u00eb k\u00ebt\u00eb kontekst nj\u00eb kontribut t\u00eb ve\u00e7ant n\u00eb harmonizimin dhe avansimin e shum\u00eb q\u00ebshtjeve ka kontribuar edhe kryetari i komun\u00ebs s\u00eb Ulqinit z.G\u00ebzim Hajdinaga. Nd\u00ebrkaq kryetari i komun\u00ebss\u00eb Ulqinit z.G\u00ebzim Hajdinaga,falenderoi p\u00ebr mirenjohjen [&hellip;]<\/p>\n","protected":false},"author":1,"featured_media":0,"comment_status":"open","ping_status":"closed","sticky":false,"template":"","format":"standard","meta":{"spay_email":"","jetpack_publicize_message":"","jetpack_is_tweetstorm":false,"jetpack_publicize_feature_enabled":true},"categories":[4],"tags":[989,222,14228,14227],"jetpack_publicize_connections":[],"yoast_head":"<!-- This site is optimized with the Yoast SEO plugin v19.1 - https:\/\/yoast.com\/wordpress\/plugins\/seo\/ -->\n<title>Hajdinaga fiton mirenjohje nga SHKA&quot;Ulqini&quot; - Lajme nga Ulqini<\/title>\n<meta name=\"description\" content=\"SHKA&quot;Ulqini&quot; ndau nj\u00eb mir\u00ebnjohje t\u00eb k\u00ebtij lloji nga Shoqata kulturo-artistike p\u00ebr kontributin e dh\u00ebn\u00eb kryetari t\u00eb komun\u00ebs s\u00eb Ulqinit z.G\u00ebzim Hajdinaga.\" \/>\n<meta name=\"robots\" content=\"index, follow, max-snippet:-1, max-image-preview:large, max-video-preview:-1\" \/>\n<link rel=\"canonical\" href=\"https:\/\/www.visit-ulcinj.com\/blog\/2010\/05\/07\/hajdinaga-fiton-mirenjohje-nga-shkaulqini\/\" \/>\n<meta property=\"og:locale\" content=\"en_US\" \/>\n<meta property=\"og:type\" content=\"article\" \/>\n<meta property=\"og:title\" content=\"Hajdinaga fiton mirenjohje nga SHKA&quot;Ulqini&quot; - Lajme nga Ulqini\" \/>\n<meta property=\"og:description\" content=\"SHKA&quot;Ulqini&quot; ndau nj\u00eb mir\u00ebnjohje t\u00eb k\u00ebtij lloji nga Shoqata kulturo-artistike p\u00ebr kontributin e dh\u00ebn\u00eb kryetari t\u00eb komun\u00ebs s\u00eb Ulqinit z.G\u00ebzim Hajdinaga.\" \/>\n<meta property=\"og:url\" content=\"https:\/\/www.visit-ulcinj.com\/blog\/2010\/05\/07\/hajdinaga-fiton-mirenjohje-nga-shkaulqini\/\" \/>\n<meta property=\"og:site_name\" content=\"Lajme nga Ulqini\" \/>\n<meta property=\"article:published_time\" content=\"2010-05-07T14:51:25+00:00\" \/>\n<meta property=\"article:modified_time\" content=\"2010-05-08T10:21:13+00:00\" \/>\n<meta property=\"og:image\" content=\"https:\/\/www.visit-ulcinj.com\/blog\/wp-content\/uploads\/2010\/05\/Hajdinaga-mirenjohje-nga-SHKA-Ulqini.1-150x150.jpg\" \/>\n<meta name=\"twitter:label1\" content=\"Written by\" \/>\n\t<meta name=\"twitter:data1\" content=\"ulqini\" \/>\n\t<meta name=\"twitter:label2\" content=\"Est. reading time\" \/>\n\t<meta name=\"twitter:data2\" content=\"1 minute\" \/>\n<script type=\"application\/ld+json\" class=\"yoast-schema-graph\">{\"@context\":\"https:\/\/schema.org\",\"@graph\":[{\"@type\":\"WebSite\",\"@id\":\"https:\/\/www.visit-ulcinj.com\/blog\/#website\",\"url\":\"https:\/\/www.visit-ulcinj.com\/blog\/\",\"name\":\"Lajme nga Ulqini\",\"description\":\"Lajme,Vijesti,Ulqini,Ulqin,Crna Gora,Mali i Zi\",\"potentialAction\":[{\"@type\":\"SearchAction\",\"target\":{\"@type\":\"EntryPoint\",\"urlTemplate\":\"https:\/\/www.visit-ulcinj.com\/blog\/?s={search_term_string}\"},\"query-input\":\"required name=search_term_string\"}],\"inLanguage\":\"en-US\"},{\"@type\":\"ImageObject\",\"inLanguage\":\"en-US\",\"@id\":\"https:\/\/www.visit-ulcinj.com\/blog\/2010\/05\/07\/hajdinaga-fiton-mirenjohje-nga-shkaulqini\/#primaryimage\",\"url\":\"https:\/\/www.visit-ulcinj.com\/blog\/wp-content\/uploads\/2010\/05\/Hajdinaga-mirenjohje-nga-SHKA-Ulqini.7.jpg\",\"contentUrl\":\"https:\/\/www.visit-ulcinj.com\/blog\/wp-content\/uploads\/2010\/05\/Hajdinaga-mirenjohje-nga-SHKA-Ulqini.7.jpg\",\"width\":\"800\",\"height\":\"533\"},{\"@type\":\"WebPage\",\"@id\":\"https:\/\/www.visit-ulcinj.com\/blog\/2010\/05\/07\/hajdinaga-fiton-mirenjohje-nga-shkaulqini\/#webpage\",\"url\":\"https:\/\/www.visit-ulcinj.com\/blog\/2010\/05\/07\/hajdinaga-fiton-mirenjohje-nga-shkaulqini\/\",\"name\":\"Hajdinaga fiton mirenjohje nga SHKA\\\"Ulqini\\\" - Lajme nga Ulqini\",\"isPartOf\":{\"@id\":\"https:\/\/www.visit-ulcinj.com\/blog\/#website\"},\"primaryImageOfPage\":{\"@id\":\"https:\/\/www.visit-ulcinj.com\/blog\/2010\/05\/07\/hajdinaga-fiton-mirenjohje-nga-shkaulqini\/#primaryimage\"},\"datePublished\":\"2010-05-07T14:51:25+00:00\",\"dateModified\":\"2010-05-08T10:21:13+00:00\",\"author\":{\"@id\":\"https:\/\/www.visit-ulcinj.com\/blog\/#\/schema\/person\/dcab619c614d3038751c63bc2aadc06d\"},\"description\":\"SHKA\\\"Ulqini\\\" ndau nj\u00eb mir\u00ebnjohje t\u00eb k\u00ebtij lloji nga Shoqata kulturo-artistike p\u00ebr kontributin e dh\u00ebn\u00eb kryetari t\u00eb komun\u00ebs s\u00eb Ulqinit z.G\u00ebzim Hajdinaga.\",\"breadcrumb\":{\"@id\":\"https:\/\/www.visit-ulcinj.com\/blog\/2010\/05\/07\/hajdinaga-fiton-mirenjohje-nga-shkaulqini\/#breadcrumb\"},\"inLanguage\":\"en-US\",\"potentialAction\":[{\"@type\":\"ReadAction\",\"target\":[\"https:\/\/www.visit-ulcinj.com\/blog\/2010\/05\/07\/hajdinaga-fiton-mirenjohje-nga-shkaulqini\/\"]}]},{\"@type\":\"BreadcrumbList\",\"@id\":\"https:\/\/www.visit-ulcinj.com\/blog\/2010\/05\/07\/hajdinaga-fiton-mirenjohje-nga-shkaulqini\/#breadcrumb\",\"itemListElement\":[{\"@type\":\"ListItem\",\"position\":1,\"name\":\"Hajdinaga fiton mirenjohje nga SHKA&#8221;Ulqini&#8221;\"}]},{\"@type\":\"Person\",\"@id\":\"https:\/\/www.visit-ulcinj.com\/blog\/#\/schema\/person\/dcab619c614d3038751c63bc2aadc06d\",\"name\":\"ulqini\",\"sameAs\":[\"http:\/\/www.visit-ulcinj.com\"],\"url\":\"https:\/\/www.visit-ulcinj.com\/blog\/author\/admin\/\"}]}<\/script>\n<!-- \/ Yoast SEO plugin. -->","yoast_head_json":{"title":"Hajdinaga fiton mirenjohje nga SHKA\"Ulqini\" - Lajme nga Ulqini","description":"SHKA\"Ulqini\" ndau nj\u00eb mir\u00ebnjohje t\u00eb k\u00ebtij lloji nga Shoqata kulturo-artistike p\u00ebr kontributin e dh\u00ebn\u00eb kryetari t\u00eb komun\u00ebs s\u00eb Ulqinit z.G\u00ebzim Hajdinaga.","robots":{"index":"index","follow":"follow","max-snippet":"max-snippet:-1","max-image-preview":"max-image-preview:large","max-video-preview":"max-video-preview:-1"},"canonical":"https:\/\/www.visit-ulcinj.com\/blog\/2010\/05\/07\/hajdinaga-fiton-mirenjohje-nga-shkaulqini\/","og_locale":"en_US","og_type":"article","og_title":"Hajdinaga fiton mirenjohje nga SHKA\"Ulqini\" - Lajme nga Ulqini","og_description":"SHKA\"Ulqini\" ndau nj\u00eb mir\u00ebnjohje t\u00eb k\u00ebtij lloji nga Shoqata kulturo-artistike p\u00ebr kontributin e dh\u00ebn\u00eb kryetari t\u00eb komun\u00ebs s\u00eb Ulqinit z.G\u00ebzim Hajdinaga.","og_url":"https:\/\/www.visit-ulcinj.com\/blog\/2010\/05\/07\/hajdinaga-fiton-mirenjohje-nga-shkaulqini\/","og_site_name":"Lajme nga Ulqini","article_published_time":"2010-05-07T14:51:25+00:00","article_modified_time":"2010-05-08T10:21:13+00:00","og_image":[{"url":"https:\/\/www.visit-ulcinj.com\/blog\/wp-content\/uploads\/2010\/05\/Hajdinaga-mirenjohje-nga-SHKA-Ulqini.1-150x150.jpg"}],"twitter_misc":{"Written by":"ulqini","Est. reading time":"1 minute"},"schema":{"@context":"https:\/\/schema.org","@graph":[{"@type":"WebSite","@id":"https:\/\/www.visit-ulcinj.com\/blog\/#website","url":"https:\/\/www.visit-ulcinj.com\/blog\/","name":"Lajme nga Ulqini","description":"Lajme,Vijesti,Ulqini,Ulqin,Crna Gora,Mali i Zi","potentialAction":[{"@type":"SearchAction","target":{"@type":"EntryPoint","urlTemplate":"https:\/\/www.visit-ulcinj.com\/blog\/?s={search_term_string}"},"query-input":"required name=search_term_string"}],"inLanguage":"en-US"},{"@type":"ImageObject","inLanguage":"en-US","@id":"https:\/\/www.visit-ulcinj.com\/blog\/2010\/05\/07\/hajdinaga-fiton-mirenjohje-nga-shkaulqini\/#primaryimage","url":"https:\/\/www.visit-ulcinj.com\/blog\/wp-content\/uploads\/2010\/05\/Hajdinaga-mirenjohje-nga-SHKA-Ulqini.7.jpg","contentUrl":"https:\/\/www.visit-ulcinj.com\/blog\/wp-content\/uploads\/2010\/05\/Hajdinaga-mirenjohje-nga-SHKA-Ulqini.7.jpg","width":"800","height":"533"},{"@type":"WebPage","@id":"https:\/\/www.visit-ulcinj.com\/blog\/2010\/05\/07\/hajdinaga-fiton-mirenjohje-nga-shkaulqini\/#webpage","url":"https:\/\/www.visit-ulcinj.com\/blog\/2010\/05\/07\/hajdinaga-fiton-mirenjohje-nga-shkaulqini\/","name":"Hajdinaga fiton mirenjohje nga SHKA\"Ulqini\" - Lajme nga Ulqini","isPartOf":{"@id":"https:\/\/www.visit-ulcinj.com\/blog\/#website"},"primaryImageOfPage":{"@id":"https:\/\/www.visit-ulcinj.com\/blog\/2010\/05\/07\/hajdinaga-fiton-mirenjohje-nga-shkaulqini\/#primaryimage"},"datePublished":"2010-05-07T14:51:25+00:00","dateModified":"2010-05-08T10:21:13+00:00","author":{"@id":"https:\/\/www.visit-ulcinj.com\/blog\/#\/schema\/person\/dcab619c614d3038751c63bc2aadc06d"},"description":"SHKA\"Ulqini\" ndau nj\u00eb mir\u00ebnjohje t\u00eb k\u00ebtij lloji nga Shoqata kulturo-artistike p\u00ebr kontributin e dh\u00ebn\u00eb kryetari t\u00eb komun\u00ebs s\u00eb Ulqinit z.G\u00ebzim Hajdinaga.","breadcrumb":{"@id":"https:\/\/www.visit-ulcinj.com\/blog\/2010\/05\/07\/hajdinaga-fiton-mirenjohje-nga-shkaulqini\/#breadcrumb"},"inLanguage":"en-US","potentialAction":[{"@type":"ReadAction","target":["https:\/\/www.visit-ulcinj.com\/blog\/2010\/05\/07\/hajdinaga-fiton-mirenjohje-nga-shkaulqini\/"]}]},{"@type":"BreadcrumbList","@id":"https:\/\/www.visit-ulcinj.com\/blog\/2010\/05\/07\/hajdinaga-fiton-mirenjohje-nga-shkaulqini\/#breadcrumb","itemListElement":[{"@type":"ListItem","position":1,"name":"Hajdinaga fiton mirenjohje nga SHKA&#8221;Ulqini&#8221;"}]},{"@type":"Person","@id":"https:\/\/www.visit-ulcinj.com\/blog\/#\/schema\/person\/dcab619c614d3038751c63bc2aadc06d","name":"ulqini","sameAs":["http:\/\/www.visit-ulcinj.com"],"url":"https:\/\/www.visit-ulcinj.com\/blog\/author\/admin\/"}]}},"jetpack_featured_media_url":"","jetpack_sharing_enabled":true,"jetpack_shortlink":"https:\/\/wp.me\/pe6lTn-8z6","_links":{"self":[{"href":"https:\/\/www.visit-ulcinj.com\/blog\/wp-json\/wp\/v2\/posts\/32928"}],"collection":[{"href":"https:\/\/www.visit-ulcinj.com\/blog\/wp-json\/wp\/v2\/posts"}],"about":[{"href":"https:\/\/www.visit-ulcinj.com\/blog\/wp-json\/wp\/v2\/types\/post"}],"author":[{"embeddable":true,"href":"https:\/\/www.visit-ulcinj.com\/blog\/wp-json\/wp\/v2\/users\/1"}],"replies":[{"embeddable":true,"href":"https:\/\/www.visit-ulcinj.com\/blog\/wp-json\/wp\/v2\/comments?post=32928"}],"version-history":[{"count":0,"href":"https:\/\/www.visit-ulcinj.com\/blog\/wp-json\/wp\/v2\/posts\/32928\/revisions"}],"wp:attachment":[{"href":"https:\/\/www.visit-ulcinj.com\/blog\/wp-json\/wp\/v2\/media?parent=32928"}],"wp:term":[{"taxonomy":"category","embeddable":true,"href":"https:\/\/www.visit-ulcinj.com\/blog\/wp-json\/wp\/v2\/categories?post=32928"},{"taxonomy":"post_tag","embeddable":true,"href":"https:\/\/www.visit-ulcinj.com\/blog\/wp-json\/wp\/v2\/tags?post=32928"}],"curies":[{"name":"wp","href":"https:\/\/api.w.org\/{rel}","templated":true}]}}