{"id":32940,"date":"2010-05-07T17:12:02","date_gmt":"2010-05-07T15:12:02","guid":{"rendered":"http:\/\/www.visit-ulcinj.com\/blog\/?p=32940"},"modified":"2010-05-08T12:24:49","modified_gmt":"2010-05-08T10:24:49","slug":"fjalimi-i-nazif-cungut-ne-hapjen-e-panairit-proagro-2010-ulqin","status":"publish","type":"post","link":"https:\/\/www.visit-ulcinj.com\/blog\/2010\/05\/07\/fjalimi-i-nazif-cungut-ne-hapjen-e-panairit-proagro-2010-ulqin\/","title":{"rendered":"Fjalimi i Nazif Cungut ne hapjen e panairit &#8220;Proagro 2010&#8221; Ulqin"},"content":{"rendered":"<div style=\"margin: 1ex;\">\n<div>\n<p align=\"justify\"><strong><span style=\"font-family: Calibri; font-size: medium;\"><a href=\"http:\/\/www.visit-ulcinj.com\/blog\/wp-content\/uploads\/2010\/05\/Nazif-Cungut-ne-panair-_Proagro-2010_Ulqin.jpg\"><img loading=\"lazy\" class=\"alignleft size-full wp-image-32941\" title=\"Nazif Cungut ne panair _Proagro 2010_Ulqin\" src=\"http:\/\/www.visit-ulcinj.com\/blog\/wp-content\/uploads\/2010\/05\/Nazif-Cungut-ne-panair-_Proagro-2010_Ulqin.jpg\" alt=\"Nazif Cungut ne panair _Proagro 2010_Ulqin\" width=\"490\" height=\"380\" \/><\/a>T\u00eb\u00a0nderuara Zonja  dhe Zot\u00ebrinj, <\/span><\/strong><\/p>\n<p align=\"justify\"><span style=\"font-family: Calibri; font-size: medium;\">Kam nder t\u00eb\u00a0ju  p\u00ebrsh\u00ebndes n\u00eb\u00a0 panairin e\u00a0 par\u00eb\u00a0bujq\u00ebsor Ulqini  Pro Agro 2010 dhe t\u00eb\u00a0uroj mir\u00ebseardhjen p\u00ebr t\u00eb\u00a0gjith\u00eb\u00a0 t\u00eb\u00a0pranishmit. D\u00ebshiroj t\u00eb\u00a0shpreh befasin\u00eb\u00a0dhe k\u00ebnaq\u00ebsin\u00eb\u00a0 time t\u00eb\u00a0madhe p\u00ebr faktin q\u00eb\u00a0edhe pse ky panair zhvillohet  p\u00ebr her\u00eb t\u00eb par\u00eb pjes\u00ebmarrja \u00ebsht\u00eb kaq e madhe dhe cil\u00ebsore  .<\/span><\/p>\n<p align=\"justify\"><span style=\"font-family: Calibri; font-size: medium;\"> P\u00ebrfitoj nga rasti  p\u00ebr t\u00eb\u00a0p\u00ebrsh\u00ebndetur nj\u00eb\u00a0mysafir t\u00eb\u00a0ve\u00e7ant\u00eb, ministrin  e bujq\u00ebsis\u00eb, zotin Milutin Simovic i cili na ka nderuar me v\u00ebmendjen  e tij <\/span><\/p>\n<p align=\"justify\"><span style=\"font-family: Calibri; font-size: medium;\"> Ky panair synon q\u00eb  t\u00eb nxis\u00eb zhvillimin e bujq\u00ebsis\u00eb dhe blegtoris\u00eb n\u00eb An\u00ebn e Malit  dhe rrethinat e Ulqinit pasi deri m\u00eb tani k\u00ebto sektor\u00eb t\u00eb r\u00ebnd\u00ebsish\u00ebm  t\u00eb ekonomis\u00eb jan\u00eb l\u00ebn\u00eb pas dore.\u00a0 N\u00eb k\u00ebt\u00eb m\u00ebnyr\u00eb do t\u00eb  luftohet varf\u00ebria, zvog\u00eblohet papun\u00ebsia dhe ndalet emigracioni masiv  q\u00eb ka prekur komun\u00ebn ton\u00eb. <\/span><\/p>\n<p align=\"justify\"><span style=\"font-family: Calibri; font-size: medium;\"> Gjithashtu, ne e kemi  organizuar panairin Ulqini Pro Agro 2010 me q\u00ebllim q\u00eb\u00a0t\u00eb\u00a0 vendosim viset tona, An\u00ebn e Malit, rrethinat e Ulqinit dhe Kraj\u00ebn,  n\u00eb\u00a0qend\u00ebr t\u00eb\u00a0v\u00ebmendjes s\u00eb\u00a0 qeveris\u00eb, investitor\u00ebve,  donator\u00ebve dhe mediave. Prania e kaq shum\u00eb pjes\u00ebmarr\u00ebsve dhe e vet\u00eb  ministrit t\u00eb bujq\u00ebsis\u00eb, zotit Simovic, d\u00ebshmon q\u00eb ky panair po  luan m\u00eb s\u00eb miri rolin e vet\u00eb.\u00a0 Ne shpresojm\u00eb q\u00eb ky panair  t\u00eb sh\u00ebrbej\u00eb si nj\u00eb fillim i mbar\u00eb p\u00ebr t\u00eb ringjallur bujq\u00ebsin\u00eb   dhe blegtorin\u00eb.\u00a0 Prandaj ne synojm\u00eb q\u00eb k\u00ebt\u00eb panair ta b\u00ebjm\u00eb  nj\u00eb tradit\u00eb dhe q\u00eb me kalimin e viteve\u00a0 t\u00eb mbledh\u00eb gjithnj\u00eb  e m\u00eb shum\u00eb ekspozues, kumtesa dhe vizitor\u00eb,. <\/span><\/p>\n<p align=\"justify\"><span style=\"font-family: Calibri; font-size: medium;\"> N\u00eb\u00a0k\u00ebt\u00eb\u00a0 panair gjenden t\u00eb\u00a0ekspozuara prodhime nga fermer\u00eb\u00a0t\u00eb\u00a0 komun\u00ebs si dhe prodhime bujq\u00ebsore,\u00a0 insekticide, pesticide, plehra  kimik dhe t\u00eb tjera produkte q\u00eb sh\u00ebrbejn\u00eb n\u00eb bujq\u00ebsi. Gjithashtu  pjes\u00ebmarr\u00ebs n\u00eb panair jan\u00eb edhe qeveritar\u00eb, donator\u00eb, investitor\u00eb  apo p\u00ebrfaq\u00ebsues t\u00eb organizatave joqeveritare q\u00eb lidhen me k\u00ebt\u00eb  lami.\u00a0 Pra panairi mbledh t\u00eb gjith\u00eb  faktor\u00ebt q\u00eb kan\u00eb interes  n\u00eb fush\u00ebn e bujq\u00ebsis\u00eb dhe q\u00eb fal k\u00ebtij aktiviteti mund t\u00eb njihen  me njeri tjetrin, t\u00eb shk\u00ebmbejn\u00eb p\u00ebrvoja, t\u00eb m\u00ebsojn\u00eb p\u00ebr mund\u00ebsi  t\u00eb reja si dhe t\u00eb lidhin mes njeri tjetrit bashk\u00ebpunime t\u00eb frytshme  p\u00ebr t\u00eb ardhmen. <\/span><\/p>\n<p align=\"justify\"><span style=\"font-family: Calibri; font-size: medium;\"> P\u00ebrve\u00e7\u00a0ekspozimit,  ne n\u00eb\u00a0panair kemi parashikuar edhe disa takime\u00a0 p\u00ebr t\u00eb  prezantuar e diskutuar lidhur me t\u00eb ardhmen e bujq\u00ebsis\u00eb n\u00eb Komun\u00ebn  e Ulqinit dhe n\u00eb mbar\u00eb Malin e\u00a0 Zi dhe ftojm\u00eb gjith\u00eb t\u00eb interesuarit  q\u00eb t\u00eb shfryt\u00ebzojn\u00eb k\u00ebto aktivitete t\u00eb panairit dhe t\u00eb marrin  pjes\u00eb n\u00eb m\u00ebnyre aktive n\u00eb to.. Konkretisht \u00ebsht\u00eb parashikuar q\u00eb  t\u00eb organizohet nj\u00eb tryeze e rrumbullak\u00ebt q\u00eb do t\u00eb trajtoj\u00eb mund\u00ebsit\u00eb  e bashk\u00ebpunimit midis turizmit dhe bujq\u00ebsis\u00eb, nj\u00eb prezantim i buxhetit  t\u00eb dedikuar p\u00ebr bujq\u00ebsin\u00eb n\u00eb vitin 2010,\u00a0 nj\u00eb kumtes\u00eb mbi  p\u00ebrdorimin e pesticideve dhe herbicideve, nj\u00eb p\u00ebr burimet bujq\u00ebsore  n\u00eb Komun\u00ebn e Ulqinit, nj\u00eb kumtes\u00eb p\u00ebr mbrojtjen e integruar t\u00eb  ullirit si dhe nj\u00eb prezantim i kompanive t\u00eb sigurimit dhe atyre bankare.   Programi do t\u00eb mbyllet n\u00eb fund me ndarjen e \u00e7mimeve p\u00ebr ekspozuesit  m\u00eb t\u00eb mir\u00eb. <\/span><\/p>\n<p align=\"justify\"><span style=\"font-family: Calibri; font-size: medium;\"> N\u00eb\u00a0mbylle t\u00eb\u00a0 fjal\u00ebs sime d\u00ebshiroj t\u00eb\u00a0shpreh fal\u00ebnderimet m\u00eb\u00a0t\u00eb\u00a0 p\u00ebrzem\u00ebrta p\u00ebr partner\u00ebt e k\u00ebtij aktiviteti , Ultepin,Z-ni Radomir  Stojanoviq dhe Shoqat\u00ebn e Ullishtar\u00ebve, Z-ni Xhaudet Cakulin. Dua  t\u00eb shpreh gjithashtu mir\u00ebnjohjen edhe p\u00ebr stafin teknik, dhe t\u00eb  gjith\u00eb ata individ\u00eb q\u00eb kan\u00eb kontribuar n\u00eb mund\u00ebsimin e k\u00ebtij  aktiviteti.<\/span><\/p>\n<p align=\"justify\"><span style=\"font-family: Calibri; font-size: medium;\">Duke ju fal\u00ebnderuar  p\u00ebr v\u00ebmendjen q\u00eb\u00a0m\u00eb\u00a0kushtuat tani d\u00ebshiroj ti l\u00eb\u00a0 radh\u00ebn fol\u00ebsve t\u00eb\u00a0tjer\u00eb,\u00a0 dy t\u00eb\u00a0ftuarve tan\u00eb, sekretarit  t\u00eb\u00a0Komun\u00ebs s\u00eb\u00a0Ulqinit p\u00ebr Ekonomi \u2013 zotit Vaso Radovic,  si dhe\u00a0 Ministrit t\u00eb Bujq\u00ebsis\u00eb -zotit. Milutin Simovi\u00e7<\/span><\/p>\n<p align=\"justify\"><span style=\"font-family: Calibri; font-size: medium;\"> N\u00eb\u00a0em\u00ebr t\u00eb\u00a0 organizator\u00ebve, ju uroj t\u00eb\u00a0kaloni nj\u00eb\u00a0koh\u00eb\u00a0sa m\u00eb\u00a0 t\u00eb\u00a0k\u00ebndshme dhe t\u00eb\u00a0dobishme n\u00eb\u00a0panair! Mirupafshim  ne aktivitetet e ardhshme t\u00eb\u00a0Pro Agros.<\/span><\/p>\n<p><strong><span><span style=\"color: #00681c;\">Pro Agro Ulcinj<\/span> <\/span><\/strong><br \/>\n\n\t\t<style type=\"text\/css\">\n\t\t\t#gallery-1 {\n\t\t\t\tmargin: auto;\n\t\t\t}\n\t\t\t#gallery-1 .gallery-item {\n\t\t\t\tfloat: left;\n\t\t\t\tmargin-top: 10px;\n\t\t\t\ttext-align: center;\n\t\t\t\twidth: 33%;\n\t\t\t}\n\t\t\t#gallery-1 img {\n\t\t\t\tborder: 2px solid #cfcfcf;\n\t\t\t}\n\t\t\t#gallery-1 .gallery-caption {\n\t\t\t\tmargin-left: 0;\n\t\t\t}\n\t\t\t\/* see gallery_shortcode() in wp-includes\/media.php *\/\n\t\t<\/style>\n\t\t<div id='gallery-1' class='gallery galleryid-32940 gallery-columns-3 gallery-size-thumbnail'><dl class='gallery-item'>\n\t\t\t<dt class='gallery-icon landscape'>\n\t\t\t\t<a href='https:\/\/www.visit-ulcinj.com\/blog\/wp-content\/uploads\/2010\/05\/Nazif-Cungut-ne-panair-_Proagro-2010_Ulqin.jpg'><img width=\"150\" height=\"150\" src=\"https:\/\/www.visit-ulcinj.com\/blog\/wp-content\/uploads\/2010\/05\/Nazif-Cungut-ne-panair-_Proagro-2010_Ulqin-150x150.jpg\" class=\"attachment-thumbnail size-thumbnail\" alt=\"\" loading=\"lazy\" \/><\/a>\n\t\t\t<\/dt><\/dl><dl class='gallery-item'>\n\t\t\t<dt class='gallery-icon portrait'>\n\t\t\t\t<a href='https:\/\/www.visit-ulcinj.com\/blog\/wp-content\/uploads\/2010\/05\/Nazif-Cungut-ne-panair-_Proagro-2010_Ulqin.1.jpg'><img width=\"150\" height=\"150\" src=\"https:\/\/www.visit-ulcinj.com\/blog\/wp-content\/uploads\/2010\/05\/Nazif-Cungut-ne-panair-_Proagro-2010_Ulqin.1-150x150.jpg\" class=\"attachment-thumbnail size-thumbnail\" alt=\"\" loading=\"lazy\" \/><\/a>\n\t\t\t<\/dt><\/dl><dl class='gallery-item'>\n\t\t\t<dt class='gallery-icon landscape'>\n\t\t\t\t<a href='https:\/\/www.visit-ulcinj.com\/blog\/wp-content\/uploads\/2010\/05\/Nazif-Cungut-ne-panair-_Proagro-2010_Ulqin.2.jpg'><img width=\"150\" height=\"150\" src=\"https:\/\/www.visit-ulcinj.com\/blog\/wp-content\/uploads\/2010\/05\/Nazif-Cungut-ne-panair-_Proagro-2010_Ulqin.2-150x150.jpg\" class=\"attachment-thumbnail size-thumbnail\" alt=\"\" loading=\"lazy\" \/><\/a>\n\t\t\t<\/dt><\/dl><br style=\"clear: both\" \/><dl class='gallery-item'>\n\t\t\t<dt class='gallery-icon landscape'>\n\t\t\t\t<a href='https:\/\/www.visit-ulcinj.com\/blog\/wp-content\/uploads\/2010\/05\/Nazif-Cungut-ne-panair-_Proagro-2010_Ulqin.3.jpg'><img width=\"150\" height=\"150\" src=\"https:\/\/www.visit-ulcinj.com\/blog\/wp-content\/uploads\/2010\/05\/Nazif-Cungut-ne-panair-_Proagro-2010_Ulqin.3-150x150.jpg\" class=\"attachment-thumbnail size-thumbnail\" alt=\"\" loading=\"lazy\" \/><\/a>\n\t\t\t<\/dt><\/dl><dl class='gallery-item'>\n\t\t\t<dt class='gallery-icon landscape'>\n\t\t\t\t<a href='https:\/\/www.visit-ulcinj.com\/blog\/wp-content\/uploads\/2010\/05\/Nazif-Cungut-ne-panair-_Proagro-2010_Ulqin.4.jpg'><img width=\"150\" height=\"150\" src=\"https:\/\/www.visit-ulcinj.com\/blog\/wp-content\/uploads\/2010\/05\/Nazif-Cungut-ne-panair-_Proagro-2010_Ulqin.4-150x150.jpg\" class=\"attachment-thumbnail size-thumbnail\" alt=\"\" loading=\"lazy\" \/><\/a>\n\t\t\t<\/dt><\/dl><dl class='gallery-item'>\n\t\t\t<dt class='gallery-icon landscape'>\n\t\t\t\t<a href='https:\/\/www.visit-ulcinj.com\/blog\/wp-content\/uploads\/2010\/05\/Nazif-Cungut-ne-panair-_Proagro-2010_Ulqin.5.jpg'><img width=\"150\" height=\"150\" src=\"https:\/\/www.visit-ulcinj.com\/blog\/wp-content\/uploads\/2010\/05\/Nazif-Cungut-ne-panair-_Proagro-2010_Ulqin.5-150x150.jpg\" class=\"attachment-thumbnail size-thumbnail\" alt=\"\" loading=\"lazy\" \/><\/a>\n\t\t\t<\/dt><\/dl><br style=\"clear: both\" \/><dl class='gallery-item'>\n\t\t\t<dt class='gallery-icon landscape'>\n\t\t\t\t<a href='https:\/\/www.visit-ulcinj.com\/blog\/wp-content\/uploads\/2010\/05\/Nazif-Cungut-ne-panair-_Proagro-2010_Ulqin.6.jpg'><img width=\"150\" height=\"150\" src=\"https:\/\/www.visit-ulcinj.com\/blog\/wp-content\/uploads\/2010\/05\/Nazif-Cungut-ne-panair-_Proagro-2010_Ulqin.6-150x150.jpg\" class=\"attachment-thumbnail size-thumbnail\" alt=\"\" loading=\"lazy\" \/><\/a>\n\t\t\t<\/dt><\/dl>\n\t\t\t<br style='clear: both' \/>\n\t\t<\/div>\n<\/div>\n<\/div>\n","protected":false},"excerpt":{"rendered":"<p>T\u00eb\u00a0nderuara Zonja dhe Zot\u00ebrinj, Kam nder t\u00eb\u00a0ju p\u00ebrsh\u00ebndes n\u00eb\u00a0 panairin e\u00a0 par\u00eb\u00a0bujq\u00ebsor Ulqini Pro Agro 2010 dhe t\u00eb\u00a0uroj mir\u00ebseardhjen p\u00ebr t\u00eb\u00a0gjith\u00eb\u00a0 t\u00eb\u00a0pranishmit. D\u00ebshiroj t\u00eb\u00a0shpreh befasin\u00eb\u00a0dhe k\u00ebnaq\u00ebsin\u00eb\u00a0 time t\u00eb\u00a0madhe p\u00ebr faktin q\u00eb\u00a0edhe pse ky panair zhvillohet p\u00ebr her\u00eb t\u00eb par\u00eb pjes\u00ebmarrja \u00ebsht\u00eb kaq e madhe dhe cil\u00ebsore . P\u00ebrfitoj nga rasti p\u00ebr t\u00eb\u00a0p\u00ebrsh\u00ebndetur nj\u00eb\u00a0mysafir t\u00eb\u00a0ve\u00e7ant\u00eb, ministrin [&hellip;]<\/p>\n","protected":false},"author":1,"featured_media":0,"comment_status":"open","ping_status":"closed","sticky":false,"template":"","format":"standard","meta":{"spay_email":"","jetpack_publicize_message":"","jetpack_is_tweetstorm":false,"jetpack_publicize_feature_enabled":true},"categories":[11],"tags":[14229,118,14232,14230,543,14231,14233],"jetpack_publicize_connections":[],"yoast_head":"<!-- This site is optimized with the Yoast SEO plugin v19.1 - https:\/\/yoast.com\/wordpress\/plugins\/seo\/ -->\n<title>Fjalimi i Nazif Cungut ne hapjen e panairit &quot;Proagro 2010&quot; Ulqin - Lajme nga Ulqini<\/title>\n<meta name=\"description\" content=\"T\u00eb\u00a0nderuara Zonja dhe Zot\u00ebrinj, Kam nder t\u00eb\u00a0ju p\u00ebrsh\u00ebndes n\u00eb\u00a0 panairin e\u00a0 par\u00eb\u00a0bujq\u00ebsor Ulqini Pro Agro 2010 dhe t\u00eb\u00a0uroj mir\u00ebseardhjen p\u00ebr t\u00eb\u00a0gjith\u00eb\u00a0\" \/>\n<meta name=\"robots\" content=\"index, follow, max-snippet:-1, max-image-preview:large, max-video-preview:-1\" \/>\n<link rel=\"canonical\" href=\"https:\/\/www.visit-ulcinj.com\/blog\/2010\/05\/07\/fjalimi-i-nazif-cungut-ne-hapjen-e-panairit-proagro-2010-ulqin\/\" \/>\n<meta property=\"og:locale\" content=\"en_US\" \/>\n<meta property=\"og:type\" content=\"article\" \/>\n<meta property=\"og:title\" content=\"Fjalimi i Nazif Cungut ne hapjen e panairit &quot;Proagro 2010&quot; Ulqin - Lajme nga Ulqini\" \/>\n<meta property=\"og:description\" content=\"T\u00eb\u00a0nderuara Zonja dhe Zot\u00ebrinj, Kam nder t\u00eb\u00a0ju p\u00ebrsh\u00ebndes n\u00eb\u00a0 panairin e\u00a0 par\u00eb\u00a0bujq\u00ebsor Ulqini Pro Agro 2010 dhe t\u00eb\u00a0uroj mir\u00ebseardhjen p\u00ebr t\u00eb\u00a0gjith\u00eb\u00a0\" \/>\n<meta property=\"og:url\" content=\"https:\/\/www.visit-ulcinj.com\/blog\/2010\/05\/07\/fjalimi-i-nazif-cungut-ne-hapjen-e-panairit-proagro-2010-ulqin\/\" \/>\n<meta property=\"og:site_name\" content=\"Lajme nga Ulqini\" \/>\n<meta property=\"article:published_time\" content=\"2010-05-07T15:12:02+00:00\" \/>\n<meta property=\"article:modified_time\" content=\"2010-05-08T10:24:49+00:00\" \/>\n<meta property=\"og:image\" content=\"https:\/\/www.visit-ulcinj.com\/blog\/wp-content\/uploads\/2010\/05\/Nazif-Cungut-ne-panair-_Proagro-2010_Ulqin-150x150.jpg\" \/>\n<meta name=\"twitter:label1\" content=\"Written by\" \/>\n\t<meta name=\"twitter:data1\" content=\"ulqini\" \/>\n\t<meta name=\"twitter:label2\" content=\"Est. reading time\" \/>\n\t<meta name=\"twitter:data2\" content=\"3 minutes\" \/>\n<script type=\"application\/ld+json\" class=\"yoast-schema-graph\">{\"@context\":\"https:\/\/schema.org\",\"@graph\":[{\"@type\":\"WebSite\",\"@id\":\"https:\/\/www.visit-ulcinj.com\/blog\/#website\",\"url\":\"https:\/\/www.visit-ulcinj.com\/blog\/\",\"name\":\"Lajme nga Ulqini\",\"description\":\"Lajme,Vijesti,Ulqini,Ulqin,Crna Gora,Mali i Zi\",\"potentialAction\":[{\"@type\":\"SearchAction\",\"target\":{\"@type\":\"EntryPoint\",\"urlTemplate\":\"https:\/\/www.visit-ulcinj.com\/blog\/?s={search_term_string}\"},\"query-input\":\"required name=search_term_string\"}],\"inLanguage\":\"en-US\"},{\"@type\":\"ImageObject\",\"inLanguage\":\"en-US\",\"@id\":\"https:\/\/www.visit-ulcinj.com\/blog\/2010\/05\/07\/fjalimi-i-nazif-cungut-ne-hapjen-e-panairit-proagro-2010-ulqin\/#primaryimage\",\"url\":\"https:\/\/www.visit-ulcinj.com\/blog\/wp-content\/uploads\/2010\/05\/Nazif-Cungut-ne-panair-_Proagro-2010_Ulqin.jpg\",\"contentUrl\":\"https:\/\/www.visit-ulcinj.com\/blog\/wp-content\/uploads\/2010\/05\/Nazif-Cungut-ne-panair-_Proagro-2010_Ulqin.jpg\",\"width\":\"800\",\"height\":\"533\"},{\"@type\":\"WebPage\",\"@id\":\"https:\/\/www.visit-ulcinj.com\/blog\/2010\/05\/07\/fjalimi-i-nazif-cungut-ne-hapjen-e-panairit-proagro-2010-ulqin\/#webpage\",\"url\":\"https:\/\/www.visit-ulcinj.com\/blog\/2010\/05\/07\/fjalimi-i-nazif-cungut-ne-hapjen-e-panairit-proagro-2010-ulqin\/\",\"name\":\"Fjalimi i Nazif Cungut ne hapjen e panairit \\\"Proagro 2010\\\" Ulqin - Lajme nga Ulqini\",\"isPartOf\":{\"@id\":\"https:\/\/www.visit-ulcinj.com\/blog\/#website\"},\"primaryImageOfPage\":{\"@id\":\"https:\/\/www.visit-ulcinj.com\/blog\/2010\/05\/07\/fjalimi-i-nazif-cungut-ne-hapjen-e-panairit-proagro-2010-ulqin\/#primaryimage\"},\"datePublished\":\"2010-05-07T15:12:02+00:00\",\"dateModified\":\"2010-05-08T10:24:49+00:00\",\"author\":{\"@id\":\"https:\/\/www.visit-ulcinj.com\/blog\/#\/schema\/person\/dcab619c614d3038751c63bc2aadc06d\"},\"description\":\"T\u00eb\u00a0nderuara Zonja dhe Zot\u00ebrinj, Kam nder t\u00eb\u00a0ju p\u00ebrsh\u00ebndes n\u00eb\u00a0 panairin e\u00a0 par\u00eb\u00a0bujq\u00ebsor Ulqini Pro Agro 2010 dhe t\u00eb\u00a0uroj mir\u00ebseardhjen p\u00ebr t\u00eb\u00a0gjith\u00eb\u00a0\",\"breadcrumb\":{\"@id\":\"https:\/\/www.visit-ulcinj.com\/blog\/2010\/05\/07\/fjalimi-i-nazif-cungut-ne-hapjen-e-panairit-proagro-2010-ulqin\/#breadcrumb\"},\"inLanguage\":\"en-US\",\"potentialAction\":[{\"@type\":\"ReadAction\",\"target\":[\"https:\/\/www.visit-ulcinj.com\/blog\/2010\/05\/07\/fjalimi-i-nazif-cungut-ne-hapjen-e-panairit-proagro-2010-ulqin\/\"]}]},{\"@type\":\"BreadcrumbList\",\"@id\":\"https:\/\/www.visit-ulcinj.com\/blog\/2010\/05\/07\/fjalimi-i-nazif-cungut-ne-hapjen-e-panairit-proagro-2010-ulqin\/#breadcrumb\",\"itemListElement\":[{\"@type\":\"ListItem\",\"position\":1,\"name\":\"Fjalimi i Nazif Cungut ne hapjen e panairit &#8220;Proagro 2010&#8221; Ulqin\"}]},{\"@type\":\"Person\",\"@id\":\"https:\/\/www.visit-ulcinj.com\/blog\/#\/schema\/person\/dcab619c614d3038751c63bc2aadc06d\",\"name\":\"ulqini\",\"sameAs\":[\"http:\/\/www.visit-ulcinj.com\"],\"url\":\"https:\/\/www.visit-ulcinj.com\/blog\/author\/admin\/\"}]}<\/script>\n<!-- \/ Yoast SEO plugin. -->","yoast_head_json":{"title":"Fjalimi i Nazif Cungut ne hapjen e panairit \"Proagro 2010\" Ulqin - Lajme nga Ulqini","description":"T\u00eb\u00a0nderuara Zonja dhe Zot\u00ebrinj, Kam nder t\u00eb\u00a0ju p\u00ebrsh\u00ebndes n\u00eb\u00a0 panairin e\u00a0 par\u00eb\u00a0bujq\u00ebsor Ulqini Pro Agro 2010 dhe t\u00eb\u00a0uroj mir\u00ebseardhjen p\u00ebr t\u00eb\u00a0gjith\u00eb\u00a0","robots":{"index":"index","follow":"follow","max-snippet":"max-snippet:-1","max-image-preview":"max-image-preview:large","max-video-preview":"max-video-preview:-1"},"canonical":"https:\/\/www.visit-ulcinj.com\/blog\/2010\/05\/07\/fjalimi-i-nazif-cungut-ne-hapjen-e-panairit-proagro-2010-ulqin\/","og_locale":"en_US","og_type":"article","og_title":"Fjalimi i Nazif Cungut ne hapjen e panairit \"Proagro 2010\" Ulqin - Lajme nga Ulqini","og_description":"T\u00eb\u00a0nderuara Zonja dhe Zot\u00ebrinj, Kam nder t\u00eb\u00a0ju p\u00ebrsh\u00ebndes n\u00eb\u00a0 panairin e\u00a0 par\u00eb\u00a0bujq\u00ebsor Ulqini Pro Agro 2010 dhe t\u00eb\u00a0uroj mir\u00ebseardhjen p\u00ebr t\u00eb\u00a0gjith\u00eb\u00a0","og_url":"https:\/\/www.visit-ulcinj.com\/blog\/2010\/05\/07\/fjalimi-i-nazif-cungut-ne-hapjen-e-panairit-proagro-2010-ulqin\/","og_site_name":"Lajme nga Ulqini","article_published_time":"2010-05-07T15:12:02+00:00","article_modified_time":"2010-05-08T10:24:49+00:00","og_image":[{"url":"https:\/\/www.visit-ulcinj.com\/blog\/wp-content\/uploads\/2010\/05\/Nazif-Cungut-ne-panair-_Proagro-2010_Ulqin-150x150.jpg"}],"twitter_misc":{"Written by":"ulqini","Est. reading time":"3 minutes"},"schema":{"@context":"https:\/\/schema.org","@graph":[{"@type":"WebSite","@id":"https:\/\/www.visit-ulcinj.com\/blog\/#website","url":"https:\/\/www.visit-ulcinj.com\/blog\/","name":"Lajme nga Ulqini","description":"Lajme,Vijesti,Ulqini,Ulqin,Crna Gora,Mali i Zi","potentialAction":[{"@type":"SearchAction","target":{"@type":"EntryPoint","urlTemplate":"https:\/\/www.visit-ulcinj.com\/blog\/?s={search_term_string}"},"query-input":"required name=search_term_string"}],"inLanguage":"en-US"},{"@type":"ImageObject","inLanguage":"en-US","@id":"https:\/\/www.visit-ulcinj.com\/blog\/2010\/05\/07\/fjalimi-i-nazif-cungut-ne-hapjen-e-panairit-proagro-2010-ulqin\/#primaryimage","url":"https:\/\/www.visit-ulcinj.com\/blog\/wp-content\/uploads\/2010\/05\/Nazif-Cungut-ne-panair-_Proagro-2010_Ulqin.jpg","contentUrl":"https:\/\/www.visit-ulcinj.com\/blog\/wp-content\/uploads\/2010\/05\/Nazif-Cungut-ne-panair-_Proagro-2010_Ulqin.jpg","width":"800","height":"533"},{"@type":"WebPage","@id":"https:\/\/www.visit-ulcinj.com\/blog\/2010\/05\/07\/fjalimi-i-nazif-cungut-ne-hapjen-e-panairit-proagro-2010-ulqin\/#webpage","url":"https:\/\/www.visit-ulcinj.com\/blog\/2010\/05\/07\/fjalimi-i-nazif-cungut-ne-hapjen-e-panairit-proagro-2010-ulqin\/","name":"Fjalimi i Nazif Cungut ne hapjen e panairit \"Proagro 2010\" Ulqin - Lajme nga Ulqini","isPartOf":{"@id":"https:\/\/www.visit-ulcinj.com\/blog\/#website"},"primaryImageOfPage":{"@id":"https:\/\/www.visit-ulcinj.com\/blog\/2010\/05\/07\/fjalimi-i-nazif-cungut-ne-hapjen-e-panairit-proagro-2010-ulqin\/#primaryimage"},"datePublished":"2010-05-07T15:12:02+00:00","dateModified":"2010-05-08T10:24:49+00:00","author":{"@id":"https:\/\/www.visit-ulcinj.com\/blog\/#\/schema\/person\/dcab619c614d3038751c63bc2aadc06d"},"description":"T\u00eb\u00a0nderuara Zonja dhe Zot\u00ebrinj, Kam nder t\u00eb\u00a0ju p\u00ebrsh\u00ebndes n\u00eb\u00a0 panairin e\u00a0 par\u00eb\u00a0bujq\u00ebsor Ulqini Pro Agro 2010 dhe t\u00eb\u00a0uroj mir\u00ebseardhjen p\u00ebr t\u00eb\u00a0gjith\u00eb\u00a0","breadcrumb":{"@id":"https:\/\/www.visit-ulcinj.com\/blog\/2010\/05\/07\/fjalimi-i-nazif-cungut-ne-hapjen-e-panairit-proagro-2010-ulqin\/#breadcrumb"},"inLanguage":"en-US","potentialAction":[{"@type":"ReadAction","target":["https:\/\/www.visit-ulcinj.com\/blog\/2010\/05\/07\/fjalimi-i-nazif-cungut-ne-hapjen-e-panairit-proagro-2010-ulqin\/"]}]},{"@type":"BreadcrumbList","@id":"https:\/\/www.visit-ulcinj.com\/blog\/2010\/05\/07\/fjalimi-i-nazif-cungut-ne-hapjen-e-panairit-proagro-2010-ulqin\/#breadcrumb","itemListElement":[{"@type":"ListItem","position":1,"name":"Fjalimi i Nazif Cungut ne hapjen e panairit &#8220;Proagro 2010&#8221; Ulqin"}]},{"@type":"Person","@id":"https:\/\/www.visit-ulcinj.com\/blog\/#\/schema\/person\/dcab619c614d3038751c63bc2aadc06d","name":"ulqini","sameAs":["http:\/\/www.visit-ulcinj.com"],"url":"https:\/\/www.visit-ulcinj.com\/blog\/author\/admin\/"}]}},"jetpack_featured_media_url":"","jetpack_sharing_enabled":true,"jetpack_shortlink":"https:\/\/wp.me\/pe6lTn-8zi","_links":{"self":[{"href":"https:\/\/www.visit-ulcinj.com\/blog\/wp-json\/wp\/v2\/posts\/32940"}],"collection":[{"href":"https:\/\/www.visit-ulcinj.com\/blog\/wp-json\/wp\/v2\/posts"}],"about":[{"href":"https:\/\/www.visit-ulcinj.com\/blog\/wp-json\/wp\/v2\/types\/post"}],"author":[{"embeddable":true,"href":"https:\/\/www.visit-ulcinj.com\/blog\/wp-json\/wp\/v2\/users\/1"}],"replies":[{"embeddable":true,"href":"https:\/\/www.visit-ulcinj.com\/blog\/wp-json\/wp\/v2\/comments?post=32940"}],"version-history":[{"count":0,"href":"https:\/\/www.visit-ulcinj.com\/blog\/wp-json\/wp\/v2\/posts\/32940\/revisions"}],"wp:attachment":[{"href":"https:\/\/www.visit-ulcinj.com\/blog\/wp-json\/wp\/v2\/media?parent=32940"}],"wp:term":[{"taxonomy":"category","embeddable":true,"href":"https:\/\/www.visit-ulcinj.com\/blog\/wp-json\/wp\/v2\/categories?post=32940"},{"taxonomy":"post_tag","embeddable":true,"href":"https:\/\/www.visit-ulcinj.com\/blog\/wp-json\/wp\/v2\/tags?post=32940"}],"curies":[{"name":"wp","href":"https:\/\/api.w.org\/{rel}","templated":true}]}}