{"id":32949,"date":"2010-05-07T20:54:01","date_gmt":"2010-05-07T18:54:01","guid":{"rendered":"http:\/\/www.visit-ulcinj.com\/blog\/?p=32949"},"modified":"2010-05-09T17:06:27","modified_gmt":"2010-05-09T15:06:27","slug":"konference-per-media-programi-i-forces","status":"publish","type":"post","link":"https:\/\/www.visit-ulcinj.com\/blog\/2010\/05\/07\/konference-per-media-programi-i-forces\/","title":{"rendered":"Konferenc\u00eb p\u00ebr media &#8211; Programi i Forc\u00ebs"},"content":{"rendered":"<p style=\"text-align: left;\"><strong><span style=\"font-family: Calibri; font-size: small;\"><a href=\"http:\/\/www.visit-ulcinj.com\/blog\/wp-content\/uploads\/2010\/05\/Nazif_Cungu_Forca-e-re_picnik.jpg\"><img loading=\"lazy\" class=\"alignleft size-full wp-image-32950\" title=\"Nazif_Cungu_Forca e re_picnik\" src=\"http:\/\/www.visit-ulcinj.com\/blog\/wp-content\/uploads\/2010\/05\/Nazif_Cungu_Forca-e-re_picnik.jpg\" alt=\"Nazif_Cungu_Forca e re_picnik\" width=\"490\" height=\"370\" \/><\/a><\/span>Ulqin, 7.05.2010<br \/>\nNr: 76 \/10<br \/>\nT\u00eb nderuar p\u00ebrfaq\u00ebsues t\u00eb mediave, T\u00eb nderuar qytetar<\/strong><\/p>\n<p>Sot do t\u00eb b\u00ebj\u00eb prezantimin e Programit zgjedhor t\u00eb Forc\u00ebs s\u00eb re demokratike p\u00ebr zgjedhjet lokale 2010 p\u00ebr Komun\u00ebn e Ulqinit<br \/>\nMe t\u00eb ardhur n\u00eb pushtet n\u00eb Komun\u00ebn\u00a0 e Ulqinit Forca do ti p\u00ebrmbahet programit t\u00eb detajuar zhvillimor, nj\u00eb program konkret dhe i realizuesh\u00ebm.<br \/>\nAdministrimi i pushtetit lokal \u2013 FORCA do t\u00eb nis procesin e hartimit t\u00eb planit strategjik t\u00eb komun\u00ebs s\u00eb Ulqinit duke thirrur ekspert t\u00eb njohur vendas dhe t\u00eb huaj, dhe duke siguruar nj\u00eb proces transparent dhe gjith\u00ebp\u00ebrfshir\u00ebs.<br \/>\nGjithashtu miratimi dhe fillimi i zbatimit t\u00eb Planit Hap\u00ebsinor t\u00eb Ulqinit ka p\u00ebr t\u00eb qen\u00eb nj\u00eb nd\u00ebr hapat e para t\u00eb nd\u00ebrmarra nga FORCA n\u00eb m\u00ebnyr\u00eb q\u00eb t\u00eb ndal\u00eb kaosin e deritanish\u00ebm urban dhe ti hapi rrug\u00ebn zhvillimit t\u00eb mir\u00eb organizuar e t\u00eb q\u00ebndruesh\u00ebm t\u00eb Komun\u00ebs s\u00eb Ulqinit.<br \/>\nKomuna do t\u00eb aplikoj\u00eb transparenc\u00ebn e plot\u00eb duke qen\u00eb gjithnj\u00eb e m\u00eb e hapur me qytetarin, mediat dhe shoq\u00ebrin\u00eb civile duke garantuar nj\u00eb luft\u00eb\u00a0 pa kompromis kund\u00ebr korrupsionit.<br \/>\nForca do t\u00eb garantoj\u00eb pun\u00ebsimin sipas meritave dhe shp\u00ebrblimin e punonj\u00ebsve n\u00eb var\u00ebsi t\u00eb\u00a0 talentit, p\u00ebrkushtimit dhe etik\u00ebs profesionale duke iu dh\u00ebn\u00eb\u00a0 fund praktikave t\u00eb deritanishme t\u00eb pun\u00ebsimeve t\u00eb\u00a0 politizuara.<br \/>\nT\u00eb\u00a0 drejtat nacionale \u2013 P\u00ebr t\u00eb mbrojtur t\u00eb drejtat e popullit shqiptar n\u00eb Mal t\u00eb Zi FORCA jo vet\u00ebm q\u00eb do t\u00eb p\u00ebrdor\u00eb instrumentet dhe legjislacionin shtet\u00ebror dhe do t\u00eb b\u00ebj presion pran\u00eb pushtetit qendror por, n\u00eb m\u00ebnyr\u00eb t\u00eb ve\u00e7ant\u00eb, si asnj\u00eb forc\u00eb tjet\u00ebr politike shqiptare deri tani, do t\u00eb p\u00ebrdor gjer\u00ebsisht legjislacionin dhe institucionet nd\u00ebrkomb\u00ebtare.<br \/>\nFORCA do t\u00eb p\u00ebrpiqet p\u00ebr t\u00eb\u00a0 mund\u00ebsuar marr\u00ebveshje bilaterale midis Malit t\u00eb Zi dhe Shqip\u00ebris\u00eb\u00a0 ose Malit t\u00eb Zi dhe Kosov\u00ebs q\u00eb t\u00eb ken\u00eb si q\u00ebllim p\u00ebrmir\u00ebsimin\u00a0 e gjendjes s\u00eb pakic\u00ebs shqiptare n\u00eb Malin e Zi.<br \/>\nDecentralizimi i pushtetit &#8211; Ngritjen e nivelit t\u00eb decentralizimit dhe konsolidimin e vet-administrimit lokal t\u00eb Komun\u00ebs s\u00eb Ulqinit FORCA e ka nj\u00eb nd\u00ebr prioritetet e saj\u00eb thelb\u00ebsore. P\u00ebr t\u00eb realizuar k\u00ebto objektiva FORCA do ta transformoj\u00eb administrimin e Komun\u00ebs s\u00eb Ulqinit n\u00eb nj\u00eb shembull t\u00eb mir\u00eb n\u00eb gjith\u00eb Malin e Zi n\u00eb m\u00ebnyr\u00eb q\u00eb kjo komun\u00eb t\u00eb fitoj\u00eb m\u00eb shum\u00eb besim p\u00ebr ta merituar dh\u00ebnien e\u00a0 m\u00eb shum\u00eb kompetencave.<br \/>\nT\u00eb\u00a0 mirat Detare &#8211; Padrejt\u00ebsia dhe diskriminimi vihen re qart\u00eb tek zbatimi i k\u00ebti ligji duke diskriminuar Komun\u00ebn ton\u00eb nd\u00ebrkoh\u00eb q\u00eb gjendja \u00ebsht\u00eb krejt ndryshe n\u00eb Komuna tjera t\u00eb bregdetit. FORCA premton q\u00eb me marrjen e pushtetin do t\u00eb p\u00ebrdor \u00e7do mjet legjitim q\u00eb \u00ebsht\u00eb n\u00eb dor\u00eb t\u00eb Komun\u00ebs p\u00ebr ti p\u00ebrdorur resurset natyrore n\u00eb sh\u00ebrbim t\u00eb banor\u00ebve.<br \/>\nKthimi i pronave \u2013 FORCA \u00ebsht\u00eb e angazhuar q\u00eb t\u00eb p\u00ebrdor\u00eb t\u00eb gjith\u00eb mund\u00ebsit ligjore brenda Malit t\u00eb Zi dhe Bashkimit Evropian p\u00ebr t\u00eb mund\u00ebsuar zgjidhjen e problemit t\u00eb pronave. Ajo do p\u00ebrpiqet n\u00eb nivel lokal dhe qendror q\u00eb pronat e ish pronar\u00ebve, pa dallim p\u00ebrkat\u00ebsie, t\u00eb kthehen dhe po ashtu do t\u2019iu drejtohet gjykatave vendase ose t\u00eb huaja p\u00ebr t\u00eb realizuar k\u00ebt\u00eb q\u00ebllim.<br \/>\nPun\u00ebsimi \u2013 FORCA premton q\u00eb p\u00ebr 4 vitet e ardhshme do t\u00eb krijoj\u00eb kushte p\u00ebr hapjen e t\u00eb pakt\u00ebn 1500 vende t\u00eb reja pune.\u00a0 Zbatimi i programit tone ekonomik do t\u00eb mund\u00ebsoj\u00eb nj\u00eb zhvillim intensiv n\u00eb Komun\u00ebn e Ulqinit dhe do t\u00eb mund\u00ebsoj\u00eb hapjen e vendeve t\u00eb shumta t\u00eb pun\u00ebs duke e zvog\u00ebluar papun\u00ebsin\u00eb dhe varf\u00ebrin\u00eb q\u00eb mbizot\u00ebron n\u00eb komun\u00ebn ton\u00eb.<br \/>\nTurizmi \u2013 FORCA do t\u00eb b\u00ebj\u00eb p\u00ebrgatitjet p\u00ebr realizimin e Master planit t\u00eb turizmit p\u00ebr Ulqinin dhe nd\u00ebrtimin e komplekseve t\u00eb hoteleve t\u00eb kategoris\u00eb s\u00eb lart\u00eb. Planet urbanistike\u00a0 dhe nd\u00ebrtimi i infrastruktur\u00ebs komunale do t\u00eb jen\u00eb pun\u00ebt m\u00eb t\u00eb r\u00ebnd\u00ebsishme p\u00ebr zhvillimin e turizmit t\u00eb q\u00ebndruesh\u00ebm n\u00eb interes t\u00eb banor\u00ebve. Forca ka programe t\u00eb ve\u00e7ant\u00eb p\u00ebr p\u00ebrmir\u00ebsimin e akomodimit privat.<br \/>\nBujq\u00ebsia Forca do t\u00eb promovoj\u00eb bujq\u00ebsin\u00eb n\u00eb Komun\u00ebn e Ulqinit duke t\u00ebrhequr investime, ndihmuar me financime, subvencionime dhe kreditime me kushte t\u00eb volitshme, sidomos p\u00ebr blerjen e makinerive bujq\u00ebsore, plehrave kimik, insekticideve apo pesticideve, far\u00ebrave dhe fidan\u00ebve.<br \/>\nN\u00ebp\u00ebrmjet partneritetit publiko-privat ne do t\u00eb promovojm\u00eb hapjen e qendrave t\u00eb\u00a0 grumbullimit dhe distribuimit t\u00eb produkteve bujq\u00ebsore, t\u00eb bim\u00ebve mjek\u00ebsore, fryteve t\u00eb egra si dhe t\u00eb frigorifer\u00ebve t\u00eb specializuar p\u00ebr mir\u00ebmbajtje t\u00eb prodhimit bujq\u00ebsor.<br \/>\nInfrastruktura Komunale FORCA ka si q\u00ebllim q\u00eb m\u00eb s\u00eb pari t\u00eb b\u00ebhet Plani hap\u00ebsinor i Ulqinit dhe t\u00eb b\u00ebhet aplikimi i tij me rigoroz, si nevoj\u00eb p\u00ebr zhvillimin afatgjat\u00eb t\u00eb qytetit si vend turistik. Prioritetet e Forc\u00ebs jan\u00eb planifikimi dhe realizimi i rregullimit t\u00eb Porto Milen\u00ebs; rruga Ulqin-Sukobin\u00eb, rruga Pinjesh \u2013 Gjerana, nd\u00ebrtimi i infrastruktur\u00ebs p\u00ebr Zona industriale n\u00eb Ulqin dhe Kryth\u00eb t\u00eb an\u00ebs s\u00eb Malit si zona strategjike p\u00ebr investime n\u00eb industrin\u00eb ushqimore , artizanale dhe prodhimtari. Pastaj p\u00ebrmir\u00ebsimi i Infrastruktur\u00ebs komunale ( kanalizimi, P\u00ebrpunimi i uj\u00ebrave t\u00eb zeza, uj\u00ebsjell\u00ebsi, ndri\u00e7imi i rrug\u00ebs, trotuari ) n\u00eb Ulqin dhe Shtoj\u00eb.<br \/>\nPosta dhe ambulanca n\u00eb Shtoj duhet t\u00eb funksionoj gjat\u00eb t\u00ebr\u00eb vitit.<br \/>\nKultura \u2013 Objektet tona historike, p\u00ebr t\u00eb cilat ia vlen t\u00eb krenohemi n\u00eb Ballkan fal\u00eb FORC\u00cbS nuk kan\u00eb p\u00ebr tu l\u00ebn\u00eb m\u00eb pas dore, Kalaja e Ulqinit dhe Shasi do t\u00eb mbrohen dhe restaurohen plot\u00ebsisht. FORCA do t\u00eb inicioj\u00eb themelimin e Teatrit komb\u00ebtar shqiptar n\u00eb Ulqin si dhe themelimin e orkestr\u00ebs profesionale muzikore pran Qendr\u00ebs p\u00ebr kultur\u00eb.<br \/>\nArsimi FORCA do t\u00eb punoj\u00eb n\u00eb sigurimin e mjeteve materiale nga qeveria qendrore, donator\u00ebt nd\u00ebrkomb\u00ebtar\u00eb, fondet e buxhetit t\u00eb Komun\u00ebs dhe burime t\u00eb tjera p\u00ebr t\u00eb p\u00ebrmir\u00ebsuar infrastruktur\u00ebn shkollore t\u00eb Komun\u00ebs. Pastaj do t\u00eb pasuroj baz\u00ebn materiale dhe bibliotekat shkollare, p\u00ebr t\u00eb financuar nd\u00ebrtimin ose p\u00ebrmir\u00ebsimin e ambienteve sportive t\u00eb shkollave si dhe blerjen e instrumenteve muzikor\u00eb dhe mund\u00ebsimin e programeve artistike n\u00eb shkolla.<br \/>\nDh\u00ebnia e shp\u00ebrblimeve dhe bursave p\u00ebr nx\u00ebn\u00ebsit m\u00eb t\u00eb mir\u00eb t\u00eb Komun\u00ebs s\u00eb\u00a0 Ulqinit p\u00ebr t\u00eb motivuar p\u00ebrgatitjen e tyre sa m\u00eb t\u00eb\u00a0 mir\u00eb shkollore.<br \/>\nSport \u2013 Sportit do ti kushtohet v\u00ebmendje e posa\u00e7me i cili do t\u00eb jet\u00eb ne funksion t\u00eb rinjve dhe ngritjes s\u00eb vlerave turistike.\u00a0 Me fitoren ton\u00eb do t\u00eb punojm\u00eb n\u00eb p\u00ebrmir\u00ebsimin e infrastruktur\u00ebs dhe terreneve sportive<br \/>\nDiaspora FORCA \u00ebsht\u00eb e vet\u00ebdijshme p\u00ebr rolin e paz\u00ebvend\u00ebsuesh\u00ebm t\u00eb diaspor\u00ebs son\u00eb n\u00eb mund\u00ebsimin e mir\u00ebqenies s\u00eb qytetar\u00ebve dhe ka planifikuar nj\u00eb program specifik p\u00ebr t\u00eb mbajtur lidhje t\u00eb ngushta me diaspor\u00ebn dhe p\u00ebr t\u00eb nxitur bashk\u00ebpunimin m\u00eb t\u00eb.<br \/>\nFORCA do t\u2019i jap\u00eb mund\u00ebsi diaspor\u00ebs q\u00eb t\u2019i d\u00ebgjohet z\u00ebri n\u00eb Komun\u00ebn s\u00eb Ulqinit.<br \/>\nBashk\u00ebpunimi me shoq\u00ebrin\u00eb\u00a0 civile Organizatat Joqeveritare kan\u00eb\u00a0 p\u00ebr t\u00eb patur statusin e v\u00ebzhguesit dhe konsultuesit gjat\u00eb\u00a0 veprimtaris\u00eb zyrtare t\u00eb Komun\u00ebs s\u00eb Ulqinit.<br \/>\nNe besojm\u00eb\u00a0 n\u00eb fitoren tone me 23. maj.<br \/>\nForca \u00ebsht\u00eb\u00a0 bashkim i njer\u00ebzve q\u00eb kan\u00eb Vizion t\u00eb qart\u00eb\u00a0 t\u00eb zhvillimit, program konkret ekonomik p\u00ebr t\u00eb mir\u00ebn e t\u00eb gjith\u00eb banor\u00ebve t\u00eb Komun\u00ebs s\u00eb Ulqinit.<br \/>\nFORCA ka ekip dhe kuadro, t\u00eb cil\u00ebt jan\u00eb t\u00eb aft\u00eb q\u00eb t\u00eb realizojn\u00eb k\u00ebt\u00eb vizion dhe k\u00ebto programe, njer\u00ebz q\u00eb i mbajn\u00eb premtimet dhe kan\u00eb ndjenj\u00eb obligimi ndaj qytetar\u00ebve.<br \/>\nKy program dhe njer\u00ebzit e duhur dhe me p\u00ebrvoj\u00eb do t\u00eb mund\u00ebsojn\u00eb\u00a0 zhvillimin e Komun\u00ebs.<br \/>\nMe Forc\u00ebn t\u00eb\u00a0 gjith\u00eb do t\u00eb jen\u00eb fitues.<br \/>\n<strong><br \/>\nJu falem nderit<\/strong><\/p>\n<p><strong>Sherbimi per informim i Forc\u00eas<\/strong><\/p>\n<p><!--YouTube Error: bad URL entered--><strong><\/strong><\/p>\n","protected":false},"excerpt":{"rendered":"<p>Ulqin, 7.05.2010 Nr: 76 \/10 T\u00eb nderuar p\u00ebrfaq\u00ebsues t\u00eb mediave, T\u00eb nderuar qytetar Sot do t\u00eb b\u00ebj\u00eb prezantimin e Programit zgjedhor t\u00eb Forc\u00ebs s\u00eb re demokratike p\u00ebr zgjedhjet lokale 2010 p\u00ebr Komun\u00ebn e Ulqinit Me t\u00eb ardhur n\u00eb pushtet n\u00eb Komun\u00ebn\u00a0 e Ulqinit Forca do ti p\u00ebrmbahet programit t\u00eb detajuar zhvillimor, nj\u00eb program konkret dhe [&hellip;]<\/p>\n","protected":false},"author":1,"featured_media":0,"comment_status":"open","ping_status":"closed","sticky":false,"template":"","format":"standard","meta":{"spay_email":"","jetpack_publicize_message":"","jetpack_is_tweetstorm":false,"jetpack_publicize_feature_enabled":true},"categories":[1],"tags":[5148,672,6501],"jetpack_publicize_connections":[],"yoast_head":"<!-- This site is optimized with the Yoast SEO plugin v19.1 - https:\/\/yoast.com\/wordpress\/plugins\/seo\/ -->\n<title>Konferenc\u00eb p\u00ebr media - Programi i Forc\u00ebs - Lajme nga Ulqini<\/title>\n<meta name=\"description\" content=\"Ulqin, 7.05.2010 Nr: 76 \/10 T\u00eb nderuar p\u00ebrfaq\u00ebsues t\u00eb mediave, T\u00eb nderuar qytetar Sot do t\u00eb b\u00ebj\u00eb prezantimin e Programit zgjedhor t\u00eb Forc\u00ebs s\u00eb re\" \/>\n<meta name=\"robots\" content=\"index, follow, max-snippet:-1, max-image-preview:large, max-video-preview:-1\" \/>\n<link rel=\"canonical\" href=\"https:\/\/www.visit-ulcinj.com\/blog\/2010\/05\/07\/konference-per-media-programi-i-forces\/\" \/>\n<meta property=\"og:locale\" content=\"en_US\" \/>\n<meta property=\"og:type\" content=\"article\" \/>\n<meta property=\"og:title\" content=\"Konferenc\u00eb p\u00ebr media - Programi i Forc\u00ebs - Lajme nga Ulqini\" \/>\n<meta property=\"og:description\" content=\"Ulqin, 7.05.2010 Nr: 76 \/10 T\u00eb nderuar p\u00ebrfaq\u00ebsues t\u00eb mediave, T\u00eb nderuar qytetar Sot do t\u00eb b\u00ebj\u00eb prezantimin e Programit zgjedhor t\u00eb Forc\u00ebs s\u00eb re\" \/>\n<meta property=\"og:url\" content=\"https:\/\/www.visit-ulcinj.com\/blog\/2010\/05\/07\/konference-per-media-programi-i-forces\/\" \/>\n<meta property=\"og:site_name\" content=\"Lajme nga Ulqini\" \/>\n<meta property=\"article:published_time\" content=\"2010-05-07T18:54:01+00:00\" \/>\n<meta property=\"article:modified_time\" content=\"2010-05-09T15:06:27+00:00\" \/>\n<meta property=\"og:image\" content=\"http:\/\/www.visit-ulcinj.com\/blog\/wp-content\/uploads\/2010\/05\/Nazif_Cungu_Forca-e-re_picnik.jpg\" \/>\n<meta name=\"twitter:label1\" content=\"Written by\" \/>\n\t<meta name=\"twitter:data1\" content=\"ulqini\" \/>\n\t<meta name=\"twitter:label2\" content=\"Est. reading time\" \/>\n\t<meta name=\"twitter:data2\" content=\"7 minutes\" \/>\n<script type=\"application\/ld+json\" class=\"yoast-schema-graph\">{\"@context\":\"https:\/\/schema.org\",\"@graph\":[{\"@type\":\"WebSite\",\"@id\":\"https:\/\/www.visit-ulcinj.com\/blog\/#website\",\"url\":\"https:\/\/www.visit-ulcinj.com\/blog\/\",\"name\":\"Lajme nga Ulqini\",\"description\":\"Lajme,Vijesti,Ulqini,Ulqin,Crna Gora,Mali i Zi\",\"potentialAction\":[{\"@type\":\"SearchAction\",\"target\":{\"@type\":\"EntryPoint\",\"urlTemplate\":\"https:\/\/www.visit-ulcinj.com\/blog\/?s={search_term_string}\"},\"query-input\":\"required name=search_term_string\"}],\"inLanguage\":\"en-US\"},{\"@type\":\"ImageObject\",\"inLanguage\":\"en-US\",\"@id\":\"https:\/\/www.visit-ulcinj.com\/blog\/2010\/05\/07\/konference-per-media-programi-i-forces\/#primaryimage\",\"url\":\"https:\/\/www.visit-ulcinj.com\/blog\/wp-content\/uploads\/2010\/05\/Nazif_Cungu_Forca-e-re_picnik.jpg\",\"contentUrl\":\"https:\/\/www.visit-ulcinj.com\/blog\/wp-content\/uploads\/2010\/05\/Nazif_Cungu_Forca-e-re_picnik.jpg\",\"width\":\"1010\",\"height\":\"775\"},{\"@type\":\"WebPage\",\"@id\":\"https:\/\/www.visit-ulcinj.com\/blog\/2010\/05\/07\/konference-per-media-programi-i-forces\/#webpage\",\"url\":\"https:\/\/www.visit-ulcinj.com\/blog\/2010\/05\/07\/konference-per-media-programi-i-forces\/\",\"name\":\"Konferenc\u00eb p\u00ebr media - Programi i Forc\u00ebs - Lajme nga Ulqini\",\"isPartOf\":{\"@id\":\"https:\/\/www.visit-ulcinj.com\/blog\/#website\"},\"primaryImageOfPage\":{\"@id\":\"https:\/\/www.visit-ulcinj.com\/blog\/2010\/05\/07\/konference-per-media-programi-i-forces\/#primaryimage\"},\"datePublished\":\"2010-05-07T18:54:01+00:00\",\"dateModified\":\"2010-05-09T15:06:27+00:00\",\"author\":{\"@id\":\"https:\/\/www.visit-ulcinj.com\/blog\/#\/schema\/person\/dcab619c614d3038751c63bc2aadc06d\"},\"description\":\"Ulqin, 7.05.2010 Nr: 76 \/10 T\u00eb nderuar p\u00ebrfaq\u00ebsues t\u00eb mediave, T\u00eb nderuar qytetar Sot do t\u00eb b\u00ebj\u00eb prezantimin e Programit zgjedhor t\u00eb Forc\u00ebs s\u00eb re\",\"breadcrumb\":{\"@id\":\"https:\/\/www.visit-ulcinj.com\/blog\/2010\/05\/07\/konference-per-media-programi-i-forces\/#breadcrumb\"},\"inLanguage\":\"en-US\",\"potentialAction\":[{\"@type\":\"ReadAction\",\"target\":[\"https:\/\/www.visit-ulcinj.com\/blog\/2010\/05\/07\/konference-per-media-programi-i-forces\/\"]}]},{\"@type\":\"BreadcrumbList\",\"@id\":\"https:\/\/www.visit-ulcinj.com\/blog\/2010\/05\/07\/konference-per-media-programi-i-forces\/#breadcrumb\",\"itemListElement\":[{\"@type\":\"ListItem\",\"position\":1,\"name\":\"Konferenc\u00eb p\u00ebr media &#8211; Programi i Forc\u00ebs\"}]},{\"@type\":\"Person\",\"@id\":\"https:\/\/www.visit-ulcinj.com\/blog\/#\/schema\/person\/dcab619c614d3038751c63bc2aadc06d\",\"name\":\"ulqini\",\"sameAs\":[\"http:\/\/www.visit-ulcinj.com\"],\"url\":\"https:\/\/www.visit-ulcinj.com\/blog\/author\/admin\/\"}]}<\/script>\n<!-- \/ Yoast SEO plugin. -->","yoast_head_json":{"title":"Konferenc\u00eb p\u00ebr media - Programi i Forc\u00ebs - Lajme nga Ulqini","description":"Ulqin, 7.05.2010 Nr: 76 \/10 T\u00eb nderuar p\u00ebrfaq\u00ebsues t\u00eb mediave, T\u00eb nderuar qytetar Sot do t\u00eb b\u00ebj\u00eb prezantimin e Programit zgjedhor t\u00eb Forc\u00ebs s\u00eb re","robots":{"index":"index","follow":"follow","max-snippet":"max-snippet:-1","max-image-preview":"max-image-preview:large","max-video-preview":"max-video-preview:-1"},"canonical":"https:\/\/www.visit-ulcinj.com\/blog\/2010\/05\/07\/konference-per-media-programi-i-forces\/","og_locale":"en_US","og_type":"article","og_title":"Konferenc\u00eb p\u00ebr media - Programi i Forc\u00ebs - Lajme nga Ulqini","og_description":"Ulqin, 7.05.2010 Nr: 76 \/10 T\u00eb nderuar p\u00ebrfaq\u00ebsues t\u00eb mediave, T\u00eb nderuar qytetar Sot do t\u00eb b\u00ebj\u00eb prezantimin e Programit zgjedhor t\u00eb Forc\u00ebs s\u00eb re","og_url":"https:\/\/www.visit-ulcinj.com\/blog\/2010\/05\/07\/konference-per-media-programi-i-forces\/","og_site_name":"Lajme nga Ulqini","article_published_time":"2010-05-07T18:54:01+00:00","article_modified_time":"2010-05-09T15:06:27+00:00","og_image":[{"url":"http:\/\/www.visit-ulcinj.com\/blog\/wp-content\/uploads\/2010\/05\/Nazif_Cungu_Forca-e-re_picnik.jpg"}],"twitter_misc":{"Written by":"ulqini","Est. reading time":"7 minutes"},"schema":{"@context":"https:\/\/schema.org","@graph":[{"@type":"WebSite","@id":"https:\/\/www.visit-ulcinj.com\/blog\/#website","url":"https:\/\/www.visit-ulcinj.com\/blog\/","name":"Lajme nga Ulqini","description":"Lajme,Vijesti,Ulqini,Ulqin,Crna Gora,Mali i Zi","potentialAction":[{"@type":"SearchAction","target":{"@type":"EntryPoint","urlTemplate":"https:\/\/www.visit-ulcinj.com\/blog\/?s={search_term_string}"},"query-input":"required name=search_term_string"}],"inLanguage":"en-US"},{"@type":"ImageObject","inLanguage":"en-US","@id":"https:\/\/www.visit-ulcinj.com\/blog\/2010\/05\/07\/konference-per-media-programi-i-forces\/#primaryimage","url":"https:\/\/www.visit-ulcinj.com\/blog\/wp-content\/uploads\/2010\/05\/Nazif_Cungu_Forca-e-re_picnik.jpg","contentUrl":"https:\/\/www.visit-ulcinj.com\/blog\/wp-content\/uploads\/2010\/05\/Nazif_Cungu_Forca-e-re_picnik.jpg","width":"1010","height":"775"},{"@type":"WebPage","@id":"https:\/\/www.visit-ulcinj.com\/blog\/2010\/05\/07\/konference-per-media-programi-i-forces\/#webpage","url":"https:\/\/www.visit-ulcinj.com\/blog\/2010\/05\/07\/konference-per-media-programi-i-forces\/","name":"Konferenc\u00eb p\u00ebr media - Programi i Forc\u00ebs - Lajme nga Ulqini","isPartOf":{"@id":"https:\/\/www.visit-ulcinj.com\/blog\/#website"},"primaryImageOfPage":{"@id":"https:\/\/www.visit-ulcinj.com\/blog\/2010\/05\/07\/konference-per-media-programi-i-forces\/#primaryimage"},"datePublished":"2010-05-07T18:54:01+00:00","dateModified":"2010-05-09T15:06:27+00:00","author":{"@id":"https:\/\/www.visit-ulcinj.com\/blog\/#\/schema\/person\/dcab619c614d3038751c63bc2aadc06d"},"description":"Ulqin, 7.05.2010 Nr: 76 \/10 T\u00eb nderuar p\u00ebrfaq\u00ebsues t\u00eb mediave, T\u00eb nderuar qytetar Sot do t\u00eb b\u00ebj\u00eb prezantimin e Programit zgjedhor t\u00eb Forc\u00ebs s\u00eb re","breadcrumb":{"@id":"https:\/\/www.visit-ulcinj.com\/blog\/2010\/05\/07\/konference-per-media-programi-i-forces\/#breadcrumb"},"inLanguage":"en-US","potentialAction":[{"@type":"ReadAction","target":["https:\/\/www.visit-ulcinj.com\/blog\/2010\/05\/07\/konference-per-media-programi-i-forces\/"]}]},{"@type":"BreadcrumbList","@id":"https:\/\/www.visit-ulcinj.com\/blog\/2010\/05\/07\/konference-per-media-programi-i-forces\/#breadcrumb","itemListElement":[{"@type":"ListItem","position":1,"name":"Konferenc\u00eb p\u00ebr media &#8211; Programi i Forc\u00ebs"}]},{"@type":"Person","@id":"https:\/\/www.visit-ulcinj.com\/blog\/#\/schema\/person\/dcab619c614d3038751c63bc2aadc06d","name":"ulqini","sameAs":["http:\/\/www.visit-ulcinj.com"],"url":"https:\/\/www.visit-ulcinj.com\/blog\/author\/admin\/"}]}},"jetpack_featured_media_url":"","jetpack_sharing_enabled":true,"jetpack_shortlink":"https:\/\/wp.me\/pe6lTn-8zr","_links":{"self":[{"href":"https:\/\/www.visit-ulcinj.com\/blog\/wp-json\/wp\/v2\/posts\/32949"}],"collection":[{"href":"https:\/\/www.visit-ulcinj.com\/blog\/wp-json\/wp\/v2\/posts"}],"about":[{"href":"https:\/\/www.visit-ulcinj.com\/blog\/wp-json\/wp\/v2\/types\/post"}],"author":[{"embeddable":true,"href":"https:\/\/www.visit-ulcinj.com\/blog\/wp-json\/wp\/v2\/users\/1"}],"replies":[{"embeddable":true,"href":"https:\/\/www.visit-ulcinj.com\/blog\/wp-json\/wp\/v2\/comments?post=32949"}],"version-history":[{"count":0,"href":"https:\/\/www.visit-ulcinj.com\/blog\/wp-json\/wp\/v2\/posts\/32949\/revisions"}],"wp:attachment":[{"href":"https:\/\/www.visit-ulcinj.com\/blog\/wp-json\/wp\/v2\/media?parent=32949"}],"wp:term":[{"taxonomy":"category","embeddable":true,"href":"https:\/\/www.visit-ulcinj.com\/blog\/wp-json\/wp\/v2\/categories?post=32949"},{"taxonomy":"post_tag","embeddable":true,"href":"https:\/\/www.visit-ulcinj.com\/blog\/wp-json\/wp\/v2\/tags?post=32949"}],"curies":[{"name":"wp","href":"https:\/\/api.w.org\/{rel}","templated":true}]}}