{"id":32955,"date":"2010-05-07T22:27:20","date_gmt":"2010-05-07T20:27:20","guid":{"rendered":"http:\/\/www.visit-ulcinj.com\/blog\/?p=32955"},"modified":"2010-05-08T12:39:21","modified_gmt":"2010-05-08T10:39:21","slug":"u-vladimiru-kod-ulcinja-odrzan-sajam-poljoprivrede","status":"publish","type":"post","link":"https:\/\/www.visit-ulcinj.com\/blog\/2010\/05\/07\/u-vladimiru-kod-ulcinja-odrzan-sajam-poljoprivrede\/","title":{"rendered":"U Vladimiru kod Ulcinja odr\u017ean sajam poljoprivrede"},"content":{"rendered":"<p><strong><a href=\"http:\/\/www.visit-ulcinj.com\/blog\/wp-content\/uploads\/2010\/05\/U-Vladimiru-sajam-poljoprivrede.jpg\"><img loading=\"lazy\" class=\"alignleft size-full wp-image-32956\" title=\"U Vladimiru sajam poljoprivrede\" src=\"http:\/\/www.visit-ulcinj.com\/blog\/wp-content\/uploads\/2010\/05\/U-Vladimiru-sajam-poljoprivrede.jpg\" alt=\"U Vladimiru sajam poljoprivrede\" width=\"490\" height=\"380\" \/><\/a>Od profesije do ljubavi<\/strong><br \/>\nUlcinj &#8211; Improvizovani \u0161tand Seljatina ?eljo\u0161evi?a u fabrici tepiha  \u201eUltep\u201c u Vladimiru, ju?e je bio previ\u0161e uzak da bi mu pri\u0161li svi  zainteresovani koji su htjeli da probaju mladi kozji sir i kozje  mlijeko, uz tradicionalne masline i kukuruzni hljeb.<br \/>\nPoznati farmer iz Kravara, mjesta udaljenog pet kilometara od Vladimira  ka Ostrosu, bio je samo jedan od oko 40 izlaga?a iz raznih krajeva Crne  Gore i Albanije na prvom Sajmu poljoprivrede organizovanom na podru?ju  Anamalita.<br \/>\nNi\u0161ta manje gu\u017eve nije bilo ni na \u0161tandu pekare \u201eUniprom\u201c iz Nik\u0161i?a,  mljekare \u201eNika\u201c ili \u201eMilky waya\u201c, podgori?kih \u201cPlanta\u017ea\u201d, vinarije  \u201cMilovi?\u201d ili maslinara Abazovi?a iz Bara&#8230;<br \/>\n?eljo\u0161evi? na svom imanju, u savremeno opremljenoj \u0161tali od oko 800  kvadrata, ima 350 koza i vi\u0161e od 200 jari?a. On je za sada najve?i  uzgajiva? koza u ulcinjskoj op\u0161tini.<br \/>\n\u201cPosao je isplativ, ali je ova godina te\u0161ka za sve sto?are\u201d, ka\u017ee  ?eljo\u0161evi?, dok nekolicina sre?nih posjetilaca, koji su uspjeli da se  probiju, proba njegove proizvode.<br \/>\nSimpati?na djevojka na \u0161tandu \u201cUnipromove\u201d pekare sa neskrivenim  zadovoljstvom gleda gu\u017evu ispred sebe, dok razna peciva, kiflice i  sendvi?i nestaju sa stola.<br \/>\n\u201cPripremili smo dosta. Najposje?eniji smo \u0161tand danas na sajmu\u201d, isti?e  ona ponosno.<br \/>\nU ?o\u0161ku ogromne hale, svoje proizvode smjestio je i diplomirani biolog  Rasim Lika.<br \/>\n\u201cHortikultura je moj posao i profesija. Ona mo\u017ee biti unosna, ali oko  biljki treba mnogo brige. Treba ih voljeti da one tebe vole\u201d, ka\u017ee Lika  koji je na sajmu izlo\u017eio vi\u0161e od 35 vrsta raznog bilja.<br \/>\nLjubitelji kvalitetne kapljice ?ekali su red ispred \u0161tanda vinarije  \u201cMilovi?\u201d. Vlasnik Brano Milovi? sa ponosom isti?e da se njegov  vinograd, koji broji 12.000 ?okota, nalazi na padinama Briske gore, gdje  se ve? decenijama gaji gro\u017e?e vrhunskog kvaliteta.<br \/>\nNa \u0161tandu vinarije stoje lijepo upakovane boce \u201cvranca\u201d \u201cstatus\u201d i  \u201cstatus barik\u201d, dviju vrsta vina koje Milovi? proizvodi.<br \/>\n\u201cFabri?ka cijena \u2018statusa\u2018 je devet eura plus PDV, a &#8216;status burika\u2018  10.60 plus PDV. Vina su za\u0161ti?ena geografskim porijeklom i dobitnici su  brojnih doma?ih i me?unarodnih priznanja\u201d, ka\u017ee Milovi?.<br \/>\nSajam, na ?ijim trpezama je bilo svega, od sira i mlijeka, maslinovog  ulja i maslina do vina i rakije, peciva i meda, raznih doma?ih proizvoda  i biljnih vrsta, te bro\u0161ura poslovnih banaka, otvorio je ministar  poljoprivrede Milutin Simovi?.<br \/>\nOn je kazao da je Vladimir simbol prijateljskih odnosa Crne Gore i  Albanije i podsjetio da je Ministarstvo lani, u saradnji sa op\u0161tinskim  strukturama i NVO, zasadilo 9.000, a revitalizovalo 10.500 stabala.<br \/>\n\u201cMaslina je kultura koju smo mo\u017eda malo i zapostavili, ali kojoj se  uvijek vra?amo i ona nam pra\u0161ta\u201d, kazao je Simovi?.<br \/>\nNazif Cungu je, u ime organizacionog odbora, rekao da je cilj  manifestacije da pospje\u0161i razvoj poljoprivrede u anamalskom kraju i  doprinese smanjenju siroma\u0161tva.<br \/>\nSekretar za privredu Vaso Radovi? naveo je da Op\u0161tina ima cilj da se  Vladimir u Crnoj Gori pozicionira kao lider u poljoprivrednoj  proizvodnji.<br \/>\nNakon sajma, koji su organizovali Udru\u017eenje za razvoj poljoprivrede, AD  \u201cUltep\u201d i Udru\u017eenje maslinara \u201eUlcinj\u201c, u op\u0161tinskoj sali gradona?elnik  Gzim Hajdinaga i Simovi? uru?ili su premije za oko 300 farmera u ukupnom  iznosu od 65.000 eura.<\/p>\n<div><strong>S.ADROVI?<br \/>\n<a href=\"http:\/\/www.vijesti.me\/\">Vijesti<\/a><\/strong><\/div>\n","protected":false},"excerpt":{"rendered":"<p>Od profesije do ljubavi Ulcinj &#8211; Improvizovani \u0161tand Seljatina ?eljo\u0161evi?a u fabrici tepiha \u201eUltep\u201c u Vladimiru, ju?e je bio previ\u0161e uzak da bi mu pri\u0161li svi zainteresovani koji su htjeli da probaju mladi kozji sir i kozje mlijeko, uz tradicionalne masline i kukuruzni hljeb. Poznati farmer iz Kravara, mjesta udaljenog pet kilometara od Vladimira ka [&hellip;]<\/p>\n","protected":false},"author":1,"featured_media":0,"comment_status":"open","ping_status":"closed","sticky":false,"template":"","format":"standard","meta":{"spay_email":"","jetpack_publicize_message":"","jetpack_is_tweetstorm":false,"jetpack_publicize_feature_enabled":true},"categories":[8337],"tags":[14237,14240,2775,14241,118,14235,14236,14239,14234,14238],"jetpack_publicize_connections":[],"yoast_head":"<!-- This site is optimized with the Yoast SEO plugin v19.1 - https:\/\/yoast.com\/wordpress\/plugins\/seo\/ -->\n<title>U Vladimiru kod Ulcinja odr\u017ean sajam poljoprivrede - Lajme nga Ulqini<\/title>\n<meta name=\"description\" content=\"Od profesije do ljubavi Ulcinj - Improvizovani \u0161tand Seljatina ?eljo\u0161evi?a u fabrici tepiha \u201eUltep\u201c u Vladimiru, ju?e je bio previ\u0161e uzak da bi mu pri\u0161li\" \/>\n<meta name=\"robots\" content=\"index, follow, max-snippet:-1, max-image-preview:large, max-video-preview:-1\" \/>\n<link rel=\"canonical\" href=\"https:\/\/www.visit-ulcinj.com\/blog\/2010\/05\/07\/u-vladimiru-kod-ulcinja-odrzan-sajam-poljoprivrede\/\" \/>\n<meta property=\"og:locale\" content=\"en_US\" \/>\n<meta property=\"og:type\" content=\"article\" \/>\n<meta property=\"og:title\" content=\"U Vladimiru kod Ulcinja odr\u017ean sajam poljoprivrede - Lajme nga Ulqini\" \/>\n<meta property=\"og:description\" content=\"Od profesije do ljubavi Ulcinj - Improvizovani \u0161tand Seljatina ?eljo\u0161evi?a u fabrici tepiha \u201eUltep\u201c u Vladimiru, ju?e je bio previ\u0161e uzak da bi mu pri\u0161li\" \/>\n<meta property=\"og:url\" content=\"https:\/\/www.visit-ulcinj.com\/blog\/2010\/05\/07\/u-vladimiru-kod-ulcinja-odrzan-sajam-poljoprivrede\/\" \/>\n<meta property=\"og:site_name\" content=\"Lajme nga Ulqini\" \/>\n<meta property=\"article:published_time\" content=\"2010-05-07T20:27:20+00:00\" \/>\n<meta property=\"article:modified_time\" content=\"2010-05-08T10:39:21+00:00\" \/>\n<meta property=\"og:image\" content=\"http:\/\/www.visit-ulcinj.com\/blog\/wp-content\/uploads\/2010\/05\/U-Vladimiru-sajam-poljoprivrede.jpg\" \/>\n<meta name=\"twitter:label1\" content=\"Written by\" \/>\n\t<meta name=\"twitter:data1\" content=\"ulqini\" \/>\n\t<meta name=\"twitter:label2\" content=\"Est. reading time\" \/>\n\t<meta name=\"twitter:data2\" content=\"3 minutes\" \/>\n<script type=\"application\/ld+json\" class=\"yoast-schema-graph\">{\"@context\":\"https:\/\/schema.org\",\"@graph\":[{\"@type\":\"WebSite\",\"@id\":\"https:\/\/www.visit-ulcinj.com\/blog\/#website\",\"url\":\"https:\/\/www.visit-ulcinj.com\/blog\/\",\"name\":\"Lajme nga Ulqini\",\"description\":\"Lajme,Vijesti,Ulqini,Ulqin,Crna Gora,Mali i Zi\",\"potentialAction\":[{\"@type\":\"SearchAction\",\"target\":{\"@type\":\"EntryPoint\",\"urlTemplate\":\"https:\/\/www.visit-ulcinj.com\/blog\/?s={search_term_string}\"},\"query-input\":\"required name=search_term_string\"}],\"inLanguage\":\"en-US\"},{\"@type\":\"ImageObject\",\"inLanguage\":\"en-US\",\"@id\":\"https:\/\/www.visit-ulcinj.com\/blog\/2010\/05\/07\/u-vladimiru-kod-ulcinja-odrzan-sajam-poljoprivrede\/#primaryimage\",\"url\":\"https:\/\/www.visit-ulcinj.com\/blog\/wp-content\/uploads\/2010\/05\/U-Vladimiru-sajam-poljoprivrede.jpg\",\"contentUrl\":\"https:\/\/www.visit-ulcinj.com\/blog\/wp-content\/uploads\/2010\/05\/U-Vladimiru-sajam-poljoprivrede.jpg\",\"width\":\"800\",\"height\":\"533\"},{\"@type\":\"WebPage\",\"@id\":\"https:\/\/www.visit-ulcinj.com\/blog\/2010\/05\/07\/u-vladimiru-kod-ulcinja-odrzan-sajam-poljoprivrede\/#webpage\",\"url\":\"https:\/\/www.visit-ulcinj.com\/blog\/2010\/05\/07\/u-vladimiru-kod-ulcinja-odrzan-sajam-poljoprivrede\/\",\"name\":\"U Vladimiru kod Ulcinja odr\u017ean sajam poljoprivrede - Lajme nga Ulqini\",\"isPartOf\":{\"@id\":\"https:\/\/www.visit-ulcinj.com\/blog\/#website\"},\"primaryImageOfPage\":{\"@id\":\"https:\/\/www.visit-ulcinj.com\/blog\/2010\/05\/07\/u-vladimiru-kod-ulcinja-odrzan-sajam-poljoprivrede\/#primaryimage\"},\"datePublished\":\"2010-05-07T20:27:20+00:00\",\"dateModified\":\"2010-05-08T10:39:21+00:00\",\"author\":{\"@id\":\"https:\/\/www.visit-ulcinj.com\/blog\/#\/schema\/person\/dcab619c614d3038751c63bc2aadc06d\"},\"description\":\"Od profesije do ljubavi Ulcinj - Improvizovani \u0161tand Seljatina ?eljo\u0161evi?a u fabrici tepiha \u201eUltep\u201c u Vladimiru, ju?e je bio previ\u0161e uzak da bi mu pri\u0161li\",\"breadcrumb\":{\"@id\":\"https:\/\/www.visit-ulcinj.com\/blog\/2010\/05\/07\/u-vladimiru-kod-ulcinja-odrzan-sajam-poljoprivrede\/#breadcrumb\"},\"inLanguage\":\"en-US\",\"potentialAction\":[{\"@type\":\"ReadAction\",\"target\":[\"https:\/\/www.visit-ulcinj.com\/blog\/2010\/05\/07\/u-vladimiru-kod-ulcinja-odrzan-sajam-poljoprivrede\/\"]}]},{\"@type\":\"BreadcrumbList\",\"@id\":\"https:\/\/www.visit-ulcinj.com\/blog\/2010\/05\/07\/u-vladimiru-kod-ulcinja-odrzan-sajam-poljoprivrede\/#breadcrumb\",\"itemListElement\":[{\"@type\":\"ListItem\",\"position\":1,\"name\":\"U Vladimiru kod Ulcinja odr\u017ean sajam poljoprivrede\"}]},{\"@type\":\"Person\",\"@id\":\"https:\/\/www.visit-ulcinj.com\/blog\/#\/schema\/person\/dcab619c614d3038751c63bc2aadc06d\",\"name\":\"ulqini\",\"sameAs\":[\"http:\/\/www.visit-ulcinj.com\"],\"url\":\"https:\/\/www.visit-ulcinj.com\/blog\/author\/admin\/\"}]}<\/script>\n<!-- \/ Yoast SEO plugin. -->","yoast_head_json":{"title":"U Vladimiru kod Ulcinja odr\u017ean sajam poljoprivrede - Lajme nga Ulqini","description":"Od profesije do ljubavi Ulcinj - Improvizovani \u0161tand Seljatina ?eljo\u0161evi?a u fabrici tepiha \u201eUltep\u201c u Vladimiru, ju?e je bio previ\u0161e uzak da bi mu pri\u0161li","robots":{"index":"index","follow":"follow","max-snippet":"max-snippet:-1","max-image-preview":"max-image-preview:large","max-video-preview":"max-video-preview:-1"},"canonical":"https:\/\/www.visit-ulcinj.com\/blog\/2010\/05\/07\/u-vladimiru-kod-ulcinja-odrzan-sajam-poljoprivrede\/","og_locale":"en_US","og_type":"article","og_title":"U Vladimiru kod Ulcinja odr\u017ean sajam poljoprivrede - Lajme nga Ulqini","og_description":"Od profesije do ljubavi Ulcinj - Improvizovani \u0161tand Seljatina ?eljo\u0161evi?a u fabrici tepiha \u201eUltep\u201c u Vladimiru, ju?e je bio previ\u0161e uzak da bi mu pri\u0161li","og_url":"https:\/\/www.visit-ulcinj.com\/blog\/2010\/05\/07\/u-vladimiru-kod-ulcinja-odrzan-sajam-poljoprivrede\/","og_site_name":"Lajme nga Ulqini","article_published_time":"2010-05-07T20:27:20+00:00","article_modified_time":"2010-05-08T10:39:21+00:00","og_image":[{"url":"http:\/\/www.visit-ulcinj.com\/blog\/wp-content\/uploads\/2010\/05\/U-Vladimiru-sajam-poljoprivrede.jpg"}],"twitter_misc":{"Written by":"ulqini","Est. reading time":"3 minutes"},"schema":{"@context":"https:\/\/schema.org","@graph":[{"@type":"WebSite","@id":"https:\/\/www.visit-ulcinj.com\/blog\/#website","url":"https:\/\/www.visit-ulcinj.com\/blog\/","name":"Lajme nga Ulqini","description":"Lajme,Vijesti,Ulqini,Ulqin,Crna Gora,Mali i Zi","potentialAction":[{"@type":"SearchAction","target":{"@type":"EntryPoint","urlTemplate":"https:\/\/www.visit-ulcinj.com\/blog\/?s={search_term_string}"},"query-input":"required name=search_term_string"}],"inLanguage":"en-US"},{"@type":"ImageObject","inLanguage":"en-US","@id":"https:\/\/www.visit-ulcinj.com\/blog\/2010\/05\/07\/u-vladimiru-kod-ulcinja-odrzan-sajam-poljoprivrede\/#primaryimage","url":"https:\/\/www.visit-ulcinj.com\/blog\/wp-content\/uploads\/2010\/05\/U-Vladimiru-sajam-poljoprivrede.jpg","contentUrl":"https:\/\/www.visit-ulcinj.com\/blog\/wp-content\/uploads\/2010\/05\/U-Vladimiru-sajam-poljoprivrede.jpg","width":"800","height":"533"},{"@type":"WebPage","@id":"https:\/\/www.visit-ulcinj.com\/blog\/2010\/05\/07\/u-vladimiru-kod-ulcinja-odrzan-sajam-poljoprivrede\/#webpage","url":"https:\/\/www.visit-ulcinj.com\/blog\/2010\/05\/07\/u-vladimiru-kod-ulcinja-odrzan-sajam-poljoprivrede\/","name":"U Vladimiru kod Ulcinja odr\u017ean sajam poljoprivrede - Lajme nga Ulqini","isPartOf":{"@id":"https:\/\/www.visit-ulcinj.com\/blog\/#website"},"primaryImageOfPage":{"@id":"https:\/\/www.visit-ulcinj.com\/blog\/2010\/05\/07\/u-vladimiru-kod-ulcinja-odrzan-sajam-poljoprivrede\/#primaryimage"},"datePublished":"2010-05-07T20:27:20+00:00","dateModified":"2010-05-08T10:39:21+00:00","author":{"@id":"https:\/\/www.visit-ulcinj.com\/blog\/#\/schema\/person\/dcab619c614d3038751c63bc2aadc06d"},"description":"Od profesije do ljubavi Ulcinj - Improvizovani \u0161tand Seljatina ?eljo\u0161evi?a u fabrici tepiha \u201eUltep\u201c u Vladimiru, ju?e je bio previ\u0161e uzak da bi mu pri\u0161li","breadcrumb":{"@id":"https:\/\/www.visit-ulcinj.com\/blog\/2010\/05\/07\/u-vladimiru-kod-ulcinja-odrzan-sajam-poljoprivrede\/#breadcrumb"},"inLanguage":"en-US","potentialAction":[{"@type":"ReadAction","target":["https:\/\/www.visit-ulcinj.com\/blog\/2010\/05\/07\/u-vladimiru-kod-ulcinja-odrzan-sajam-poljoprivrede\/"]}]},{"@type":"BreadcrumbList","@id":"https:\/\/www.visit-ulcinj.com\/blog\/2010\/05\/07\/u-vladimiru-kod-ulcinja-odrzan-sajam-poljoprivrede\/#breadcrumb","itemListElement":[{"@type":"ListItem","position":1,"name":"U Vladimiru kod Ulcinja odr\u017ean sajam poljoprivrede"}]},{"@type":"Person","@id":"https:\/\/www.visit-ulcinj.com\/blog\/#\/schema\/person\/dcab619c614d3038751c63bc2aadc06d","name":"ulqini","sameAs":["http:\/\/www.visit-ulcinj.com"],"url":"https:\/\/www.visit-ulcinj.com\/blog\/author\/admin\/"}]}},"jetpack_featured_media_url":"","jetpack_sharing_enabled":true,"jetpack_shortlink":"https:\/\/wp.me\/pe6lTn-8zx","_links":{"self":[{"href":"https:\/\/www.visit-ulcinj.com\/blog\/wp-json\/wp\/v2\/posts\/32955"}],"collection":[{"href":"https:\/\/www.visit-ulcinj.com\/blog\/wp-json\/wp\/v2\/posts"}],"about":[{"href":"https:\/\/www.visit-ulcinj.com\/blog\/wp-json\/wp\/v2\/types\/post"}],"author":[{"embeddable":true,"href":"https:\/\/www.visit-ulcinj.com\/blog\/wp-json\/wp\/v2\/users\/1"}],"replies":[{"embeddable":true,"href":"https:\/\/www.visit-ulcinj.com\/blog\/wp-json\/wp\/v2\/comments?post=32955"}],"version-history":[{"count":0,"href":"https:\/\/www.visit-ulcinj.com\/blog\/wp-json\/wp\/v2\/posts\/32955\/revisions"}],"wp:attachment":[{"href":"https:\/\/www.visit-ulcinj.com\/blog\/wp-json\/wp\/v2\/media?parent=32955"}],"wp:term":[{"taxonomy":"category","embeddable":true,"href":"https:\/\/www.visit-ulcinj.com\/blog\/wp-json\/wp\/v2\/categories?post=32955"},{"taxonomy":"post_tag","embeddable":true,"href":"https:\/\/www.visit-ulcinj.com\/blog\/wp-json\/wp\/v2\/tags?post=32955"}],"curies":[{"name":"wp","href":"https:\/\/api.w.org\/{rel}","templated":true}]}}