{"id":32983,"date":"2010-05-08T11:22:52","date_gmt":"2010-05-08T09:22:52","guid":{"rendered":"http:\/\/www.visit-ulcinj.com\/blog\/?p=32983"},"modified":"2010-05-08T12:17:38","modified_gmt":"2010-05-08T10:17:38","slug":"velikoj-plazi-sedam-plavih-zastavica","status":"publish","type":"post","link":"https:\/\/www.visit-ulcinj.com\/blog\/2010\/05\/08\/velikoj-plazi-sedam-plavih-zastavica\/","title":{"rendered":"Velikoj pla\u017ei sedam plavih zastavica"},"content":{"rendered":"<p><a href=\"http:\/\/www.visit-ulcinj.com\/blog\/wp-content\/uploads\/2010\/05\/Tropicana-Beach-Ulcinj.2.JPG\"><img loading=\"lazy\" class=\"alignleft size-full wp-image-32993\" title=\"Tropicana Beach Ulcinj.2\" src=\"http:\/\/www.visit-ulcinj.com\/blog\/wp-content\/uploads\/2010\/05\/Tropicana-Beach-Ulcinj.2.JPG\" alt=\"Tropicana Beach Ulcinj.2\" width=\"490\" height=\"390\" \/><\/a>Budva &#8211; Me?unarodni \u017eiri  odlu?io je  da se 19 plavih zastavica  dodijeli Crnoj Gori. Od 5.juna ove godine zastavice ?e se vijoriti na  pla\u017ei hotela Rivijera u Njivicama, zatim na pla\u017eama Kuba libre i Porto u  \u017danjicama i Dobrec u Herceg Novom. U Tivtu su to pla\u017ee Kalardovo, zatim  kod hotela Plavi horizonti i Almara bi? u Oblatnu. Me?u budvanskim  pla\u017eama plavu zastavicu dobi?e Sveti Toma, zatim kupali\u0161ta kod hotela  Belvi i Queen of Montengro u Be?i?ima.<\/p>\n<p>Plava zastavica dodijeljena je i dvijema pla\u017eama u Baru \u2013  Paradizo u Utjehi i Centar u Sutomoru. Velika pla\u017ea u Ulcinju dobila je  sedam plavih zastavica &#8211; na Majamiju, Toni  krivu, Kopakabani, MCM bi?u,  Evropa bi?u, Safari bi?u i Tropikani.<\/p>\n<p>Izvr\u0161ni direktor Javnog preduze?a za upravljanje morskim dobrom  Crne Gore Rajko Barovi? podsjetio je da je po?etkom  marta nacionalna  komisija podnijela kandidaturu za 19 pla\u017ea. One su ispunile sve  kriterijume.<\/p>\n<p>Plava zastavica je ekolo\u0161ko obilje\u017eje koje se godi\u0161nje dodjeljuje  pla\u017eama koje ispune 32 obavezuju?a kriterijuma &#8211;  rekao je Barovi?.<\/p>\n<p><strong>Predvi?eno ure?enje 294 kupali\u0161ta<\/strong><\/p>\n<p>&#8211; Programom organizacije kupali\u0161ta na Crnogorskom primorju za ovu  godinu predvi?a se ure?enje 294 djelova pla\u017ea. Od toga je 27 hotelskih,  264 javnih i tri nudisti?ke. Ure?eno i izgra?eno je 199 djelova  kupali\u0161ta &#8211; rekao je za Pobjedu Rajko Barovi?.<\/p>\n<p><strong>S. Glend\u017ea<br \/>\nPobjeda<br \/>\n\n\t\t<style type=\"text\/css\">\n\t\t\t#gallery-1 {\n\t\t\t\tmargin: auto;\n\t\t\t}\n\t\t\t#gallery-1 .gallery-item {\n\t\t\t\tfloat: left;\n\t\t\t\tmargin-top: 10px;\n\t\t\t\ttext-align: center;\n\t\t\t\twidth: 33%;\n\t\t\t}\n\t\t\t#gallery-1 img {\n\t\t\t\tborder: 2px solid #cfcfcf;\n\t\t\t}\n\t\t\t#gallery-1 .gallery-caption {\n\t\t\t\tmargin-left: 0;\n\t\t\t}\n\t\t\t\/* see gallery_shortcode() in wp-includes\/media.php *\/\n\t\t<\/style>\n\t\t<div id='gallery-1' class='gallery galleryid-32983 gallery-columns-3 gallery-size-thumbnail'><dl class='gallery-item'>\n\t\t\t<dt class='gallery-icon '>\n\t\t\t\t<a href='https:\/\/www.visit-ulcinj.com\/blog\/wp-content\/uploads\/2010\/05\/Velika-pla\u00c5\u00bea-ulcinj.jpg'><img width=\"1\" height=\"1\" src=\"https:\/\/www.visit-ulcinj.com\/blog\/wp-content\/uploads\/2010\/05\/Velika-pla\u00c5\u00bea-ulcinj.jpg\" class=\"attachment-thumbnail size-thumbnail\" alt=\"\" loading=\"lazy\" \/><\/a>\n\t\t\t<\/dt><\/dl><dl class='gallery-item'>\n\t\t\t<dt class='gallery-icon landscape'>\n\t\t\t\t<a href='https:\/\/www.visit-ulcinj.com\/blog\/wp-content\/uploads\/2010\/05\/Cobacabana-Beach-Ulcinj.1_picnik.jpg'><img width=\"150\" height=\"150\" src=\"https:\/\/www.visit-ulcinj.com\/blog\/wp-content\/uploads\/2010\/05\/Cobacabana-Beach-Ulcinj.1_picnik-150x150.jpg\" class=\"attachment-thumbnail size-thumbnail\" alt=\"\" loading=\"lazy\" \/><\/a>\n\t\t\t<\/dt><\/dl><dl class='gallery-item'>\n\t\t\t<dt class='gallery-icon landscape'>\n\t\t\t\t<a href='https:\/\/www.visit-ulcinj.com\/blog\/wp-content\/uploads\/2010\/05\/Cobacabana-Beach-Ulcinj.2_picnik.jpg'><img width=\"150\" height=\"150\" src=\"https:\/\/www.visit-ulcinj.com\/blog\/wp-content\/uploads\/2010\/05\/Cobacabana-Beach-Ulcinj.2_picnik-150x150.jpg\" class=\"attachment-thumbnail size-thumbnail\" alt=\"\" loading=\"lazy\" \/><\/a>\n\t\t\t<\/dt><\/dl><br style=\"clear: both\" \/><dl class='gallery-item'>\n\t\t\t<dt class='gallery-icon landscape'>\n\t\t\t\t<a href='https:\/\/www.visit-ulcinj.com\/blog\/wp-content\/uploads\/2010\/05\/Cobacabana-Beach-Ulcinj_picnik.jpg'><img width=\"150\" height=\"150\" src=\"https:\/\/www.visit-ulcinj.com\/blog\/wp-content\/uploads\/2010\/05\/Cobacabana-Beach-Ulcinj_picnik-150x150.jpg\" class=\"attachment-thumbnail size-thumbnail\" alt=\"\" loading=\"lazy\" \/><\/a>\n\t\t\t<\/dt><\/dl><dl class='gallery-item'>\n\t\t\t<dt class='gallery-icon landscape'>\n\t\t\t\t<a href='https:\/\/www.visit-ulcinj.com\/blog\/wp-content\/uploads\/2010\/05\/MCM-Beach-Ulcinj.1_picnik.jpg'><img width=\"150\" height=\"150\" src=\"https:\/\/www.visit-ulcinj.com\/blog\/wp-content\/uploads\/2010\/05\/MCM-Beach-Ulcinj.1_picnik-150x150.jpg\" class=\"attachment-thumbnail size-thumbnail\" alt=\"\" loading=\"lazy\" \/><\/a>\n\t\t\t<\/dt><\/dl><dl class='gallery-item'>\n\t\t\t<dt class='gallery-icon landscape'>\n\t\t\t\t<a href='https:\/\/www.visit-ulcinj.com\/blog\/wp-content\/uploads\/2010\/05\/MCM-Beach-Ulcinj_picnik.jpg'><img width=\"150\" height=\"150\" src=\"https:\/\/www.visit-ulcinj.com\/blog\/wp-content\/uploads\/2010\/05\/MCM-Beach-Ulcinj_picnik-150x150.jpg\" class=\"attachment-thumbnail size-thumbnail\" alt=\"\" loading=\"lazy\" \/><\/a>\n\t\t\t<\/dt><\/dl><br style=\"clear: both\" \/><dl class='gallery-item'>\n\t\t\t<dt class='gallery-icon landscape'>\n\t\t\t\t<a href='https:\/\/www.visit-ulcinj.com\/blog\/wp-content\/uploads\/2010\/05\/Tropicana-Beach-Ulcinj.jpg'><img width=\"150\" height=\"150\" src=\"https:\/\/www.visit-ulcinj.com\/blog\/wp-content\/uploads\/2010\/05\/Tropicana-Beach-Ulcinj-150x150.jpg\" class=\"attachment-thumbnail size-thumbnail\" alt=\"\" loading=\"lazy\" \/><\/a>\n\t\t\t<\/dt><\/dl><dl class='gallery-item'>\n\t\t\t<dt class='gallery-icon landscape'>\n\t\t\t\t<a href='https:\/\/www.visit-ulcinj.com\/blog\/wp-content\/uploads\/2010\/05\/Tropicana-Beach-Ulcinj.1.JPG'><img width=\"150\" height=\"150\" src=\"https:\/\/www.visit-ulcinj.com\/blog\/wp-content\/uploads\/2010\/05\/Tropicana-Beach-Ulcinj.1-150x150.jpg\" class=\"attachment-thumbnail size-thumbnail\" alt=\"\" loading=\"lazy\" \/><\/a>\n\t\t\t<\/dt><\/dl><dl class='gallery-item'>\n\t\t\t<dt class='gallery-icon landscape'>\n\t\t\t\t<a href='https:\/\/www.visit-ulcinj.com\/blog\/wp-content\/uploads\/2010\/05\/Tropicana-Beach-Ulcinj.2.JPG'><img width=\"150\" height=\"150\" src=\"https:\/\/www.visit-ulcinj.com\/blog\/wp-content\/uploads\/2010\/05\/Tropicana-Beach-Ulcinj.2-150x150.jpg\" class=\"attachment-thumbnail size-thumbnail\" alt=\"\" loading=\"lazy\" \/><\/a>\n\t\t\t<\/dt><\/dl><br style=\"clear: both\" \/>\n\t\t<\/div>\n<br \/>\n<!--YouTube Error: bad URL entered--><br \/>\n<\/strong><\/p>\n","protected":false},"excerpt":{"rendered":"<p>Budva &#8211; Me?unarodni \u017eiri odlu?io je da se 19 plavih zastavica dodijeli Crnoj Gori. Od 5.juna ove godine zastavice ?e se vijoriti na pla\u017ei hotela Rivijera u Njivicama, zatim na pla\u017eama Kuba libre i Porto u \u017danjicama i Dobrec u Herceg Novom. U Tivtu su to pla\u017ee Kalardovo, zatim kod hotela Plavi horizonti i Almara [&hellip;]<\/p>\n","protected":false},"author":1,"featured_media":0,"comment_status":"open","ping_status":"closed","sticky":false,"template":"","format":"standard","meta":{"spay_email":"","jetpack_publicize_message":"","jetpack_is_tweetstorm":false,"jetpack_publicize_feature_enabled":true},"categories":[15],"tags":[13569,4832],"jetpack_publicize_connections":[],"yoast_head":"<!-- This site is optimized with the Yoast SEO plugin v19.1 - https:\/\/yoast.com\/wordpress\/plugins\/seo\/ -->\n<title>Velikoj pla\u017ei sedam plavih zastavica - Lajme nga Ulqini<\/title>\n<meta name=\"description\" content=\"Budva - Me?unarodni \u017eiri odlu?io je da se 19 plavih zastavica dodijeli Crnoj Gori. Od 5.juna ove godine zastavice ?e se vijoriti na pla\u017ei hotela Rivijera\" \/>\n<meta name=\"robots\" content=\"index, follow, max-snippet:-1, max-image-preview:large, max-video-preview:-1\" \/>\n<link rel=\"canonical\" href=\"https:\/\/www.visit-ulcinj.com\/blog\/2010\/05\/08\/velikoj-plazi-sedam-plavih-zastavica\/\" \/>\n<meta property=\"og:locale\" content=\"en_US\" \/>\n<meta property=\"og:type\" content=\"article\" \/>\n<meta property=\"og:title\" content=\"Velikoj pla\u017ei sedam plavih zastavica - Lajme nga Ulqini\" \/>\n<meta property=\"og:description\" content=\"Budva - Me?unarodni \u017eiri odlu?io je da se 19 plavih zastavica dodijeli Crnoj Gori. Od 5.juna ove godine zastavice ?e se vijoriti na pla\u017ei hotela Rivijera\" \/>\n<meta property=\"og:url\" content=\"https:\/\/www.visit-ulcinj.com\/blog\/2010\/05\/08\/velikoj-plazi-sedam-plavih-zastavica\/\" \/>\n<meta property=\"og:site_name\" content=\"Lajme nga Ulqini\" \/>\n<meta property=\"article:published_time\" content=\"2010-05-08T09:22:52+00:00\" \/>\n<meta property=\"article:modified_time\" content=\"2010-05-08T10:17:38+00:00\" \/>\n<meta property=\"og:image\" content=\"https:\/\/www.visit-ulcinj.com\/blog\/wp-content\/uploads\/2010\/05\/Velika-pla\u00c5\u00bea-ulcinj.jpg\" \/>\n<meta name=\"twitter:label1\" content=\"Written by\" \/>\n\t<meta name=\"twitter:data1\" content=\"ulqini\" \/>\n\t<meta name=\"twitter:label2\" content=\"Est. reading time\" \/>\n\t<meta name=\"twitter:data2\" content=\"1 minute\" \/>\n<script type=\"application\/ld+json\" class=\"yoast-schema-graph\">{\"@context\":\"https:\/\/schema.org\",\"@graph\":[{\"@type\":\"WebSite\",\"@id\":\"https:\/\/www.visit-ulcinj.com\/blog\/#website\",\"url\":\"https:\/\/www.visit-ulcinj.com\/blog\/\",\"name\":\"Lajme nga Ulqini\",\"description\":\"Lajme,Vijesti,Ulqini,Ulqin,Crna Gora,Mali i Zi\",\"potentialAction\":[{\"@type\":\"SearchAction\",\"target\":{\"@type\":\"EntryPoint\",\"urlTemplate\":\"https:\/\/www.visit-ulcinj.com\/blog\/?s={search_term_string}\"},\"query-input\":\"required name=search_term_string\"}],\"inLanguage\":\"en-US\"},{\"@type\":\"ImageObject\",\"inLanguage\":\"en-US\",\"@id\":\"https:\/\/www.visit-ulcinj.com\/blog\/2010\/05\/08\/velikoj-plazi-sedam-plavih-zastavica\/#primaryimage\",\"url\":\"https:\/\/www.visit-ulcinj.com\/blog\/wp-content\/uploads\/2010\/05\/Tropicana-Beach-Ulcinj.2.JPG\",\"contentUrl\":\"https:\/\/www.visit-ulcinj.com\/blog\/wp-content\/uploads\/2010\/05\/Tropicana-Beach-Ulcinj.2.JPG\",\"width\":\"800\",\"height\":\"598\"},{\"@type\":\"WebPage\",\"@id\":\"https:\/\/www.visit-ulcinj.com\/blog\/2010\/05\/08\/velikoj-plazi-sedam-plavih-zastavica\/#webpage\",\"url\":\"https:\/\/www.visit-ulcinj.com\/blog\/2010\/05\/08\/velikoj-plazi-sedam-plavih-zastavica\/\",\"name\":\"Velikoj pla\u017ei sedam plavih zastavica - Lajme nga Ulqini\",\"isPartOf\":{\"@id\":\"https:\/\/www.visit-ulcinj.com\/blog\/#website\"},\"primaryImageOfPage\":{\"@id\":\"https:\/\/www.visit-ulcinj.com\/blog\/2010\/05\/08\/velikoj-plazi-sedam-plavih-zastavica\/#primaryimage\"},\"datePublished\":\"2010-05-08T09:22:52+00:00\",\"dateModified\":\"2010-05-08T10:17:38+00:00\",\"author\":{\"@id\":\"https:\/\/www.visit-ulcinj.com\/blog\/#\/schema\/person\/dcab619c614d3038751c63bc2aadc06d\"},\"description\":\"Budva - Me?unarodni \u017eiri odlu?io je da se 19 plavih zastavica dodijeli Crnoj Gori. Od 5.juna ove godine zastavice ?e se vijoriti na pla\u017ei hotela Rivijera\",\"breadcrumb\":{\"@id\":\"https:\/\/www.visit-ulcinj.com\/blog\/2010\/05\/08\/velikoj-plazi-sedam-plavih-zastavica\/#breadcrumb\"},\"inLanguage\":\"en-US\",\"potentialAction\":[{\"@type\":\"ReadAction\",\"target\":[\"https:\/\/www.visit-ulcinj.com\/blog\/2010\/05\/08\/velikoj-plazi-sedam-plavih-zastavica\/\"]}]},{\"@type\":\"BreadcrumbList\",\"@id\":\"https:\/\/www.visit-ulcinj.com\/blog\/2010\/05\/08\/velikoj-plazi-sedam-plavih-zastavica\/#breadcrumb\",\"itemListElement\":[{\"@type\":\"ListItem\",\"position\":1,\"name\":\"Velikoj pla\u017ei sedam plavih zastavica\"}]},{\"@type\":\"Person\",\"@id\":\"https:\/\/www.visit-ulcinj.com\/blog\/#\/schema\/person\/dcab619c614d3038751c63bc2aadc06d\",\"name\":\"ulqini\",\"sameAs\":[\"http:\/\/www.visit-ulcinj.com\"],\"url\":\"https:\/\/www.visit-ulcinj.com\/blog\/author\/admin\/\"}]}<\/script>\n<!-- \/ Yoast SEO plugin. -->","yoast_head_json":{"title":"Velikoj pla\u017ei sedam plavih zastavica - Lajme nga Ulqini","description":"Budva - Me?unarodni \u017eiri odlu?io je da se 19 plavih zastavica dodijeli Crnoj Gori. Od 5.juna ove godine zastavice ?e se vijoriti na pla\u017ei hotela Rivijera","robots":{"index":"index","follow":"follow","max-snippet":"max-snippet:-1","max-image-preview":"max-image-preview:large","max-video-preview":"max-video-preview:-1"},"canonical":"https:\/\/www.visit-ulcinj.com\/blog\/2010\/05\/08\/velikoj-plazi-sedam-plavih-zastavica\/","og_locale":"en_US","og_type":"article","og_title":"Velikoj pla\u017ei sedam plavih zastavica - Lajme nga Ulqini","og_description":"Budva - Me?unarodni \u017eiri odlu?io je da se 19 plavih zastavica dodijeli Crnoj Gori. Od 5.juna ove godine zastavice ?e se vijoriti na pla\u017ei hotela Rivijera","og_url":"https:\/\/www.visit-ulcinj.com\/blog\/2010\/05\/08\/velikoj-plazi-sedam-plavih-zastavica\/","og_site_name":"Lajme nga Ulqini","article_published_time":"2010-05-08T09:22:52+00:00","article_modified_time":"2010-05-08T10:17:38+00:00","og_image":[{"url":"https:\/\/www.visit-ulcinj.com\/blog\/wp-content\/uploads\/2010\/05\/Velika-pla\u00c5\u00bea-ulcinj.jpg"}],"twitter_misc":{"Written by":"ulqini","Est. reading time":"1 minute"},"schema":{"@context":"https:\/\/schema.org","@graph":[{"@type":"WebSite","@id":"https:\/\/www.visit-ulcinj.com\/blog\/#website","url":"https:\/\/www.visit-ulcinj.com\/blog\/","name":"Lajme nga Ulqini","description":"Lajme,Vijesti,Ulqini,Ulqin,Crna Gora,Mali i Zi","potentialAction":[{"@type":"SearchAction","target":{"@type":"EntryPoint","urlTemplate":"https:\/\/www.visit-ulcinj.com\/blog\/?s={search_term_string}"},"query-input":"required name=search_term_string"}],"inLanguage":"en-US"},{"@type":"ImageObject","inLanguage":"en-US","@id":"https:\/\/www.visit-ulcinj.com\/blog\/2010\/05\/08\/velikoj-plazi-sedam-plavih-zastavica\/#primaryimage","url":"https:\/\/www.visit-ulcinj.com\/blog\/wp-content\/uploads\/2010\/05\/Tropicana-Beach-Ulcinj.2.JPG","contentUrl":"https:\/\/www.visit-ulcinj.com\/blog\/wp-content\/uploads\/2010\/05\/Tropicana-Beach-Ulcinj.2.JPG","width":"800","height":"598"},{"@type":"WebPage","@id":"https:\/\/www.visit-ulcinj.com\/blog\/2010\/05\/08\/velikoj-plazi-sedam-plavih-zastavica\/#webpage","url":"https:\/\/www.visit-ulcinj.com\/blog\/2010\/05\/08\/velikoj-plazi-sedam-plavih-zastavica\/","name":"Velikoj pla\u017ei sedam plavih zastavica - Lajme nga Ulqini","isPartOf":{"@id":"https:\/\/www.visit-ulcinj.com\/blog\/#website"},"primaryImageOfPage":{"@id":"https:\/\/www.visit-ulcinj.com\/blog\/2010\/05\/08\/velikoj-plazi-sedam-plavih-zastavica\/#primaryimage"},"datePublished":"2010-05-08T09:22:52+00:00","dateModified":"2010-05-08T10:17:38+00:00","author":{"@id":"https:\/\/www.visit-ulcinj.com\/blog\/#\/schema\/person\/dcab619c614d3038751c63bc2aadc06d"},"description":"Budva - Me?unarodni \u017eiri odlu?io je da se 19 plavih zastavica dodijeli Crnoj Gori. Od 5.juna ove godine zastavice ?e se vijoriti na pla\u017ei hotela Rivijera","breadcrumb":{"@id":"https:\/\/www.visit-ulcinj.com\/blog\/2010\/05\/08\/velikoj-plazi-sedam-plavih-zastavica\/#breadcrumb"},"inLanguage":"en-US","potentialAction":[{"@type":"ReadAction","target":["https:\/\/www.visit-ulcinj.com\/blog\/2010\/05\/08\/velikoj-plazi-sedam-plavih-zastavica\/"]}]},{"@type":"BreadcrumbList","@id":"https:\/\/www.visit-ulcinj.com\/blog\/2010\/05\/08\/velikoj-plazi-sedam-plavih-zastavica\/#breadcrumb","itemListElement":[{"@type":"ListItem","position":1,"name":"Velikoj pla\u017ei sedam plavih zastavica"}]},{"@type":"Person","@id":"https:\/\/www.visit-ulcinj.com\/blog\/#\/schema\/person\/dcab619c614d3038751c63bc2aadc06d","name":"ulqini","sameAs":["http:\/\/www.visit-ulcinj.com"],"url":"https:\/\/www.visit-ulcinj.com\/blog\/author\/admin\/"}]}},"jetpack_featured_media_url":"","jetpack_sharing_enabled":true,"jetpack_shortlink":"https:\/\/wp.me\/pe6lTn-8zZ","_links":{"self":[{"href":"https:\/\/www.visit-ulcinj.com\/blog\/wp-json\/wp\/v2\/posts\/32983"}],"collection":[{"href":"https:\/\/www.visit-ulcinj.com\/blog\/wp-json\/wp\/v2\/posts"}],"about":[{"href":"https:\/\/www.visit-ulcinj.com\/blog\/wp-json\/wp\/v2\/types\/post"}],"author":[{"embeddable":true,"href":"https:\/\/www.visit-ulcinj.com\/blog\/wp-json\/wp\/v2\/users\/1"}],"replies":[{"embeddable":true,"href":"https:\/\/www.visit-ulcinj.com\/blog\/wp-json\/wp\/v2\/comments?post=32983"}],"version-history":[{"count":0,"href":"https:\/\/www.visit-ulcinj.com\/blog\/wp-json\/wp\/v2\/posts\/32983\/revisions"}],"wp:attachment":[{"href":"https:\/\/www.visit-ulcinj.com\/blog\/wp-json\/wp\/v2\/media?parent=32983"}],"wp:term":[{"taxonomy":"category","embeddable":true,"href":"https:\/\/www.visit-ulcinj.com\/blog\/wp-json\/wp\/v2\/categories?post=32983"},{"taxonomy":"post_tag","embeddable":true,"href":"https:\/\/www.visit-ulcinj.com\/blog\/wp-json\/wp\/v2\/tags?post=32983"}],"curies":[{"name":"wp","href":"https:\/\/api.w.org\/{rel}","templated":true}]}}