{"id":33028,"date":"2010-05-08T14:18:14","date_gmt":"2010-05-08T12:18:14","guid":{"rendered":"http:\/\/www.visit-ulcinj.com\/blog\/?p=33028"},"modified":"2010-05-08T14:24:28","modified_gmt":"2010-05-08T12:24:28","slug":"rosela-gjylbegu-eshte-heret-per-martese","status":"publish","type":"post","link":"https:\/\/www.visit-ulcinj.com\/blog\/2010\/05\/08\/rosela-gjylbegu-eshte-heret-per-martese\/","title":{"rendered":"Rosela Gjylbegu: \u00cbsht\u00eb her\u00ebt p\u00ebr martes\u00eb"},"content":{"rendered":"<p><a href=\"http:\/\/www.visit-ulcinj.com\/blog\/wp-content\/uploads\/2010\/05\/Rosela-Gjylbegu.jpg\"><img loading=\"lazy\" class=\"alignleft size-full wp-image-33029\" title=\"Rosela Gjylbegu\" src=\"http:\/\/www.visit-ulcinj.com\/blog\/wp-content\/uploads\/2010\/05\/Rosela-Gjylbegu.jpg\" alt=\"Rosela Gjylbegu\" width=\"490\" height=\"590\" \/><\/a>S\u2019dua m\u00eb t\u00eb dashuroj\u201d, kjo \u00ebsht\u00eb k\u00ebnga m\u00eb e re e k\u00ebng\u00ebtares shkodrane Rosela Gjylbegu. Por, padyshim q\u00eb teksti i k\u00ebng\u00ebs nuk ka t\u00eb b\u00ebj\u00eb asgj\u00eb me k\u00ebng\u00ebtaren, aq m\u00eb tep\u00ebr kur \u00ebsht\u00eb shkruar nga dikush tjet\u00ebr.<br \/>\nK\u00ebnga mban vul\u00ebn e Adrian Hil\u00ebs, kompozitori dhe tekstshkruesi i njohur, i cili \u00ebsht\u00eb nj\u00eb nga bashk\u00ebpun\u00ebtor\u00ebt e denj\u00eb t\u00eb Rosel\u00ebs.<br \/>\nRosela ka marr\u00eb pjes\u00eb edhe n\u00eb nj\u00eb tjet\u00ebr aktivitet artistik. Ajo ka pozuar p\u00ebr nj\u00eb agjenci fustanesh t\u00eb nus\u00ebris\u00eb, duke nxjerr\u00eb n\u00eb pah akoma m\u00eb shum\u00eb bukurin\u00eb e saj.<br \/>\nP\u00ebr k\u00ebt\u00eb experience t\u00eb re n\u00eb jet\u00ebn e saj, Rosela shprehet: \u201cIshte shum\u00eb arg\u00ebtuese. Mu b\u00eb kjo ftes\u00eb q\u00eb t\u00eb b\u00ebhesha imazh i k\u00ebsaj agjencie dhe m\u00eb erdhi natyrsh\u00ebm ta pranoja.<br \/>\n<strong><br \/>\nFustanet ishin t\u00eb bukura, u ndjeva rehat\u201d.<\/strong><\/p>\n<p>Po se \u00e7far\u00eb ndjesie i solli veshja e nj\u00eb fustani nus\u00ebrie, q\u00eb n\u00eb nj\u00ebfar\u00eb m\u00ebnyre e \u00ebnd\u00ebrron pothuajse secila fem\u00ebr, k\u00ebng\u00ebtarja p\u00ebrgjigjet: \u201cS\u2019e di, p\u00ebr sa i p\u00ebrket ndjenj\u00ebs, si \u00e7do fem\u00ebr q\u00eb e \u00ebnd\u00ebrron, por mendoj se \u00ebsht\u00eb ende her\u00ebt p\u00ebr mua\u201d. Rosela nuk preferon t\u00eb zbuloj\u00eb n\u00ebse ka zgjedhur njeriun e zemr\u00ebs, pasi konsideron se \u00ebsht\u00eb di\u00e7ka private.<br \/>\nNdryshe, ajo tregon se mezi po e pret promovimin e klipit \u201cRruga e zemr\u00ebs\u201d, nd\u00ebrkoh\u00eb q\u00eb ka shum\u00eb projekte q\u00eb presin realizimin, por q\u00eb preferon t\u2019ia l\u00ebr\u00eb koh\u00ebs ta tregoj\u00eb v\u00ebrtet\u00ebsin\u00eb e tyre, me arsyetimin e thjesht\u00eb, se nuk varen vet\u00ebm nga ajo.<br \/>\n<!--YouTube Error: bad URL entered--><\/p>\n","protected":false},"excerpt":{"rendered":"<p>S\u2019dua m\u00eb t\u00eb dashuroj\u201d, kjo \u00ebsht\u00eb k\u00ebnga m\u00eb e re e k\u00ebng\u00ebtares shkodrane Rosela Gjylbegu. Por, padyshim q\u00eb teksti i k\u00ebng\u00ebs nuk ka t\u00eb b\u00ebj\u00eb asgj\u00eb me k\u00ebng\u00ebtaren, aq m\u00eb tep\u00ebr kur \u00ebsht\u00eb shkruar nga dikush tjet\u00ebr. K\u00ebnga mban vul\u00ebn e Adrian Hil\u00ebs, kompozitori dhe tekstshkruesi i njohur, i cili \u00ebsht\u00eb nj\u00eb nga bashk\u00ebpun\u00ebtor\u00ebt e [&hellip;]<\/p>\n","protected":false},"author":1,"featured_media":0,"comment_status":"open","ping_status":"closed","sticky":false,"template":"","format":"standard","meta":{"spay_email":"","jetpack_publicize_message":"","jetpack_is_tweetstorm":false,"jetpack_publicize_feature_enabled":true},"categories":[1],"tags":[5087],"jetpack_publicize_connections":[],"yoast_head":"<!-- This site is optimized with the Yoast SEO plugin v19.1 - https:\/\/yoast.com\/wordpress\/plugins\/seo\/ -->\n<title>Rosela Gjylbegu: \u00cbsht\u00eb her\u00ebt p\u00ebr martes\u00eb - Lajme nga Ulqini<\/title>\n<meta name=\"description\" content=\"S\u2019dua m\u00eb t\u00eb dashuroj\u201d, kjo \u00ebsht\u00eb k\u00ebnga m\u00eb e re e k\u00ebng\u00ebtares shkodrane Rosela Gjylbegu. Por, padyshim q\u00eb teksti i k\u00ebng\u00ebs nuk ka t\u00eb b\u00ebj\u00eb asgj\u00eb me\" \/>\n<meta name=\"robots\" content=\"index, follow, max-snippet:-1, max-image-preview:large, max-video-preview:-1\" \/>\n<link rel=\"canonical\" href=\"https:\/\/www.visit-ulcinj.com\/blog\/2010\/05\/08\/rosela-gjylbegu-eshte-heret-per-martese\/\" \/>\n<meta property=\"og:locale\" content=\"en_US\" \/>\n<meta property=\"og:type\" content=\"article\" \/>\n<meta property=\"og:title\" content=\"Rosela Gjylbegu: \u00cbsht\u00eb her\u00ebt p\u00ebr martes\u00eb - Lajme nga Ulqini\" \/>\n<meta property=\"og:description\" content=\"S\u2019dua m\u00eb t\u00eb dashuroj\u201d, kjo \u00ebsht\u00eb k\u00ebnga m\u00eb e re e k\u00ebng\u00ebtares shkodrane Rosela Gjylbegu. Por, padyshim q\u00eb teksti i k\u00ebng\u00ebs nuk ka t\u00eb b\u00ebj\u00eb asgj\u00eb me\" \/>\n<meta property=\"og:url\" content=\"https:\/\/www.visit-ulcinj.com\/blog\/2010\/05\/08\/rosela-gjylbegu-eshte-heret-per-martese\/\" \/>\n<meta property=\"og:site_name\" content=\"Lajme nga Ulqini\" \/>\n<meta property=\"article:published_time\" content=\"2010-05-08T12:18:14+00:00\" \/>\n<meta property=\"article:modified_time\" content=\"2010-05-08T12:24:28+00:00\" \/>\n<meta property=\"og:image\" content=\"http:\/\/www.visit-ulcinj.com\/blog\/wp-content\/uploads\/2010\/05\/Rosela-Gjylbegu.jpg\" \/>\n<meta name=\"twitter:label1\" content=\"Written by\" \/>\n\t<meta name=\"twitter:data1\" content=\"ulqini\" \/>\n\t<meta name=\"twitter:label2\" content=\"Est. reading time\" \/>\n\t<meta name=\"twitter:data2\" content=\"1 minute\" \/>\n<script type=\"application\/ld+json\" class=\"yoast-schema-graph\">{\"@context\":\"https:\/\/schema.org\",\"@graph\":[{\"@type\":\"WebSite\",\"@id\":\"https:\/\/www.visit-ulcinj.com\/blog\/#website\",\"url\":\"https:\/\/www.visit-ulcinj.com\/blog\/\",\"name\":\"Lajme nga Ulqini\",\"description\":\"Lajme,Vijesti,Ulqini,Ulqin,Crna Gora,Mali i Zi\",\"potentialAction\":[{\"@type\":\"SearchAction\",\"target\":{\"@type\":\"EntryPoint\",\"urlTemplate\":\"https:\/\/www.visit-ulcinj.com\/blog\/?s={search_term_string}\"},\"query-input\":\"required name=search_term_string\"}],\"inLanguage\":\"en-US\"},{\"@type\":\"ImageObject\",\"inLanguage\":\"en-US\",\"@id\":\"https:\/\/www.visit-ulcinj.com\/blog\/2010\/05\/08\/rosela-gjylbegu-eshte-heret-per-martese\/#primaryimage\",\"url\":\"http:\/\/www.visit-ulcinj.com\/blog\/wp-content\/uploads\/2010\/05\/Rosela-Gjylbegu.jpg\",\"contentUrl\":\"http:\/\/www.visit-ulcinj.com\/blog\/wp-content\/uploads\/2010\/05\/Rosela-Gjylbegu.jpg\"},{\"@type\":\"WebPage\",\"@id\":\"https:\/\/www.visit-ulcinj.com\/blog\/2010\/05\/08\/rosela-gjylbegu-eshte-heret-per-martese\/#webpage\",\"url\":\"https:\/\/www.visit-ulcinj.com\/blog\/2010\/05\/08\/rosela-gjylbegu-eshte-heret-per-martese\/\",\"name\":\"Rosela Gjylbegu: \u00cbsht\u00eb her\u00ebt p\u00ebr martes\u00eb - Lajme nga Ulqini\",\"isPartOf\":{\"@id\":\"https:\/\/www.visit-ulcinj.com\/blog\/#website\"},\"primaryImageOfPage\":{\"@id\":\"https:\/\/www.visit-ulcinj.com\/blog\/2010\/05\/08\/rosela-gjylbegu-eshte-heret-per-martese\/#primaryimage\"},\"datePublished\":\"2010-05-08T12:18:14+00:00\",\"dateModified\":\"2010-05-08T12:24:28+00:00\",\"author\":{\"@id\":\"https:\/\/www.visit-ulcinj.com\/blog\/#\/schema\/person\/dcab619c614d3038751c63bc2aadc06d\"},\"description\":\"S\u2019dua m\u00eb t\u00eb dashuroj\u201d, kjo \u00ebsht\u00eb k\u00ebnga m\u00eb e re e k\u00ebng\u00ebtares shkodrane Rosela Gjylbegu. Por, padyshim q\u00eb teksti i k\u00ebng\u00ebs nuk ka t\u00eb b\u00ebj\u00eb asgj\u00eb me\",\"breadcrumb\":{\"@id\":\"https:\/\/www.visit-ulcinj.com\/blog\/2010\/05\/08\/rosela-gjylbegu-eshte-heret-per-martese\/#breadcrumb\"},\"inLanguage\":\"en-US\",\"potentialAction\":[{\"@type\":\"ReadAction\",\"target\":[\"https:\/\/www.visit-ulcinj.com\/blog\/2010\/05\/08\/rosela-gjylbegu-eshte-heret-per-martese\/\"]}]},{\"@type\":\"BreadcrumbList\",\"@id\":\"https:\/\/www.visit-ulcinj.com\/blog\/2010\/05\/08\/rosela-gjylbegu-eshte-heret-per-martese\/#breadcrumb\",\"itemListElement\":[{\"@type\":\"ListItem\",\"position\":1,\"name\":\"Rosela Gjylbegu: \u00cbsht\u00eb her\u00ebt p\u00ebr martes\u00eb\"}]},{\"@type\":\"Person\",\"@id\":\"https:\/\/www.visit-ulcinj.com\/blog\/#\/schema\/person\/dcab619c614d3038751c63bc2aadc06d\",\"name\":\"ulqini\",\"sameAs\":[\"http:\/\/www.visit-ulcinj.com\"],\"url\":\"https:\/\/www.visit-ulcinj.com\/blog\/author\/admin\/\"}]}<\/script>\n<!-- \/ Yoast SEO plugin. -->","yoast_head_json":{"title":"Rosela Gjylbegu: \u00cbsht\u00eb her\u00ebt p\u00ebr martes\u00eb - Lajme nga Ulqini","description":"S\u2019dua m\u00eb t\u00eb dashuroj\u201d, kjo \u00ebsht\u00eb k\u00ebnga m\u00eb e re e k\u00ebng\u00ebtares shkodrane Rosela Gjylbegu. Por, padyshim q\u00eb teksti i k\u00ebng\u00ebs nuk ka t\u00eb b\u00ebj\u00eb asgj\u00eb me","robots":{"index":"index","follow":"follow","max-snippet":"max-snippet:-1","max-image-preview":"max-image-preview:large","max-video-preview":"max-video-preview:-1"},"canonical":"https:\/\/www.visit-ulcinj.com\/blog\/2010\/05\/08\/rosela-gjylbegu-eshte-heret-per-martese\/","og_locale":"en_US","og_type":"article","og_title":"Rosela Gjylbegu: \u00cbsht\u00eb her\u00ebt p\u00ebr martes\u00eb - Lajme nga Ulqini","og_description":"S\u2019dua m\u00eb t\u00eb dashuroj\u201d, kjo \u00ebsht\u00eb k\u00ebnga m\u00eb e re e k\u00ebng\u00ebtares shkodrane Rosela Gjylbegu. Por, padyshim q\u00eb teksti i k\u00ebng\u00ebs nuk ka t\u00eb b\u00ebj\u00eb asgj\u00eb me","og_url":"https:\/\/www.visit-ulcinj.com\/blog\/2010\/05\/08\/rosela-gjylbegu-eshte-heret-per-martese\/","og_site_name":"Lajme nga Ulqini","article_published_time":"2010-05-08T12:18:14+00:00","article_modified_time":"2010-05-08T12:24:28+00:00","og_image":[{"url":"http:\/\/www.visit-ulcinj.com\/blog\/wp-content\/uploads\/2010\/05\/Rosela-Gjylbegu.jpg"}],"twitter_misc":{"Written by":"ulqini","Est. reading time":"1 minute"},"schema":{"@context":"https:\/\/schema.org","@graph":[{"@type":"WebSite","@id":"https:\/\/www.visit-ulcinj.com\/blog\/#website","url":"https:\/\/www.visit-ulcinj.com\/blog\/","name":"Lajme nga Ulqini","description":"Lajme,Vijesti,Ulqini,Ulqin,Crna Gora,Mali i Zi","potentialAction":[{"@type":"SearchAction","target":{"@type":"EntryPoint","urlTemplate":"https:\/\/www.visit-ulcinj.com\/blog\/?s={search_term_string}"},"query-input":"required name=search_term_string"}],"inLanguage":"en-US"},{"@type":"ImageObject","inLanguage":"en-US","@id":"https:\/\/www.visit-ulcinj.com\/blog\/2010\/05\/08\/rosela-gjylbegu-eshte-heret-per-martese\/#primaryimage","url":"http:\/\/www.visit-ulcinj.com\/blog\/wp-content\/uploads\/2010\/05\/Rosela-Gjylbegu.jpg","contentUrl":"http:\/\/www.visit-ulcinj.com\/blog\/wp-content\/uploads\/2010\/05\/Rosela-Gjylbegu.jpg"},{"@type":"WebPage","@id":"https:\/\/www.visit-ulcinj.com\/blog\/2010\/05\/08\/rosela-gjylbegu-eshte-heret-per-martese\/#webpage","url":"https:\/\/www.visit-ulcinj.com\/blog\/2010\/05\/08\/rosela-gjylbegu-eshte-heret-per-martese\/","name":"Rosela Gjylbegu: \u00cbsht\u00eb her\u00ebt p\u00ebr martes\u00eb - Lajme nga Ulqini","isPartOf":{"@id":"https:\/\/www.visit-ulcinj.com\/blog\/#website"},"primaryImageOfPage":{"@id":"https:\/\/www.visit-ulcinj.com\/blog\/2010\/05\/08\/rosela-gjylbegu-eshte-heret-per-martese\/#primaryimage"},"datePublished":"2010-05-08T12:18:14+00:00","dateModified":"2010-05-08T12:24:28+00:00","author":{"@id":"https:\/\/www.visit-ulcinj.com\/blog\/#\/schema\/person\/dcab619c614d3038751c63bc2aadc06d"},"description":"S\u2019dua m\u00eb t\u00eb dashuroj\u201d, kjo \u00ebsht\u00eb k\u00ebnga m\u00eb e re e k\u00ebng\u00ebtares shkodrane Rosela Gjylbegu. Por, padyshim q\u00eb teksti i k\u00ebng\u00ebs nuk ka t\u00eb b\u00ebj\u00eb asgj\u00eb me","breadcrumb":{"@id":"https:\/\/www.visit-ulcinj.com\/blog\/2010\/05\/08\/rosela-gjylbegu-eshte-heret-per-martese\/#breadcrumb"},"inLanguage":"en-US","potentialAction":[{"@type":"ReadAction","target":["https:\/\/www.visit-ulcinj.com\/blog\/2010\/05\/08\/rosela-gjylbegu-eshte-heret-per-martese\/"]}]},{"@type":"BreadcrumbList","@id":"https:\/\/www.visit-ulcinj.com\/blog\/2010\/05\/08\/rosela-gjylbegu-eshte-heret-per-martese\/#breadcrumb","itemListElement":[{"@type":"ListItem","position":1,"name":"Rosela Gjylbegu: \u00cbsht\u00eb her\u00ebt p\u00ebr martes\u00eb"}]},{"@type":"Person","@id":"https:\/\/www.visit-ulcinj.com\/blog\/#\/schema\/person\/dcab619c614d3038751c63bc2aadc06d","name":"ulqini","sameAs":["http:\/\/www.visit-ulcinj.com"],"url":"https:\/\/www.visit-ulcinj.com\/blog\/author\/admin\/"}]}},"jetpack_featured_media_url":"","jetpack_sharing_enabled":true,"jetpack_shortlink":"https:\/\/wp.me\/pe6lTn-8AI","_links":{"self":[{"href":"https:\/\/www.visit-ulcinj.com\/blog\/wp-json\/wp\/v2\/posts\/33028"}],"collection":[{"href":"https:\/\/www.visit-ulcinj.com\/blog\/wp-json\/wp\/v2\/posts"}],"about":[{"href":"https:\/\/www.visit-ulcinj.com\/blog\/wp-json\/wp\/v2\/types\/post"}],"author":[{"embeddable":true,"href":"https:\/\/www.visit-ulcinj.com\/blog\/wp-json\/wp\/v2\/users\/1"}],"replies":[{"embeddable":true,"href":"https:\/\/www.visit-ulcinj.com\/blog\/wp-json\/wp\/v2\/comments?post=33028"}],"version-history":[{"count":0,"href":"https:\/\/www.visit-ulcinj.com\/blog\/wp-json\/wp\/v2\/posts\/33028\/revisions"}],"wp:attachment":[{"href":"https:\/\/www.visit-ulcinj.com\/blog\/wp-json\/wp\/v2\/media?parent=33028"}],"wp:term":[{"taxonomy":"category","embeddable":true,"href":"https:\/\/www.visit-ulcinj.com\/blog\/wp-json\/wp\/v2\/categories?post=33028"},{"taxonomy":"post_tag","embeddable":true,"href":"https:\/\/www.visit-ulcinj.com\/blog\/wp-json\/wp\/v2\/tags?post=33028"}],"curies":[{"name":"wp","href":"https:\/\/api.w.org\/{rel}","templated":true}]}}