{"id":33045,"date":"2010-05-09T17:28:11","date_gmt":"2010-05-09T15:28:11","guid":{"rendered":"http:\/\/www.visit-ulcinj.com\/blog\/?p=33045"},"modified":"2010-05-09T17:28:11","modified_gmt":"2010-05-09T15:28:11","slug":"posjeta-delegacije-evropske-komisije-ulcinju","status":"publish","type":"post","link":"https:\/\/www.visit-ulcinj.com\/blog\/2010\/05\/09\/posjeta-delegacije-evropske-komisije-ulcinju\/","title":{"rendered":"Posjeta delegacije evropske komisije Ulcinju"},"content":{"rendered":"<p><strong><a href=\"http:\/\/www.visit-ulcinj.com\/blog\/wp-content\/uploads\/2010\/05\/Nicola-Bertolini-u-Ulcinj.jpg\"><img loading=\"lazy\" class=\"alignleft size-full wp-image-33046\" title=\"Nicola Bertolini u Ulcinj\" src=\"http:\/\/www.visit-ulcinj.com\/blog\/wp-content\/uploads\/2010\/05\/Nicola-Bertolini-u-Ulcinj.jpg\" alt=\"Nicola Bertolini u Ulcinj\" width=\"490\" height=\"349\" \/><\/a>Kako koristiti pristupne fondove<\/strong><br \/>\nDelegacija Evropske komisije posjetila Op\u0161tinu Ulcinj i odr\u017eala radni sastanak sa predstavnicima izvr\u0161ne vlasti, kako bi se ocjenila mogu?nost najju\u017enije op\u0161tine da u narednom periodu koristi predpristupne fondove koji su na raspolaganju Crnoj Gori.<br \/>\n\u0160ef operativnog sektora u delegaciji Evropske unije u Crnoj Gori Nikola Bertolini sa saradnicima raspitivao se za investicione planove op\u0161tine, prioritetne oblasti, kapacitet lokalne uprave za za izradu projekata. Bertolini je upoznao prisutne da je pokrenut program koji ?e u saradnji sa Zajednicom op\u0161tina omogu?iti lokalnim samoupravama da planiraju i pokre?u programe za obuku op\u0161tinskih slu\u017ebenika u pisanju projekata.<br \/>\nPredsjednik op\u0161tine Gzim Hajdinaga je potvrdio privr\u017eenost Ulcinja evropskim i evroatlantskim ciljevima i prisutne upoznao sa realizacijom investicija u proteklom periodu, kao i o iznosima sredstava koja odvajaju u tu svrhu. Hajdinaga je rekao da i pored toga \u0161to op\u0161tina ne posjeduje neko veliko iskustvo u kori\u0161?enju EU fondova, Ulcinj je ve? aplicirao sa dva projekta. Za koordinatora op\u0161tine za dalju komunikaciju sa delegacijom Evropske unije u Crnoj Gori imenovan je Arslan Hajdinaga, savjetnik predsjednika za me?unarodnu saradnju.<\/p>\n<p><a href=\"http:\/\/www.dan.co.me\/?nivo=3&amp;rubrika=Regioni&amp;clanak=230369&amp;datum=2010-05-07\" target=\"_blank\"><strong><br \/>\nDAN<\/strong><\/a><br \/>\n<!--YouTube Error: bad URL entered--><\/p>\n","protected":false},"excerpt":{"rendered":"<p>Kako koristiti pristupne fondove Delegacija Evropske komisije posjetila Op\u0161tinu Ulcinj i odr\u017eala radni sastanak sa predstavnicima izvr\u0161ne vlasti, kako bi se ocjenila mogu?nost najju\u017enije op\u0161tine da u narednom periodu koristi predpristupne fondove koji su na raspolaganju Crnoj Gori. \u0160ef operativnog sektora u delegaciji Evropske unije u Crnoj Gori Nikola Bertolini sa saradnicima raspitivao se za [&hellip;]<\/p>\n","protected":false},"author":1,"featured_media":0,"comment_status":"open","ping_status":"closed","sticky":false,"template":"","format":"standard","meta":{"spay_email":"","jetpack_publicize_message":"","jetpack_is_tweetstorm":false,"jetpack_publicize_feature_enabled":true},"categories":[8337],"tags":[14252,14253,264,19],"jetpack_publicize_connections":[],"yoast_head":"<!-- This site is optimized with the Yoast SEO plugin v19.1 - https:\/\/yoast.com\/wordpress\/plugins\/seo\/ -->\n<title>Posjeta delegacije evropske komisije Ulcinju - Lajme nga Ulqini<\/title>\n<meta name=\"description\" content=\"Kako koristiti pristupne fondove Delegacija Evropske komisije posjetila Op\u0161tinu Ulcinj i odr\u017eala radni sastanak sa predstavnicima izvr\u0161ne vlasti, kako bi\" \/>\n<meta name=\"robots\" content=\"index, follow, max-snippet:-1, max-image-preview:large, max-video-preview:-1\" \/>\n<link rel=\"canonical\" href=\"https:\/\/www.visit-ulcinj.com\/blog\/2010\/05\/09\/posjeta-delegacije-evropske-komisije-ulcinju\/\" \/>\n<meta property=\"og:locale\" content=\"en_US\" \/>\n<meta property=\"og:type\" content=\"article\" \/>\n<meta property=\"og:title\" content=\"Posjeta delegacije evropske komisije Ulcinju - Lajme nga Ulqini\" \/>\n<meta property=\"og:description\" content=\"Kako koristiti pristupne fondove Delegacija Evropske komisije posjetila Op\u0161tinu Ulcinj i odr\u017eala radni sastanak sa predstavnicima izvr\u0161ne vlasti, kako bi\" \/>\n<meta property=\"og:url\" content=\"https:\/\/www.visit-ulcinj.com\/blog\/2010\/05\/09\/posjeta-delegacije-evropske-komisije-ulcinju\/\" \/>\n<meta property=\"og:site_name\" content=\"Lajme nga Ulqini\" \/>\n<meta property=\"article:published_time\" content=\"2010-05-09T15:28:11+00:00\" \/>\n<meta property=\"og:image\" content=\"http:\/\/www.visit-ulcinj.com\/blog\/wp-content\/uploads\/2010\/05\/Nicola-Bertolini-u-Ulcinj.jpg\" \/>\n<meta name=\"twitter:label1\" content=\"Written by\" \/>\n\t<meta name=\"twitter:data1\" content=\"ulqini\" \/>\n\t<meta name=\"twitter:label2\" content=\"Est. reading time\" \/>\n\t<meta name=\"twitter:data2\" content=\"1 minute\" \/>\n<script type=\"application\/ld+json\" class=\"yoast-schema-graph\">{\"@context\":\"https:\/\/schema.org\",\"@graph\":[{\"@type\":\"WebSite\",\"@id\":\"https:\/\/www.visit-ulcinj.com\/blog\/#website\",\"url\":\"https:\/\/www.visit-ulcinj.com\/blog\/\",\"name\":\"Lajme nga Ulqini\",\"description\":\"Lajme,Vijesti,Ulqini,Ulqin,Crna Gora,Mali i Zi\",\"potentialAction\":[{\"@type\":\"SearchAction\",\"target\":{\"@type\":\"EntryPoint\",\"urlTemplate\":\"https:\/\/www.visit-ulcinj.com\/blog\/?s={search_term_string}\"},\"query-input\":\"required name=search_term_string\"}],\"inLanguage\":\"en-US\"},{\"@type\":\"ImageObject\",\"inLanguage\":\"en-US\",\"@id\":\"https:\/\/www.visit-ulcinj.com\/blog\/2010\/05\/09\/posjeta-delegacije-evropske-komisije-ulcinju\/#primaryimage\",\"url\":\"https:\/\/www.visit-ulcinj.com\/blog\/wp-content\/uploads\/2010\/05\/Nicola-Bertolini-u-Ulcinj.jpg\",\"contentUrl\":\"https:\/\/www.visit-ulcinj.com\/blog\/wp-content\/uploads\/2010\/05\/Nicola-Bertolini-u-Ulcinj.jpg\",\"width\":\"619\",\"height\":\"349\"},{\"@type\":\"WebPage\",\"@id\":\"https:\/\/www.visit-ulcinj.com\/blog\/2010\/05\/09\/posjeta-delegacije-evropske-komisije-ulcinju\/#webpage\",\"url\":\"https:\/\/www.visit-ulcinj.com\/blog\/2010\/05\/09\/posjeta-delegacije-evropske-komisije-ulcinju\/\",\"name\":\"Posjeta delegacije evropske komisije Ulcinju - Lajme nga Ulqini\",\"isPartOf\":{\"@id\":\"https:\/\/www.visit-ulcinj.com\/blog\/#website\"},\"primaryImageOfPage\":{\"@id\":\"https:\/\/www.visit-ulcinj.com\/blog\/2010\/05\/09\/posjeta-delegacije-evropske-komisije-ulcinju\/#primaryimage\"},\"datePublished\":\"2010-05-09T15:28:11+00:00\",\"dateModified\":\"2010-05-09T15:28:11+00:00\",\"author\":{\"@id\":\"https:\/\/www.visit-ulcinj.com\/blog\/#\/schema\/person\/dcab619c614d3038751c63bc2aadc06d\"},\"description\":\"Kako koristiti pristupne fondove Delegacija Evropske komisije posjetila Op\u0161tinu Ulcinj i odr\u017eala radni sastanak sa predstavnicima izvr\u0161ne vlasti, kako bi\",\"breadcrumb\":{\"@id\":\"https:\/\/www.visit-ulcinj.com\/blog\/2010\/05\/09\/posjeta-delegacije-evropske-komisije-ulcinju\/#breadcrumb\"},\"inLanguage\":\"en-US\",\"potentialAction\":[{\"@type\":\"ReadAction\",\"target\":[\"https:\/\/www.visit-ulcinj.com\/blog\/2010\/05\/09\/posjeta-delegacije-evropske-komisije-ulcinju\/\"]}]},{\"@type\":\"BreadcrumbList\",\"@id\":\"https:\/\/www.visit-ulcinj.com\/blog\/2010\/05\/09\/posjeta-delegacije-evropske-komisije-ulcinju\/#breadcrumb\",\"itemListElement\":[{\"@type\":\"ListItem\",\"position\":1,\"name\":\"Posjeta delegacije evropske komisije Ulcinju\"}]},{\"@type\":\"Person\",\"@id\":\"https:\/\/www.visit-ulcinj.com\/blog\/#\/schema\/person\/dcab619c614d3038751c63bc2aadc06d\",\"name\":\"ulqini\",\"sameAs\":[\"http:\/\/www.visit-ulcinj.com\"],\"url\":\"https:\/\/www.visit-ulcinj.com\/blog\/author\/admin\/\"}]}<\/script>\n<!-- \/ Yoast SEO plugin. -->","yoast_head_json":{"title":"Posjeta delegacije evropske komisije Ulcinju - Lajme nga Ulqini","description":"Kako koristiti pristupne fondove Delegacija Evropske komisije posjetila Op\u0161tinu Ulcinj i odr\u017eala radni sastanak sa predstavnicima izvr\u0161ne vlasti, kako bi","robots":{"index":"index","follow":"follow","max-snippet":"max-snippet:-1","max-image-preview":"max-image-preview:large","max-video-preview":"max-video-preview:-1"},"canonical":"https:\/\/www.visit-ulcinj.com\/blog\/2010\/05\/09\/posjeta-delegacije-evropske-komisije-ulcinju\/","og_locale":"en_US","og_type":"article","og_title":"Posjeta delegacije evropske komisije Ulcinju - Lajme nga Ulqini","og_description":"Kako koristiti pristupne fondove Delegacija Evropske komisije posjetila Op\u0161tinu Ulcinj i odr\u017eala radni sastanak sa predstavnicima izvr\u0161ne vlasti, kako bi","og_url":"https:\/\/www.visit-ulcinj.com\/blog\/2010\/05\/09\/posjeta-delegacije-evropske-komisije-ulcinju\/","og_site_name":"Lajme nga Ulqini","article_published_time":"2010-05-09T15:28:11+00:00","og_image":[{"url":"http:\/\/www.visit-ulcinj.com\/blog\/wp-content\/uploads\/2010\/05\/Nicola-Bertolini-u-Ulcinj.jpg"}],"twitter_misc":{"Written by":"ulqini","Est. reading time":"1 minute"},"schema":{"@context":"https:\/\/schema.org","@graph":[{"@type":"WebSite","@id":"https:\/\/www.visit-ulcinj.com\/blog\/#website","url":"https:\/\/www.visit-ulcinj.com\/blog\/","name":"Lajme nga Ulqini","description":"Lajme,Vijesti,Ulqini,Ulqin,Crna Gora,Mali i Zi","potentialAction":[{"@type":"SearchAction","target":{"@type":"EntryPoint","urlTemplate":"https:\/\/www.visit-ulcinj.com\/blog\/?s={search_term_string}"},"query-input":"required name=search_term_string"}],"inLanguage":"en-US"},{"@type":"ImageObject","inLanguage":"en-US","@id":"https:\/\/www.visit-ulcinj.com\/blog\/2010\/05\/09\/posjeta-delegacije-evropske-komisije-ulcinju\/#primaryimage","url":"https:\/\/www.visit-ulcinj.com\/blog\/wp-content\/uploads\/2010\/05\/Nicola-Bertolini-u-Ulcinj.jpg","contentUrl":"https:\/\/www.visit-ulcinj.com\/blog\/wp-content\/uploads\/2010\/05\/Nicola-Bertolini-u-Ulcinj.jpg","width":"619","height":"349"},{"@type":"WebPage","@id":"https:\/\/www.visit-ulcinj.com\/blog\/2010\/05\/09\/posjeta-delegacije-evropske-komisije-ulcinju\/#webpage","url":"https:\/\/www.visit-ulcinj.com\/blog\/2010\/05\/09\/posjeta-delegacije-evropske-komisije-ulcinju\/","name":"Posjeta delegacije evropske komisije Ulcinju - Lajme nga Ulqini","isPartOf":{"@id":"https:\/\/www.visit-ulcinj.com\/blog\/#website"},"primaryImageOfPage":{"@id":"https:\/\/www.visit-ulcinj.com\/blog\/2010\/05\/09\/posjeta-delegacije-evropske-komisije-ulcinju\/#primaryimage"},"datePublished":"2010-05-09T15:28:11+00:00","dateModified":"2010-05-09T15:28:11+00:00","author":{"@id":"https:\/\/www.visit-ulcinj.com\/blog\/#\/schema\/person\/dcab619c614d3038751c63bc2aadc06d"},"description":"Kako koristiti pristupne fondove Delegacija Evropske komisije posjetila Op\u0161tinu Ulcinj i odr\u017eala radni sastanak sa predstavnicima izvr\u0161ne vlasti, kako bi","breadcrumb":{"@id":"https:\/\/www.visit-ulcinj.com\/blog\/2010\/05\/09\/posjeta-delegacije-evropske-komisije-ulcinju\/#breadcrumb"},"inLanguage":"en-US","potentialAction":[{"@type":"ReadAction","target":["https:\/\/www.visit-ulcinj.com\/blog\/2010\/05\/09\/posjeta-delegacije-evropske-komisije-ulcinju\/"]}]},{"@type":"BreadcrumbList","@id":"https:\/\/www.visit-ulcinj.com\/blog\/2010\/05\/09\/posjeta-delegacije-evropske-komisije-ulcinju\/#breadcrumb","itemListElement":[{"@type":"ListItem","position":1,"name":"Posjeta delegacije evropske komisije Ulcinju"}]},{"@type":"Person","@id":"https:\/\/www.visit-ulcinj.com\/blog\/#\/schema\/person\/dcab619c614d3038751c63bc2aadc06d","name":"ulqini","sameAs":["http:\/\/www.visit-ulcinj.com"],"url":"https:\/\/www.visit-ulcinj.com\/blog\/author\/admin\/"}]}},"jetpack_featured_media_url":"","jetpack_sharing_enabled":true,"jetpack_shortlink":"https:\/\/wp.me\/pe6lTn-8AZ","_links":{"self":[{"href":"https:\/\/www.visit-ulcinj.com\/blog\/wp-json\/wp\/v2\/posts\/33045"}],"collection":[{"href":"https:\/\/www.visit-ulcinj.com\/blog\/wp-json\/wp\/v2\/posts"}],"about":[{"href":"https:\/\/www.visit-ulcinj.com\/blog\/wp-json\/wp\/v2\/types\/post"}],"author":[{"embeddable":true,"href":"https:\/\/www.visit-ulcinj.com\/blog\/wp-json\/wp\/v2\/users\/1"}],"replies":[{"embeddable":true,"href":"https:\/\/www.visit-ulcinj.com\/blog\/wp-json\/wp\/v2\/comments?post=33045"}],"version-history":[{"count":0,"href":"https:\/\/www.visit-ulcinj.com\/blog\/wp-json\/wp\/v2\/posts\/33045\/revisions"}],"wp:attachment":[{"href":"https:\/\/www.visit-ulcinj.com\/blog\/wp-json\/wp\/v2\/media?parent=33045"}],"wp:term":[{"taxonomy":"category","embeddable":true,"href":"https:\/\/www.visit-ulcinj.com\/blog\/wp-json\/wp\/v2\/categories?post=33045"},{"taxonomy":"post_tag","embeddable":true,"href":"https:\/\/www.visit-ulcinj.com\/blog\/wp-json\/wp\/v2\/tags?post=33045"}],"curies":[{"name":"wp","href":"https:\/\/api.w.org\/{rel}","templated":true}]}}