{"id":33067,"date":"2010-05-09T20:32:17","date_gmt":"2010-05-09T18:32:17","guid":{"rendered":"http:\/\/www.visit-ulcinj.com\/blog\/?p=33067"},"modified":"2010-05-13T17:31:48","modified_gmt":"2010-05-13T15:31:48","slug":"rsd-ulqinme-8-maj-2010-organizoj-iniciativen-per-mbledhje-te-nenshkrimeve-te-qytetareve","status":"publish","type":"post","link":"https:\/\/www.visit-ulcinj.com\/blog\/2010\/05\/09\/rsd-ulqinme-8-maj-2010-organizoj-iniciativen-per-mbledhje-te-nenshkrimeve-te-qytetareve\/","title":{"rendered":"RSD Ulqin,me 8 Maj 2010 organizoj iniciativen per mbledhje te nenshkrimeve te qytetareve"},"content":{"rendered":"<p><a href=\"http:\/\/www.visit-ulcinj.com\/blog\/wp-content\/uploads\/2010\/05\/RSD-Ulqin.jpg\"><img loading=\"lazy\" class=\"alignleft size-full wp-image-33068\" title=\"RSD Ulqin\" src=\"http:\/\/www.visit-ulcinj.com\/blog\/wp-content\/uploads\/2010\/05\/RSD-Ulqin.jpg\" alt=\"RSD Ulqin\" width=\"490\" height=\"590\" \/><\/a>Rinia socialdemokrate e Ulqinit, me 8 Maj 2010 organizoj iniciativen per mbledhje te nenshkrimeve te qytetareve per &#8220;Ulqini me Wireless&#8221;,e cila e ka per qellim qe te gjithe qytetareve te ju mundesoj internet wireless falas,duke ju referuar qetyteve te tjere te Evropes.<br \/>\nAkcioni do te mbahet neser ne Plazh te Vogel(hyrja 2) me fillim ne ora 13:00.Te gjithe nenshkrimet e mbledhura do ju dorezohen zyrtarisht organeve kompetente ne rang bashkiak dhe shteteror.<\/p>\n<p>Socijaldemokratska omladina Ulcinja je, 8.maja 2010 godine, organizovali inicijativu prikupljana potpisa gra?ana za \u201cUlcinj bez \u017eice\u201d koja ima za cilj da se gra?ananima omogu?i besplatan wireless internet na podru?ju ?itavog grada, po ugledu na druge evropske gradove.<br \/>\nAkcija ?e se odr\u017eati na Maloj Plazi (2 ulaz) &#8230;sa po?etkom u 13:00 ?asova, a svi prikupljeni potpisi bi?e predati zvani?no nadle\u017enim institucijama na gradskom i dr\u017eavnom nivou.<\/p>\n<p><strong><a onmousedown=\"UntrustedLink.bootstrap($(this),  &quot;0ac75&quot;, event);\" rel=\"nofollow\" href=\"http:\/\/www.youtube.com\/watch?v=v5nWRDK00Hw\" target=\"_blank\">SDO Ulcinj-RSD Ulqin<\/a> Facebook<\/strong><\/p>\n<p>\n\t\t<style type=\"text\/css\">\n\t\t\t#gallery-1 {\n\t\t\t\tmargin: auto;\n\t\t\t}\n\t\t\t#gallery-1 .gallery-item {\n\t\t\t\tfloat: left;\n\t\t\t\tmargin-top: 10px;\n\t\t\t\ttext-align: center;\n\t\t\t\twidth: 33%;\n\t\t\t}\n\t\t\t#gallery-1 img {\n\t\t\t\tborder: 2px solid #cfcfcf;\n\t\t\t}\n\t\t\t#gallery-1 .gallery-caption {\n\t\t\t\tmargin-left: 0;\n\t\t\t}\n\t\t\t\/* see gallery_shortcode() in wp-includes\/media.php *\/\n\t\t<\/style>\n\t\t<div id='gallery-1' class='gallery galleryid-33067 gallery-columns-3 gallery-size-thumbnail'><dl class='gallery-item'>\n\t\t\t<dt class='gallery-icon portrait'>\n\t\t\t\t<a href='https:\/\/www.visit-ulcinj.com\/blog\/wp-content\/uploads\/2010\/05\/RSD-Ulqin.jpg'><img width=\"150\" height=\"150\" src=\"https:\/\/www.visit-ulcinj.com\/blog\/wp-content\/uploads\/2010\/05\/RSD-Ulqin-150x150.jpg\" class=\"attachment-thumbnail size-thumbnail\" alt=\"\" loading=\"lazy\" \/><\/a>\n\t\t\t<\/dt><\/dl><dl class='gallery-item'>\n\t\t\t<dt class='gallery-icon portrait'>\n\t\t\t\t<a href='https:\/\/www.visit-ulcinj.com\/blog\/wp-content\/uploads\/2010\/05\/RSD-Ulqin.1.jpg'><img width=\"150\" height=\"150\" src=\"https:\/\/www.visit-ulcinj.com\/blog\/wp-content\/uploads\/2010\/05\/RSD-Ulqin.1-150x150.jpg\" class=\"attachment-thumbnail size-thumbnail\" alt=\"\" loading=\"lazy\" \/><\/a>\n\t\t\t<\/dt><\/dl><dl class='gallery-item'>\n\t\t\t<dt class='gallery-icon portrait'>\n\t\t\t\t<a href='https:\/\/www.visit-ulcinj.com\/blog\/wp-content\/uploads\/2010\/05\/RSD-Ulqin.2.jpg'><img width=\"150\" height=\"150\" src=\"https:\/\/www.visit-ulcinj.com\/blog\/wp-content\/uploads\/2010\/05\/RSD-Ulqin.2-150x150.jpg\" class=\"attachment-thumbnail size-thumbnail\" alt=\"\" loading=\"lazy\" \/><\/a>\n\t\t\t<\/dt><\/dl><br style=\"clear: both\" \/><dl class='gallery-item'>\n\t\t\t<dt class='gallery-icon portrait'>\n\t\t\t\t<a href='https:\/\/www.visit-ulcinj.com\/blog\/wp-content\/uploads\/2010\/05\/RSD-Ulqin.3.jpg'><img width=\"150\" height=\"150\" src=\"https:\/\/www.visit-ulcinj.com\/blog\/wp-content\/uploads\/2010\/05\/RSD-Ulqin.3-150x150.jpg\" class=\"attachment-thumbnail size-thumbnail\" alt=\"\" loading=\"lazy\" \/><\/a>\n\t\t\t<\/dt><\/dl><dl class='gallery-item'>\n\t\t\t<dt class='gallery-icon portrait'>\n\t\t\t\t<a href='https:\/\/www.visit-ulcinj.com\/blog\/wp-content\/uploads\/2010\/05\/RSD-Ulqin.4.jpg'><img width=\"150\" height=\"150\" src=\"https:\/\/www.visit-ulcinj.com\/blog\/wp-content\/uploads\/2010\/05\/RSD-Ulqin.4-150x150.jpg\" class=\"attachment-thumbnail size-thumbnail\" alt=\"\" loading=\"lazy\" \/><\/a>\n\t\t\t<\/dt><\/dl><dl class='gallery-item'>\n\t\t\t<dt class='gallery-icon portrait'>\n\t\t\t\t<a href='https:\/\/www.visit-ulcinj.com\/blog\/wp-content\/uploads\/2010\/05\/RSD-Ulqin.5.jpg'><img width=\"150\" height=\"150\" src=\"https:\/\/www.visit-ulcinj.com\/blog\/wp-content\/uploads\/2010\/05\/RSD-Ulqin.5-150x150.jpg\" class=\"attachment-thumbnail size-thumbnail\" alt=\"\" loading=\"lazy\" \/><\/a>\n\t\t\t<\/dt><\/dl><br style=\"clear: both\" \/>\n\t\t<\/div>\n<br \/>\n<!--YouTube Error: bad URL entered--><\/p>\n","protected":false},"excerpt":{"rendered":"<p>Rinia socialdemokrate e Ulqinit, me 8 Maj 2010 organizoj iniciativen per mbledhje te nenshkrimeve te qytetareve per &#8220;Ulqini me Wireless&#8221;,e cila e ka per qellim qe te gjithe qytetareve te ju mundesoj internet wireless falas,duke ju referuar qetyteve te tjere te Evropes. Akcioni do te mbahet neser ne Plazh te Vogel(hyrja 2) me fillim ne [&hellip;]<\/p>\n","protected":false},"author":1,"featured_media":0,"comment_status":"open","ping_status":"closed","sticky":false,"template":"","format":"standard","meta":{"spay_email":"","jetpack_publicize_message":"","jetpack_is_tweetstorm":false,"jetpack_publicize_feature_enabled":true},"categories":[6950],"tags":[14256,14254,14255],"jetpack_publicize_connections":[],"yoast_head":"<!-- This site is optimized with the Yoast SEO plugin v19.1 - https:\/\/yoast.com\/wordpress\/plugins\/seo\/ -->\n<title>RSD Ulqin,me 8 Maj 2010 organizoj iniciativen per mbledhje te nenshkrimeve te qytetareve - Lajme nga Ulqini<\/title>\n<meta name=\"description\" content=\"Rinia socialdemokrate e Ulqinit, me 8 Maj 2010 organizoj iniciativen per mbledhje te nenshkrimeve te qytetareve per &quot;Ulqini me Wireless&quot;,e cila e ka per\" \/>\n<meta name=\"robots\" content=\"index, follow, max-snippet:-1, max-image-preview:large, max-video-preview:-1\" \/>\n<link rel=\"canonical\" href=\"https:\/\/www.visit-ulcinj.com\/blog\/2010\/05\/09\/rsd-ulqinme-8-maj-2010-organizoj-iniciativen-per-mbledhje-te-nenshkrimeve-te-qytetareve\/\" \/>\n<meta property=\"og:locale\" content=\"en_US\" \/>\n<meta property=\"og:type\" content=\"article\" \/>\n<meta property=\"og:title\" content=\"RSD Ulqin,me 8 Maj 2010 organizoj iniciativen per mbledhje te nenshkrimeve te qytetareve - Lajme nga Ulqini\" \/>\n<meta property=\"og:description\" content=\"Rinia socialdemokrate e Ulqinit, me 8 Maj 2010 organizoj iniciativen per mbledhje te nenshkrimeve te qytetareve per &quot;Ulqini me Wireless&quot;,e cila e ka per\" \/>\n<meta property=\"og:url\" content=\"https:\/\/www.visit-ulcinj.com\/blog\/2010\/05\/09\/rsd-ulqinme-8-maj-2010-organizoj-iniciativen-per-mbledhje-te-nenshkrimeve-te-qytetareve\/\" \/>\n<meta property=\"og:site_name\" content=\"Lajme nga Ulqini\" \/>\n<meta property=\"article:published_time\" content=\"2010-05-09T18:32:17+00:00\" \/>\n<meta property=\"article:modified_time\" content=\"2010-05-13T15:31:48+00:00\" \/>\n<meta property=\"og:image\" content=\"https:\/\/www.visit-ulcinj.com\/blog\/wp-content\/uploads\/2010\/05\/RSD-Ulqin-150x150.jpg\" \/>\n<meta name=\"twitter:label1\" content=\"Written by\" \/>\n\t<meta name=\"twitter:data1\" content=\"ulqini\" \/>\n\t<meta name=\"twitter:label2\" content=\"Est. reading time\" \/>\n\t<meta name=\"twitter:data2\" content=\"1 minute\" \/>\n<script type=\"application\/ld+json\" class=\"yoast-schema-graph\">{\"@context\":\"https:\/\/schema.org\",\"@graph\":[{\"@type\":\"WebSite\",\"@id\":\"https:\/\/www.visit-ulcinj.com\/blog\/#website\",\"url\":\"https:\/\/www.visit-ulcinj.com\/blog\/\",\"name\":\"Lajme nga Ulqini\",\"description\":\"Lajme,Vijesti,Ulqini,Ulqin,Crna Gora,Mali i Zi\",\"potentialAction\":[{\"@type\":\"SearchAction\",\"target\":{\"@type\":\"EntryPoint\",\"urlTemplate\":\"https:\/\/www.visit-ulcinj.com\/blog\/?s={search_term_string}\"},\"query-input\":\"required name=search_term_string\"}],\"inLanguage\":\"en-US\"},{\"@type\":\"ImageObject\",\"inLanguage\":\"en-US\",\"@id\":\"https:\/\/www.visit-ulcinj.com\/blog\/2010\/05\/09\/rsd-ulqinme-8-maj-2010-organizoj-iniciativen-per-mbledhje-te-nenshkrimeve-te-qytetareve\/#primaryimage\",\"url\":\"https:\/\/www.visit-ulcinj.com\/blog\/wp-content\/uploads\/2010\/05\/RSD-Ulqin.jpg\",\"contentUrl\":\"https:\/\/www.visit-ulcinj.com\/blog\/wp-content\/uploads\/2010\/05\/RSD-Ulqin.jpg\",\"width\":\"482\",\"height\":\"720\"},{\"@type\":\"WebPage\",\"@id\":\"https:\/\/www.visit-ulcinj.com\/blog\/2010\/05\/09\/rsd-ulqinme-8-maj-2010-organizoj-iniciativen-per-mbledhje-te-nenshkrimeve-te-qytetareve\/#webpage\",\"url\":\"https:\/\/www.visit-ulcinj.com\/blog\/2010\/05\/09\/rsd-ulqinme-8-maj-2010-organizoj-iniciativen-per-mbledhje-te-nenshkrimeve-te-qytetareve\/\",\"name\":\"RSD Ulqin,me 8 Maj 2010 organizoj iniciativen per mbledhje te nenshkrimeve te qytetareve - Lajme nga Ulqini\",\"isPartOf\":{\"@id\":\"https:\/\/www.visit-ulcinj.com\/blog\/#website\"},\"primaryImageOfPage\":{\"@id\":\"https:\/\/www.visit-ulcinj.com\/blog\/2010\/05\/09\/rsd-ulqinme-8-maj-2010-organizoj-iniciativen-per-mbledhje-te-nenshkrimeve-te-qytetareve\/#primaryimage\"},\"datePublished\":\"2010-05-09T18:32:17+00:00\",\"dateModified\":\"2010-05-13T15:31:48+00:00\",\"author\":{\"@id\":\"https:\/\/www.visit-ulcinj.com\/blog\/#\/schema\/person\/dcab619c614d3038751c63bc2aadc06d\"},\"description\":\"Rinia socialdemokrate e Ulqinit, me 8 Maj 2010 organizoj iniciativen per mbledhje te nenshkrimeve te qytetareve per \\\"Ulqini me Wireless\\\",e cila e ka per\",\"breadcrumb\":{\"@id\":\"https:\/\/www.visit-ulcinj.com\/blog\/2010\/05\/09\/rsd-ulqinme-8-maj-2010-organizoj-iniciativen-per-mbledhje-te-nenshkrimeve-te-qytetareve\/#breadcrumb\"},\"inLanguage\":\"en-US\",\"potentialAction\":[{\"@type\":\"ReadAction\",\"target\":[\"https:\/\/www.visit-ulcinj.com\/blog\/2010\/05\/09\/rsd-ulqinme-8-maj-2010-organizoj-iniciativen-per-mbledhje-te-nenshkrimeve-te-qytetareve\/\"]}]},{\"@type\":\"BreadcrumbList\",\"@id\":\"https:\/\/www.visit-ulcinj.com\/blog\/2010\/05\/09\/rsd-ulqinme-8-maj-2010-organizoj-iniciativen-per-mbledhje-te-nenshkrimeve-te-qytetareve\/#breadcrumb\",\"itemListElement\":[{\"@type\":\"ListItem\",\"position\":1,\"name\":\"RSD Ulqin,me 8 Maj 2010 organizoj iniciativen per mbledhje te nenshkrimeve te qytetareve\"}]},{\"@type\":\"Person\",\"@id\":\"https:\/\/www.visit-ulcinj.com\/blog\/#\/schema\/person\/dcab619c614d3038751c63bc2aadc06d\",\"name\":\"ulqini\",\"sameAs\":[\"http:\/\/www.visit-ulcinj.com\"],\"url\":\"https:\/\/www.visit-ulcinj.com\/blog\/author\/admin\/\"}]}<\/script>\n<!-- \/ Yoast SEO plugin. -->","yoast_head_json":{"title":"RSD Ulqin,me 8 Maj 2010 organizoj iniciativen per mbledhje te nenshkrimeve te qytetareve - Lajme nga Ulqini","description":"Rinia socialdemokrate e Ulqinit, me 8 Maj 2010 organizoj iniciativen per mbledhje te nenshkrimeve te qytetareve per \"Ulqini me Wireless\",e cila e ka per","robots":{"index":"index","follow":"follow","max-snippet":"max-snippet:-1","max-image-preview":"max-image-preview:large","max-video-preview":"max-video-preview:-1"},"canonical":"https:\/\/www.visit-ulcinj.com\/blog\/2010\/05\/09\/rsd-ulqinme-8-maj-2010-organizoj-iniciativen-per-mbledhje-te-nenshkrimeve-te-qytetareve\/","og_locale":"en_US","og_type":"article","og_title":"RSD Ulqin,me 8 Maj 2010 organizoj iniciativen per mbledhje te nenshkrimeve te qytetareve - Lajme nga Ulqini","og_description":"Rinia socialdemokrate e Ulqinit, me 8 Maj 2010 organizoj iniciativen per mbledhje te nenshkrimeve te qytetareve per \"Ulqini me Wireless\",e cila e ka per","og_url":"https:\/\/www.visit-ulcinj.com\/blog\/2010\/05\/09\/rsd-ulqinme-8-maj-2010-organizoj-iniciativen-per-mbledhje-te-nenshkrimeve-te-qytetareve\/","og_site_name":"Lajme nga Ulqini","article_published_time":"2010-05-09T18:32:17+00:00","article_modified_time":"2010-05-13T15:31:48+00:00","og_image":[{"url":"https:\/\/www.visit-ulcinj.com\/blog\/wp-content\/uploads\/2010\/05\/RSD-Ulqin-150x150.jpg"}],"twitter_misc":{"Written by":"ulqini","Est. reading time":"1 minute"},"schema":{"@context":"https:\/\/schema.org","@graph":[{"@type":"WebSite","@id":"https:\/\/www.visit-ulcinj.com\/blog\/#website","url":"https:\/\/www.visit-ulcinj.com\/blog\/","name":"Lajme nga Ulqini","description":"Lajme,Vijesti,Ulqini,Ulqin,Crna Gora,Mali i Zi","potentialAction":[{"@type":"SearchAction","target":{"@type":"EntryPoint","urlTemplate":"https:\/\/www.visit-ulcinj.com\/blog\/?s={search_term_string}"},"query-input":"required name=search_term_string"}],"inLanguage":"en-US"},{"@type":"ImageObject","inLanguage":"en-US","@id":"https:\/\/www.visit-ulcinj.com\/blog\/2010\/05\/09\/rsd-ulqinme-8-maj-2010-organizoj-iniciativen-per-mbledhje-te-nenshkrimeve-te-qytetareve\/#primaryimage","url":"https:\/\/www.visit-ulcinj.com\/blog\/wp-content\/uploads\/2010\/05\/RSD-Ulqin.jpg","contentUrl":"https:\/\/www.visit-ulcinj.com\/blog\/wp-content\/uploads\/2010\/05\/RSD-Ulqin.jpg","width":"482","height":"720"},{"@type":"WebPage","@id":"https:\/\/www.visit-ulcinj.com\/blog\/2010\/05\/09\/rsd-ulqinme-8-maj-2010-organizoj-iniciativen-per-mbledhje-te-nenshkrimeve-te-qytetareve\/#webpage","url":"https:\/\/www.visit-ulcinj.com\/blog\/2010\/05\/09\/rsd-ulqinme-8-maj-2010-organizoj-iniciativen-per-mbledhje-te-nenshkrimeve-te-qytetareve\/","name":"RSD Ulqin,me 8 Maj 2010 organizoj iniciativen per mbledhje te nenshkrimeve te qytetareve - Lajme nga Ulqini","isPartOf":{"@id":"https:\/\/www.visit-ulcinj.com\/blog\/#website"},"primaryImageOfPage":{"@id":"https:\/\/www.visit-ulcinj.com\/blog\/2010\/05\/09\/rsd-ulqinme-8-maj-2010-organizoj-iniciativen-per-mbledhje-te-nenshkrimeve-te-qytetareve\/#primaryimage"},"datePublished":"2010-05-09T18:32:17+00:00","dateModified":"2010-05-13T15:31:48+00:00","author":{"@id":"https:\/\/www.visit-ulcinj.com\/blog\/#\/schema\/person\/dcab619c614d3038751c63bc2aadc06d"},"description":"Rinia socialdemokrate e Ulqinit, me 8 Maj 2010 organizoj iniciativen per mbledhje te nenshkrimeve te qytetareve per \"Ulqini me Wireless\",e cila e ka per","breadcrumb":{"@id":"https:\/\/www.visit-ulcinj.com\/blog\/2010\/05\/09\/rsd-ulqinme-8-maj-2010-organizoj-iniciativen-per-mbledhje-te-nenshkrimeve-te-qytetareve\/#breadcrumb"},"inLanguage":"en-US","potentialAction":[{"@type":"ReadAction","target":["https:\/\/www.visit-ulcinj.com\/blog\/2010\/05\/09\/rsd-ulqinme-8-maj-2010-organizoj-iniciativen-per-mbledhje-te-nenshkrimeve-te-qytetareve\/"]}]},{"@type":"BreadcrumbList","@id":"https:\/\/www.visit-ulcinj.com\/blog\/2010\/05\/09\/rsd-ulqinme-8-maj-2010-organizoj-iniciativen-per-mbledhje-te-nenshkrimeve-te-qytetareve\/#breadcrumb","itemListElement":[{"@type":"ListItem","position":1,"name":"RSD Ulqin,me 8 Maj 2010 organizoj iniciativen per mbledhje te nenshkrimeve te qytetareve"}]},{"@type":"Person","@id":"https:\/\/www.visit-ulcinj.com\/blog\/#\/schema\/person\/dcab619c614d3038751c63bc2aadc06d","name":"ulqini","sameAs":["http:\/\/www.visit-ulcinj.com"],"url":"https:\/\/www.visit-ulcinj.com\/blog\/author\/admin\/"}]}},"jetpack_featured_media_url":"","jetpack_sharing_enabled":true,"jetpack_shortlink":"https:\/\/wp.me\/pe6lTn-8Bl","_links":{"self":[{"href":"https:\/\/www.visit-ulcinj.com\/blog\/wp-json\/wp\/v2\/posts\/33067"}],"collection":[{"href":"https:\/\/www.visit-ulcinj.com\/blog\/wp-json\/wp\/v2\/posts"}],"about":[{"href":"https:\/\/www.visit-ulcinj.com\/blog\/wp-json\/wp\/v2\/types\/post"}],"author":[{"embeddable":true,"href":"https:\/\/www.visit-ulcinj.com\/blog\/wp-json\/wp\/v2\/users\/1"}],"replies":[{"embeddable":true,"href":"https:\/\/www.visit-ulcinj.com\/blog\/wp-json\/wp\/v2\/comments?post=33067"}],"version-history":[{"count":0,"href":"https:\/\/www.visit-ulcinj.com\/blog\/wp-json\/wp\/v2\/posts\/33067\/revisions"}],"wp:attachment":[{"href":"https:\/\/www.visit-ulcinj.com\/blog\/wp-json\/wp\/v2\/media?parent=33067"}],"wp:term":[{"taxonomy":"category","embeddable":true,"href":"https:\/\/www.visit-ulcinj.com\/blog\/wp-json\/wp\/v2\/categories?post=33067"},{"taxonomy":"post_tag","embeddable":true,"href":"https:\/\/www.visit-ulcinj.com\/blog\/wp-json\/wp\/v2\/tags?post=33067"}],"curies":[{"name":"wp","href":"https:\/\/api.w.org\/{rel}","templated":true}]}}