{"id":33083,"date":"2010-05-10T16:59:47","date_gmt":"2010-05-10T14:59:47","guid":{"rendered":"http:\/\/www.visit-ulcinj.com\/blog\/?p=33083"},"modified":"2010-05-11T20:46:42","modified_gmt":"2010-05-11T18:46:42","slug":"press-konferenca-nga-forca-e-re-demokratike-me-10-05-2010","status":"publish","type":"post","link":"https:\/\/www.visit-ulcinj.com\/blog\/2010\/05\/10\/press-konferenca-nga-forca-e-re-demokratike-me-10-05-2010\/","title":{"rendered":"Press Konferenca  nga Forca e Re Demokratike me 10.05.2010"},"content":{"rendered":"<p><strong><a href=\"http:\/\/www.visit-ulcinj.com\/blog\/wp-content\/uploads\/2010\/05\/Xhaudet_Cakuli_-Forca.JPG\"><img loading=\"lazy\" class=\"alignleft size-full wp-image-33084\" title=\"Xhaudet_Cakuli_ Forca\" src=\"http:\/\/www.visit-ulcinj.com\/blog\/wp-content\/uploads\/2010\/05\/Xhaudet_Cakuli_-Forca.JPG\" alt=\"Xhaudet_Cakuli_ Forca\" width=\"490\" height=\"380\" \/><\/a>Konferenc\u00eb p\u00ebr media 10.05.2010<br \/>\nUlqin me 10.05.2010<br \/>\nNr.78\/10 <\/strong><br \/>\nFunksionimi i pushtetit, si n\u00eb nivel shtet\u00ebror ashtu edhe n\u00eb nivel lokal realizohet dhe pasqyrohet p\u00ebrmes mjeteve buxhetore, grumbullimit dhe menaxhimit t\u00eb tyre p\u00ebr p\u00ebrmbushjen e qellimeve programore dhe zhvillimore.<br \/>\nDeri kah mesi i\u00a0 vitit 2009 realizimi i shpenzimeve operative,( dmth. i shpenzimeve p\u00ebr rroga t\u00eb administrat\u00ebs, shpenzime p\u00ebr rrym\u00eb, materiale p\u00ebr zyre, m\u00ebditje,\u00a0 reprezentacion e tjera), ishte n\u00eb p\u00ebrputhje me parashikimet n\u00eb buxhet, kur\u00ebse realizimi i buxhetit kapital, (dmth. p\u00ebr nd\u00ebrtimin e infrastruktur\u00ebs komunale) t\u00eb 4 viteve t\u00eb ushtrimit t\u00eb pushtetit t\u00eb koalicionit europian, n\u00eb krye me z.Hajdinag\u00ebn, ishte nj\u00eb d\u00ebshtim i plot\u00eb.<br \/>\nAta duan t\u00eb vazhdojn\u00eb t\u00eb realizojn\u00eb buxhetin kapital me stilin e vet, e q\u00eb kulmin e dyshtimit e arriti n\u00eb vitin 2009 kur planifikuan t\u00eb realizojn\u00eb mbi 10 milion EURO dhe realizuan vet\u00ebm 0,28 milion EURO(ose 280,000.00 EURO), dmth. Vet\u00ebm 2,8% nga mjetet e planifikuara.<br \/>\nKjo do t\u00eb\u00a0 thot\u00eb se i mashtruan t\u00eb gjith\u00eb qytetar\u00ebt nga Krru\u00e7i deri n\u00eb Shtoj\u00eb e Prej Kllezne deri n\u00eb Sukubin\u00eb, sepse nuk i realizuan projektet e parapara n\u00eb Planet e rregullimit t\u00eb hapsir\u00ebs q\u00eb nga viti 2006 deri n\u00eb vitin 2010.<br \/>\nK\u00ebrkesa e slloganit t\u00eb tyre t\u00eb vazhdojn\u00eb \u00ebsht\u00eb fyerje e arsyes s\u00eb sh\u00ebndosh\u00eb dhe e dinjitetit t\u00eb \u00e7do qytetari t\u00eb Ulqinit dhe e votuesve t\u00eb k\u00ebsaj komune.<br \/>\nZ. Hajdinaga dhe koalicioni i cili e mb\u00ebshtet, me paftyr\u00ebsi t\u00eb papar\u00eb politike k\u00ebrkojn\u00eb t\u00eb vazhdojn\u00eb edhe pse kan\u00eb mbi 3,5 milon EURO borxhe ndaj ekzekutuesve t\u00eb pun\u00ebve dhe mbi 11,5 milon EURO borxhe t\u00eb bazuara n\u00eb k\u00ebrkesat e personave fizik dhe juridik para organeve gjyqsore.<br \/>\nEdhe p\u00ebr k\u00ebt\u00eb\u00a0 arsye k\u00ebrkesa e slloganit t\u00eb tyre t\u00eb vazhdojn\u00eb \u00ebsht\u00eb\u00a0 fyerje e arsyes s\u00eb sh\u00ebndosh\u00eb dhe e dinjitetit t\u00eb \u00e7do qytetari t\u00eb Ulqinit dhe e votuesve t\u00eb k\u00ebsaj komune.<br \/>\nP\u00ebr shkak t\u00eb politik\u00ebs s\u00eb dyshtuar t\u00eb \u201eKoalicionit evropian\u201c n\u00eb krye me z. Hajdinag\u00ebn, punonj\u00ebsit e komun\u00ebs nuk kan\u00eb marr\u00eb rroga m\u00eb se kat\u00ebr muaj, t\u00eb NP t\u00eb zjarrfiksave m\u00eb se 5 muaj, t\u00eb NP komunale, mbi 2 muaj, t\u00eb Qendr\u00ebs p\u00ebr kultur\u00eb, mbi 6 muaj, t\u00eb qendr\u00ebs informative ( radio dhe TV Ulqini), mbi 8 muaj, T\u00eb UPIN-it, mbi 6 muaj, t\u00eb NP p\u00ebr ruajtje t\u00eb eg\u00ebrsirave, mbi 12 muaj. Nd\u00ebrkoh\u00eb, n\u00ebpun\u00ebsit e komun\u00ebs dhe t\u00eb k\u00ebtyre nd\u00ebrmarrjeve nuk kan\u00eb guxim t\u00eb ankohen p\u00ebr munges\u00ebn e burimit t\u00eb egzistenc\u00ebs s\u00eb tyre dhe t\u00eb familjeve t\u00eb veta, sepse k\u00ebrrc\u00ebnohen se do t\u00eb largohen nga puna n\u00ebse shprehin pak\u00ebnaq\u00ebsin\u00eb.<br \/>\nEdhe p\u00ebr k\u00ebt\u00eb\u00a0 arsye k\u00ebrkesa e slloganit t\u00eb tyre t\u00eb vazhdojn\u00eb \u00ebsht\u00eb\u00a0 fyerje e dinjitetit t\u00eb \u00e7do n\u00ebpun\u00ebsi dhe t\u00eb familjar\u00ebve t\u00eb tyre dhe \u00ebsht\u00eb hipokrizi e nj\u00eb pushteti t\u00eb dyshtuar.<br \/>\nKoalicioni p\u00ebr Ulqinin evropian n\u00eb krye me z. Hajdinag\u00ebn nuk ka t\u00eb\u00a0 holla as p\u00ebr rrogat e para t\u00eb n\u00ebpun\u00ebsve t\u00eb Organizat\u00ebs turistike, t\u00eb cil\u00ebt punojn\u00eb q\u00eb 5 muaj dhe nuk kan\u00eb marr\u00eb asnj\u00eb rrog\u00eb. P\u00ebr p\u00ebrgaditjen e sezonit turistik as nuk b\u00ebhet fjal\u00eb, sepse p\u00ebr ta m\u00eb t\u00eb r\u00ebnd\u00ebsishme jan\u00eb investimet p\u00ebr blerje t\u00eb votave t\u00eb cilat po ndodhin k\u00ebto dit\u00eb, sesa mir\u00ebvajtja e k\u00ebsaj dege ekonomike me r\u00ebnd\u00ebsi jet\u00ebsore p\u00ebr Ulqinin. M\u00eb e r\u00ebnd\u00ebsishme ishte t\u00eb rr\u00ebnohen objektet si Galebi dhe objektet e dhjetra qytetar\u00ebve n\u00eb Ran\u00eb, t\u00eb cil\u00ebt u lan\u00eb pa burim egzistence, pa i ofruar alternativ\u00eb dhe duke e varf\u00ebruar ofert\u00ebn e shyrbimeve gjat sezonit turistik.<br \/>\nPasojat fatale t\u00eb nd\u00ebrtimit t\u00eb trotoarit n\u00eb rrug\u00ebn kryesore t\u00eb qytetit n\u00eb filim t\u00eb sezonit turistik p\u00ebr afaristat q\u00eb punojn\u00eb n\u00eb at\u00eb rrug\u00eb jan\u00eb edhe nj\u00eb d\u00ebshtim i pushtetit t\u00eb koalicionit europian, n\u00eb krye me z. Hajdinag\u00ebn.<br \/>\nEdhe p\u00ebr k\u00ebto arsye k\u00ebrkesa e slloganit t\u00eb tyre t\u00eb vazhdojn\u00eb \u00ebsht\u00eb\u00a0 fyerje e arsyes s\u00eb sh\u00ebndosh\u00eb dhe fyerje e dinjitetit t\u00eb \u00e7do qytetari t\u00eb Ulqinit dhe e votuesve t\u00eb k\u00ebsaj komune.<br \/>\nQytetar\u00eb\u00a0 t\u00eb nderuar, po e p\u00ebrs\u00ebris edhe nj\u00eb her\u00eb se Z. Hajdinaga dhe koalicioni p\u00ebr Ulqinin europian i cili e mb\u00ebshtet, me paftyr\u00ebsi t\u00eb papar\u00eb politike k\u00ebrkojn\u00eb t\u00eb vazhdojn\u00eb, edhe pse kan\u00eb mbi 3,5 milon EURO borxhe ndaj ekzekutuesve t\u00eb pun\u00ebve dhe mbi 11,5 milon EURO borxhe t\u00eb bazuara n\u00eb k\u00ebrkesat e personave fizik dhe juridik para organeve gjyqsore.<br \/>\nKulmi i pafryr\u00ebsis\u00eb\u00a0 politike \u00ebsht\u00eb bilbordi pa koment me pamje t\u00eb Valdanosit, q\u00eb ndoshta edhe mund t\u00eb jet\u00eb mesazh se dor\u00ebzohen p\u00ebr shkak t\u00eb premtimeve boshe dhe dhe mesazh se duan ta dor\u00ebzojn\u00eb nj\u00eb komune t\u00eb falimentuar.<br \/>\nQytetar\u00eb\u00a0 t\u00eb nderuar, koalicioni p\u00ebr Ulqinin europian k\u00ebrkon nga ju t\u00eb votoni vazhdimin e d\u00ebshtimit t\u00eb tyre dhe ta \u00e7oni komun\u00ebn drejt falimentimit, drejt bakrrotit.<br \/>\nNe jemi t\u00eb\u00a0 bindur se ju nuk do t\u00eb p\u00ebrkrahni nj\u00eb politik\u00eb t\u00eb d\u00ebshtuar e cila tenton r\u00eb fyej arsyen tuaj t\u00eb sh\u00ebndosh\u00eb dhe dinjitetin tuaj.<br \/>\nVet\u00ebm FORCA ofron alternativ\u00eb dhe rrugdalje nga kjo situat\u00eb e v\u00ebshtir\u00eb. FORCA ofron ZHVILLIM. Prandaj, votoni Forc\u00ebn e zhvillimit. Votoni nr. 1.<\/p>\n<p><strong>Sherbimi per informim i Forc\u00eas<\/strong><br \/>\n<!--YouTube Error: bad URL entered--><\/p>\n<p><span id=\":9r\"><br \/>\n<\/span><\/p>\n","protected":false},"excerpt":{"rendered":"<p>Konferenc\u00eb p\u00ebr media 10.05.2010 Ulqin me 10.05.2010 Nr.78\/10 Funksionimi i pushtetit, si n\u00eb nivel shtet\u00ebror ashtu edhe n\u00eb nivel lokal realizohet dhe pasqyrohet p\u00ebrmes mjeteve buxhetore, grumbullimit dhe menaxhimit t\u00eb tyre p\u00ebr p\u00ebrmbushjen e qellimeve programore dhe zhvillimore. Deri kah mesi i\u00a0 vitit 2009 realizimi i shpenzimeve operative,( dmth. i shpenzimeve p\u00ebr rroga t\u00eb administrat\u00ebs, [&hellip;]<\/p>\n","protected":false},"author":1,"featured_media":0,"comment_status":"open","ping_status":"closed","sticky":false,"template":"","format":"standard","meta":{"spay_email":"","jetpack_publicize_message":"","jetpack_is_tweetstorm":false,"jetpack_publicize_feature_enabled":true},"categories":[6],"tags":[874,95,14258,200,18,1797],"jetpack_publicize_connections":[],"yoast_head":"<!-- This site is optimized with the Yoast SEO plugin v19.1 - https:\/\/yoast.com\/wordpress\/plugins\/seo\/ -->\n<title>Press Konferenca nga Forca e Re Demokratike me 10.05.2010 - Lajme nga Ulqini<\/title>\n<meta name=\"description\" content=\"Konferenc\u00eb p\u00ebr media 10.05.2010 Ulqin me 10.05.2010 Nr.78\/10 Funksionimi i pushtetit, si n\u00eb nivel shtet\u00ebror ashtu edhe n\u00eb nivel lokal realizohet dhe\" \/>\n<meta name=\"robots\" content=\"index, follow, max-snippet:-1, max-image-preview:large, max-video-preview:-1\" \/>\n<link rel=\"canonical\" href=\"https:\/\/www.visit-ulcinj.com\/blog\/2010\/05\/10\/press-konferenca-nga-forca-e-re-demokratike-me-10-05-2010\/\" \/>\n<meta property=\"og:locale\" content=\"en_US\" \/>\n<meta property=\"og:type\" content=\"article\" \/>\n<meta property=\"og:title\" content=\"Press Konferenca nga Forca e Re Demokratike me 10.05.2010 - Lajme nga Ulqini\" \/>\n<meta property=\"og:description\" content=\"Konferenc\u00eb p\u00ebr media 10.05.2010 Ulqin me 10.05.2010 Nr.78\/10 Funksionimi i pushtetit, si n\u00eb nivel shtet\u00ebror ashtu edhe n\u00eb nivel lokal realizohet dhe\" \/>\n<meta property=\"og:url\" content=\"https:\/\/www.visit-ulcinj.com\/blog\/2010\/05\/10\/press-konferenca-nga-forca-e-re-demokratike-me-10-05-2010\/\" \/>\n<meta property=\"og:site_name\" content=\"Lajme nga Ulqini\" \/>\n<meta property=\"article:published_time\" content=\"2010-05-10T14:59:47+00:00\" \/>\n<meta property=\"article:modified_time\" content=\"2010-05-11T18:46:42+00:00\" \/>\n<meta property=\"og:image\" content=\"http:\/\/www.visit-ulcinj.com\/blog\/wp-content\/uploads\/2010\/05\/Xhaudet_Cakuli_-Forca.JPG\" \/>\n<meta name=\"twitter:label1\" content=\"Written by\" \/>\n\t<meta name=\"twitter:data1\" content=\"ulqini\" \/>\n\t<meta name=\"twitter:label2\" content=\"Est. reading time\" \/>\n\t<meta name=\"twitter:data2\" content=\"5 minutes\" \/>\n<script type=\"application\/ld+json\" class=\"yoast-schema-graph\">{\"@context\":\"https:\/\/schema.org\",\"@graph\":[{\"@type\":\"WebSite\",\"@id\":\"https:\/\/www.visit-ulcinj.com\/blog\/#website\",\"url\":\"https:\/\/www.visit-ulcinj.com\/blog\/\",\"name\":\"Lajme nga Ulqini\",\"description\":\"Lajme,Vijesti,Ulqini,Ulqin,Crna Gora,Mali i Zi\",\"potentialAction\":[{\"@type\":\"SearchAction\",\"target\":{\"@type\":\"EntryPoint\",\"urlTemplate\":\"https:\/\/www.visit-ulcinj.com\/blog\/?s={search_term_string}\"},\"query-input\":\"required name=search_term_string\"}],\"inLanguage\":\"en-US\"},{\"@type\":\"ImageObject\",\"inLanguage\":\"en-US\",\"@id\":\"https:\/\/www.visit-ulcinj.com\/blog\/2010\/05\/10\/press-konferenca-nga-forca-e-re-demokratike-me-10-05-2010\/#primaryimage\",\"url\":\"https:\/\/www.visit-ulcinj.com\/blog\/wp-content\/uploads\/2010\/05\/Xhaudet_Cakuli_-Forca.JPG\",\"contentUrl\":\"https:\/\/www.visit-ulcinj.com\/blog\/wp-content\/uploads\/2010\/05\/Xhaudet_Cakuli_-Forca.JPG\",\"width\":\"800\",\"height\":\"536\"},{\"@type\":\"WebPage\",\"@id\":\"https:\/\/www.visit-ulcinj.com\/blog\/2010\/05\/10\/press-konferenca-nga-forca-e-re-demokratike-me-10-05-2010\/#webpage\",\"url\":\"https:\/\/www.visit-ulcinj.com\/blog\/2010\/05\/10\/press-konferenca-nga-forca-e-re-demokratike-me-10-05-2010\/\",\"name\":\"Press Konferenca nga Forca e Re Demokratike me 10.05.2010 - Lajme nga Ulqini\",\"isPartOf\":{\"@id\":\"https:\/\/www.visit-ulcinj.com\/blog\/#website\"},\"primaryImageOfPage\":{\"@id\":\"https:\/\/www.visit-ulcinj.com\/blog\/2010\/05\/10\/press-konferenca-nga-forca-e-re-demokratike-me-10-05-2010\/#primaryimage\"},\"datePublished\":\"2010-05-10T14:59:47+00:00\",\"dateModified\":\"2010-05-11T18:46:42+00:00\",\"author\":{\"@id\":\"https:\/\/www.visit-ulcinj.com\/blog\/#\/schema\/person\/dcab619c614d3038751c63bc2aadc06d\"},\"description\":\"Konferenc\u00eb p\u00ebr media 10.05.2010 Ulqin me 10.05.2010 Nr.78\/10 Funksionimi i pushtetit, si n\u00eb nivel shtet\u00ebror ashtu edhe n\u00eb nivel lokal realizohet dhe\",\"breadcrumb\":{\"@id\":\"https:\/\/www.visit-ulcinj.com\/blog\/2010\/05\/10\/press-konferenca-nga-forca-e-re-demokratike-me-10-05-2010\/#breadcrumb\"},\"inLanguage\":\"en-US\",\"potentialAction\":[{\"@type\":\"ReadAction\",\"target\":[\"https:\/\/www.visit-ulcinj.com\/blog\/2010\/05\/10\/press-konferenca-nga-forca-e-re-demokratike-me-10-05-2010\/\"]}]},{\"@type\":\"BreadcrumbList\",\"@id\":\"https:\/\/www.visit-ulcinj.com\/blog\/2010\/05\/10\/press-konferenca-nga-forca-e-re-demokratike-me-10-05-2010\/#breadcrumb\",\"itemListElement\":[{\"@type\":\"ListItem\",\"position\":1,\"name\":\"Press Konferenca nga Forca e Re Demokratike me 10.05.2010\"}]},{\"@type\":\"Person\",\"@id\":\"https:\/\/www.visit-ulcinj.com\/blog\/#\/schema\/person\/dcab619c614d3038751c63bc2aadc06d\",\"name\":\"ulqini\",\"sameAs\":[\"http:\/\/www.visit-ulcinj.com\"],\"url\":\"https:\/\/www.visit-ulcinj.com\/blog\/author\/admin\/\"}]}<\/script>\n<!-- \/ Yoast SEO plugin. -->","yoast_head_json":{"title":"Press Konferenca nga Forca e Re Demokratike me 10.05.2010 - Lajme nga Ulqini","description":"Konferenc\u00eb p\u00ebr media 10.05.2010 Ulqin me 10.05.2010 Nr.78\/10 Funksionimi i pushtetit, si n\u00eb nivel shtet\u00ebror ashtu edhe n\u00eb nivel lokal realizohet dhe","robots":{"index":"index","follow":"follow","max-snippet":"max-snippet:-1","max-image-preview":"max-image-preview:large","max-video-preview":"max-video-preview:-1"},"canonical":"https:\/\/www.visit-ulcinj.com\/blog\/2010\/05\/10\/press-konferenca-nga-forca-e-re-demokratike-me-10-05-2010\/","og_locale":"en_US","og_type":"article","og_title":"Press Konferenca nga Forca e Re Demokratike me 10.05.2010 - Lajme nga Ulqini","og_description":"Konferenc\u00eb p\u00ebr media 10.05.2010 Ulqin me 10.05.2010 Nr.78\/10 Funksionimi i pushtetit, si n\u00eb nivel shtet\u00ebror ashtu edhe n\u00eb nivel lokal realizohet dhe","og_url":"https:\/\/www.visit-ulcinj.com\/blog\/2010\/05\/10\/press-konferenca-nga-forca-e-re-demokratike-me-10-05-2010\/","og_site_name":"Lajme nga Ulqini","article_published_time":"2010-05-10T14:59:47+00:00","article_modified_time":"2010-05-11T18:46:42+00:00","og_image":[{"url":"http:\/\/www.visit-ulcinj.com\/blog\/wp-content\/uploads\/2010\/05\/Xhaudet_Cakuli_-Forca.JPG"}],"twitter_misc":{"Written by":"ulqini","Est. reading time":"5 minutes"},"schema":{"@context":"https:\/\/schema.org","@graph":[{"@type":"WebSite","@id":"https:\/\/www.visit-ulcinj.com\/blog\/#website","url":"https:\/\/www.visit-ulcinj.com\/blog\/","name":"Lajme nga Ulqini","description":"Lajme,Vijesti,Ulqini,Ulqin,Crna Gora,Mali i Zi","potentialAction":[{"@type":"SearchAction","target":{"@type":"EntryPoint","urlTemplate":"https:\/\/www.visit-ulcinj.com\/blog\/?s={search_term_string}"},"query-input":"required name=search_term_string"}],"inLanguage":"en-US"},{"@type":"ImageObject","inLanguage":"en-US","@id":"https:\/\/www.visit-ulcinj.com\/blog\/2010\/05\/10\/press-konferenca-nga-forca-e-re-demokratike-me-10-05-2010\/#primaryimage","url":"https:\/\/www.visit-ulcinj.com\/blog\/wp-content\/uploads\/2010\/05\/Xhaudet_Cakuli_-Forca.JPG","contentUrl":"https:\/\/www.visit-ulcinj.com\/blog\/wp-content\/uploads\/2010\/05\/Xhaudet_Cakuli_-Forca.JPG","width":"800","height":"536"},{"@type":"WebPage","@id":"https:\/\/www.visit-ulcinj.com\/blog\/2010\/05\/10\/press-konferenca-nga-forca-e-re-demokratike-me-10-05-2010\/#webpage","url":"https:\/\/www.visit-ulcinj.com\/blog\/2010\/05\/10\/press-konferenca-nga-forca-e-re-demokratike-me-10-05-2010\/","name":"Press Konferenca nga Forca e Re Demokratike me 10.05.2010 - Lajme nga Ulqini","isPartOf":{"@id":"https:\/\/www.visit-ulcinj.com\/blog\/#website"},"primaryImageOfPage":{"@id":"https:\/\/www.visit-ulcinj.com\/blog\/2010\/05\/10\/press-konferenca-nga-forca-e-re-demokratike-me-10-05-2010\/#primaryimage"},"datePublished":"2010-05-10T14:59:47+00:00","dateModified":"2010-05-11T18:46:42+00:00","author":{"@id":"https:\/\/www.visit-ulcinj.com\/blog\/#\/schema\/person\/dcab619c614d3038751c63bc2aadc06d"},"description":"Konferenc\u00eb p\u00ebr media 10.05.2010 Ulqin me 10.05.2010 Nr.78\/10 Funksionimi i pushtetit, si n\u00eb nivel shtet\u00ebror ashtu edhe n\u00eb nivel lokal realizohet dhe","breadcrumb":{"@id":"https:\/\/www.visit-ulcinj.com\/blog\/2010\/05\/10\/press-konferenca-nga-forca-e-re-demokratike-me-10-05-2010\/#breadcrumb"},"inLanguage":"en-US","potentialAction":[{"@type":"ReadAction","target":["https:\/\/www.visit-ulcinj.com\/blog\/2010\/05\/10\/press-konferenca-nga-forca-e-re-demokratike-me-10-05-2010\/"]}]},{"@type":"BreadcrumbList","@id":"https:\/\/www.visit-ulcinj.com\/blog\/2010\/05\/10\/press-konferenca-nga-forca-e-re-demokratike-me-10-05-2010\/#breadcrumb","itemListElement":[{"@type":"ListItem","position":1,"name":"Press Konferenca nga Forca e Re Demokratike me 10.05.2010"}]},{"@type":"Person","@id":"https:\/\/www.visit-ulcinj.com\/blog\/#\/schema\/person\/dcab619c614d3038751c63bc2aadc06d","name":"ulqini","sameAs":["http:\/\/www.visit-ulcinj.com"],"url":"https:\/\/www.visit-ulcinj.com\/blog\/author\/admin\/"}]}},"jetpack_featured_media_url":"","jetpack_sharing_enabled":true,"jetpack_shortlink":"https:\/\/wp.me\/pe6lTn-8BB","_links":{"self":[{"href":"https:\/\/www.visit-ulcinj.com\/blog\/wp-json\/wp\/v2\/posts\/33083"}],"collection":[{"href":"https:\/\/www.visit-ulcinj.com\/blog\/wp-json\/wp\/v2\/posts"}],"about":[{"href":"https:\/\/www.visit-ulcinj.com\/blog\/wp-json\/wp\/v2\/types\/post"}],"author":[{"embeddable":true,"href":"https:\/\/www.visit-ulcinj.com\/blog\/wp-json\/wp\/v2\/users\/1"}],"replies":[{"embeddable":true,"href":"https:\/\/www.visit-ulcinj.com\/blog\/wp-json\/wp\/v2\/comments?post=33083"}],"version-history":[{"count":0,"href":"https:\/\/www.visit-ulcinj.com\/blog\/wp-json\/wp\/v2\/posts\/33083\/revisions"}],"wp:attachment":[{"href":"https:\/\/www.visit-ulcinj.com\/blog\/wp-json\/wp\/v2\/media?parent=33083"}],"wp:term":[{"taxonomy":"category","embeddable":true,"href":"https:\/\/www.visit-ulcinj.com\/blog\/wp-json\/wp\/v2\/categories?post=33083"},{"taxonomy":"post_tag","embeddable":true,"href":"https:\/\/www.visit-ulcinj.com\/blog\/wp-json\/wp\/v2\/tags?post=33083"}],"curies":[{"name":"wp","href":"https:\/\/api.w.org\/{rel}","templated":true}]}}