{"id":33087,"date":"2010-05-10T18:00:42","date_gmt":"2010-05-10T16:00:42","guid":{"rendered":"http:\/\/www.visit-ulcinj.com\/blog\/?p=33087"},"modified":"2010-05-10T18:00:42","modified_gmt":"2010-05-10T16:00:42","slug":"alketa-vejsiu-e-ftuar-speciale-ne-raiuno","status":"publish","type":"post","link":"https:\/\/www.visit-ulcinj.com\/blog\/2010\/05\/10\/alketa-vejsiu-e-ftuar-speciale-ne-raiuno\/","title":{"rendered":"Alketa Vejsiu e ftuar speciale ne Raiuno"},"content":{"rendered":"<p><img loading=\"lazy\" class=\"alignleft\" title=\"Alketa Vejsiu\" src=\"http:\/\/www.visit-ulcinj.com\/blog\/wp-content\/uploads\/2009\/10\/Alketa-Vejsiu.4.jpg\" alt=\"\" width=\"490\" height=\"590\" \/>Ka qen\u00eb fanse e Adi Krast\u00ebs, nd\u00ebrkoh\u00eb q\u00eb n\u00eb nat\u00ebn finale t\u00eb \u201cDancing with the stars\u201d n\u00eb \u201cVizion Plus\u201d, Alketa Vejsiu e kishte t\u00eb ftuarin e saj special. E ka konsideruar \u201cmoment sensancional\u201d, kur dy profesionist\u00eb u bashkuan n\u00ebn t\u00eb nj\u00ebjt\u00ebn \u00e7ati, pavar\u00ebsisht logove t\u00eb ekraneve ku ata punojn\u00eb. Dhe asnj\u00ebri, as tjetri, nuk e kan\u00eb fshehur nj\u00eb shk\u00ebmbim dashamir\u00ebsie t\u00eb dyansh\u00ebm t\u00eb prezantuesve, tashm\u00eb shum\u00eb t\u00eb njohur, t\u00eb dy zbulime t\u00eb regjizores Vera Grabocka. Ka qen\u00eb pik\u00ebrisht Grabocka, dhe miq\u00ebsia e saj e vjet\u00ebr me Krast\u00ebn, q\u00eb ai t\u00eb mos i thoshte \u201cjo\u201d ftes\u00ebs, edhe pse tashm\u00eb punon n\u00eb \u201cTop Channel\u201d, nj\u00eb televizion q\u00eb dihet q\u00eb \u00ebsht\u00eb shum\u00eb fanatik p\u00ebr ikonat e tij. Por, si p\u00ebr t\u2019i kthyer p\u00ebrgjigje k\u00ebsaj, Adi u shpreh gjat\u00eb spektaklit se ai nuk martohet me logon e tv-s\u00eb por me formatin televiziv. Nga ana e saj, Alketa p\u00ebr \u201cPanorama Plus\u201d e ka komentuar si \u201cnj\u00eb eksperienc\u00eb impresionuese\u201d, nj\u00eb moment t\u00eb till\u00eb televiziv me idhullin e saj t\u00eb f\u00ebmij\u00ebris\u00eb. Dhe duke i par\u00eb t\u00eb dy bashk\u00eb, natyrsh\u00ebm lind pyetja n\u00ebse ata mund t\u00eb bashkoheshin n\u00eb nj\u00eb emision televiz. \u201cPse jo, &#8211; thot\u00eb Alketa, &#8211; do t\u00eb ishte mjaft interesante, pasi si Krasta dhe un\u00eb nuk k\u00ebrkojm\u00eb nj\u00eb partner thjesht p\u00ebr figur\u00eb, por nj\u00eb profesionist t\u00eb aft\u00eb n\u00eb krah, dhe mendoj q\u00eb nuk do t\u00eb kishte eksperienc\u00eb m\u00eb t\u00eb mir\u00eb\u201d. Nj\u00eb partner t\u00eb fort\u00eb, ajo thot\u00eb se ka patur p\u00ebr 12 jav\u00eb Gentin, q\u00eb ishte nj\u00eb zgjedhje e mir\u00ebmenduar, p\u00ebr elokuenc\u00ebn, kultur\u00ebn dhe nj\u00eb aft\u00ebsi t\u00eb lindur p\u00ebr prezantim, edhe pse profesioni i tij i par\u00eb \u00ebsht\u00eb i bankierit. Nd\u00ebrkoh\u00eb q\u00eb pas k\u00ebsaj, Alketa sapo ka marr\u00eb nj\u00eb ftes\u00eb p\u00ebr t\u00eb qen\u00eb e ftuar n\u00eb Raiuno. N\u00eb revist\u00ebn DI PIU me 1 milion\u00eb e 500 kopje shitje, shkruhet p\u00ebr Alketa Vejsiun: Vejsiu luan m\u00eb shum\u00eb kart\u00ebn e femr\u00ebs t\u00ebrheq\u00ebse sesaZonj\u00ebn e madhe q\u00eb b\u00ebn Carlucci, kjo p\u00ebr shkak t\u00eb mosh\u00ebs 25 vjet m\u00eb e re. Stili i saj \u00ebsht\u00eb energjik, \u00ebsht\u00eb e p\u00ebrgatitur, flet disa gjuh\u00eb t\u00eb huaja dhe n\u00eb \u00e7do televizion evropian do t\u00eb ishte nj\u00ebsoj e suksesshme. N\u00eb reshtat e k\u00ebsaj reviste p\u00ebrmendet dhe vall\u00ebzimi i Vejsiut me politikanin Edi Rama, duke e konsideruar sensancional. Do t\u00eb ishte po aq e bujshme, n\u00ebse Carlucci do t\u00eb vall\u00ebzonte me Sindaccon e Rom\u00ebs, Gianni Alemanno. Po ashtu flitet me dashamir\u00ebsi p\u00ebr eleganc\u00ebn e partnerit t\u00eb saj, Genti.<\/p>\n<p><strong>Panorama Plus<\/strong><\/p>\n<p><strong><!--YouTube Error: bad URL entered--><br \/>\n<\/strong><\/p>\n","protected":false},"excerpt":{"rendered":"<p>Ka qen\u00eb fanse e Adi Krast\u00ebs, nd\u00ebrkoh\u00eb q\u00eb n\u00eb nat\u00ebn finale t\u00eb \u201cDancing with the stars\u201d n\u00eb \u201cVizion Plus\u201d, Alketa Vejsiu e kishte t\u00eb ftuarin e saj special. E ka konsideruar \u201cmoment sensancional\u201d, kur dy profesionist\u00eb u bashkuan n\u00ebn t\u00eb nj\u00ebjt\u00ebn \u00e7ati, pavar\u00ebsisht logove t\u00eb ekraneve ku ata punojn\u00eb. Dhe asnj\u00ebri, as tjetri, nuk e [&hellip;]<\/p>\n","protected":false},"author":1,"featured_media":0,"comment_status":"open","ping_status":"closed","sticky":false,"template":"","format":"standard","meta":{"spay_email":"","jetpack_publicize_message":"","jetpack_is_tweetstorm":false,"jetpack_publicize_feature_enabled":true},"categories":[1],"tags":[12595],"jetpack_publicize_connections":[],"yoast_head":"<!-- This site is optimized with the Yoast SEO plugin v19.1 - https:\/\/yoast.com\/wordpress\/plugins\/seo\/ -->\n<title>Alketa Vejsiu e ftuar speciale ne Raiuno - Lajme nga Ulqini<\/title>\n<meta name=\"description\" content=\"Ka qen\u00eb fanse e Adi Krast\u00ebs, nd\u00ebrkoh\u00eb q\u00eb n\u00eb nat\u00ebn finale t\u00eb \u201cDancing with the stars\u201d n\u00eb \u201cVizion Plus\u201d, Alketa Vejsiu e kishte t\u00eb ftuarin e saj special. E\" \/>\n<meta name=\"robots\" content=\"index, follow, max-snippet:-1, max-image-preview:large, max-video-preview:-1\" \/>\n<link rel=\"canonical\" href=\"https:\/\/www.visit-ulcinj.com\/blog\/2010\/05\/10\/alketa-vejsiu-e-ftuar-speciale-ne-raiuno\/\" \/>\n<meta property=\"og:locale\" content=\"en_US\" \/>\n<meta property=\"og:type\" content=\"article\" \/>\n<meta property=\"og:title\" content=\"Alketa Vejsiu e ftuar speciale ne Raiuno - Lajme nga Ulqini\" \/>\n<meta property=\"og:description\" content=\"Ka qen\u00eb fanse e Adi Krast\u00ebs, nd\u00ebrkoh\u00eb q\u00eb n\u00eb nat\u00ebn finale t\u00eb \u201cDancing with the stars\u201d n\u00eb \u201cVizion Plus\u201d, Alketa Vejsiu e kishte t\u00eb ftuarin e saj special. E\" \/>\n<meta property=\"og:url\" content=\"https:\/\/www.visit-ulcinj.com\/blog\/2010\/05\/10\/alketa-vejsiu-e-ftuar-speciale-ne-raiuno\/\" \/>\n<meta property=\"og:site_name\" content=\"Lajme nga Ulqini\" \/>\n<meta property=\"article:published_time\" content=\"2010-05-10T16:00:42+00:00\" \/>\n<meta property=\"og:image\" content=\"http:\/\/www.visit-ulcinj.com\/blog\/wp-content\/uploads\/2009\/10\/Alketa-Vejsiu.4.jpg\" \/>\n<meta name=\"twitter:label1\" content=\"Written by\" \/>\n\t<meta name=\"twitter:data1\" content=\"ulqini\" \/>\n\t<meta name=\"twitter:label2\" content=\"Est. reading time\" \/>\n\t<meta name=\"twitter:data2\" content=\"2 minutes\" \/>\n<script type=\"application\/ld+json\" class=\"yoast-schema-graph\">{\"@context\":\"https:\/\/schema.org\",\"@graph\":[{\"@type\":\"WebSite\",\"@id\":\"https:\/\/www.visit-ulcinj.com\/blog\/#website\",\"url\":\"https:\/\/www.visit-ulcinj.com\/blog\/\",\"name\":\"Lajme nga Ulqini\",\"description\":\"Lajme,Vijesti,Ulqini,Ulqin,Crna Gora,Mali i Zi\",\"potentialAction\":[{\"@type\":\"SearchAction\",\"target\":{\"@type\":\"EntryPoint\",\"urlTemplate\":\"https:\/\/www.visit-ulcinj.com\/blog\/?s={search_term_string}\"},\"query-input\":\"required name=search_term_string\"}],\"inLanguage\":\"en-US\"},{\"@type\":\"ImageObject\",\"inLanguage\":\"en-US\",\"@id\":\"https:\/\/www.visit-ulcinj.com\/blog\/2010\/05\/10\/alketa-vejsiu-e-ftuar-speciale-ne-raiuno\/#primaryimage\",\"url\":\"http:\/\/www.visit-ulcinj.com\/blog\/wp-content\/uploads\/2009\/10\/Alketa-Vejsiu.4.jpg\",\"contentUrl\":\"http:\/\/www.visit-ulcinj.com\/blog\/wp-content\/uploads\/2009\/10\/Alketa-Vejsiu.4.jpg\"},{\"@type\":\"WebPage\",\"@id\":\"https:\/\/www.visit-ulcinj.com\/blog\/2010\/05\/10\/alketa-vejsiu-e-ftuar-speciale-ne-raiuno\/#webpage\",\"url\":\"https:\/\/www.visit-ulcinj.com\/blog\/2010\/05\/10\/alketa-vejsiu-e-ftuar-speciale-ne-raiuno\/\",\"name\":\"Alketa Vejsiu e ftuar speciale ne Raiuno - Lajme nga Ulqini\",\"isPartOf\":{\"@id\":\"https:\/\/www.visit-ulcinj.com\/blog\/#website\"},\"primaryImageOfPage\":{\"@id\":\"https:\/\/www.visit-ulcinj.com\/blog\/2010\/05\/10\/alketa-vejsiu-e-ftuar-speciale-ne-raiuno\/#primaryimage\"},\"datePublished\":\"2010-05-10T16:00:42+00:00\",\"dateModified\":\"2010-05-10T16:00:42+00:00\",\"author\":{\"@id\":\"https:\/\/www.visit-ulcinj.com\/blog\/#\/schema\/person\/dcab619c614d3038751c63bc2aadc06d\"},\"description\":\"Ka qen\u00eb fanse e Adi Krast\u00ebs, nd\u00ebrkoh\u00eb q\u00eb n\u00eb nat\u00ebn finale t\u00eb \u201cDancing with the stars\u201d n\u00eb \u201cVizion Plus\u201d, Alketa Vejsiu e kishte t\u00eb ftuarin e saj special. E\",\"breadcrumb\":{\"@id\":\"https:\/\/www.visit-ulcinj.com\/blog\/2010\/05\/10\/alketa-vejsiu-e-ftuar-speciale-ne-raiuno\/#breadcrumb\"},\"inLanguage\":\"en-US\",\"potentialAction\":[{\"@type\":\"ReadAction\",\"target\":[\"https:\/\/www.visit-ulcinj.com\/blog\/2010\/05\/10\/alketa-vejsiu-e-ftuar-speciale-ne-raiuno\/\"]}]},{\"@type\":\"BreadcrumbList\",\"@id\":\"https:\/\/www.visit-ulcinj.com\/blog\/2010\/05\/10\/alketa-vejsiu-e-ftuar-speciale-ne-raiuno\/#breadcrumb\",\"itemListElement\":[{\"@type\":\"ListItem\",\"position\":1,\"name\":\"Alketa Vejsiu e ftuar speciale ne Raiuno\"}]},{\"@type\":\"Person\",\"@id\":\"https:\/\/www.visit-ulcinj.com\/blog\/#\/schema\/person\/dcab619c614d3038751c63bc2aadc06d\",\"name\":\"ulqini\",\"sameAs\":[\"http:\/\/www.visit-ulcinj.com\"],\"url\":\"https:\/\/www.visit-ulcinj.com\/blog\/author\/admin\/\"}]}<\/script>\n<!-- \/ Yoast SEO plugin. -->","yoast_head_json":{"title":"Alketa Vejsiu e ftuar speciale ne Raiuno - Lajme nga Ulqini","description":"Ka qen\u00eb fanse e Adi Krast\u00ebs, nd\u00ebrkoh\u00eb q\u00eb n\u00eb nat\u00ebn finale t\u00eb \u201cDancing with the stars\u201d n\u00eb \u201cVizion Plus\u201d, Alketa Vejsiu e kishte t\u00eb ftuarin e saj special. E","robots":{"index":"index","follow":"follow","max-snippet":"max-snippet:-1","max-image-preview":"max-image-preview:large","max-video-preview":"max-video-preview:-1"},"canonical":"https:\/\/www.visit-ulcinj.com\/blog\/2010\/05\/10\/alketa-vejsiu-e-ftuar-speciale-ne-raiuno\/","og_locale":"en_US","og_type":"article","og_title":"Alketa Vejsiu e ftuar speciale ne Raiuno - Lajme nga Ulqini","og_description":"Ka qen\u00eb fanse e Adi Krast\u00ebs, nd\u00ebrkoh\u00eb q\u00eb n\u00eb nat\u00ebn finale t\u00eb \u201cDancing with the stars\u201d n\u00eb \u201cVizion Plus\u201d, Alketa Vejsiu e kishte t\u00eb ftuarin e saj special. E","og_url":"https:\/\/www.visit-ulcinj.com\/blog\/2010\/05\/10\/alketa-vejsiu-e-ftuar-speciale-ne-raiuno\/","og_site_name":"Lajme nga Ulqini","article_published_time":"2010-05-10T16:00:42+00:00","og_image":[{"url":"http:\/\/www.visit-ulcinj.com\/blog\/wp-content\/uploads\/2009\/10\/Alketa-Vejsiu.4.jpg"}],"twitter_misc":{"Written by":"ulqini","Est. reading time":"2 minutes"},"schema":{"@context":"https:\/\/schema.org","@graph":[{"@type":"WebSite","@id":"https:\/\/www.visit-ulcinj.com\/blog\/#website","url":"https:\/\/www.visit-ulcinj.com\/blog\/","name":"Lajme nga Ulqini","description":"Lajme,Vijesti,Ulqini,Ulqin,Crna Gora,Mali i Zi","potentialAction":[{"@type":"SearchAction","target":{"@type":"EntryPoint","urlTemplate":"https:\/\/www.visit-ulcinj.com\/blog\/?s={search_term_string}"},"query-input":"required name=search_term_string"}],"inLanguage":"en-US"},{"@type":"ImageObject","inLanguage":"en-US","@id":"https:\/\/www.visit-ulcinj.com\/blog\/2010\/05\/10\/alketa-vejsiu-e-ftuar-speciale-ne-raiuno\/#primaryimage","url":"http:\/\/www.visit-ulcinj.com\/blog\/wp-content\/uploads\/2009\/10\/Alketa-Vejsiu.4.jpg","contentUrl":"http:\/\/www.visit-ulcinj.com\/blog\/wp-content\/uploads\/2009\/10\/Alketa-Vejsiu.4.jpg"},{"@type":"WebPage","@id":"https:\/\/www.visit-ulcinj.com\/blog\/2010\/05\/10\/alketa-vejsiu-e-ftuar-speciale-ne-raiuno\/#webpage","url":"https:\/\/www.visit-ulcinj.com\/blog\/2010\/05\/10\/alketa-vejsiu-e-ftuar-speciale-ne-raiuno\/","name":"Alketa Vejsiu e ftuar speciale ne Raiuno - Lajme nga Ulqini","isPartOf":{"@id":"https:\/\/www.visit-ulcinj.com\/blog\/#website"},"primaryImageOfPage":{"@id":"https:\/\/www.visit-ulcinj.com\/blog\/2010\/05\/10\/alketa-vejsiu-e-ftuar-speciale-ne-raiuno\/#primaryimage"},"datePublished":"2010-05-10T16:00:42+00:00","dateModified":"2010-05-10T16:00:42+00:00","author":{"@id":"https:\/\/www.visit-ulcinj.com\/blog\/#\/schema\/person\/dcab619c614d3038751c63bc2aadc06d"},"description":"Ka qen\u00eb fanse e Adi Krast\u00ebs, nd\u00ebrkoh\u00eb q\u00eb n\u00eb nat\u00ebn finale t\u00eb \u201cDancing with the stars\u201d n\u00eb \u201cVizion Plus\u201d, Alketa Vejsiu e kishte t\u00eb ftuarin e saj special. E","breadcrumb":{"@id":"https:\/\/www.visit-ulcinj.com\/blog\/2010\/05\/10\/alketa-vejsiu-e-ftuar-speciale-ne-raiuno\/#breadcrumb"},"inLanguage":"en-US","potentialAction":[{"@type":"ReadAction","target":["https:\/\/www.visit-ulcinj.com\/blog\/2010\/05\/10\/alketa-vejsiu-e-ftuar-speciale-ne-raiuno\/"]}]},{"@type":"BreadcrumbList","@id":"https:\/\/www.visit-ulcinj.com\/blog\/2010\/05\/10\/alketa-vejsiu-e-ftuar-speciale-ne-raiuno\/#breadcrumb","itemListElement":[{"@type":"ListItem","position":1,"name":"Alketa Vejsiu e ftuar speciale ne Raiuno"}]},{"@type":"Person","@id":"https:\/\/www.visit-ulcinj.com\/blog\/#\/schema\/person\/dcab619c614d3038751c63bc2aadc06d","name":"ulqini","sameAs":["http:\/\/www.visit-ulcinj.com"],"url":"https:\/\/www.visit-ulcinj.com\/blog\/author\/admin\/"}]}},"jetpack_featured_media_url":"","jetpack_sharing_enabled":true,"jetpack_shortlink":"https:\/\/wp.me\/pe6lTn-8BF","_links":{"self":[{"href":"https:\/\/www.visit-ulcinj.com\/blog\/wp-json\/wp\/v2\/posts\/33087"}],"collection":[{"href":"https:\/\/www.visit-ulcinj.com\/blog\/wp-json\/wp\/v2\/posts"}],"about":[{"href":"https:\/\/www.visit-ulcinj.com\/blog\/wp-json\/wp\/v2\/types\/post"}],"author":[{"embeddable":true,"href":"https:\/\/www.visit-ulcinj.com\/blog\/wp-json\/wp\/v2\/users\/1"}],"replies":[{"embeddable":true,"href":"https:\/\/www.visit-ulcinj.com\/blog\/wp-json\/wp\/v2\/comments?post=33087"}],"version-history":[{"count":0,"href":"https:\/\/www.visit-ulcinj.com\/blog\/wp-json\/wp\/v2\/posts\/33087\/revisions"}],"wp:attachment":[{"href":"https:\/\/www.visit-ulcinj.com\/blog\/wp-json\/wp\/v2\/media?parent=33087"}],"wp:term":[{"taxonomy":"category","embeddable":true,"href":"https:\/\/www.visit-ulcinj.com\/blog\/wp-json\/wp\/v2\/categories?post=33087"},{"taxonomy":"post_tag","embeddable":true,"href":"https:\/\/www.visit-ulcinj.com\/blog\/wp-json\/wp\/v2\/tags?post=33087"}],"curies":[{"name":"wp","href":"https:\/\/api.w.org\/{rel}","templated":true}]}}