{"id":33100,"date":"2010-05-11T09:17:24","date_gmt":"2010-05-11T07:17:24","guid":{"rendered":"http:\/\/www.visit-ulcinj.com\/blog\/?p=33100"},"modified":"2010-05-20T17:37:45","modified_gmt":"2010-05-20T15:37:45","slug":"debati-hajdinaga-dhe-cungu-ne-tv-teuta","status":"publish","type":"post","link":"https:\/\/www.visit-ulcinj.com\/blog\/2010\/05\/11\/debati-hajdinaga-dhe-cungu-ne-tv-teuta\/","title":{"rendered":"Debati Hajdinaga dhe Cungu ne Tv Teuta"},"content":{"rendered":"<p><a href=\"http:\/\/www.visit-ulcinj.com\/blog\/wp-content\/uploads\/2010\/05\/Debati-Hajdinaga_Cungu-ne-tv-teuta.jpg\"><img loading=\"lazy\" class=\"alignleft size-full wp-image-33101\" title=\"Debati Hajdinaga_Cungu ne tv teuta\" src=\"http:\/\/www.visit-ulcinj.com\/blog\/wp-content\/uploads\/2010\/05\/Debati-Hajdinaga_Cungu-ne-tv-teuta.jpg\" alt=\"Debati Hajdinaga_Cungu ne tv teuta\" width=\"490\" height=\"373\" \/><\/a>Debati Hajdinaga dhe Cungu ne Tv Teuta ishte shum\u00eb interesant sepse biseda qe konstruktive dhe nuk mungoj edhe kritika e pa e ndalur t\u00eb Nazif Cungut ndaj Kryetarit t\u00eb Ulqinit G\u00ebzim Hajdinag\u00ebs.<\/p>\n<p>Secili prej personave u p\u00ebrmbajt kritereve t\u00eb veta,keshtu q\u00eb nuk mungoj edhe interesimi i shikus\u00ebve qe ka tejkaluar\u00a0 shikimin me 70% te audijenc\u00ebs.<\/p>\n<p><strong><br \/>\nVideo\u00a0 TV TEUTA<br \/>\n<\/strong><br \/>\n<object width=\"490\" height=\"361\"><param name=\"movie\" value=\"http:\/\/www.dailymotion.com\/swf\/video\/xdda91?width=490&#038;theme=none&#038;foreground=%23F7FFFD&#038;highlight=%23FFC300&#038;background=%23171D1B&#038;additionalInfos=1&#038;hideInfos=1&#038;autoPlay=1&#038;start=&#038;colors=background%3A171D1B%3Bforeground%3AF7FFFD%3Bspecial%3AFFC300%3B\"><\/param><param name=\"allowFullScreen\" value=\"true\"><\/param><param name=\"allowScriptAccess\" value=\"always\"><\/param><\/object><\/p>\n","protected":false},"excerpt":{"rendered":"<p>Debati Hajdinaga dhe Cungu ne Tv Teuta ishte shum\u00eb interesant sepse biseda qe konstruktive dhe nuk mungoj edhe kritika e pa e ndalur t\u00eb Nazif Cungut ndaj Kryetarit t\u00eb Ulqinit G\u00ebzim Hajdinag\u00ebs. Secili prej personave u p\u00ebrmbajt kritereve t\u00eb veta,keshtu q\u00eb nuk mungoj edhe interesimi i shikus\u00ebve qe ka tejkaluar\u00a0 shikimin me 70% te audijenc\u00ebs. [&hellip;]<\/p>\n","protected":false},"author":1,"featured_media":0,"comment_status":"open","ping_status":"closed","sticky":false,"template":"","format":"standard","meta":{"spay_email":"","jetpack_publicize_message":"","jetpack_is_tweetstorm":false,"jetpack_publicize_feature_enabled":true},"categories":[5,1],"tags":[4484,2901,2611,8077,118],"jetpack_publicize_connections":[],"yoast_head":"<!-- This site is optimized with the Yoast SEO plugin v19.1 - https:\/\/yoast.com\/wordpress\/plugins\/seo\/ -->\n<title>Debati Hajdinaga dhe Cungu ne Tv Teuta - Lajme nga Ulqini<\/title>\n<meta name=\"description\" content=\"Debati Hajdinaga dhe Cungu ne Tv Teuta ishte shum\u00eb interesant sepse biseda qe konstruktive dhe nuk mungoj edhe kritika e pa e ndalur t\u00eb Nazif Cungut ndaj\" \/>\n<meta name=\"robots\" content=\"index, follow, max-snippet:-1, max-image-preview:large, max-video-preview:-1\" \/>\n<link rel=\"canonical\" href=\"https:\/\/www.visit-ulcinj.com\/blog\/2010\/05\/11\/debati-hajdinaga-dhe-cungu-ne-tv-teuta\/\" \/>\n<meta property=\"og:locale\" content=\"en_US\" \/>\n<meta property=\"og:type\" content=\"article\" \/>\n<meta property=\"og:title\" content=\"Debati Hajdinaga dhe Cungu ne Tv Teuta - Lajme nga Ulqini\" \/>\n<meta property=\"og:description\" content=\"Debati Hajdinaga dhe Cungu ne Tv Teuta ishte shum\u00eb interesant sepse biseda qe konstruktive dhe nuk mungoj edhe kritika e pa e ndalur t\u00eb Nazif Cungut ndaj\" \/>\n<meta property=\"og:url\" content=\"https:\/\/www.visit-ulcinj.com\/blog\/2010\/05\/11\/debati-hajdinaga-dhe-cungu-ne-tv-teuta\/\" \/>\n<meta property=\"og:site_name\" content=\"Lajme nga Ulqini\" \/>\n<meta property=\"article:published_time\" content=\"2010-05-11T07:17:24+00:00\" \/>\n<meta property=\"article:modified_time\" content=\"2010-05-20T15:37:45+00:00\" \/>\n<meta property=\"og:image\" content=\"http:\/\/www.visit-ulcinj.com\/blog\/wp-content\/uploads\/2010\/05\/Debati-Hajdinaga_Cungu-ne-tv-teuta.jpg\" \/>\n<meta name=\"twitter:label1\" content=\"Written by\" \/>\n\t<meta name=\"twitter:data1\" content=\"ulqini\" \/>\n<script type=\"application\/ld+json\" class=\"yoast-schema-graph\">{\"@context\":\"https:\/\/schema.org\",\"@graph\":[{\"@type\":\"WebSite\",\"@id\":\"https:\/\/www.visit-ulcinj.com\/blog\/#website\",\"url\":\"https:\/\/www.visit-ulcinj.com\/blog\/\",\"name\":\"Lajme nga Ulqini\",\"description\":\"Lajme,Vijesti,Ulqini,Ulqin,Crna Gora,Mali i Zi\",\"potentialAction\":[{\"@type\":\"SearchAction\",\"target\":{\"@type\":\"EntryPoint\",\"urlTemplate\":\"https:\/\/www.visit-ulcinj.com\/blog\/?s={search_term_string}\"},\"query-input\":\"required name=search_term_string\"}],\"inLanguage\":\"en-US\"},{\"@type\":\"ImageObject\",\"inLanguage\":\"en-US\",\"@id\":\"https:\/\/www.visit-ulcinj.com\/blog\/2010\/05\/11\/debati-hajdinaga-dhe-cungu-ne-tv-teuta\/#primaryimage\",\"url\":\"https:\/\/www.visit-ulcinj.com\/blog\/wp-content\/uploads\/2010\/05\/Debati-Hajdinaga_Cungu-ne-tv-teuta.jpg\",\"contentUrl\":\"https:\/\/www.visit-ulcinj.com\/blog\/wp-content\/uploads\/2010\/05\/Debati-Hajdinaga_Cungu-ne-tv-teuta.jpg\",\"width\":\"587\",\"height\":\"373\"},{\"@type\":\"WebPage\",\"@id\":\"https:\/\/www.visit-ulcinj.com\/blog\/2010\/05\/11\/debati-hajdinaga-dhe-cungu-ne-tv-teuta\/#webpage\",\"url\":\"https:\/\/www.visit-ulcinj.com\/blog\/2010\/05\/11\/debati-hajdinaga-dhe-cungu-ne-tv-teuta\/\",\"name\":\"Debati Hajdinaga dhe Cungu ne Tv Teuta - Lajme nga Ulqini\",\"isPartOf\":{\"@id\":\"https:\/\/www.visit-ulcinj.com\/blog\/#website\"},\"primaryImageOfPage\":{\"@id\":\"https:\/\/www.visit-ulcinj.com\/blog\/2010\/05\/11\/debati-hajdinaga-dhe-cungu-ne-tv-teuta\/#primaryimage\"},\"datePublished\":\"2010-05-11T07:17:24+00:00\",\"dateModified\":\"2010-05-20T15:37:45+00:00\",\"author\":{\"@id\":\"https:\/\/www.visit-ulcinj.com\/blog\/#\/schema\/person\/dcab619c614d3038751c63bc2aadc06d\"},\"description\":\"Debati Hajdinaga dhe Cungu ne Tv Teuta ishte shum\u00eb interesant sepse biseda qe konstruktive dhe nuk mungoj edhe kritika e pa e ndalur t\u00eb Nazif Cungut ndaj\",\"breadcrumb\":{\"@id\":\"https:\/\/www.visit-ulcinj.com\/blog\/2010\/05\/11\/debati-hajdinaga-dhe-cungu-ne-tv-teuta\/#breadcrumb\"},\"inLanguage\":\"en-US\",\"potentialAction\":[{\"@type\":\"ReadAction\",\"target\":[\"https:\/\/www.visit-ulcinj.com\/blog\/2010\/05\/11\/debati-hajdinaga-dhe-cungu-ne-tv-teuta\/\"]}]},{\"@type\":\"BreadcrumbList\",\"@id\":\"https:\/\/www.visit-ulcinj.com\/blog\/2010\/05\/11\/debati-hajdinaga-dhe-cungu-ne-tv-teuta\/#breadcrumb\",\"itemListElement\":[{\"@type\":\"ListItem\",\"position\":1,\"name\":\"Debati Hajdinaga dhe Cungu ne Tv Teuta\"}]},{\"@type\":\"Person\",\"@id\":\"https:\/\/www.visit-ulcinj.com\/blog\/#\/schema\/person\/dcab619c614d3038751c63bc2aadc06d\",\"name\":\"ulqini\",\"sameAs\":[\"http:\/\/www.visit-ulcinj.com\"],\"url\":\"https:\/\/www.visit-ulcinj.com\/blog\/author\/admin\/\"}]}<\/script>\n<!-- \/ Yoast SEO plugin. -->","yoast_head_json":{"title":"Debati Hajdinaga dhe Cungu ne Tv Teuta - Lajme nga Ulqini","description":"Debati Hajdinaga dhe Cungu ne Tv Teuta ishte shum\u00eb interesant sepse biseda qe konstruktive dhe nuk mungoj edhe kritika e pa e ndalur t\u00eb Nazif Cungut ndaj","robots":{"index":"index","follow":"follow","max-snippet":"max-snippet:-1","max-image-preview":"max-image-preview:large","max-video-preview":"max-video-preview:-1"},"canonical":"https:\/\/www.visit-ulcinj.com\/blog\/2010\/05\/11\/debati-hajdinaga-dhe-cungu-ne-tv-teuta\/","og_locale":"en_US","og_type":"article","og_title":"Debati Hajdinaga dhe Cungu ne Tv Teuta - Lajme nga Ulqini","og_description":"Debati Hajdinaga dhe Cungu ne Tv Teuta ishte shum\u00eb interesant sepse biseda qe konstruktive dhe nuk mungoj edhe kritika e pa e ndalur t\u00eb Nazif Cungut ndaj","og_url":"https:\/\/www.visit-ulcinj.com\/blog\/2010\/05\/11\/debati-hajdinaga-dhe-cungu-ne-tv-teuta\/","og_site_name":"Lajme nga Ulqini","article_published_time":"2010-05-11T07:17:24+00:00","article_modified_time":"2010-05-20T15:37:45+00:00","og_image":[{"url":"http:\/\/www.visit-ulcinj.com\/blog\/wp-content\/uploads\/2010\/05\/Debati-Hajdinaga_Cungu-ne-tv-teuta.jpg"}],"twitter_misc":{"Written by":"ulqini"},"schema":{"@context":"https:\/\/schema.org","@graph":[{"@type":"WebSite","@id":"https:\/\/www.visit-ulcinj.com\/blog\/#website","url":"https:\/\/www.visit-ulcinj.com\/blog\/","name":"Lajme nga Ulqini","description":"Lajme,Vijesti,Ulqini,Ulqin,Crna Gora,Mali i Zi","potentialAction":[{"@type":"SearchAction","target":{"@type":"EntryPoint","urlTemplate":"https:\/\/www.visit-ulcinj.com\/blog\/?s={search_term_string}"},"query-input":"required name=search_term_string"}],"inLanguage":"en-US"},{"@type":"ImageObject","inLanguage":"en-US","@id":"https:\/\/www.visit-ulcinj.com\/blog\/2010\/05\/11\/debati-hajdinaga-dhe-cungu-ne-tv-teuta\/#primaryimage","url":"https:\/\/www.visit-ulcinj.com\/blog\/wp-content\/uploads\/2010\/05\/Debati-Hajdinaga_Cungu-ne-tv-teuta.jpg","contentUrl":"https:\/\/www.visit-ulcinj.com\/blog\/wp-content\/uploads\/2010\/05\/Debati-Hajdinaga_Cungu-ne-tv-teuta.jpg","width":"587","height":"373"},{"@type":"WebPage","@id":"https:\/\/www.visit-ulcinj.com\/blog\/2010\/05\/11\/debati-hajdinaga-dhe-cungu-ne-tv-teuta\/#webpage","url":"https:\/\/www.visit-ulcinj.com\/blog\/2010\/05\/11\/debati-hajdinaga-dhe-cungu-ne-tv-teuta\/","name":"Debati Hajdinaga dhe Cungu ne Tv Teuta - Lajme nga Ulqini","isPartOf":{"@id":"https:\/\/www.visit-ulcinj.com\/blog\/#website"},"primaryImageOfPage":{"@id":"https:\/\/www.visit-ulcinj.com\/blog\/2010\/05\/11\/debati-hajdinaga-dhe-cungu-ne-tv-teuta\/#primaryimage"},"datePublished":"2010-05-11T07:17:24+00:00","dateModified":"2010-05-20T15:37:45+00:00","author":{"@id":"https:\/\/www.visit-ulcinj.com\/blog\/#\/schema\/person\/dcab619c614d3038751c63bc2aadc06d"},"description":"Debati Hajdinaga dhe Cungu ne Tv Teuta ishte shum\u00eb interesant sepse biseda qe konstruktive dhe nuk mungoj edhe kritika e pa e ndalur t\u00eb Nazif Cungut ndaj","breadcrumb":{"@id":"https:\/\/www.visit-ulcinj.com\/blog\/2010\/05\/11\/debati-hajdinaga-dhe-cungu-ne-tv-teuta\/#breadcrumb"},"inLanguage":"en-US","potentialAction":[{"@type":"ReadAction","target":["https:\/\/www.visit-ulcinj.com\/blog\/2010\/05\/11\/debati-hajdinaga-dhe-cungu-ne-tv-teuta\/"]}]},{"@type":"BreadcrumbList","@id":"https:\/\/www.visit-ulcinj.com\/blog\/2010\/05\/11\/debati-hajdinaga-dhe-cungu-ne-tv-teuta\/#breadcrumb","itemListElement":[{"@type":"ListItem","position":1,"name":"Debati Hajdinaga dhe Cungu ne Tv Teuta"}]},{"@type":"Person","@id":"https:\/\/www.visit-ulcinj.com\/blog\/#\/schema\/person\/dcab619c614d3038751c63bc2aadc06d","name":"ulqini","sameAs":["http:\/\/www.visit-ulcinj.com"],"url":"https:\/\/www.visit-ulcinj.com\/blog\/author\/admin\/"}]}},"jetpack_featured_media_url":"","jetpack_sharing_enabled":true,"jetpack_shortlink":"https:\/\/wp.me\/pe6lTn-8BS","_links":{"self":[{"href":"https:\/\/www.visit-ulcinj.com\/blog\/wp-json\/wp\/v2\/posts\/33100"}],"collection":[{"href":"https:\/\/www.visit-ulcinj.com\/blog\/wp-json\/wp\/v2\/posts"}],"about":[{"href":"https:\/\/www.visit-ulcinj.com\/blog\/wp-json\/wp\/v2\/types\/post"}],"author":[{"embeddable":true,"href":"https:\/\/www.visit-ulcinj.com\/blog\/wp-json\/wp\/v2\/users\/1"}],"replies":[{"embeddable":true,"href":"https:\/\/www.visit-ulcinj.com\/blog\/wp-json\/wp\/v2\/comments?post=33100"}],"version-history":[{"count":1,"href":"https:\/\/www.visit-ulcinj.com\/blog\/wp-json\/wp\/v2\/posts\/33100\/revisions"}],"predecessor-version":[{"id":67565,"href":"https:\/\/www.visit-ulcinj.com\/blog\/wp-json\/wp\/v2\/posts\/33100\/revisions\/67565"}],"wp:attachment":[{"href":"https:\/\/www.visit-ulcinj.com\/blog\/wp-json\/wp\/v2\/media?parent=33100"}],"wp:term":[{"taxonomy":"category","embeddable":true,"href":"https:\/\/www.visit-ulcinj.com\/blog\/wp-json\/wp\/v2\/categories?post=33100"},{"taxonomy":"post_tag","embeddable":true,"href":"https:\/\/www.visit-ulcinj.com\/blog\/wp-json\/wp\/v2\/tags?post=33100"}],"curies":[{"name":"wp","href":"https:\/\/api.w.org\/{rel}","templated":true}]}}