{"id":33187,"date":"2010-05-11T19:44:15","date_gmt":"2010-05-11T17:44:15","guid":{"rendered":"http:\/\/www.visit-ulcinj.com\/blog\/?p=33187"},"modified":"2010-05-11T19:44:15","modified_gmt":"2010-05-11T17:44:15","slug":"pocela-turisticka-sezona-u-ulcinju","status":"publish","type":"post","link":"https:\/\/www.visit-ulcinj.com\/blog\/2010\/05\/11\/pocela-turisticka-sezona-u-ulcinju\/","title":{"rendered":"Po?ela turisti?ka sezona u Ulcinju"},"content":{"rendered":"<p><a href=\"http:\/\/www.visit-ulcinj.com\/blog\/wp-content\/uploads\/2009\/08\/velika-plaza-ulcinj-montenegro.01.jpg\"><img loading=\"lazy\" class=\"alignleft size-full wp-image-25154\" title=\"velika plaza ulcinj montenegro.01\" src=\"http:\/\/www.visit-ulcinj.com\/blog\/wp-content\/uploads\/2009\/08\/velika-plaza-ulcinj-montenegro.01.jpg\" alt=\"velika plaza ulcinj montenegro.01\" width=\"490\" height=\"380\" \/><\/a>ULCINJ &#8211; Na ulcinjskoj rivijeri prve turiste koji su obilje\u017eili po?etak ljetne turisti?ke sezone primili su Ada Bojana i hoteli Olimpik i Belvi na Velikoj pla\u017ei.<br \/>\nNa Adi Bojani, koja je ove zime pretrpjela velike \u0161tete od poplava, privode se kraju poslovi na izgradnji dva pla\u017ena bara na nudisti?koj pla\u017ei i na u\u0161?u.<br \/>\n&#8220;U 50 soba u lux apartmanima zamijenjen je inventar. Put kroz nudisti?ko naselje je ove godine, prvi put otkad postoji, osvijetljen ?itavom du\u017einom od mosta do recepcije. Prvi gosti stigli su iz Njema?ke. Njih je do?ekalo dosta novog u ponudi, samo su cijene ostale iste&#8221;, rekla je Pobjedi Ana \u017divanovi? portparol HTP Ulcinjska rivijera.<br \/>\nPripreme su zavr\u0161ene i u hotelu Belvi na Velikoj pla\u017ei u kojem su renovirani holovi, fasada i 73 sobe. Osam teniskih terena, koji se nalaze neposredno pored hotela, je tako?e renovirano. Prekriveni su novom \u0161ljakom i osvijetljeni.<br \/>\nUlcinjska rivijera, koja na kompleksu Velika pla\u017ea ima \u0161est fudbalskih terena, ove godine u ponudi ima?e i sedmi teren veli?ine fudbalskog stadiona koji se gradi neposredno pored hotela Belvi, a koji ?e biti tako?e osvijetljen reflektorima. U hotelskom kompleksu na Velikoj pla\u017ei za ovu sezonu bi?e zna?ajno unaprije?ena vanpansionska ponuda. Pored novoizgra?enog pla\u017enog bara, ove godine ?e raditi i restoran Ribarsko selo, a potpuno novo u ponudi je bar pored bazena hotela Olimpik.<br \/>\nNakon zavr\u0161enih radova o?ekuju novu kategorizaciju i &#8211; po zvjezdicu vi\u0161e u svakom hotelu. Iako Ulcinjska rivijera zna?ajno podi\u017ee nivo usluga u svim hotelima, cijene ?e, prema najavi, ostati na nivou pro\u0161logodi\u0161njih.<br \/>\n<strong>RTCG<\/strong><br \/>\n<!--YouTube Error: bad URL entered--><\/p>\n","protected":false},"excerpt":{"rendered":"<p>ULCINJ &#8211; Na ulcinjskoj rivijeri prve turiste koji su obilje\u017eili po?etak ljetne turisti?ke sezone primili su Ada Bojana i hoteli Olimpik i Belvi na Velikoj pla\u017ei. Na Adi Bojani, koja je ove zime pretrpjela velike \u0161tete od poplava, privode se kraju poslovi na izgradnji dva pla\u017ena bara na nudisti?koj pla\u017ei i na u\u0161?u. &#8220;U 50 [&hellip;]<\/p>\n","protected":false},"author":1,"featured_media":0,"comment_status":"open","ping_status":"closed","sticky":false,"template":"","format":"standard","meta":{"spay_email":"","jetpack_publicize_message":"","jetpack_is_tweetstorm":false,"jetpack_publicize_feature_enabled":true},"categories":[15],"tags":[138,12450,250,19,265],"jetpack_publicize_connections":[],"yoast_head":"<!-- This site is optimized with the Yoast SEO plugin v19.1 - https:\/\/yoast.com\/wordpress\/plugins\/seo\/ -->\n<title>Po?ela turisti?ka sezona u Ulcinju - Lajme nga Ulqini<\/title>\n<meta name=\"description\" content=\"ULCINJ - Na ulcinjskoj rivijeri prve turiste koji su obilje\u017eili po?etak ljetne turisti?ke sezone primili su Ada Bojana i hoteli Olimpik i Belvi na Velikoj\" \/>\n<meta name=\"robots\" content=\"index, follow, max-snippet:-1, max-image-preview:large, max-video-preview:-1\" \/>\n<link rel=\"canonical\" href=\"https:\/\/www.visit-ulcinj.com\/blog\/2010\/05\/11\/pocela-turisticka-sezona-u-ulcinju\/\" \/>\n<meta property=\"og:locale\" content=\"en_US\" \/>\n<meta property=\"og:type\" content=\"article\" \/>\n<meta property=\"og:title\" content=\"Po?ela turisti?ka sezona u Ulcinju - Lajme nga Ulqini\" \/>\n<meta property=\"og:description\" content=\"ULCINJ - Na ulcinjskoj rivijeri prve turiste koji su obilje\u017eili po?etak ljetne turisti?ke sezone primili su Ada Bojana i hoteli Olimpik i Belvi na Velikoj\" \/>\n<meta property=\"og:url\" content=\"https:\/\/www.visit-ulcinj.com\/blog\/2010\/05\/11\/pocela-turisticka-sezona-u-ulcinju\/\" \/>\n<meta property=\"og:site_name\" content=\"Lajme nga Ulqini\" \/>\n<meta property=\"article:published_time\" content=\"2010-05-11T17:44:15+00:00\" \/>\n<meta property=\"og:image\" content=\"http:\/\/www.visit-ulcinj.com\/blog\/wp-content\/uploads\/2009\/08\/velika-plaza-ulcinj-montenegro.01.jpg\" \/>\n<meta name=\"twitter:label1\" content=\"Written by\" \/>\n\t<meta name=\"twitter:data1\" content=\"ulqini\" \/>\n\t<meta name=\"twitter:label2\" content=\"Est. reading time\" \/>\n\t<meta name=\"twitter:data2\" content=\"1 minute\" \/>\n<script type=\"application\/ld+json\" class=\"yoast-schema-graph\">{\"@context\":\"https:\/\/schema.org\",\"@graph\":[{\"@type\":\"WebSite\",\"@id\":\"https:\/\/www.visit-ulcinj.com\/blog\/#website\",\"url\":\"https:\/\/www.visit-ulcinj.com\/blog\/\",\"name\":\"Lajme nga Ulqini\",\"description\":\"Lajme,Vijesti,Ulqini,Ulqin,Crna Gora,Mali i Zi\",\"potentialAction\":[{\"@type\":\"SearchAction\",\"target\":{\"@type\":\"EntryPoint\",\"urlTemplate\":\"https:\/\/www.visit-ulcinj.com\/blog\/?s={search_term_string}\"},\"query-input\":\"required name=search_term_string\"}],\"inLanguage\":\"en-US\"},{\"@type\":\"ImageObject\",\"inLanguage\":\"en-US\",\"@id\":\"https:\/\/www.visit-ulcinj.com\/blog\/2010\/05\/11\/pocela-turisticka-sezona-u-ulcinju\/#primaryimage\",\"url\":\"https:\/\/www.visit-ulcinj.com\/blog\/wp-content\/uploads\/2009\/08\/velika-plaza-ulcinj-montenegro.01.jpg\",\"contentUrl\":\"https:\/\/www.visit-ulcinj.com\/blog\/wp-content\/uploads\/2009\/08\/velika-plaza-ulcinj-montenegro.01.jpg\",\"width\":\"640\",\"height\":\"480\"},{\"@type\":\"WebPage\",\"@id\":\"https:\/\/www.visit-ulcinj.com\/blog\/2010\/05\/11\/pocela-turisticka-sezona-u-ulcinju\/#webpage\",\"url\":\"https:\/\/www.visit-ulcinj.com\/blog\/2010\/05\/11\/pocela-turisticka-sezona-u-ulcinju\/\",\"name\":\"Po?ela turisti?ka sezona u Ulcinju - Lajme nga Ulqini\",\"isPartOf\":{\"@id\":\"https:\/\/www.visit-ulcinj.com\/blog\/#website\"},\"primaryImageOfPage\":{\"@id\":\"https:\/\/www.visit-ulcinj.com\/blog\/2010\/05\/11\/pocela-turisticka-sezona-u-ulcinju\/#primaryimage\"},\"datePublished\":\"2010-05-11T17:44:15+00:00\",\"dateModified\":\"2010-05-11T17:44:15+00:00\",\"author\":{\"@id\":\"https:\/\/www.visit-ulcinj.com\/blog\/#\/schema\/person\/dcab619c614d3038751c63bc2aadc06d\"},\"description\":\"ULCINJ - Na ulcinjskoj rivijeri prve turiste koji su obilje\u017eili po?etak ljetne turisti?ke sezone primili su Ada Bojana i hoteli Olimpik i Belvi na Velikoj\",\"breadcrumb\":{\"@id\":\"https:\/\/www.visit-ulcinj.com\/blog\/2010\/05\/11\/pocela-turisticka-sezona-u-ulcinju\/#breadcrumb\"},\"inLanguage\":\"en-US\",\"potentialAction\":[{\"@type\":\"ReadAction\",\"target\":[\"https:\/\/www.visit-ulcinj.com\/blog\/2010\/05\/11\/pocela-turisticka-sezona-u-ulcinju\/\"]}]},{\"@type\":\"BreadcrumbList\",\"@id\":\"https:\/\/www.visit-ulcinj.com\/blog\/2010\/05\/11\/pocela-turisticka-sezona-u-ulcinju\/#breadcrumb\",\"itemListElement\":[{\"@type\":\"ListItem\",\"position\":1,\"name\":\"Po?ela turisti?ka sezona u Ulcinju\"}]},{\"@type\":\"Person\",\"@id\":\"https:\/\/www.visit-ulcinj.com\/blog\/#\/schema\/person\/dcab619c614d3038751c63bc2aadc06d\",\"name\":\"ulqini\",\"sameAs\":[\"http:\/\/www.visit-ulcinj.com\"],\"url\":\"https:\/\/www.visit-ulcinj.com\/blog\/author\/admin\/\"}]}<\/script>\n<!-- \/ Yoast SEO plugin. -->","yoast_head_json":{"title":"Po?ela turisti?ka sezona u Ulcinju - Lajme nga Ulqini","description":"ULCINJ - Na ulcinjskoj rivijeri prve turiste koji su obilje\u017eili po?etak ljetne turisti?ke sezone primili su Ada Bojana i hoteli Olimpik i Belvi na Velikoj","robots":{"index":"index","follow":"follow","max-snippet":"max-snippet:-1","max-image-preview":"max-image-preview:large","max-video-preview":"max-video-preview:-1"},"canonical":"https:\/\/www.visit-ulcinj.com\/blog\/2010\/05\/11\/pocela-turisticka-sezona-u-ulcinju\/","og_locale":"en_US","og_type":"article","og_title":"Po?ela turisti?ka sezona u Ulcinju - Lajme nga Ulqini","og_description":"ULCINJ - Na ulcinjskoj rivijeri prve turiste koji su obilje\u017eili po?etak ljetne turisti?ke sezone primili su Ada Bojana i hoteli Olimpik i Belvi na Velikoj","og_url":"https:\/\/www.visit-ulcinj.com\/blog\/2010\/05\/11\/pocela-turisticka-sezona-u-ulcinju\/","og_site_name":"Lajme nga Ulqini","article_published_time":"2010-05-11T17:44:15+00:00","og_image":[{"url":"http:\/\/www.visit-ulcinj.com\/blog\/wp-content\/uploads\/2009\/08\/velika-plaza-ulcinj-montenegro.01.jpg"}],"twitter_misc":{"Written by":"ulqini","Est. reading time":"1 minute"},"schema":{"@context":"https:\/\/schema.org","@graph":[{"@type":"WebSite","@id":"https:\/\/www.visit-ulcinj.com\/blog\/#website","url":"https:\/\/www.visit-ulcinj.com\/blog\/","name":"Lajme nga Ulqini","description":"Lajme,Vijesti,Ulqini,Ulqin,Crna Gora,Mali i Zi","potentialAction":[{"@type":"SearchAction","target":{"@type":"EntryPoint","urlTemplate":"https:\/\/www.visit-ulcinj.com\/blog\/?s={search_term_string}"},"query-input":"required name=search_term_string"}],"inLanguage":"en-US"},{"@type":"ImageObject","inLanguage":"en-US","@id":"https:\/\/www.visit-ulcinj.com\/blog\/2010\/05\/11\/pocela-turisticka-sezona-u-ulcinju\/#primaryimage","url":"https:\/\/www.visit-ulcinj.com\/blog\/wp-content\/uploads\/2009\/08\/velika-plaza-ulcinj-montenegro.01.jpg","contentUrl":"https:\/\/www.visit-ulcinj.com\/blog\/wp-content\/uploads\/2009\/08\/velika-plaza-ulcinj-montenegro.01.jpg","width":"640","height":"480"},{"@type":"WebPage","@id":"https:\/\/www.visit-ulcinj.com\/blog\/2010\/05\/11\/pocela-turisticka-sezona-u-ulcinju\/#webpage","url":"https:\/\/www.visit-ulcinj.com\/blog\/2010\/05\/11\/pocela-turisticka-sezona-u-ulcinju\/","name":"Po?ela turisti?ka sezona u Ulcinju - Lajme nga Ulqini","isPartOf":{"@id":"https:\/\/www.visit-ulcinj.com\/blog\/#website"},"primaryImageOfPage":{"@id":"https:\/\/www.visit-ulcinj.com\/blog\/2010\/05\/11\/pocela-turisticka-sezona-u-ulcinju\/#primaryimage"},"datePublished":"2010-05-11T17:44:15+00:00","dateModified":"2010-05-11T17:44:15+00:00","author":{"@id":"https:\/\/www.visit-ulcinj.com\/blog\/#\/schema\/person\/dcab619c614d3038751c63bc2aadc06d"},"description":"ULCINJ - Na ulcinjskoj rivijeri prve turiste koji su obilje\u017eili po?etak ljetne turisti?ke sezone primili su Ada Bojana i hoteli Olimpik i Belvi na Velikoj","breadcrumb":{"@id":"https:\/\/www.visit-ulcinj.com\/blog\/2010\/05\/11\/pocela-turisticka-sezona-u-ulcinju\/#breadcrumb"},"inLanguage":"en-US","potentialAction":[{"@type":"ReadAction","target":["https:\/\/www.visit-ulcinj.com\/blog\/2010\/05\/11\/pocela-turisticka-sezona-u-ulcinju\/"]}]},{"@type":"BreadcrumbList","@id":"https:\/\/www.visit-ulcinj.com\/blog\/2010\/05\/11\/pocela-turisticka-sezona-u-ulcinju\/#breadcrumb","itemListElement":[{"@type":"ListItem","position":1,"name":"Po?ela turisti?ka sezona u Ulcinju"}]},{"@type":"Person","@id":"https:\/\/www.visit-ulcinj.com\/blog\/#\/schema\/person\/dcab619c614d3038751c63bc2aadc06d","name":"ulqini","sameAs":["http:\/\/www.visit-ulcinj.com"],"url":"https:\/\/www.visit-ulcinj.com\/blog\/author\/admin\/"}]}},"jetpack_featured_media_url":"","jetpack_sharing_enabled":true,"jetpack_shortlink":"https:\/\/wp.me\/pe6lTn-8Dh","_links":{"self":[{"href":"https:\/\/www.visit-ulcinj.com\/blog\/wp-json\/wp\/v2\/posts\/33187"}],"collection":[{"href":"https:\/\/www.visit-ulcinj.com\/blog\/wp-json\/wp\/v2\/posts"}],"about":[{"href":"https:\/\/www.visit-ulcinj.com\/blog\/wp-json\/wp\/v2\/types\/post"}],"author":[{"embeddable":true,"href":"https:\/\/www.visit-ulcinj.com\/blog\/wp-json\/wp\/v2\/users\/1"}],"replies":[{"embeddable":true,"href":"https:\/\/www.visit-ulcinj.com\/blog\/wp-json\/wp\/v2\/comments?post=33187"}],"version-history":[{"count":0,"href":"https:\/\/www.visit-ulcinj.com\/blog\/wp-json\/wp\/v2\/posts\/33187\/revisions"}],"wp:attachment":[{"href":"https:\/\/www.visit-ulcinj.com\/blog\/wp-json\/wp\/v2\/media?parent=33187"}],"wp:term":[{"taxonomy":"category","embeddable":true,"href":"https:\/\/www.visit-ulcinj.com\/blog\/wp-json\/wp\/v2\/categories?post=33187"},{"taxonomy":"post_tag","embeddable":true,"href":"https:\/\/www.visit-ulcinj.com\/blog\/wp-json\/wp\/v2\/tags?post=33187"}],"curies":[{"name":"wp","href":"https:\/\/api.w.org\/{rel}","templated":true}]}}