{"id":33203,"date":"2010-05-11T23:01:20","date_gmt":"2010-05-11T21:01:20","guid":{"rendered":"http:\/\/www.visit-ulcinj.com\/blog\/?p=33203"},"modified":"2010-05-11T23:01:20","modified_gmt":"2010-05-11T21:01:20","slug":"ada-bojana-otvorila-vrata","status":"publish","type":"post","link":"https:\/\/www.visit-ulcinj.com\/blog\/2010\/05\/11\/ada-bojana-otvorila-vrata\/","title":{"rendered":"Ada Bojana otvorila vrata"},"content":{"rendered":"<p><a href=\"http:\/\/www.visit-ulcinj.com\/blog\/wp-content\/uploads\/2010\/05\/Ada-Bojana_Ulcinj_Montenegro.2.jpg\"><img loading=\"lazy\" class=\"alignleft size-full wp-image-32880\" title=\"Ada Bojana_Ulcinj_Montenegro.2\" src=\"http:\/\/www.visit-ulcinj.com\/blog\/wp-content\/uploads\/2010\/05\/Ada-Bojana_Ulcinj_Montenegro.2.jpg\" alt=\"Ada Bojana_Ulcinj_Montenegro.2\" width=\"490\" height=\"390\" \/><\/a>Ljetnja sezona na ulcinjskoj rivijeri je po?ela pro\u0161log vikenda. Osmog maja prve ovogodi\u0161nje goste primio je jedan od najvrednijih bisera na turisti?koj ogrlici Crne Gore nudisti?ko naselje Ada Bojana. Istog dana u hotele HTP Ulcinjska rivijera, Olimpik i Belvi na Velikoj pla\u017ei stigli su prvi turisti.<br \/>\nNa Adi Bojani, koja je ove zime pretrpjela velike \u0161tete od poplava, privode se kraju poslovi na izgradnji dva pla\u017ena bara na nudisti?koj pla\u017ei i na u\u0161?u. U 50 soba u luks apartmanima zamijenili smo namje\u0161taj. Put kroz nudisti?ko naselje je ove godine, prvi put otkad postoji, osvijetljen ?itavom du\u017einom od mosta do recepcije. Prvi gosti stigli su iz Njema?ke. Njih je do?ekalo dosta novog u ponudi, samo su cijene ostale iste rekla je Pobjedi, Ana \u017divanovi?, portparol HTP Ulcinjska rivijera.<br \/>\nPripreme su zavr\u0161ene u hotelu Belvi na Velikoj pla\u017ei u kojem su renovirani holovi, fasada i 73 sobe. Osam teniskih terena, koji se nalaze neposredno. pored hotela, su renovirani, prekriveni novom \u0161ljakom i osvijetljeni reflektorima. Ulcinjska rivijera, koja na kompleksu Velika pla\u017ea ima \u0161est fudbalskih terena, ove godine u ponudi ima?e i sedmi teren normalne veli?ine fudbalskog stadiona koji se gradi neposredno pored hotela Belvi, a koji ?e biti osvijetljen reflektorima. U hotelskom kompleksu na Velikoj pla\u017ei za ovu sezonu bi?e zna?ajno unaprije?ena vanpansionska ponuda. Pored novoizgra?enog pla\u017enog bara, ove godine ?e raditi i restoran Ribarsko selo, a potpuno novo u ponudi je bar pored bazena hotela Olimpik.<br \/>\nNakon zavr\u0161enih radova o?ekuju novu kategorizaciju i po zvjezdicu vi\u0161e u svakom hotelu. Iako Ulcinjska rivijera zna?ajno podi\u017ee nivo usluga u svim hotelima, cijene ?e ostati na nivou pro\u0161logodi\u0161njih.<br \/>\nU predsezoni cijena polupansiona po osobi iznosi od 20 do 26 eura, dok ?e u \u0161picu sezone biti od 27 do 36 eura. Za djecu do dvije godine boravak je besplatan, dok djeci do 10 godina starosti daju popust 30 odsto.<br \/>\nU okviru akcije \u201eJeftino ljetovanje&#8221; u ponudi hotela Olimpik i vikend programi, koji uklju?uju dva no?enja sa doru?kom po cijeni od 40 eura. U predsezoni za polupansion u ovom hotelu potrebno je izdvojiti 24 eura po osobi, odnosno 33 eura u julu i avgustu. Sedmodnevni aran\u017eman u Olimpiku i drugim hotelima na Ulcinjskoj rivijeri, sve do po?etka jula, ko\u0161ta?e 140 eura. U ovu cijenu uklju?ena je i mogu?nost kori\u0161?enja propratnih sadr\u017eaja, kao \u0161to su teretana, zatvoreni bazen, pla\u017eni program, teniski i fudbalski tereni.<br \/>\nJu?e je u Olimpik stigao i prvi gost iz Njema?ke, a ve? sljede?e nedelje o?ekuju goste iz Poljske, ?e\u0161ke, Rusije, Rumunije i regiona.<br \/>\nDirektor Danilo Stojanovi? isti?e da je pro\u0161la zima bila \u201ezlatna&#8221;, jer je hotel poslije dugog niza godina ponovo ugostio sportiste i ostvario oko 8.500 no?enja. On je kazao da Olimpik u ovu sezonu ulazi potpuno renoviran i najavio skoro otvaranje bara sa mini prodavnicama na pla\u017ei.<\/p>\n<p><strong><br \/>\nPobjeda<br \/>\n<\/strong><!--YouTube Error: bad URL entered--><\/p>\n","protected":false},"excerpt":{"rendered":"<p>Ljetnja sezona na ulcinjskoj rivijeri je po?ela pro\u0161log vikenda. Osmog maja prve ovogodi\u0161nje goste primio je jedan od najvrednijih bisera na turisti?koj ogrlici Crne Gore nudisti?ko naselje Ada Bojana. Istog dana u hotele HTP Ulcinjska rivijera, Olimpik i Belvi na Velikoj pla\u017ei stigli su prvi turisti. Na Adi Bojani, koja je ove zime pretrpjela velike [&hellip;]<\/p>\n","protected":false},"author":1,"featured_media":0,"comment_status":"open","ping_status":"closed","sticky":false,"template":"","format":"standard","meta":{"spay_email":"","jetpack_publicize_message":"","jetpack_is_tweetstorm":false,"jetpack_publicize_feature_enabled":true},"categories":[8337],"tags":[4032,138,12450,2118,250,2185,19,2494],"jetpack_publicize_connections":[],"yoast_head":"<!-- This site is optimized with the Yoast SEO plugin v19.1 - https:\/\/yoast.com\/wordpress\/plugins\/seo\/ -->\n<title>Ada Bojana otvorila vrata - Lajme nga Ulqini<\/title>\n<meta name=\"description\" content=\"Ljetnja sezona na ulcinjskoj rivijeri je po?ela pro\u0161log vikenda. Osmog maja prve ovogodi\u0161nje goste primio je jedan od najvrednijih bisera na turisti?koj\" \/>\n<meta name=\"robots\" content=\"index, follow, max-snippet:-1, max-image-preview:large, max-video-preview:-1\" \/>\n<link rel=\"canonical\" href=\"https:\/\/www.visit-ulcinj.com\/blog\/2010\/05\/11\/ada-bojana-otvorila-vrata\/\" \/>\n<meta property=\"og:locale\" content=\"en_US\" \/>\n<meta property=\"og:type\" content=\"article\" \/>\n<meta property=\"og:title\" content=\"Ada Bojana otvorila vrata - Lajme nga Ulqini\" \/>\n<meta property=\"og:description\" content=\"Ljetnja sezona na ulcinjskoj rivijeri je po?ela pro\u0161log vikenda. Osmog maja prve ovogodi\u0161nje goste primio je jedan od najvrednijih bisera na turisti?koj\" \/>\n<meta property=\"og:url\" content=\"https:\/\/www.visit-ulcinj.com\/blog\/2010\/05\/11\/ada-bojana-otvorila-vrata\/\" \/>\n<meta property=\"og:site_name\" content=\"Lajme nga Ulqini\" \/>\n<meta property=\"article:published_time\" content=\"2010-05-11T21:01:20+00:00\" \/>\n<meta property=\"og:image\" content=\"http:\/\/www.visit-ulcinj.com\/blog\/wp-content\/uploads\/2010\/05\/Ada-Bojana_Ulcinj_Montenegro.2.jpg\" \/>\n<meta name=\"twitter:label1\" content=\"Written by\" \/>\n\t<meta name=\"twitter:data1\" content=\"ulqini\" \/>\n\t<meta name=\"twitter:label2\" content=\"Est. reading time\" \/>\n\t<meta name=\"twitter:data2\" content=\"3 minutes\" \/>\n<script type=\"application\/ld+json\" class=\"yoast-schema-graph\">{\"@context\":\"https:\/\/schema.org\",\"@graph\":[{\"@type\":\"WebSite\",\"@id\":\"https:\/\/www.visit-ulcinj.com\/blog\/#website\",\"url\":\"https:\/\/www.visit-ulcinj.com\/blog\/\",\"name\":\"Lajme nga Ulqini\",\"description\":\"Lajme,Vijesti,Ulqini,Ulqin,Crna Gora,Mali i Zi\",\"potentialAction\":[{\"@type\":\"SearchAction\",\"target\":{\"@type\":\"EntryPoint\",\"urlTemplate\":\"https:\/\/www.visit-ulcinj.com\/blog\/?s={search_term_string}\"},\"query-input\":\"required name=search_term_string\"}],\"inLanguage\":\"en-US\"},{\"@type\":\"ImageObject\",\"inLanguage\":\"en-US\",\"@id\":\"https:\/\/www.visit-ulcinj.com\/blog\/2010\/05\/11\/ada-bojana-otvorila-vrata\/#primaryimage\",\"url\":\"https:\/\/www.visit-ulcinj.com\/blog\/wp-content\/uploads\/2010\/05\/Ada-Bojana_Ulcinj_Montenegro.2.jpg\",\"contentUrl\":\"https:\/\/www.visit-ulcinj.com\/blog\/wp-content\/uploads\/2010\/05\/Ada-Bojana_Ulcinj_Montenegro.2.jpg\",\"width\":\"604\",\"height\":\"403\"},{\"@type\":\"WebPage\",\"@id\":\"https:\/\/www.visit-ulcinj.com\/blog\/2010\/05\/11\/ada-bojana-otvorila-vrata\/#webpage\",\"url\":\"https:\/\/www.visit-ulcinj.com\/blog\/2010\/05\/11\/ada-bojana-otvorila-vrata\/\",\"name\":\"Ada Bojana otvorila vrata - Lajme nga Ulqini\",\"isPartOf\":{\"@id\":\"https:\/\/www.visit-ulcinj.com\/blog\/#website\"},\"primaryImageOfPage\":{\"@id\":\"https:\/\/www.visit-ulcinj.com\/blog\/2010\/05\/11\/ada-bojana-otvorila-vrata\/#primaryimage\"},\"datePublished\":\"2010-05-11T21:01:20+00:00\",\"dateModified\":\"2010-05-11T21:01:20+00:00\",\"author\":{\"@id\":\"https:\/\/www.visit-ulcinj.com\/blog\/#\/schema\/person\/dcab619c614d3038751c63bc2aadc06d\"},\"description\":\"Ljetnja sezona na ulcinjskoj rivijeri je po?ela pro\u0161log vikenda. Osmog maja prve ovogodi\u0161nje goste primio je jedan od najvrednijih bisera na turisti?koj\",\"breadcrumb\":{\"@id\":\"https:\/\/www.visit-ulcinj.com\/blog\/2010\/05\/11\/ada-bojana-otvorila-vrata\/#breadcrumb\"},\"inLanguage\":\"en-US\",\"potentialAction\":[{\"@type\":\"ReadAction\",\"target\":[\"https:\/\/www.visit-ulcinj.com\/blog\/2010\/05\/11\/ada-bojana-otvorila-vrata\/\"]}]},{\"@type\":\"BreadcrumbList\",\"@id\":\"https:\/\/www.visit-ulcinj.com\/blog\/2010\/05\/11\/ada-bojana-otvorila-vrata\/#breadcrumb\",\"itemListElement\":[{\"@type\":\"ListItem\",\"position\":1,\"name\":\"Ada Bojana otvorila vrata\"}]},{\"@type\":\"Person\",\"@id\":\"https:\/\/www.visit-ulcinj.com\/blog\/#\/schema\/person\/dcab619c614d3038751c63bc2aadc06d\",\"name\":\"ulqini\",\"sameAs\":[\"http:\/\/www.visit-ulcinj.com\"],\"url\":\"https:\/\/www.visit-ulcinj.com\/blog\/author\/admin\/\"}]}<\/script>\n<!-- \/ Yoast SEO plugin. -->","yoast_head_json":{"title":"Ada Bojana otvorila vrata - Lajme nga Ulqini","description":"Ljetnja sezona na ulcinjskoj rivijeri je po?ela pro\u0161log vikenda. Osmog maja prve ovogodi\u0161nje goste primio je jedan od najvrednijih bisera na turisti?koj","robots":{"index":"index","follow":"follow","max-snippet":"max-snippet:-1","max-image-preview":"max-image-preview:large","max-video-preview":"max-video-preview:-1"},"canonical":"https:\/\/www.visit-ulcinj.com\/blog\/2010\/05\/11\/ada-bojana-otvorila-vrata\/","og_locale":"en_US","og_type":"article","og_title":"Ada Bojana otvorila vrata - Lajme nga Ulqini","og_description":"Ljetnja sezona na ulcinjskoj rivijeri je po?ela pro\u0161log vikenda. Osmog maja prve ovogodi\u0161nje goste primio je jedan od najvrednijih bisera na turisti?koj","og_url":"https:\/\/www.visit-ulcinj.com\/blog\/2010\/05\/11\/ada-bojana-otvorila-vrata\/","og_site_name":"Lajme nga Ulqini","article_published_time":"2010-05-11T21:01:20+00:00","og_image":[{"url":"http:\/\/www.visit-ulcinj.com\/blog\/wp-content\/uploads\/2010\/05\/Ada-Bojana_Ulcinj_Montenegro.2.jpg"}],"twitter_misc":{"Written by":"ulqini","Est. reading time":"3 minutes"},"schema":{"@context":"https:\/\/schema.org","@graph":[{"@type":"WebSite","@id":"https:\/\/www.visit-ulcinj.com\/blog\/#website","url":"https:\/\/www.visit-ulcinj.com\/blog\/","name":"Lajme nga Ulqini","description":"Lajme,Vijesti,Ulqini,Ulqin,Crna Gora,Mali i Zi","potentialAction":[{"@type":"SearchAction","target":{"@type":"EntryPoint","urlTemplate":"https:\/\/www.visit-ulcinj.com\/blog\/?s={search_term_string}"},"query-input":"required name=search_term_string"}],"inLanguage":"en-US"},{"@type":"ImageObject","inLanguage":"en-US","@id":"https:\/\/www.visit-ulcinj.com\/blog\/2010\/05\/11\/ada-bojana-otvorila-vrata\/#primaryimage","url":"https:\/\/www.visit-ulcinj.com\/blog\/wp-content\/uploads\/2010\/05\/Ada-Bojana_Ulcinj_Montenegro.2.jpg","contentUrl":"https:\/\/www.visit-ulcinj.com\/blog\/wp-content\/uploads\/2010\/05\/Ada-Bojana_Ulcinj_Montenegro.2.jpg","width":"604","height":"403"},{"@type":"WebPage","@id":"https:\/\/www.visit-ulcinj.com\/blog\/2010\/05\/11\/ada-bojana-otvorila-vrata\/#webpage","url":"https:\/\/www.visit-ulcinj.com\/blog\/2010\/05\/11\/ada-bojana-otvorila-vrata\/","name":"Ada Bojana otvorila vrata - Lajme nga Ulqini","isPartOf":{"@id":"https:\/\/www.visit-ulcinj.com\/blog\/#website"},"primaryImageOfPage":{"@id":"https:\/\/www.visit-ulcinj.com\/blog\/2010\/05\/11\/ada-bojana-otvorila-vrata\/#primaryimage"},"datePublished":"2010-05-11T21:01:20+00:00","dateModified":"2010-05-11T21:01:20+00:00","author":{"@id":"https:\/\/www.visit-ulcinj.com\/blog\/#\/schema\/person\/dcab619c614d3038751c63bc2aadc06d"},"description":"Ljetnja sezona na ulcinjskoj rivijeri je po?ela pro\u0161log vikenda. Osmog maja prve ovogodi\u0161nje goste primio je jedan od najvrednijih bisera na turisti?koj","breadcrumb":{"@id":"https:\/\/www.visit-ulcinj.com\/blog\/2010\/05\/11\/ada-bojana-otvorila-vrata\/#breadcrumb"},"inLanguage":"en-US","potentialAction":[{"@type":"ReadAction","target":["https:\/\/www.visit-ulcinj.com\/blog\/2010\/05\/11\/ada-bojana-otvorila-vrata\/"]}]},{"@type":"BreadcrumbList","@id":"https:\/\/www.visit-ulcinj.com\/blog\/2010\/05\/11\/ada-bojana-otvorila-vrata\/#breadcrumb","itemListElement":[{"@type":"ListItem","position":1,"name":"Ada Bojana otvorila vrata"}]},{"@type":"Person","@id":"https:\/\/www.visit-ulcinj.com\/blog\/#\/schema\/person\/dcab619c614d3038751c63bc2aadc06d","name":"ulqini","sameAs":["http:\/\/www.visit-ulcinj.com"],"url":"https:\/\/www.visit-ulcinj.com\/blog\/author\/admin\/"}]}},"jetpack_featured_media_url":"","jetpack_sharing_enabled":true,"jetpack_shortlink":"https:\/\/wp.me\/pe6lTn-8Dx","_links":{"self":[{"href":"https:\/\/www.visit-ulcinj.com\/blog\/wp-json\/wp\/v2\/posts\/33203"}],"collection":[{"href":"https:\/\/www.visit-ulcinj.com\/blog\/wp-json\/wp\/v2\/posts"}],"about":[{"href":"https:\/\/www.visit-ulcinj.com\/blog\/wp-json\/wp\/v2\/types\/post"}],"author":[{"embeddable":true,"href":"https:\/\/www.visit-ulcinj.com\/blog\/wp-json\/wp\/v2\/users\/1"}],"replies":[{"embeddable":true,"href":"https:\/\/www.visit-ulcinj.com\/blog\/wp-json\/wp\/v2\/comments?post=33203"}],"version-history":[{"count":0,"href":"https:\/\/www.visit-ulcinj.com\/blog\/wp-json\/wp\/v2\/posts\/33203\/revisions"}],"wp:attachment":[{"href":"https:\/\/www.visit-ulcinj.com\/blog\/wp-json\/wp\/v2\/media?parent=33203"}],"wp:term":[{"taxonomy":"category","embeddable":true,"href":"https:\/\/www.visit-ulcinj.com\/blog\/wp-json\/wp\/v2\/categories?post=33203"},{"taxonomy":"post_tag","embeddable":true,"href":"https:\/\/www.visit-ulcinj.com\/blog\/wp-json\/wp\/v2\/tags?post=33203"}],"curies":[{"name":"wp","href":"https:\/\/api.w.org\/{rel}","templated":true}]}}