{"id":33226,"date":"2010-05-12T14:33:27","date_gmt":"2010-05-12T12:33:27","guid":{"rendered":"http:\/\/www.visit-ulcinj.com\/blog\/?p=33226"},"modified":"2010-05-12T15:37:13","modified_gmt":"2010-05-12T13:37:13","slug":"kaltrina-selimi-mezi-po-pres-ta-vesh-fustanin-e-bardhe","status":"publish","type":"post","link":"https:\/\/www.visit-ulcinj.com\/blog\/2010\/05\/12\/kaltrina-selimi-mezi-po-pres-ta-vesh-fustanin-e-bardhe\/","title":{"rendered":"Kaltrina Selimi: Mezi po pres ta vesh fustanin e bardh\u00eb"},"content":{"rendered":"<p><a href=\"http:\/\/www.visit-ulcinj.com\/blog\/wp-content\/uploads\/2010\/05\/Kaltrina-Selimi.jpg\"><img loading=\"lazy\" class=\"alignleft size-full wp-image-33227\" title=\"Kaltrina Selimi\" src=\"http:\/\/www.visit-ulcinj.com\/blog\/wp-content\/uploads\/2010\/05\/Kaltrina-Selimi.jpg\" alt=\"Kaltrina Selimi\" width=\"490\" height=\"390\" \/><\/a>Tashm\u00eb kur statusi i saj \u00ebsht\u00eb \u201ce fejuar\u201d, k\u00ebng\u00ebtarja Kaltrina Selimi tregon se martesa \u00ebsht\u00eb tem\u00eb e shpesht\u00eb n\u00eb bisedat me t\u00eb zgjedhurin e saj, Dritanin. \u201cUn\u00eb e hap gjithmon\u00eb k\u00ebt\u00eb tem\u00eb, sepse e pres me padurim dit\u00ebn kur do ta vesh fustanin e bardh\u00eb, q\u00eb ka qen\u00eb gjithmon\u00eb d\u00ebshira ime. Kam shum\u00eb d\u00ebshir\u00eb, gjithashtu, t\u00eb b\u00ebhem nuse\u201d, \u201cT\u00eb kuror\u00ebzosh lidhjen, qoft\u00eb me fejes\u00eb ose martes\u00eb, nuk diskutohet q\u00eb dashuria \u00ebsht\u00eb par\u00ebsore. P\u00ebr mua, dashuria \u00ebsht\u00eb gjith\u00e7ka, dashuria \u00ebsht\u00eb ushqim i shpirtit. Jeta ime \u00ebsht\u00eb e rrethuar me dashuri e lum ai q\u00eb di t\u00eb dashuroj\u00eb\u201d, k\u00ebshtu pohon k\u00ebng\u00ebtarja Kaltrina Selimi, duke treguar se edhe pak muaj b\u00ebhen 5 vjet q\u00eb \u00ebsht\u00eb takuar me Dritanin t\u00eb fejuarin e saj. Se si \u00ebsht\u00eb njohur me Dritanin, k\u00ebng\u00ebtarja pohon se njohja ka ardhur nga pushimet e ver\u00ebs, transmeton Ballkanweb.<br \/>\n\u201cJemi takuar n\u00eb Ulqin. Jemi njoftuar p\u00ebrmes shoq\u00ebris\u00eb n\u00eb Ulqin, ku un\u00eb po kaloja pushimet e ver\u00ebs atje. M\u00eb pas kur Dritani shkoi n\u00eb Lond\u00ebr, kontaktet i pat\u00ebm shum\u00eb koh\u00eb me telefon\u201d, thot\u00eb Kaltrina.<\/p>\n<p><strong><br \/>\nKoha Net<br \/>\n<br \/>\n<\/strong><!--YouTube Error: bad URL entered--><\/p>\n","protected":false},"excerpt":{"rendered":"<p>Tashm\u00eb kur statusi i saj \u00ebsht\u00eb \u201ce fejuar\u201d, k\u00ebng\u00ebtarja Kaltrina Selimi tregon se martesa \u00ebsht\u00eb tem\u00eb e shpesht\u00eb n\u00eb bisedat me t\u00eb zgjedhurin e saj, Dritanin. \u201cUn\u00eb e hap gjithmon\u00eb k\u00ebt\u00eb tem\u00eb, sepse e pres me padurim dit\u00ebn kur do ta vesh fustanin e bardh\u00eb, q\u00eb ka qen\u00eb gjithmon\u00eb d\u00ebshira ime. Kam shum\u00eb d\u00ebshir\u00eb, gjithashtu, [&hellip;]<\/p>\n","protected":false},"author":1,"featured_media":0,"comment_status":"open","ping_status":"closed","sticky":false,"template":"","format":"standard","meta":{"spay_email":"","jetpack_publicize_message":"","jetpack_is_tweetstorm":false,"jetpack_publicize_feature_enabled":true},"categories":[1],"tags":[5572],"jetpack_publicize_connections":[],"yoast_head":"<!-- This site is optimized with the Yoast SEO plugin v19.1 - https:\/\/yoast.com\/wordpress\/plugins\/seo\/ -->\n<title>Kaltrina Selimi: Mezi po pres ta vesh fustanin e bardh\u00eb - Lajme nga Ulqini<\/title>\n<meta name=\"description\" content=\"Tashm\u00eb kur statusi i saj \u00ebsht\u00eb \u201ce fejuar\u201d, k\u00ebng\u00ebtarja Kaltrina Selimi tregon se martesa \u00ebsht\u00eb tem\u00eb e shpesht\u00eb n\u00eb bisedat me t\u00eb zgjedhurin e saj, Dritanin.\" \/>\n<meta name=\"robots\" content=\"index, follow, max-snippet:-1, max-image-preview:large, max-video-preview:-1\" \/>\n<link rel=\"canonical\" href=\"https:\/\/www.visit-ulcinj.com\/blog\/2010\/05\/12\/kaltrina-selimi-mezi-po-pres-ta-vesh-fustanin-e-bardhe\/\" \/>\n<meta property=\"og:locale\" content=\"en_US\" \/>\n<meta property=\"og:type\" content=\"article\" \/>\n<meta property=\"og:title\" content=\"Kaltrina Selimi: Mezi po pres ta vesh fustanin e bardh\u00eb - Lajme nga Ulqini\" \/>\n<meta property=\"og:description\" content=\"Tashm\u00eb kur statusi i saj \u00ebsht\u00eb \u201ce fejuar\u201d, k\u00ebng\u00ebtarja Kaltrina Selimi tregon se martesa \u00ebsht\u00eb tem\u00eb e shpesht\u00eb n\u00eb bisedat me t\u00eb zgjedhurin e saj, Dritanin.\" \/>\n<meta property=\"og:url\" content=\"https:\/\/www.visit-ulcinj.com\/blog\/2010\/05\/12\/kaltrina-selimi-mezi-po-pres-ta-vesh-fustanin-e-bardhe\/\" \/>\n<meta property=\"og:site_name\" content=\"Lajme nga Ulqini\" \/>\n<meta property=\"article:published_time\" content=\"2010-05-12T12:33:27+00:00\" \/>\n<meta property=\"article:modified_time\" content=\"2010-05-12T13:37:13+00:00\" \/>\n<meta property=\"og:image\" content=\"https:\/\/www.visit-ulcinj.com\/blog\/wp-content\/uploads\/2010\/05\/Kaltrina-Selimi-150x150.jpg\" \/>\n<meta name=\"twitter:label1\" content=\"Written by\" \/>\n\t<meta name=\"twitter:data1\" content=\"ulqini\" \/>\n\t<meta name=\"twitter:label2\" content=\"Est. reading time\" \/>\n\t<meta name=\"twitter:data2\" content=\"1 minute\" \/>\n<script type=\"application\/ld+json\" class=\"yoast-schema-graph\">{\"@context\":\"https:\/\/schema.org\",\"@graph\":[{\"@type\":\"WebSite\",\"@id\":\"https:\/\/www.visit-ulcinj.com\/blog\/#website\",\"url\":\"https:\/\/www.visit-ulcinj.com\/blog\/\",\"name\":\"Lajme nga Ulqini\",\"description\":\"Lajme,Vijesti,Ulqini,Ulqin,Crna Gora,Mali i Zi\",\"potentialAction\":[{\"@type\":\"SearchAction\",\"target\":{\"@type\":\"EntryPoint\",\"urlTemplate\":\"https:\/\/www.visit-ulcinj.com\/blog\/?s={search_term_string}\"},\"query-input\":\"required name=search_term_string\"}],\"inLanguage\":\"en-US\"},{\"@type\":\"ImageObject\",\"inLanguage\":\"en-US\",\"@id\":\"https:\/\/www.visit-ulcinj.com\/blog\/2010\/05\/12\/kaltrina-selimi-mezi-po-pres-ta-vesh-fustanin-e-bardhe\/#primaryimage\",\"url\":\"http:\/\/www.visit-ulcinj.com\/blog\/wp-content\/uploads\/2010\/05\/Kaltrina-Selimi.jpg\",\"contentUrl\":\"http:\/\/www.visit-ulcinj.com\/blog\/wp-content\/uploads\/2010\/05\/Kaltrina-Selimi.jpg\"},{\"@type\":\"WebPage\",\"@id\":\"https:\/\/www.visit-ulcinj.com\/blog\/2010\/05\/12\/kaltrina-selimi-mezi-po-pres-ta-vesh-fustanin-e-bardhe\/#webpage\",\"url\":\"https:\/\/www.visit-ulcinj.com\/blog\/2010\/05\/12\/kaltrina-selimi-mezi-po-pres-ta-vesh-fustanin-e-bardhe\/\",\"name\":\"Kaltrina Selimi: Mezi po pres ta vesh fustanin e bardh\u00eb - Lajme nga Ulqini\",\"isPartOf\":{\"@id\":\"https:\/\/www.visit-ulcinj.com\/blog\/#website\"},\"primaryImageOfPage\":{\"@id\":\"https:\/\/www.visit-ulcinj.com\/blog\/2010\/05\/12\/kaltrina-selimi-mezi-po-pres-ta-vesh-fustanin-e-bardhe\/#primaryimage\"},\"datePublished\":\"2010-05-12T12:33:27+00:00\",\"dateModified\":\"2010-05-12T13:37:13+00:00\",\"author\":{\"@id\":\"https:\/\/www.visit-ulcinj.com\/blog\/#\/schema\/person\/dcab619c614d3038751c63bc2aadc06d\"},\"description\":\"Tashm\u00eb kur statusi i saj \u00ebsht\u00eb \u201ce fejuar\u201d, k\u00ebng\u00ebtarja Kaltrina Selimi tregon se martesa \u00ebsht\u00eb tem\u00eb e shpesht\u00eb n\u00eb bisedat me t\u00eb zgjedhurin e saj, Dritanin.\",\"breadcrumb\":{\"@id\":\"https:\/\/www.visit-ulcinj.com\/blog\/2010\/05\/12\/kaltrina-selimi-mezi-po-pres-ta-vesh-fustanin-e-bardhe\/#breadcrumb\"},\"inLanguage\":\"en-US\",\"potentialAction\":[{\"@type\":\"ReadAction\",\"target\":[\"https:\/\/www.visit-ulcinj.com\/blog\/2010\/05\/12\/kaltrina-selimi-mezi-po-pres-ta-vesh-fustanin-e-bardhe\/\"]}]},{\"@type\":\"BreadcrumbList\",\"@id\":\"https:\/\/www.visit-ulcinj.com\/blog\/2010\/05\/12\/kaltrina-selimi-mezi-po-pres-ta-vesh-fustanin-e-bardhe\/#breadcrumb\",\"itemListElement\":[{\"@type\":\"ListItem\",\"position\":1,\"name\":\"Kaltrina Selimi: Mezi po pres ta vesh fustanin e bardh\u00eb\"}]},{\"@type\":\"Person\",\"@id\":\"https:\/\/www.visit-ulcinj.com\/blog\/#\/schema\/person\/dcab619c614d3038751c63bc2aadc06d\",\"name\":\"ulqini\",\"sameAs\":[\"http:\/\/www.visit-ulcinj.com\"],\"url\":\"https:\/\/www.visit-ulcinj.com\/blog\/author\/admin\/\"}]}<\/script>\n<!-- \/ Yoast SEO plugin. -->","yoast_head_json":{"title":"Kaltrina Selimi: Mezi po pres ta vesh fustanin e bardh\u00eb - Lajme nga Ulqini","description":"Tashm\u00eb kur statusi i saj \u00ebsht\u00eb \u201ce fejuar\u201d, k\u00ebng\u00ebtarja Kaltrina Selimi tregon se martesa \u00ebsht\u00eb tem\u00eb e shpesht\u00eb n\u00eb bisedat me t\u00eb zgjedhurin e saj, Dritanin.","robots":{"index":"index","follow":"follow","max-snippet":"max-snippet:-1","max-image-preview":"max-image-preview:large","max-video-preview":"max-video-preview:-1"},"canonical":"https:\/\/www.visit-ulcinj.com\/blog\/2010\/05\/12\/kaltrina-selimi-mezi-po-pres-ta-vesh-fustanin-e-bardhe\/","og_locale":"en_US","og_type":"article","og_title":"Kaltrina Selimi: Mezi po pres ta vesh fustanin e bardh\u00eb - Lajme nga Ulqini","og_description":"Tashm\u00eb kur statusi i saj \u00ebsht\u00eb \u201ce fejuar\u201d, k\u00ebng\u00ebtarja Kaltrina Selimi tregon se martesa \u00ebsht\u00eb tem\u00eb e shpesht\u00eb n\u00eb bisedat me t\u00eb zgjedhurin e saj, Dritanin.","og_url":"https:\/\/www.visit-ulcinj.com\/blog\/2010\/05\/12\/kaltrina-selimi-mezi-po-pres-ta-vesh-fustanin-e-bardhe\/","og_site_name":"Lajme nga Ulqini","article_published_time":"2010-05-12T12:33:27+00:00","article_modified_time":"2010-05-12T13:37:13+00:00","og_image":[{"url":"https:\/\/www.visit-ulcinj.com\/blog\/wp-content\/uploads\/2010\/05\/Kaltrina-Selimi-150x150.jpg"}],"twitter_misc":{"Written by":"ulqini","Est. reading time":"1 minute"},"schema":{"@context":"https:\/\/schema.org","@graph":[{"@type":"WebSite","@id":"https:\/\/www.visit-ulcinj.com\/blog\/#website","url":"https:\/\/www.visit-ulcinj.com\/blog\/","name":"Lajme nga Ulqini","description":"Lajme,Vijesti,Ulqini,Ulqin,Crna Gora,Mali i Zi","potentialAction":[{"@type":"SearchAction","target":{"@type":"EntryPoint","urlTemplate":"https:\/\/www.visit-ulcinj.com\/blog\/?s={search_term_string}"},"query-input":"required name=search_term_string"}],"inLanguage":"en-US"},{"@type":"ImageObject","inLanguage":"en-US","@id":"https:\/\/www.visit-ulcinj.com\/blog\/2010\/05\/12\/kaltrina-selimi-mezi-po-pres-ta-vesh-fustanin-e-bardhe\/#primaryimage","url":"http:\/\/www.visit-ulcinj.com\/blog\/wp-content\/uploads\/2010\/05\/Kaltrina-Selimi.jpg","contentUrl":"http:\/\/www.visit-ulcinj.com\/blog\/wp-content\/uploads\/2010\/05\/Kaltrina-Selimi.jpg"},{"@type":"WebPage","@id":"https:\/\/www.visit-ulcinj.com\/blog\/2010\/05\/12\/kaltrina-selimi-mezi-po-pres-ta-vesh-fustanin-e-bardhe\/#webpage","url":"https:\/\/www.visit-ulcinj.com\/blog\/2010\/05\/12\/kaltrina-selimi-mezi-po-pres-ta-vesh-fustanin-e-bardhe\/","name":"Kaltrina Selimi: Mezi po pres ta vesh fustanin e bardh\u00eb - Lajme nga Ulqini","isPartOf":{"@id":"https:\/\/www.visit-ulcinj.com\/blog\/#website"},"primaryImageOfPage":{"@id":"https:\/\/www.visit-ulcinj.com\/blog\/2010\/05\/12\/kaltrina-selimi-mezi-po-pres-ta-vesh-fustanin-e-bardhe\/#primaryimage"},"datePublished":"2010-05-12T12:33:27+00:00","dateModified":"2010-05-12T13:37:13+00:00","author":{"@id":"https:\/\/www.visit-ulcinj.com\/blog\/#\/schema\/person\/dcab619c614d3038751c63bc2aadc06d"},"description":"Tashm\u00eb kur statusi i saj \u00ebsht\u00eb \u201ce fejuar\u201d, k\u00ebng\u00ebtarja Kaltrina Selimi tregon se martesa \u00ebsht\u00eb tem\u00eb e shpesht\u00eb n\u00eb bisedat me t\u00eb zgjedhurin e saj, Dritanin.","breadcrumb":{"@id":"https:\/\/www.visit-ulcinj.com\/blog\/2010\/05\/12\/kaltrina-selimi-mezi-po-pres-ta-vesh-fustanin-e-bardhe\/#breadcrumb"},"inLanguage":"en-US","potentialAction":[{"@type":"ReadAction","target":["https:\/\/www.visit-ulcinj.com\/blog\/2010\/05\/12\/kaltrina-selimi-mezi-po-pres-ta-vesh-fustanin-e-bardhe\/"]}]},{"@type":"BreadcrumbList","@id":"https:\/\/www.visit-ulcinj.com\/blog\/2010\/05\/12\/kaltrina-selimi-mezi-po-pres-ta-vesh-fustanin-e-bardhe\/#breadcrumb","itemListElement":[{"@type":"ListItem","position":1,"name":"Kaltrina Selimi: Mezi po pres ta vesh fustanin e bardh\u00eb"}]},{"@type":"Person","@id":"https:\/\/www.visit-ulcinj.com\/blog\/#\/schema\/person\/dcab619c614d3038751c63bc2aadc06d","name":"ulqini","sameAs":["http:\/\/www.visit-ulcinj.com"],"url":"https:\/\/www.visit-ulcinj.com\/blog\/author\/admin\/"}]}},"jetpack_featured_media_url":"","jetpack_sharing_enabled":true,"jetpack_shortlink":"https:\/\/wp.me\/pe6lTn-8DU","_links":{"self":[{"href":"https:\/\/www.visit-ulcinj.com\/blog\/wp-json\/wp\/v2\/posts\/33226"}],"collection":[{"href":"https:\/\/www.visit-ulcinj.com\/blog\/wp-json\/wp\/v2\/posts"}],"about":[{"href":"https:\/\/www.visit-ulcinj.com\/blog\/wp-json\/wp\/v2\/types\/post"}],"author":[{"embeddable":true,"href":"https:\/\/www.visit-ulcinj.com\/blog\/wp-json\/wp\/v2\/users\/1"}],"replies":[{"embeddable":true,"href":"https:\/\/www.visit-ulcinj.com\/blog\/wp-json\/wp\/v2\/comments?post=33226"}],"version-history":[{"count":0,"href":"https:\/\/www.visit-ulcinj.com\/blog\/wp-json\/wp\/v2\/posts\/33226\/revisions"}],"wp:attachment":[{"href":"https:\/\/www.visit-ulcinj.com\/blog\/wp-json\/wp\/v2\/media?parent=33226"}],"wp:term":[{"taxonomy":"category","embeddable":true,"href":"https:\/\/www.visit-ulcinj.com\/blog\/wp-json\/wp\/v2\/categories?post=33226"},{"taxonomy":"post_tag","embeddable":true,"href":"https:\/\/www.visit-ulcinj.com\/blog\/wp-json\/wp\/v2\/tags?post=33226"}],"curies":[{"name":"wp","href":"https:\/\/api.w.org\/{rel}","templated":true}]}}