{"id":3323,"date":"2008-09-15T14:27:04","date_gmt":"2008-09-15T19:27:04","guid":{"rendered":"http:\/\/www.visit-ulcinj.com\/blog\/?p=3323"},"modified":"2008-10-17T14:58:25","modified_gmt":"2008-10-17T19:58:25","slug":"roderick-moor-perseri-per-pranimin-e-shtetit-te-kosoves","status":"publish","type":"post","link":"https:\/\/www.visit-ulcinj.com\/blog\/2008\/09\/15\/roderick-moor-perseri-per-pranimin-e-shtetit-te-kosoves\/","title":{"rendered":"Roderick Moor p\u00ebrs\u00ebri p\u00ebr pranimin e shtetit t\u00eb Kosov\u00ebs"},"content":{"rendered":"<p><a href=\"http:\/\/www.nato.int\/multi\/2008\/080225b-pres-montenegro\/photos\/images\/080225b-002.jpg\"><img loading=\"lazy\" class=\"alignleft\" src=\"http:\/\/www.nato.int\/multi\/2008\/080225b-pres-montenegro\/photos\/images\/080225b-002.jpg\" alt=\"\" width=\"303\" height=\"209\" \/><\/a><strong>Koha p\u00ebr braktisjen e iluzioneve<\/strong><br \/>\nTri her\u00eb p\u00ebr dy jav\u00ebt e fundit, ambasadori i SHBA -s\u00eb n\u00eb Mal t\u00eb Zi, Roderick Moor, e cek n\u00eb opinionin malazez r\u00ebnd\u00ebsin\u00eb e pranimit t\u00eb pavar\u00ebsis\u00eb s\u00eb Kosov\u00ebs nga Mali i Zi dhe vendet e tjera t\u00eb rajonit. Her\u00ebn e fundit ishte kjo me 9 shtator, kur ai foli edhe p\u00ebr perspektivat e Malit t\u00eb Zi lidhur me an\u00ebtar\u00ebsin\u00eb n\u00eb NATO.<br \/>\n<strong>Kosova &#8211; rast si generis<\/strong><br \/>\nI lutur nga gazetar\u00ebt q\u00eb ta shpjegoj\u00eb dallimin mes rastit t\u00eb Kosov\u00ebs n\u00eb nj\u00eb an\u00eb dhe Abhazis\u00eb dhe Osetis\u00eb n\u00eb an\u00ebn tjet\u00ebr, Moor ka th\u00ebn\u00eb se k\u00ebtu ekziston nj\u00eb dallim i madh politik si dhe dallimi n\u00eb situat\u00eb dhe ka hyr\u00eb n\u00eb shtjellimin juridik dhe politik t\u00eb arsyeve p\u00ebr t\u00eb cilat Kosova \u00ebsht\u00eb rast sui generis.<br \/>\nP\u00ebr ne si qytetar\u00eb, \u00ebsht\u00eb m\u00eb me r\u00ebnd\u00ebsi edhe nj\u00eb kategori tjet\u00ebr e arsyeve e cila nuk mund t\u00eb futet n\u00eb kategori racionale juridike dhe politike. Cilat jan\u00eb, pra, k\u00ebto kategori? K\u00ebto i takojn\u00eb korpusit t\u00eb fakteve se je pjes\u00eb civilizuese dhe kulturologjike e Europ\u00ebs dhe se duhet t\u00eb mbetesh n\u00eb Europ\u00eb. Sepse, gati kemi pas\u00eb rr\u00ebshqitur jasht\u00eb k\u00ebtij kontinenti.<br \/>\nSi mund t\u00eb krahasohen Kosova n\u00eb nj\u00eb an\u00eb dhe Abhazia dhe Osetia n\u00eb an\u00ebn tjet\u00ebr? Kurrsesi! Kosova (Dardania) &#8211; gjithmon\u00eb ka qen\u00eb n\u00eb zemr\u00ebn e civilizimit europian. Por, edhe n\u00eb momente t\u00eb v\u00ebshtira kur \u00ebsht\u00eb dukur se m\u00eb nuk ka kthim n\u00eb sht\u00ebpi, ka qen\u00eb ndonj\u00eb forc\u00eb metafizike e cila na ka mbajtur af\u00ebr k\u00ebtij kontinenti. E sa i p\u00ebrket emrit t\u00eb Dardanis\u00eb, shum\u00eb shpejt do t\u00eb vij\u00eb koha kur do t\u00eb realizohet \u00ebndrra e presidentit Ibrahim Rugova q\u00eb Kosova t\u2019i kthehet emrit t\u00eb saj t\u00eb natyrsh\u00ebm, sepse, emri \u00ebsht\u00eb nj\u00eb nga shenjat e jashtme t\u00eb identitetit.<a href=\"http:\/\/www.visit-ulcinj.com\/blog\/wp-content\/uploads\/2008\/05\/roderick-w-moore.jpg\"><img loading=\"lazy\" class=\"alignright size-medium wp-image-1613\" title=\"Roderick W. Moore\" src=\"http:\/\/www.visit-ulcinj.com\/blog\/wp-content\/uploads\/2008\/05\/roderick-w-moore.jpg\" alt=\"\" width=\"227\" height=\"159\" \/><\/a><br \/>\n<strong>Mali i Zi n\u00eb NATO<\/strong><br \/>\nE lidhur me k\u00ebt\u00eb \u00e7\u00ebshtje t\u00eb pranimit t\u00eb pavar\u00ebsis\u00eb s\u00eb Kosov\u00ebs nga Mali i Zi, \u00ebsht\u00eb edhe nj\u00eb \u00e7\u00ebshtje tjet\u00ebr &#8211; hyrja e vendeve t\u00eb rajonit n\u00eb NATO. Roderick Moor ka deklaruar se &#8220;SHBA i merr p\u00ebr seriozisht deklaratat e p\u00ebrfaquesve t\u00eb pushtetit malazias se NATO \u00ebsht\u00eb q\u00ebllimi strategjik i vendit&#8221;. Ai tha se &#8220;Mali i Zi \u00ebsht\u00eb realisht kandidat potencial p\u00ebr an\u00ebtar\u00ebsi n\u00eb Aleanc\u00eb kur t\u2019i p\u00ebrmbush\u00eb kushtet p\u00ebr k\u00ebt\u00eb&#8221;. Por, nj\u00ebkoh\u00ebsisht, si ka th\u00ebn\u00eb, Moor, faktori kryesor \u00ebsht\u00eb mb\u00ebshtetja publike q\u00eb duhet t\u00eb jet\u00eb kriter i r\u00ebnd\u00ebsish\u00ebm lidhur me \u00e7\u00ebshtjen se a duhet ose jo t\u00eb hyj\u00eb Mali i Zi n\u00eb NATO. &#8220;NATO nuk d\u00ebshiron q\u00eb t\u00eb pranoj\u00eb an\u00ebtar\u00eb q\u00eb nuk kan\u00eb p\u00ebrkushtim t\u00eb mjaftuesh\u00ebm ndaj k\u00ebsaj ideje, sepse, si ka th\u00ebn\u00eb ai, NATO \u00ebsht\u00eb jo vet\u00ebm aleanc\u00eb ushtarake, por, edhe, bashk\u00ebsi e vendeve demokratike.<br \/>\nSipas sondazheve t\u00eb opinionit publik, mbi 30% e popullat\u00ebs e p\u00ebrkrah k\u00ebt\u00eb ide. Mir\u00ebpo, nuk \u00ebsht\u00eb kjo ajo q\u00eb brengos. Me lobim t\u00eb mir\u00eb n\u00eb opinion dhe shtjellimin e arsyesh\u00ebm t\u00eb p\u00ebrpar\u00ebsive q\u00eb i sjell hyrja n\u00eb NATO, mund t\u00eb p\u00ebrfitohen jo vet\u00ebm ata q\u00eb jan\u00eb t\u00eb luhatsh\u00ebm por, edhe kund\u00ebrshtar\u00ebt e tash\u00ebm t\u00eb k\u00ebsaj ideje. Brengos di\u00e7ka tjet\u00ebr.<br \/>\n<a href=\"http:\/\/www.visit-ulcinj.com\/blog\/wp-content\/uploads\/2008\/04\/americki-ambasador-roderik-mur.jpg\"><img loading=\"lazy\" class=\"alignleft size-medium wp-image-1230\" title=\"Ameri?ki ambasador Roderik Mur\" src=\"http:\/\/www.visit-ulcinj.com\/blog\/wp-content\/uploads\/2008\/04\/americki-ambasador-roderik-mur.jpg\" alt=\"\" width=\"177\" height=\"300\" \/><\/a>Mali i Zi duhet t\u00eb vendos\u00eb mes sentimentalitetit rusofil dhe iluzionit se Rusia \u00ebsht\u00eb miku tradicional, n\u00eb nj\u00eb an\u00eb dhe realitetit, n\u00eb an\u00ebn tjet\u00ebr. N\u00ebse t\u00eb gjitha vendet e Ballkanit vendosin t\u00eb orientohen kah NATO, a mund t\u00eb mbetet Mali i Zi jasht\u00eb? \u00cbsht\u00eb e qart\u00eb se te faktor\u00ebt politik\u00eb malazez me orientim proevropian, ekziston disponimi p\u00ebr t\u00eb hyr\u00eb n\u00eb NATO, mir\u00ebpo, si t\u00eb shpjegohet kjo d\u00ebshir\u00eb dhe hezitimi p\u00ebr ta njohur pavar\u00ebsin\u00eb e Kosov\u00ebs. \u00cbsht\u00eb e qart\u00eb se n\u00ebse do t\u00eb hysh n\u00eb NATO, duhet t\u2019i respektosh disa rregulla, e nj\u00ebra \u00ebsht\u00eb edhe politika e jashtme p\u00ebrbashk\u00ebt e Aleanc\u00ebs. Imperativi q\u00eb t\u00eb njihet sa m\u00eb par\u00eb pavar\u00ebsia shtetrore e Republik\u00ebs s\u00eb Kosov\u00ebs nga fqinj\u00ebt, \u00ebsht\u00eb pjes\u00eb e k\u00ebtij orientimi strategjik t\u00eb NATO- s.<strong><br \/>\nShqiptar\u00ebt n\u00eb NATO<\/strong><br \/>\nNATO \u00ebsht\u00eb caku i natyrsh\u00ebm i shqiptar\u00ebve. Q\u00eb nga viti 1917 kur SHBA &#8211; ja e braktisi politik\u00ebn e vet t\u00eb izolimit nga ngjarjet bot\u00ebrore, shqiptar\u00ebt kan\u00eb fituar nj\u00eb aleat dhe mik t\u00eb sigurt. Para pak vitesh, Madeleine Albright, ish sekretarja amerikane, ka deklaruar me rastin e vizit\u00ebs n\u00eb Tiran\u00eb, se shqiptar\u00ebt jan\u00eb partneri ky\u00e7 gjeostrategjik i SHBA-s\u00eb n\u00eb Ballkan. Ky \u00ebsht\u00eb lajm i mir\u00eb sepse popujt e vegj\u00ebl nuk mund t\u00eb mbijetojn\u00eb n\u00eb sken\u00ebn nd\u00ebrkomb\u00ebtare pa aleat\u00eb t\u00eb fort\u00eb. K\u00ebsaj here, Historia ka qen\u00eb e m\u00ebshirshme ndaj nesh. M\u00eb n\u00eb fund, synimet e liris\u00eb s\u00eb kombit ton\u00eb jan\u00eb p\u00ebrputhur me interesat gjeostrategjike t\u00eb fuqis\u00eb m\u00eb t\u00eb r\u00ebnd\u00ebsishme n\u00eb bot\u00ebn bashk\u00ebkohore, e cila, nj\u00ebkoh\u00ebsisht, \u00ebsht\u00eb e bazuar mbi idet\u00eb e liris\u00eb dhe demokracis\u00eb qytetare.<br \/>\n<strong>Xhoana M.Perkaj<br \/>\nxhoanaperkaj@yahoo.com<br \/>\nKoha Javore<\/strong><\/p>\n<p style=\"text-align: center;\"><a class=\"aligncenter\" title=\"???? ????,?????,Ulcinj,Montenegru,??????????,\u00c7ernoqoriya,Besplatni internet oglasi,Besplatni oglasi,besplatni mali oglasi,besplatni turisti?ki oglasi,oglasi, usluge, turizam,Turisti?ke usluge,Doma?i turizam,Besplatni Oglasnik,Brzi Oglasi Besplatno,Besplatno OglasavanjeTurizam,besplatni oglasi sa slikom,Turisticki informator besplatni,li?ni-oglasi,BESPLATNI Turisticki OGLASI SA SLIKAMA,BESPLATNI Turisticki Oglasi saVideom,turisticki smestaj oglasi,Turisti?ki vodi? balkana,BESPLATNA REZERVACIJA SMESTAJA,Postavite besplatno Vas oglas,FREE TOURIST GUIDES,Izdavanje-Turizam oglasi,Balkan Turisticki vodic,shpallje turistike falas,Shpallje Falas,Shpallje falas per Komplekse Turistike,Lajmerime,Njoftime,shpallje shqip per shqiptaret ne shqiperi kosova maqedoni,mal te zi,???????????,Montenegiro,?ern\u00e1 Hora,??????????,Cz\u00f4rnog\u00f3ra,Cz\u00f4rn\u00f4 G\u00f3ra,Carna G\u00f3ra,T\u0161ernogooria,\u00c7ernogoriya,Montain\u00e9agr\u00f3,Montenegwo,?orna Hora,Montenegr\u00f3,M?ntenigro,Chernogoriya ,\u00c7\u00earnogor\u00ee ,?????????,????????? ,??????? ,Montes Nigrae,Mons Niger,M\u00f4ntenegr\u00f4,Muntenegru,??????????,Czarnog\u00f3ra,Muntinigru,Muntenegro,&lt;br &gt;&lt;\/a&gt; Muntenegru,\t?ierna Hora,Cxerngora,????????,?rna gora,Moontineegro,?ornog?ra,\u00c7ernogori\u00fda,Chernogoriya,Mont\u00f5negro,????? ???? ,?r?na Gora,?r?nogorije,?ernogorija,?arnahoryja,??????????,???????????????????? ,?ern?g?riy\u00e2,M?nt?n??r?,????? ?????? ,????????,??????????,???????????,M?nten?gro,???? ????? ,????????,M\u00f4ntenegr\u00f4,????????????,???????????,????????????, ??????????? ,????????????,??????????? ,\u008d\u2022?R\/?K?R ,\u0192\u201a\u0192\u201c\u0192e\u0192l\u0192O\u0192\u008d,\u00b8???\u00b3?\u00b1?\u00b7? ,Muntenegru, ????? ????, Montenegr?,chambres ? louer ? ulcinj, location de vacance, location saisonni?res, louer villa,location de vacance, Locations vacance, h?bergements vacances, locations villa, logements de vacances, location maison avec piscine, Location vacance, locations de vacance, h?bergements de vacances, location villa, locations entre particulier, logements vacance, vacances ? Mont?n?gro - location ? Ulcinj ,location  de bigorre,Urlaub in Ulcinj -Montenegro,Hotelbewertungen Ulcinj,Reisen Ulcinj, Urlaub Ulcinj,Hotel in Serbien und Montenegro von Urlaubern bewertet,Billig Urlaub in Ulcinj,ferienh?user,ferienwohnung,Billige Ferienh?user,Ferienwohnung ULCINJ,Ferien an der Adria,Urlaub im Ferienhaus ulcinjBilligreisen Ulcinj,Pauschalreisen,FKK Strand Ada Bojana ulcinj,Last Minute Angebote ulcinj,Preise f?r Lastminute,Kleinanzeigen gratis,Ausflug nach Ulcinj,FKK-Reisen ada bojana,FKK-Urlaub ulcinj,Privatni smje?taj,rezervacija smje?taja,apartmani,sobe,ku?e,odmor,sobe za odmor ulcinj,Pretra?ivanje privatnog smje?taja,rooms rent accommodation ulcinj, rentail private accommodation ulcinj,?elite rezervirati privatni smje?taj,Private accommodation,Smje?taj ulcinj,Pushime Verore ulqin,pushime t? lira n? ulqin,Pushime ne plazh,Pushime te kendshme,dhoma per pushime ulqin,dhoma me qera ulqin,dhoma te lira ulqin,pushime te lira ulqin,mali i zi,kosova,maqedoni,shqiperi,Pushime ne det te ulqinit,godi?nji odmor u ulcinj,odmor u ulcinj,Ku?a za odmor,kuda na odmor,ljetovanje u ulcinj,slobodne sobe,dhoma te lira,ku?a uz more,turisti?ka ponuda,odmor i zabava,povolne cene,sobe,usluge,Mjesto za Va? odmor , Place for Your holiday,Odmor portal,putovanaja,Iznajmljivanje soba ulcinj,odmor ulcinj info,Va?e mjesto za odmor ulcinj,nudisticka plaza ada bojana,smjestaj ponuda ulcinj,lokacioni i dhomave ulqin,deti,plazhet e bukura,diskoteka,zbavitja,.\" href=\"http:\/\/www.visit-ulcinj.com\/tourism\/\" target=\"_blank\"><img loading=\"lazy\" class=\"aligncenter\" title=\"SHPALLJE TURISTIKE FALAS,FREE TOURIST GUIDES,BESPLATNI TURISTI?KI OGLASI,balkan holiday rentals,ALBANIJA,ALBANIA,SHQIPERIJA,CRNA GORA,HRVATSKA,KROACIA,SLOVENIJA,MAKEDONIJA,MAKEDONIA,SRBIJA,MONTENEGRO,MALI I ZI,\" src=\"http:\/\/www.visit-ulcinj.com\/blog\/wp-content\/uploads\/2008\/09\/balkanholidayrentals.gif\" alt=\"Apatin,  Aran?elovac,  ?uprija,  ?a?ak,  ?apljina,  ?itluk,  ?abac,  ?ipovo,  ?iroki Brijeg,  ?ep?e,  ?ivinice,  Ba?ka Palanka,  Banja Luka,  Banovi?i,  Be?ej,  beograd,  Biha?,  Bijeljina,  Bor,  Bor?a,  Bosanska Gradi?ka,  Bosanska Krupa,  Bosanski ?amac,  Bosanski Brod,  Bosanski Novi,  Br?ko,  Bu?im,  Bugojno,  Cazin,  Crna Gora,  Derventa,  Doboj,  Donji Vakuf,  Drvar,  Dubrovnik,  Fo?a,  Fojnica,  Glamo?,  Gora?de,  Gornji Milanovac,  Gornji Vakuf,  gostivar,  Gra?anica,  Grada?ac,  Gradiska,  Grahovo,  Had?i?i,  Ilid?a,  In?ija,  Jablanica,  Jagodina,  Jajce,  Kakanj,  Kalu?erica,  Kikinda,  Klju?,  Konjic,  Kotor Varo?,  Kragujevac,  Kraljevo,  Kru?evac,  Kula,  Kupres,  Lakta?i,  Lazarevac,  Leskovac,  Livno,  Ljubinje,  ljublana,  Ljubu?ki,  Loznica,  Lukavac,  Maglaj,  Mladenovac,  Modri?a,  montenegro erlajnz,  mostar,  Mrkonji? Grad,  Neum,  Ni?,  Novi Pazar,  Novi Sad,  Novi Travnik,  Obrenovac,  Od?ak,  ohrid,  Ora?je,  Pale,  Pan?evo,  Para?in,  Pirot,  Po?arevac,  Podgorica,  Priboj,  Prijedor,  Prokuplje,  Prozor,  pula,  rijeka,  Ruma,  Sanski Most,  Sarajevo,  Senta,  serbija,  sibenik,  skopje,  Smederevo,  Smederevska Palanka,  Sokolac,  Sombor,  split,  Srebrenica,  Srebrenik,  Sremska Mitrovica,  Stolac,  Struga,  Subotica,  Temerin,  Tesli?,  tetovo,  Travnik,  Trebinje,  tuzla,  U?ice,  ulcinj,  Valjevo,  Velika Kladu?a,  Vi?egrad,  Visoko,  Vitez,  Vogo??a,  vojvodina,  Vranje,  Vr?ac,  Vrbas,  zadar,  Zagreb,  Zaje?ar,  Zavidovi?i,  Zenica,  Zrenjanin,  Zvornik,copacabana ulcinj,  h?tels,  hotel ulqin,  Kosova,  Mali i Zi,  Maqedonija,  Montenegro,  montenegro tourisme plage,  montenegro ulcinj,  Shpallje Falas,  Shpallje Falas per shitjen e shtepis se juaj,  Shpallje Falas per villat e juaj,  Shpallje Falas Real Estate,  Shpallje Falas turistike,  shqiperija,  tourisme,  Ulci?,  ulcinj,  ulqin,  ulqin hotel,  ulqini,  ulqini 2007,Ada Bojana,  Alba?czyk,  Cita di Dolcino,  Copacabana,  Czarnog?ra,  Czarnog?rzec,  Don Kichota,  Ma\u00b3a Pla?a,  Mandra,  MIGUEL DE SERVANTES,  p?\u00b3wyspy Marjan,  Pla?a Valdanos,  Rzeka Bojana,  Shas \/ ?as \/ Sva?,  Ulci?,  Ulcinjsk\u00b9 Riwier?,  Wielka Pla?a,  Wyspa Bojana,GORA,??????????,???????,??????????, ?ern? Hora,TO ULCINJ \/ ULQIN,MONTENEGRO, Czarnog?ra, Muntenegru, ????? ????, Montenegr?,villa ? louer ? ulcinj, location de vacance, location saisonni?res, louer chambres,location de vacance, Locations vacance, h?bergements vacances, locations villa, logements de vacances, location maison avec piscine, Location vacance, locations de vacance, h?bergements de vacances, location, locations entre particulier, logements vacance, vacances ? Mont?n?gro - location ? Ulcinj ,location  de bigorre,Albaniku,  Artana,  Bujanoci,  Burimi,  Dardana,  Dardan?,  De?an,  Dibra,  Drenas,  Drenasi,  Ferizaj,  Ferizaji,  Fush? Kosova,Besplatni internet oglasi,Besplatni oglasi,besplatni mali oglasi,besplatni turisti?ki oglasi,oglasi, usluge, turizam,Turisti?ke usluge,Doma?i turizam,Besplatni Oglasnik,Brzi Oglasi Besplatno,Besplatno OglasavanjeTurizam,besplatni oglasi sa slikom,Turisticki informator besplatni,li?ni-oglasi,BESPLATNI Turisticki OGLASI SA SLIKAMA,BESPLATNI Turisticki Oglasi saVideom,turisticki smestaj oglasi,Turisti?ki vodi? balkana,BESPLATNA REZERVACIJA SMESTAJA,Postavite besplatno Vas oglas,FREE TOURIST GUIDES,Izdavanje-Turizam oglasi,Balkan Turisticki vodic,shpallje turistike falas,Shpallje Falas,Shpallje falas per Komplekse Turistike,Lajmerime,Njoftime,shpallje shqip per shqiptaret ne shqiperi kosova maqedoni,mal te zi,Fush? Kosov?,  Gjakova,  Gjakov?,  Gjilan,  Gjilani,  Gostivari,  Istog,  Istog\u00b7,  Ka?anik,  Ka?aniku,  Kastrioti,  K?r?ova,  Klina,  Klin?,  Kumanova,  Leposaviq,  Leskovci,  Likova,  Lipjan,  Lipjani,  Malisheva,  Malishev?,  Manastiri,  Medvegja,  Mitrovica,  Mitrovic?,  Novob?rd?,  Obiliq\u00b7 Rahovec,  Ohri,  Peja,  Pej?,  Podujeva,  Podujev?,  Presheva,  Prishtina,  Prishtin?,  Prizren,  Prizreni,  Rahoveci,  Sharri,  Sharri (Kosov?),  Shkupi,  Sht?rpca,  Sht?rpc?,  Shtime,  Sk?nderaj,  Struga,  Tetova,  Theranda,  Therand?,  Triumf Riza,  Veleshta,  Viti,  Vitia,  Vushtrri,  Vushtrria,  Zubin Potok,  Zubin Potoku,  Zve?an,  Zve?ani,Struga,Gostivari,Gostivar,Ker?ova,Tirana,Durr?si,Elbasani,Shkodra,Tuzi,Vlora, Kor?a,Fieri,Berati,Lushnja ,Kavaja,Pogradeci,La?i,Gjirokastra,Patosi,Kruja,Ku?ova,Kuk?si,Lezha,Saranda,Peshkopia,Burreli,C?rriku,?orovoda,Shijaku,Librazhdi,Tepelena,Gramshi,Poli?ani,Bulqiza,P?rmeti,Fush?Kruja,Kamza,Rr?sheni,Ballshi,Mamurrasi,BajramCurri,Erseka,Peqini,Divjaka,Selenica,Bilishti,Roskoveci,Puka,Memaliaj,Rrogozhina,Ura Vajgurore,Himara,Delvina,Vora,Kopliku,Maliqi,P?rrenjasi,Kruma, Libohova,Orikumi,Fush?-Arr?za,Sh?ngjini,Rubiku,Miloti, Leskoviku,Konispoli,K?lcyra,Krasta,K?rraba,Manastiri,Hara?ina,Likova,Prilepi,Zajazi,Vrap?ishti,Bogovin?,\" width=\"420\" height=\"120\" \/><\/a><\/p>\n","protected":false},"excerpt":{"rendered":"<p>Koha p\u00ebr braktisjen e iluzioneve Tri her\u00eb p\u00ebr dy jav\u00ebt e fundit, ambasadori i SHBA -s\u00eb n\u00eb Mal t\u00eb Zi, Roderick Moor, e cek n\u00eb opinionin malazez r\u00ebnd\u00ebsin\u00eb e pranimit t\u00eb pavar\u00ebsis\u00eb s\u00eb Kosov\u00ebs nga Mali i Zi dhe vendet e tjera t\u00eb rajonit. Her\u00ebn e fundit ishte kjo me 9 shtator, kur ai foli [&hellip;]<\/p>\n","protected":false},"author":1,"featured_media":0,"comment_status":"open","ping_status":"closed","sticky":false,"template":"","format":"standard","meta":{"spay_email":"","jetpack_publicize_message":"","jetpack_is_tweetstorm":false,"jetpack_publicize_feature_enabled":true},"categories":[1,12],"tags":[49,95],"jetpack_publicize_connections":[],"yoast_head":"<!-- This site is optimized with the Yoast SEO plugin v19.1 - https:\/\/yoast.com\/wordpress\/plugins\/seo\/ -->\n<title>Roderick Moor p\u00ebrs\u00ebri p\u00ebr pranimin e shtetit t\u00eb Kosov\u00ebs - Lajme nga Ulqini<\/title>\n<meta name=\"description\" content=\"Koha p\u00ebr braktisjen e iluzioneve Tri her\u00eb p\u00ebr dy jav\u00ebt e fundit, ambasadori i SHBA -s\u00eb n\u00eb Mal t\u00eb Zi, Roderick Moor, e cek n\u00eb opinionin malazez r\u00ebnd\u00ebsin\u00eb e\" \/>\n<meta name=\"robots\" content=\"index, follow, max-snippet:-1, max-image-preview:large, max-video-preview:-1\" \/>\n<link rel=\"canonical\" href=\"https:\/\/www.visit-ulcinj.com\/blog\/2008\/09\/15\/roderick-moor-perseri-per-pranimin-e-shtetit-te-kosoves\/\" \/>\n<meta property=\"og:locale\" content=\"en_US\" \/>\n<meta property=\"og:type\" content=\"article\" \/>\n<meta property=\"og:title\" content=\"Roderick Moor p\u00ebrs\u00ebri p\u00ebr pranimin e shtetit t\u00eb Kosov\u00ebs - Lajme nga Ulqini\" \/>\n<meta property=\"og:description\" content=\"Koha p\u00ebr braktisjen e iluzioneve Tri her\u00eb p\u00ebr dy jav\u00ebt e fundit, ambasadori i SHBA -s\u00eb n\u00eb Mal t\u00eb Zi, Roderick Moor, e cek n\u00eb opinionin malazez r\u00ebnd\u00ebsin\u00eb e\" \/>\n<meta property=\"og:url\" content=\"https:\/\/www.visit-ulcinj.com\/blog\/2008\/09\/15\/roderick-moor-perseri-per-pranimin-e-shtetit-te-kosoves\/\" \/>\n<meta property=\"og:site_name\" content=\"Lajme nga Ulqini\" \/>\n<meta property=\"article:published_time\" content=\"2008-09-15T19:27:04+00:00\" \/>\n<meta property=\"article:modified_time\" content=\"2008-10-17T19:58:25+00:00\" \/>\n<meta property=\"og:image\" content=\"http:\/\/www.nato.int\/multi\/2008\/080225b-pres-montenegro\/photos\/images\/080225b-002.jpg\" \/>\n<meta name=\"twitter:label1\" content=\"Written by\" \/>\n\t<meta name=\"twitter:data1\" content=\"ulqini\" \/>\n\t<meta name=\"twitter:label2\" content=\"Est. reading time\" \/>\n\t<meta name=\"twitter:data2\" content=\"4 minutes\" \/>\n<script type=\"application\/ld+json\" class=\"yoast-schema-graph\">{\"@context\":\"https:\/\/schema.org\",\"@graph\":[{\"@type\":\"WebSite\",\"@id\":\"https:\/\/www.visit-ulcinj.com\/blog\/#website\",\"url\":\"https:\/\/www.visit-ulcinj.com\/blog\/\",\"name\":\"Lajme nga Ulqini\",\"description\":\"Lajme,Vijesti,Ulqini,Ulqin,Crna Gora,Mali i Zi\",\"potentialAction\":[{\"@type\":\"SearchAction\",\"target\":{\"@type\":\"EntryPoint\",\"urlTemplate\":\"https:\/\/www.visit-ulcinj.com\/blog\/?s={search_term_string}\"},\"query-input\":\"required name=search_term_string\"}],\"inLanguage\":\"en-US\"},{\"@type\":\"ImageObject\",\"inLanguage\":\"en-US\",\"@id\":\"https:\/\/www.visit-ulcinj.com\/blog\/2008\/09\/15\/roderick-moor-perseri-per-pranimin-e-shtetit-te-kosoves\/#primaryimage\",\"url\":\"http:\/\/www.nato.int\/multi\/2008\/080225b-pres-montenegro\/photos\/images\/080225b-002.jpg\",\"contentUrl\":\"http:\/\/www.nato.int\/multi\/2008\/080225b-pres-montenegro\/photos\/images\/080225b-002.jpg\"},{\"@type\":\"WebPage\",\"@id\":\"https:\/\/www.visit-ulcinj.com\/blog\/2008\/09\/15\/roderick-moor-perseri-per-pranimin-e-shtetit-te-kosoves\/#webpage\",\"url\":\"https:\/\/www.visit-ulcinj.com\/blog\/2008\/09\/15\/roderick-moor-perseri-per-pranimin-e-shtetit-te-kosoves\/\",\"name\":\"Roderick Moor p\u00ebrs\u00ebri p\u00ebr pranimin e shtetit t\u00eb Kosov\u00ebs - Lajme nga Ulqini\",\"isPartOf\":{\"@id\":\"https:\/\/www.visit-ulcinj.com\/blog\/#website\"},\"primaryImageOfPage\":{\"@id\":\"https:\/\/www.visit-ulcinj.com\/blog\/2008\/09\/15\/roderick-moor-perseri-per-pranimin-e-shtetit-te-kosoves\/#primaryimage\"},\"datePublished\":\"2008-09-15T19:27:04+00:00\",\"dateModified\":\"2008-10-17T19:58:25+00:00\",\"author\":{\"@id\":\"https:\/\/www.visit-ulcinj.com\/blog\/#\/schema\/person\/dcab619c614d3038751c63bc2aadc06d\"},\"description\":\"Koha p\u00ebr braktisjen e iluzioneve Tri her\u00eb p\u00ebr dy jav\u00ebt e fundit, ambasadori i SHBA -s\u00eb n\u00eb Mal t\u00eb Zi, Roderick Moor, e cek n\u00eb opinionin malazez r\u00ebnd\u00ebsin\u00eb e\",\"breadcrumb\":{\"@id\":\"https:\/\/www.visit-ulcinj.com\/blog\/2008\/09\/15\/roderick-moor-perseri-per-pranimin-e-shtetit-te-kosoves\/#breadcrumb\"},\"inLanguage\":\"en-US\",\"potentialAction\":[{\"@type\":\"ReadAction\",\"target\":[\"https:\/\/www.visit-ulcinj.com\/blog\/2008\/09\/15\/roderick-moor-perseri-per-pranimin-e-shtetit-te-kosoves\/\"]}]},{\"@type\":\"BreadcrumbList\",\"@id\":\"https:\/\/www.visit-ulcinj.com\/blog\/2008\/09\/15\/roderick-moor-perseri-per-pranimin-e-shtetit-te-kosoves\/#breadcrumb\",\"itemListElement\":[{\"@type\":\"ListItem\",\"position\":1,\"name\":\"Roderick Moor p\u00ebrs\u00ebri p\u00ebr pranimin e shtetit t\u00eb Kosov\u00ebs\"}]},{\"@type\":\"Person\",\"@id\":\"https:\/\/www.visit-ulcinj.com\/blog\/#\/schema\/person\/dcab619c614d3038751c63bc2aadc06d\",\"name\":\"ulqini\",\"sameAs\":[\"http:\/\/www.visit-ulcinj.com\"],\"url\":\"https:\/\/www.visit-ulcinj.com\/blog\/author\/admin\/\"}]}<\/script>\n<!-- \/ Yoast SEO plugin. -->","yoast_head_json":{"title":"Roderick Moor p\u00ebrs\u00ebri p\u00ebr pranimin e shtetit t\u00eb Kosov\u00ebs - Lajme nga Ulqini","description":"Koha p\u00ebr braktisjen e iluzioneve Tri her\u00eb p\u00ebr dy jav\u00ebt e fundit, ambasadori i SHBA -s\u00eb n\u00eb Mal t\u00eb Zi, Roderick Moor, e cek n\u00eb opinionin malazez r\u00ebnd\u00ebsin\u00eb e","robots":{"index":"index","follow":"follow","max-snippet":"max-snippet:-1","max-image-preview":"max-image-preview:large","max-video-preview":"max-video-preview:-1"},"canonical":"https:\/\/www.visit-ulcinj.com\/blog\/2008\/09\/15\/roderick-moor-perseri-per-pranimin-e-shtetit-te-kosoves\/","og_locale":"en_US","og_type":"article","og_title":"Roderick Moor p\u00ebrs\u00ebri p\u00ebr pranimin e shtetit t\u00eb Kosov\u00ebs - Lajme nga Ulqini","og_description":"Koha p\u00ebr braktisjen e iluzioneve Tri her\u00eb p\u00ebr dy jav\u00ebt e fundit, ambasadori i SHBA -s\u00eb n\u00eb Mal t\u00eb Zi, Roderick Moor, e cek n\u00eb opinionin malazez r\u00ebnd\u00ebsin\u00eb e","og_url":"https:\/\/www.visit-ulcinj.com\/blog\/2008\/09\/15\/roderick-moor-perseri-per-pranimin-e-shtetit-te-kosoves\/","og_site_name":"Lajme nga Ulqini","article_published_time":"2008-09-15T19:27:04+00:00","article_modified_time":"2008-10-17T19:58:25+00:00","og_image":[{"url":"http:\/\/www.nato.int\/multi\/2008\/080225b-pres-montenegro\/photos\/images\/080225b-002.jpg"}],"twitter_misc":{"Written by":"ulqini","Est. reading time":"4 minutes"},"schema":{"@context":"https:\/\/schema.org","@graph":[{"@type":"WebSite","@id":"https:\/\/www.visit-ulcinj.com\/blog\/#website","url":"https:\/\/www.visit-ulcinj.com\/blog\/","name":"Lajme nga Ulqini","description":"Lajme,Vijesti,Ulqini,Ulqin,Crna Gora,Mali i Zi","potentialAction":[{"@type":"SearchAction","target":{"@type":"EntryPoint","urlTemplate":"https:\/\/www.visit-ulcinj.com\/blog\/?s={search_term_string}"},"query-input":"required name=search_term_string"}],"inLanguage":"en-US"},{"@type":"ImageObject","inLanguage":"en-US","@id":"https:\/\/www.visit-ulcinj.com\/blog\/2008\/09\/15\/roderick-moor-perseri-per-pranimin-e-shtetit-te-kosoves\/#primaryimage","url":"http:\/\/www.nato.int\/multi\/2008\/080225b-pres-montenegro\/photos\/images\/080225b-002.jpg","contentUrl":"http:\/\/www.nato.int\/multi\/2008\/080225b-pres-montenegro\/photos\/images\/080225b-002.jpg"},{"@type":"WebPage","@id":"https:\/\/www.visit-ulcinj.com\/blog\/2008\/09\/15\/roderick-moor-perseri-per-pranimin-e-shtetit-te-kosoves\/#webpage","url":"https:\/\/www.visit-ulcinj.com\/blog\/2008\/09\/15\/roderick-moor-perseri-per-pranimin-e-shtetit-te-kosoves\/","name":"Roderick Moor p\u00ebrs\u00ebri p\u00ebr pranimin e shtetit t\u00eb Kosov\u00ebs - Lajme nga Ulqini","isPartOf":{"@id":"https:\/\/www.visit-ulcinj.com\/blog\/#website"},"primaryImageOfPage":{"@id":"https:\/\/www.visit-ulcinj.com\/blog\/2008\/09\/15\/roderick-moor-perseri-per-pranimin-e-shtetit-te-kosoves\/#primaryimage"},"datePublished":"2008-09-15T19:27:04+00:00","dateModified":"2008-10-17T19:58:25+00:00","author":{"@id":"https:\/\/www.visit-ulcinj.com\/blog\/#\/schema\/person\/dcab619c614d3038751c63bc2aadc06d"},"description":"Koha p\u00ebr braktisjen e iluzioneve Tri her\u00eb p\u00ebr dy jav\u00ebt e fundit, ambasadori i SHBA -s\u00eb n\u00eb Mal t\u00eb Zi, Roderick Moor, e cek n\u00eb opinionin malazez r\u00ebnd\u00ebsin\u00eb e","breadcrumb":{"@id":"https:\/\/www.visit-ulcinj.com\/blog\/2008\/09\/15\/roderick-moor-perseri-per-pranimin-e-shtetit-te-kosoves\/#breadcrumb"},"inLanguage":"en-US","potentialAction":[{"@type":"ReadAction","target":["https:\/\/www.visit-ulcinj.com\/blog\/2008\/09\/15\/roderick-moor-perseri-per-pranimin-e-shtetit-te-kosoves\/"]}]},{"@type":"BreadcrumbList","@id":"https:\/\/www.visit-ulcinj.com\/blog\/2008\/09\/15\/roderick-moor-perseri-per-pranimin-e-shtetit-te-kosoves\/#breadcrumb","itemListElement":[{"@type":"ListItem","position":1,"name":"Roderick Moor p\u00ebrs\u00ebri p\u00ebr pranimin e shtetit t\u00eb Kosov\u00ebs"}]},{"@type":"Person","@id":"https:\/\/www.visit-ulcinj.com\/blog\/#\/schema\/person\/dcab619c614d3038751c63bc2aadc06d","name":"ulqini","sameAs":["http:\/\/www.visit-ulcinj.com"],"url":"https:\/\/www.visit-ulcinj.com\/blog\/author\/admin\/"}]}},"jetpack_featured_media_url":"","jetpack_sharing_enabled":true,"jetpack_shortlink":"https:\/\/wp.me\/pe6lTn-RB","_links":{"self":[{"href":"https:\/\/www.visit-ulcinj.com\/blog\/wp-json\/wp\/v2\/posts\/3323"}],"collection":[{"href":"https:\/\/www.visit-ulcinj.com\/blog\/wp-json\/wp\/v2\/posts"}],"about":[{"href":"https:\/\/www.visit-ulcinj.com\/blog\/wp-json\/wp\/v2\/types\/post"}],"author":[{"embeddable":true,"href":"https:\/\/www.visit-ulcinj.com\/blog\/wp-json\/wp\/v2\/users\/1"}],"replies":[{"embeddable":true,"href":"https:\/\/www.visit-ulcinj.com\/blog\/wp-json\/wp\/v2\/comments?post=3323"}],"version-history":[{"count":0,"href":"https:\/\/www.visit-ulcinj.com\/blog\/wp-json\/wp\/v2\/posts\/3323\/revisions"}],"wp:attachment":[{"href":"https:\/\/www.visit-ulcinj.com\/blog\/wp-json\/wp\/v2\/media?parent=3323"}],"wp:term":[{"taxonomy":"category","embeddable":true,"href":"https:\/\/www.visit-ulcinj.com\/blog\/wp-json\/wp\/v2\/categories?post=3323"},{"taxonomy":"post_tag","embeddable":true,"href":"https:\/\/www.visit-ulcinj.com\/blog\/wp-json\/wp\/v2\/tags?post=3323"}],"curies":[{"name":"wp","href":"https:\/\/api.w.org\/{rel}","templated":true}]}}