{"id":33242,"date":"2010-05-12T16:00:47","date_gmt":"2010-05-12T14:00:47","guid":{"rendered":"http:\/\/www.visit-ulcinj.com\/blog\/?p=33242"},"modified":"2010-05-12T16:00:48","modified_gmt":"2010-05-12T14:00:48","slug":"ulcinj-na-pragu-turisticke-2010","status":"publish","type":"post","link":"https:\/\/www.visit-ulcinj.com\/blog\/2010\/05\/12\/ulcinj-na-pragu-turisticke-2010\/","title":{"rendered":"Ulcinj na pragu turisti?ke 2010"},"content":{"rendered":"<p><strong><a href=\"http:\/\/www.visit-ulcinj.com\/blog\/wp-content\/uploads\/2010\/05\/ulcinj.jpg\"><img loading=\"lazy\" class=\"alignleft size-full wp-image-33243\" title=\"ulcinj\" src=\"http:\/\/www.visit-ulcinj.com\/blog\/wp-content\/uploads\/2010\/05\/ulcinj.jpg\" alt=\"ulcinj\" width=\"490\" height=\"380\" \/><\/a>U sezonu s retrovizorom <\/strong><br \/>\nUlcinjani danas nerado govore o turizmu. Radije evociraju stare uspomene, podsje?aju?i se na dobre sezone i kvalitetne hotele, ?ega vi\u0161e nema.<br \/>\n\u201eBio sam prijatno iznena?en brojem turista koji su na\u0161 grad posjetili za vrijeme prvomajskih praznika. Ako bi se po tome sudilo, sezona ?e biti bolja od pro\u0161logodi\u0161nje&#8221;, ka\u017ee za Monitor direktor preduze?a Apartmani Bonita Munib Abazovi?.<br \/>\nDirektori hotela Albatros i Dulcigno D\u017eemal Bu\u0161ati i Hasan Karamanaga istovremeno smatraju da ?e rezultati sezone 2010. biti na lanjskom nivou.<\/p>\n<p><strong>HOTELI:<\/strong> Fiksnih zakupa prakti?no jo\u0161 nema, u Ulcinju nije izgra?en bi obnovljen nijedan novi hotel (ne?e ih ni biti u kratkom periodu, \u0161to u turizmu podrazumijeva razdoblje od tri do pet godina), neizvjesno je da li ?e \u0161panski Iberostar i dalje upravljati hotelom Otrant, jedinim ve?im hotelskim objektom sa ?etiri zvjezdice, ulaganja u renoviranje postoje?ih objekata je malo i nedovoljno s obzirom na zaostalost ukupne ulcinjske ponude ?ak i za najbli\u017eom konkurencijom. Nema ni obe?ane marine, ni mosta na Port Mileni, \u201ezakatan?en&#8221; je Valdanos.<br \/>\nZaista je Ulcinj jedinstven slu?aj u svijetu. Taj je grad imao vi\u0161e hotelskih kapaciteta prije 35 godina nego danas! Istovremeno ima vi\u0161e od sto hiljada uglavnom nekategorisanih le\u017eajeva u privatnom smje\u0161taju, pa se i usred sezone mo\u017ee na?i komforan smje\u0161taj za ?itavih pet eura dnevno! To zna?i da manje od dva odsto smje\u0161tajnih kapaciteta ?ine osnovni!<br \/>\nNa nedavnom sastanku sa ?elnicima Crnogorskog turisti?kog udru\u017eenja, koji su pokrenuli akciju ljetovanja u na\u0161oj zemlji za 99 eura, ovda\u0161nji vlasnici hotela, restorana i zakupci pla\u017ea konstatovali su da je to u Ulcinju ve? dvije decenije postala praksa.<\/p>\n<p><strong>NEPRIPREMLJENOST<\/strong>: Abazovi? isti?e da je najva\u017enije kako se grad pripremio za predstoje?e ljeto. \u201eTu je, na \u017ealost, malo u?injeno. Glavna gradska ulica je razrovana, na uklanjanju privremenih objekata s Pristana i ure?enju tog dijela grada radi se ovih dana, tako da su turisti nai\u0161li na \u0161ut i buku gra?evinskih ma\u0161ina&#8221;, ka\u017ee on i dodaje da, i pored svih odluka o prekidu gra?evinskih radova i zaklinjanja u turizam kao najva\u017eniju privrednu djelatnost, jo\u0161 nije u kolektivnoj svijesti prevladao stav da je od klju?ne va\u017enosti za uspjeh u ovom poslu kakve ?e utiske ponijeti prvi gosti.<br \/>\nKaramanaga je uvjeren da ko?nicu razvoja predstavlja nedono\u0161enje detaljnih urbanisti?kih planova. \u201eSamo iz tog razloga nema oboga?ivanja ponude na Pristanu. A dok se to ne desi, mi ?emo ostati destinacija za turiste s malom plate\u017enom mo?i&#8221;, tvrdi on.<br \/>\nEvidentan je i nedostatak parkinga, prigovora stalno ima i na ?isto?u, posebno u Starom gradu, a gosti su pro\u0161le godine ponekad negodovali i zbog neljubaznosti svojih doma?ina, \u0161to nikada ranije nije bio slu?aj.<br \/>\n\u201eZbog svega toga u Ulcinju sezone traju pedesetak dana, a ne, kao nekada, od aprila do oktobra. Zato se od turizma kod nas ve? 20 godina ne \u017eivi, ali se od njega lak\u0161e pre\u017eivljava&#8221;, ka\u017ee za Monitor poslanik Nove demokratske snage &#8211; FORCA u crnogorskom parlamentu Genci Nimanbegu.<br \/>\n<strong><br \/>\nVIZIJA:<\/strong> Svi turisti?ki poslenici u Ulcinju najvi\u0161e \u017eale \u0161to ni ove godine ne?e biti njema?kih turista, koji su ovdje sinonim za stranog gosta, u ve?em broju.<br \/>\nOsim tradicionalnih turista s Kosova i Sand\u017eaka, kao i gostiju iz Srbije, koji uglavnom borave u tri hiljade svojih ku?a i vikendica, znatan broj posjetilaca o?ekuje se iz Bosne i Hercegovine.<br \/>\nKako napominje Abazovi?, najvi\u0161e interesovanja za ljetovanje u Ulcinju iskazuju turisti iz Poljske, ?e\u0161ke, Ma?arske i Rumunije. Ulcinj njih prije svega privla?i niskom cijenom smje\u0161taja, odli?nim pla\u017eama i prekrasnom prirodom.<br \/>\nBa\u0161 kao \u0161to je to prije devet decenija zapisao znameniti ?e\u0161ki pisac i novinar Jozef Jan Svatek. \u201eNajve?i broj stranaca dolazi u Ulcinj isklju?ivo radi kupanja. I, zaista, na cijelom Jadranu nema prijatnijeg kupanja od ovog u ulcinjskom zalivu. Voda je ovdje kristalna, nezaga?ena, nema brojnih brodova i jakih udaraca talasa &#8211; svi se sna\u017eni talasi ovdje smiruju zahvaljuju?i polo\u017eaju zaliva, pa jaki i ne sti\u017eu do onog blagotvornog pijeska. Morsko dno je kao od somota, pritom ?isto, bez \u0161koljki i kraba, bez plutaju?ih trava i ostalog morskog bilja &#8211; ukratko, ovdje su i voda, i pijesak i dno idealni, uz to jo\u0161 ide i neobi?no romanti?na okolina, a kako je Stari grad tu, preko puta, pribrojmo i bujnu okolinu, zatim i puno borove \u0161ume i vinograda &#8211; da u ovom pogledu ?ovjek ne mo\u017ee po\u017eeljeti ljep\u0161ega mjesta. I uprkos nepostojanju uobi?ajenog banjskog komfora siguran sam da ne?e mnogo vremena pro?i i da ?e se s narastaju?im brojem gostiju i ovaj nedostatak prevazi?i i tada ?e Ulcinj postati jedan od najljep\u0161ih i najromati?nijih kutaka Jadrana&#8221;, zapisao je znameniti ?eh.<br \/>\nUlcinjanima ostaje da se nadaju da ?e se Svatekova vizija (istina, ostvarena na kratko tokom osamdesetih godina 20. vijeka) u potpunosti realizovati bar u ovom stolje?u.<\/p>\n<p><strong>Briga o svakom centu<\/strong><\/p>\n<p>Poslovanje preduze?a i stanovni\u0161tva posebno ote\u017eavaju krediti, kao i visoki porezi i ostale da\u017ebine, pa profitabilnost u turizmu i ugostiteljstvu iz godine u godinu opada. A to pojednostavljeno zna?i da se najvi\u0161e radi za banke i dr\u017eavu.<br \/>\nZbog sklapanja aran\u017emana u posljednjem trenutku, smanjene potro\u0161nje i niske cijene smje\u0161taja, zarada ne prati fizi?ke pokazatelje sezone. Ve? godinama je posebno lo\u0161a vanpansionska potro\u0161nja. \u201eNekada se ovdje prakti?no naru?ivalo bez jelovnika, sada se prvo gleda jelovnik, pa se onda naru?uje i kombinuje. Gosti vode ra?una o svakom centu&#8221;, ka\u017ee jedan ugostitelj.<br \/>\nO drasti?nom padu ulcinjskog turizma u posljednje dvije decenije jasno govori i podatak da je hotel Albatros lani ostvario 16 hiljada no?enja, a 20 godina ranije ?ak ?etiri puta vi\u0161e!<\/p>\n<p><strong>Mustafa CANKA<br \/>\n<a href=\"http:\/\/www.monitorcg.me\/index.php?option=com_content&amp;view=article&amp;id=1292:u-sezonu-s-retrovizorom&amp;catid=133:novi-broj-tekstovi&amp;Itemid=1267\" target=\"_blank\">Monitor<br \/>\n<\/a><\/strong><!--YouTube Error: bad URL entered--><\/p>\n","protected":false},"excerpt":{"rendered":"<p>U sezonu s retrovizorom Ulcinjani danas nerado govore o turizmu. Radije evociraju stare uspomene, podsje?aju?i se na dobre sezone i kvalitetne hotele, ?ega vi\u0161e nema. \u201eBio sam prijatno iznena?en brojem turista koji su na\u0161 grad posjetili za vrijeme prvomajskih praznika. Ako bi se po tome sudilo, sezona ?e biti bolja od pro\u0161logodi\u0161nje&#8221;, ka\u017ee za Monitor [&hellip;]<\/p>\n","protected":false},"author":1,"featured_media":0,"comment_status":"open","ping_status":"closed","sticky":false,"template":"","format":"standard","meta":{"spay_email":"","jetpack_publicize_message":"","jetpack_is_tweetstorm":false,"jetpack_publicize_feature_enabled":true},"categories":[11],"tags":[20,19],"jetpack_publicize_connections":[],"yoast_head":"<!-- This site is optimized with the Yoast SEO plugin v19.1 - https:\/\/yoast.com\/wordpress\/plugins\/seo\/ -->\n<title>Ulcinj na pragu turisti?ke 2010 - Lajme nga Ulqini<\/title>\n<meta name=\"description\" content=\"U sezonu s retrovizorom Ulcinjani danas nerado govore o turizmu. Radije evociraju stare uspomene, podsje?aju?i se na dobre sezone i kvalitetne hotele,\" \/>\n<meta name=\"robots\" content=\"index, follow, max-snippet:-1, max-image-preview:large, max-video-preview:-1\" \/>\n<link rel=\"canonical\" href=\"https:\/\/www.visit-ulcinj.com\/blog\/2010\/05\/12\/ulcinj-na-pragu-turisticke-2010\/\" \/>\n<meta property=\"og:locale\" content=\"en_US\" \/>\n<meta property=\"og:type\" content=\"article\" \/>\n<meta property=\"og:title\" content=\"Ulcinj na pragu turisti?ke 2010 - Lajme nga Ulqini\" \/>\n<meta property=\"og:description\" content=\"U sezonu s retrovizorom Ulcinjani danas nerado govore o turizmu. Radije evociraju stare uspomene, podsje?aju?i se na dobre sezone i kvalitetne hotele,\" \/>\n<meta property=\"og:url\" content=\"https:\/\/www.visit-ulcinj.com\/blog\/2010\/05\/12\/ulcinj-na-pragu-turisticke-2010\/\" \/>\n<meta property=\"og:site_name\" content=\"Lajme nga Ulqini\" \/>\n<meta property=\"article:published_time\" content=\"2010-05-12T14:00:47+00:00\" \/>\n<meta property=\"article:modified_time\" content=\"2010-05-12T14:00:48+00:00\" \/>\n<meta property=\"og:image\" content=\"http:\/\/www.visit-ulcinj.com\/blog\/wp-content\/uploads\/2010\/05\/ulcinj.jpg\" \/>\n<meta name=\"twitter:label1\" content=\"Written by\" \/>\n\t<meta name=\"twitter:data1\" content=\"ulqini\" \/>\n\t<meta name=\"twitter:label2\" content=\"Est. reading time\" \/>\n\t<meta name=\"twitter:data2\" content=\"5 minutes\" \/>\n<script type=\"application\/ld+json\" class=\"yoast-schema-graph\">{\"@context\":\"https:\/\/schema.org\",\"@graph\":[{\"@type\":\"WebSite\",\"@id\":\"https:\/\/www.visit-ulcinj.com\/blog\/#website\",\"url\":\"https:\/\/www.visit-ulcinj.com\/blog\/\",\"name\":\"Lajme nga Ulqini\",\"description\":\"Lajme,Vijesti,Ulqini,Ulqin,Crna Gora,Mali i Zi\",\"potentialAction\":[{\"@type\":\"SearchAction\",\"target\":{\"@type\":\"EntryPoint\",\"urlTemplate\":\"https:\/\/www.visit-ulcinj.com\/blog\/?s={search_term_string}\"},\"query-input\":\"required name=search_term_string\"}],\"inLanguage\":\"en-US\"},{\"@type\":\"ImageObject\",\"inLanguage\":\"en-US\",\"@id\":\"https:\/\/www.visit-ulcinj.com\/blog\/2010\/05\/12\/ulcinj-na-pragu-turisticke-2010\/#primaryimage\",\"url\":\"https:\/\/www.visit-ulcinj.com\/blog\/wp-content\/uploads\/2010\/05\/ulcinj.jpg\",\"contentUrl\":\"https:\/\/www.visit-ulcinj.com\/blog\/wp-content\/uploads\/2010\/05\/ulcinj.jpg\",\"width\":\"1024\",\"height\":\"731\"},{\"@type\":\"WebPage\",\"@id\":\"https:\/\/www.visit-ulcinj.com\/blog\/2010\/05\/12\/ulcinj-na-pragu-turisticke-2010\/#webpage\",\"url\":\"https:\/\/www.visit-ulcinj.com\/blog\/2010\/05\/12\/ulcinj-na-pragu-turisticke-2010\/\",\"name\":\"Ulcinj na pragu turisti?ke 2010 - Lajme nga Ulqini\",\"isPartOf\":{\"@id\":\"https:\/\/www.visit-ulcinj.com\/blog\/#website\"},\"primaryImageOfPage\":{\"@id\":\"https:\/\/www.visit-ulcinj.com\/blog\/2010\/05\/12\/ulcinj-na-pragu-turisticke-2010\/#primaryimage\"},\"datePublished\":\"2010-05-12T14:00:47+00:00\",\"dateModified\":\"2010-05-12T14:00:48+00:00\",\"author\":{\"@id\":\"https:\/\/www.visit-ulcinj.com\/blog\/#\/schema\/person\/dcab619c614d3038751c63bc2aadc06d\"},\"description\":\"U sezonu s retrovizorom Ulcinjani danas nerado govore o turizmu. Radije evociraju stare uspomene, podsje?aju?i se na dobre sezone i kvalitetne hotele,\",\"breadcrumb\":{\"@id\":\"https:\/\/www.visit-ulcinj.com\/blog\/2010\/05\/12\/ulcinj-na-pragu-turisticke-2010\/#breadcrumb\"},\"inLanguage\":\"en-US\",\"potentialAction\":[{\"@type\":\"ReadAction\",\"target\":[\"https:\/\/www.visit-ulcinj.com\/blog\/2010\/05\/12\/ulcinj-na-pragu-turisticke-2010\/\"]}]},{\"@type\":\"BreadcrumbList\",\"@id\":\"https:\/\/www.visit-ulcinj.com\/blog\/2010\/05\/12\/ulcinj-na-pragu-turisticke-2010\/#breadcrumb\",\"itemListElement\":[{\"@type\":\"ListItem\",\"position\":1,\"name\":\"Ulcinj na pragu turisti?ke 2010\"}]},{\"@type\":\"Person\",\"@id\":\"https:\/\/www.visit-ulcinj.com\/blog\/#\/schema\/person\/dcab619c614d3038751c63bc2aadc06d\",\"name\":\"ulqini\",\"sameAs\":[\"http:\/\/www.visit-ulcinj.com\"],\"url\":\"https:\/\/www.visit-ulcinj.com\/blog\/author\/admin\/\"}]}<\/script>\n<!-- \/ Yoast SEO plugin. -->","yoast_head_json":{"title":"Ulcinj na pragu turisti?ke 2010 - Lajme nga Ulqini","description":"U sezonu s retrovizorom Ulcinjani danas nerado govore o turizmu. Radije evociraju stare uspomene, podsje?aju?i se na dobre sezone i kvalitetne hotele,","robots":{"index":"index","follow":"follow","max-snippet":"max-snippet:-1","max-image-preview":"max-image-preview:large","max-video-preview":"max-video-preview:-1"},"canonical":"https:\/\/www.visit-ulcinj.com\/blog\/2010\/05\/12\/ulcinj-na-pragu-turisticke-2010\/","og_locale":"en_US","og_type":"article","og_title":"Ulcinj na pragu turisti?ke 2010 - Lajme nga Ulqini","og_description":"U sezonu s retrovizorom Ulcinjani danas nerado govore o turizmu. Radije evociraju stare uspomene, podsje?aju?i se na dobre sezone i kvalitetne hotele,","og_url":"https:\/\/www.visit-ulcinj.com\/blog\/2010\/05\/12\/ulcinj-na-pragu-turisticke-2010\/","og_site_name":"Lajme nga Ulqini","article_published_time":"2010-05-12T14:00:47+00:00","article_modified_time":"2010-05-12T14:00:48+00:00","og_image":[{"url":"http:\/\/www.visit-ulcinj.com\/blog\/wp-content\/uploads\/2010\/05\/ulcinj.jpg"}],"twitter_misc":{"Written by":"ulqini","Est. reading time":"5 minutes"},"schema":{"@context":"https:\/\/schema.org","@graph":[{"@type":"WebSite","@id":"https:\/\/www.visit-ulcinj.com\/blog\/#website","url":"https:\/\/www.visit-ulcinj.com\/blog\/","name":"Lajme nga Ulqini","description":"Lajme,Vijesti,Ulqini,Ulqin,Crna Gora,Mali i Zi","potentialAction":[{"@type":"SearchAction","target":{"@type":"EntryPoint","urlTemplate":"https:\/\/www.visit-ulcinj.com\/blog\/?s={search_term_string}"},"query-input":"required name=search_term_string"}],"inLanguage":"en-US"},{"@type":"ImageObject","inLanguage":"en-US","@id":"https:\/\/www.visit-ulcinj.com\/blog\/2010\/05\/12\/ulcinj-na-pragu-turisticke-2010\/#primaryimage","url":"https:\/\/www.visit-ulcinj.com\/blog\/wp-content\/uploads\/2010\/05\/ulcinj.jpg","contentUrl":"https:\/\/www.visit-ulcinj.com\/blog\/wp-content\/uploads\/2010\/05\/ulcinj.jpg","width":"1024","height":"731"},{"@type":"WebPage","@id":"https:\/\/www.visit-ulcinj.com\/blog\/2010\/05\/12\/ulcinj-na-pragu-turisticke-2010\/#webpage","url":"https:\/\/www.visit-ulcinj.com\/blog\/2010\/05\/12\/ulcinj-na-pragu-turisticke-2010\/","name":"Ulcinj na pragu turisti?ke 2010 - Lajme nga Ulqini","isPartOf":{"@id":"https:\/\/www.visit-ulcinj.com\/blog\/#website"},"primaryImageOfPage":{"@id":"https:\/\/www.visit-ulcinj.com\/blog\/2010\/05\/12\/ulcinj-na-pragu-turisticke-2010\/#primaryimage"},"datePublished":"2010-05-12T14:00:47+00:00","dateModified":"2010-05-12T14:00:48+00:00","author":{"@id":"https:\/\/www.visit-ulcinj.com\/blog\/#\/schema\/person\/dcab619c614d3038751c63bc2aadc06d"},"description":"U sezonu s retrovizorom Ulcinjani danas nerado govore o turizmu. Radije evociraju stare uspomene, podsje?aju?i se na dobre sezone i kvalitetne hotele,","breadcrumb":{"@id":"https:\/\/www.visit-ulcinj.com\/blog\/2010\/05\/12\/ulcinj-na-pragu-turisticke-2010\/#breadcrumb"},"inLanguage":"en-US","potentialAction":[{"@type":"ReadAction","target":["https:\/\/www.visit-ulcinj.com\/blog\/2010\/05\/12\/ulcinj-na-pragu-turisticke-2010\/"]}]},{"@type":"BreadcrumbList","@id":"https:\/\/www.visit-ulcinj.com\/blog\/2010\/05\/12\/ulcinj-na-pragu-turisticke-2010\/#breadcrumb","itemListElement":[{"@type":"ListItem","position":1,"name":"Ulcinj na pragu turisti?ke 2010"}]},{"@type":"Person","@id":"https:\/\/www.visit-ulcinj.com\/blog\/#\/schema\/person\/dcab619c614d3038751c63bc2aadc06d","name":"ulqini","sameAs":["http:\/\/www.visit-ulcinj.com"],"url":"https:\/\/www.visit-ulcinj.com\/blog\/author\/admin\/"}]}},"jetpack_featured_media_url":"","jetpack_sharing_enabled":true,"jetpack_shortlink":"https:\/\/wp.me\/pe6lTn-8Ea","_links":{"self":[{"href":"https:\/\/www.visit-ulcinj.com\/blog\/wp-json\/wp\/v2\/posts\/33242"}],"collection":[{"href":"https:\/\/www.visit-ulcinj.com\/blog\/wp-json\/wp\/v2\/posts"}],"about":[{"href":"https:\/\/www.visit-ulcinj.com\/blog\/wp-json\/wp\/v2\/types\/post"}],"author":[{"embeddable":true,"href":"https:\/\/www.visit-ulcinj.com\/blog\/wp-json\/wp\/v2\/users\/1"}],"replies":[{"embeddable":true,"href":"https:\/\/www.visit-ulcinj.com\/blog\/wp-json\/wp\/v2\/comments?post=33242"}],"version-history":[{"count":0,"href":"https:\/\/www.visit-ulcinj.com\/blog\/wp-json\/wp\/v2\/posts\/33242\/revisions"}],"wp:attachment":[{"href":"https:\/\/www.visit-ulcinj.com\/blog\/wp-json\/wp\/v2\/media?parent=33242"}],"wp:term":[{"taxonomy":"category","embeddable":true,"href":"https:\/\/www.visit-ulcinj.com\/blog\/wp-json\/wp\/v2\/categories?post=33242"},{"taxonomy":"post_tag","embeddable":true,"href":"https:\/\/www.visit-ulcinj.com\/blog\/wp-json\/wp\/v2\/tags?post=33242"}],"curies":[{"name":"wp","href":"https:\/\/api.w.org\/{rel}","templated":true}]}}