{"id":33248,"date":"2010-05-12T19:13:37","date_gmt":"2010-05-12T17:13:37","guid":{"rendered":"http:\/\/www.visit-ulcinj.com\/blog\/?p=33248"},"modified":"2010-05-12T19:13:37","modified_gmt":"2010-05-12T17:13:37","slug":"nail-draga-demokracia-e-paperfunduar","status":"publish","type":"post","link":"https:\/\/www.visit-ulcinj.com\/blog\/2010\/05\/12\/nail-draga-demokracia-e-paperfunduar\/","title":{"rendered":"Nail Draga: Demokracia e pap\u00ebrfunduar"},"content":{"rendered":"<p><a href=\"http:\/\/www.visit-ulcinj.com\/blog\/wp-content\/uploads\/2009\/05\/nail-draga_ulqin.jpg\"><img loading=\"lazy\" class=\"alignleft size-full wp-image-19961\" title=\"nail-draga_ulqin\" src=\"http:\/\/www.visit-ulcinj.com\/blog\/wp-content\/uploads\/2009\/05\/nail-draga_ulqin.jpg\" alt=\"nail-draga_ulqin\" width=\"399\" height=\"468\" \/><\/a>Pothuaj n\u00eb t\u00eb gjitha vendet n\u00eb tranzicion proceset demokratike kan\u00eb t\u00eb nj\u00ebjtat v\u00ebshtir\u00ebsi, sepse \u00ebsht\u00eb v\u00ebshtir\u00eb t\u00eb ndryshoj\u00eb vet\u00ebdija politike e strukturave udh\u00ebheq\u00ebse e cila \u00ebsht\u00eb ngulitur dekada m\u00eb radh\u00eb, andaj me t\u00eb drejt\u00eb mund t\u00eb themi s\u00eb kemi t\u00eb b\u00ebjm\u00eb me demokraci t\u00eb pap\u00ebrfunduar, deri sa t\u00eb krijohet nj\u00eb klas\u00eb e re politike e cila nuk vuan nga hipotekat e kaluara.<br \/>\nNuk \u00ebsht\u00eb di\u00e7ka e re e as e panjohur se \u00e7do sistem shoq\u00ebror ka krijuar struktur\u00ebn e vet udh\u00ebheq\u00ebse e cila me fjalorin bashk\u00ebkohor quhet klas\u00eb politike. K\u00ebshtu edhe sistemi monist kishte krijuar klas\u00ebn e vet politike e cila ishte sionim i pushtetit. Esht\u00eb \u00e7\u00ebshtje tjet\u00ebr se sa strukturat udh\u00ebheq\u00ebs\u00ebse t\u00eb koh\u00ebs kan\u00eb qen\u00eb n\u00eb nivelin e duhur p\u00ebr t\u00eb kryer obligimet p\u00ebrkat\u00ebse dhe n\u00eb favor t\u00eb interesave t\u00eb p\u00ebrgjithshme t\u00eb qytetar\u00ebve. Nuk ka dilem\u00eb s\u00eb nj\u00eb qasje e till\u00eb paraqet \u00e7\u00ebshtje t\u00eb ve\u00e7ant\u00eb p\u00ebr mjediset multinacionale ku n\u00eb ket\u00eb aspekt ne shqiptar\u00ebt kemi p\u00ebrvoj\u00eb dhe argumente t\u00eb mjaftueshme, sepse vazhdimisht ka munguar barazia praktike qytetare e sidomos ajo nacionale.<br \/>\n<strong><br \/>\nKlasa politike dhe hipotekat e kaluara<\/strong><\/p>\n<p>Duke pasur parasysh rrethanat shoq\u00ebrore dhe diskursin e vazhduesh\u00ebm nga ana e pushtetit ndaj shqiptar\u00ebve me keqardhje duhet th\u00ebn\u00eb s\u00eb shqiptar\u00ebt nuk kan\u00eb pasur klas\u00eb politike. Jo se shqiptar\u00ebt nuk kan\u00eb d\u00ebshiruar, por rrethanat kan\u00eb qen\u00eb t\u00eb tilla dhe kan\u00eb qen\u00eb t\u00eb kushtezuara nga pushteti i koh\u00ebs. Tjet\u00ebr gj\u00eb \u00ebsht\u00eb n\u00ebse ka ekzistuar ndonj\u00eb individ i cili \u00ebsht\u00eb dalluar m\u00eb p\u00ebrgatitjen profesionale apo guximin personal.<br \/>\nNj\u00eb dukuri e till\u00eb nuk meriton ndonj\u00eb analiz\u00eb t\u00eb ve\u00e7ant\u00eb sepse sistemi i koh\u00ebs p\u00ebrgatiste kuadro p\u00ebr t\u2019i sh\u00ebrbyer ideologjis\u00eb e jo popujve t\u00eb cil\u00ebve iu takonin.T\u00eb ndodhur n\u00eb situat\u00eb t\u00eb till\u00eb n\u00ebn ombrell\u00ebn e partis\u00eb-shtet edhe iniciativat p\u00ebr \u00e7\u00ebshtje elementare jan\u00eb trajtuar me qasje tjet\u00ebr. Sepse \u00e7do gj\u00eb duhej t\u00eb ishte n\u00eb frym\u00ebn e politik\u00ebs s\u00eb pushtetit, nd\u00ebrsa n\u00ebse ishte e kund\u00ebrta ekzistonin gjasat q\u00eb t\u2019iu atribuonin epitete t\u00eb ndryshme duke filluar me sintagmen i pap\u00ebrshtatsh\u00ebm, deri tek ato armiq\u00ebsore.<br \/>\nIshte ky nj\u00eb veprim perfid i pushtetit p\u00ebr t\u00eb kontrolluar \u00e7do qeliz\u00eb t\u00eb pjes\u00ebtar\u00ebve t\u00eb popujve pakic\u00eb ku shqiptar\u00ebt ishin t\u00eb ve\u00e7ant\u00eb nga aspekti i qasjes jo vet\u00ebm ideologjike. Dhe t\u00eb ndodhur n\u00eb situata t\u00eb tilla m\u00eb apo pa vet\u00ebdije duke i sh\u00ebrbyer partis\u00eb-shtet madje edhe me tep\u00ebr se ajo \u00e7ka ka k\u00ebrkuar, disa individ\u00eb shqiptar\u00eb si at\u00ebher\u00eb edhe sot sot mbajn\u00eb hipotekat nga e kaluara.<br \/>\nKuadrot e tilla t\u00eb asaj kohe nga aspekti profesional kryesisht ishin me shkoll\u00eb t\u00eb mesme e rrall\u00eb ndonj\u00eb me at\u00eb t\u00eb lart\u00eb e superiore. Ndon\u00ebse me kalimin e koh\u00ebs numri i atyre me shkollim t\u00eb lart\u00eb dhe superior filloj t\u00eb rritet duksh\u00ebm mund\u00ebsit\u00eb e pun\u00ebsimit si dhe t\u00eb ndikimit n\u00eb mjedisin p\u00ebrkat\u00ebs ishin t\u00eb kufizuara.<br \/>\n<strong><br \/>\nPluralizmi dhe klasa e re politike<\/strong><\/p>\n<p>Me vendosjen e pluralizmit nga viti 1990 u mund\u00ebsua q\u00eb n\u00eb sken\u00ebn politike t\u00eb paraqiten individ\u00eb t\u00eb rinj t\u00eb cil\u00ebt filluan t\u00eb jen\u00eb sinonim i klas\u00ebs s\u00eb re politike. Por, edhe pse p\u00ebr nga p\u00ebrgatitja profesionale dalloheshin nga paraardh\u00ebsit ata kishin munges\u00ebn e p\u00ebrvoj\u00ebs q\u00eb u hetua menj\u00ebher\u00eb n\u00eb zgjedhjet e para pluraliste. Nd\u00ebrsa nga ana tjet\u00ebr k\u00ebto kishin nj\u00eb p\u00ebrpar\u00ebsi sepse nuk vuajn\u00eb nga hipotekat e kaluara, duke marr\u00eb parasysh se pjesa d\u00ebrrmuese e tyre nuk kan\u00eb qen\u00eb pjes\u00eb e strukturave t\u00eb pushtetit monist.<br \/>\nAndaj duke pasur parasysh t\u00eb kaluar\u00ebn ton\u00eb p\u00ebr t\u00eb par\u00ebn her\u00eb u dha mund\u00ebsia t\u00eb kemi nj\u00eb klas\u00eb t\u00eb re politike e cila p\u00ebrfaq\u00ebsohej kryesisht p\u00ebrmes subjekteve politike. Fillimisht qasja e k\u00ebsaj klase politike ishte t\u00ebr\u00ebsisht opozitare ndaj pushtetit sepse p\u00ebr t\u00eb par\u00ebn her\u00eb u prezantuan \u00e7\u00ebshtjet ashtu si\u00e7 ishin realisht e jo si i diktonte pushteti i koh\u00ebs, dekada me radh\u00eb.<br \/>\nN\u00eb rrethana t\u00eb reja shoq\u00ebrore nuk ka dilem\u00eb se duheshin individ t\u00eb p\u00ebrgatitur dhe t\u00eb guximsh\u00ebm, p\u00ebr ti paraqitur t\u00eb gjitha \u00e7\u00ebshtjet n\u00eb m\u00ebnyr\u00eb t\u00eb argumentuar dhe transparente. Nd\u00ebrsa \u00ebsht\u00eb \u00e7\u00ebshtje tjet\u00ebr se sa jan\u00eb arritur rezultate konkrete n\u00eb ket\u00eb drejtim.<br \/>\n<strong><br \/>\nDemokracia e pap\u00ebrfunduar<\/strong><\/p>\n<p>Ndonse po b\u00ebh\u00ebn nj\u00ebzet vite nga miratimi i pluralizmit sikurse n\u00eb vendet e tjera t\u00eb Evrop\u00ebs Juglindore edhe n\u00eb Mal t\u00eb Zi ende nuk kemi nj\u00eb demokraci t\u00eb konsoliduar. Edhe pse ky vend \u00ebsht\u00eb m\u00eb i vogli p\u00ebr nga num\u00ebri i banor\u00ebve n\u00eb saj\u00eb t\u00eb rrjedhave aktuale shoq\u00ebrore nuk gabojm\u00eb n\u00ebse themi s\u00eb ketu demokracia ende \u00ebsht\u00eb e pap\u00ebrfunduar. Nj\u00eb dukuri e till\u00eb v\u00ebrehet tek institucionet e sistemit sepse aparati shtet\u00ebror \u00ebsht\u00eb pothuaj t\u00ebr\u00ebsisht i politizuar. Fjal\u00ebn e kemi te strukturat kadrovike t\u00eb cil\u00ebt t\u00eb gjith\u00eb jan\u00eb pjes\u00ebtar\u00eb t\u00eb subjekteve t\u00eb ndryshme politike t\u00eb shumic\u00ebs parlamentare, duke anashkaluar pothuaj n\u00eb t\u00ebr\u00ebsi kriterin profesional.<br \/>\nDhe nga nj\u00eb praktik\u00eb e till\u00eb p\u00ebrfaq\u00ebsues t\u00eb ndrysh\u00ebm nga opozita apo shoq\u00ebria civile jan\u00eb t\u00eb anashkaluar apo nuk kan\u00eb gjasa p\u00ebr t\u00eb qen\u00eb pjes\u00eb e institucioneve qeveris\u00ebse, qoft\u00eb n\u00eb nivelin lokal apo at\u00eb qendror. Nuk ka dilem\u00eb se nga nj\u00eb gjendje e till\u00eb del qart\u00eb se kemi t\u00eb b\u00ebjm\u00eb me keqp\u00ebrdorim t\u00eb funksioneve ku vjen n\u00eb shprehje subjektivizmi profesional dhe nepotizmi e jo vlerat e mir\u00ebfillta profesionale. Nj\u00eb veprim i till\u00eb paraqet kund\u00ebrshtim flagrant t\u00eb normave elementare demokratike, sepse n\u00eb \u00e7do shoq\u00ebri t\u00eb denj\u00eb demokratike vlerat profesionale jan\u00eb mbi ato partiake, klanore e familjare.<br \/>\nNd\u00ebrsa nga ana tjet\u00ebr edhe pse jan\u00eb pritur se do t\u00eb b\u00ebh\u00ebn ndryshime cil\u00ebsore nga ana e pushtetit, duke kaluar nga fjal\u00ebt n\u00eb vepra, pjes\u00ebtar\u00ebt e pakicave nacionale nuk jan\u00eb t\u00eb k\u00ebnaqur me statusin e tyre, sepse edhe n\u00eb pluraliz\u00ebm \u00ebsht\u00eb punuar pak p\u00ebr p\u00ebrfaq\u00ebsimin proporcional t\u00eb tyre n\u00eb institucionet qeveritare n\u00eb nivelin lokal dhe ate qendror.<br \/>\nMe pjes\u00ebmarrjen prej rreth 0,5 p\u00ebrqind nga numri i p\u00ebrgjithsh\u00ebm i t\u00eb pun\u00ebsuarve n\u00eb nivel shtet\u00ebror shqiptar\u00ebt n\u00eb Mal t\u00eb Zi jan\u00eb d\u00ebshmi transparente e pabarazis\u00eb praktike n\u00eb politik\u00ebn e pun\u00ebsimit, \u00e7ka flet qart\u00eb edhe p\u00ebr statusin e tyre politik, social dhe kulturor n\u00eb ket\u00eb mjedis.<\/p>\n<p><strong>Udh\u00ebheqje autoritare e partive politike<\/strong><\/p>\n<p>Duket paradoksale por edhe n\u00eb pluraliz\u00ebm n\u00eb disa aspekte vazhdon mentaliteti i trash\u00ebguar nga monizmi. Fjala \u00ebsht\u00eb p\u00ebr pik\u00ebpamjet dhe mendimet e ndryshme t\u00eb prezantuara n\u00eb lidhje me subjektet politike apo individet n\u00eb strukturat e tyre udh\u00ebheq\u00ebse. N\u00eb raste t\u00eb tilla madje edhe kritika m\u00eb konstruktive dhe e argumentuar nga individet e ndrysh\u00ebm \u00ebsht\u00eb e papranueshme p\u00ebr lider\u00ebt apo pjes\u00ebtar\u00ebt e stafeve t\u00eb tyre drejtuese. Madje qasjet e tilla cil\u00ebsohen t\u00eb rrezikshme sepse nuk jan\u00eb n\u00eb favor t\u00eb vizionit t\u00eb tyre, ku nga nj\u00eb q\u00ebndrim i till\u00eb jan\u00eb paraqitur f\u00ebrkime t\u00eb brendshme t\u00eb subjektet politike. Dhe nga nj\u00eb mosdurim i till\u00eb t\u00eb gjith\u00eb jemi d\u00ebshmitar\u00eb t\u00eb krijimit t\u00eb fraksioneve t\u00eb ndryshme politike t\u00eb cilat m\u00eb pas kan\u00eb \u00e7uar n\u00eb formimin e subjekteve t\u00eb reja politike. Pavar\u00ebsisht s\u00eb nj\u00eb num\u00ebr i subjekteve t\u00eb tilla jan\u00eb minore dhe pa ndonj\u00eb ndikim n\u00eb jet\u00ebn politike, ata jan\u00eb b\u00ebr\u00eb pjes\u00eb e mozaikut t\u00eb p\u00ebrgjithsh\u00ebm politik n\u00eb mjediset p\u00ebrkat\u00ebse.<br \/>\nNj\u00eb veprim i till\u00eb nuk ka dilem\u00eb se krijon huti t\u00eb elektorati duke e dob\u00ebsuar ate, por edhe zvog\u00eblon potencen politike t\u00eb subjekteve m\u00eb t\u00eb m\u00ebdha. Nga ana tjet\u00ebr, veprimi i till\u00eb i legjitimitetit t\u00eb k\u00ebtyre subjekteve minore i mund\u00ebson gjithnj\u00eb veprimin autoritar individ\u00ebve udh\u00ebheq\u00ebs. K\u00ebshtu me largimin e individeve t\u00eb till\u00eb t\u00eb cil\u00ebt quheshin si t\u00eb pad\u00ebgjuesh\u00ebm i hapnin mund\u00ebsi liderit partiak t\u00eb vepronte n\u00eb m\u00ebnyr\u00eb autoritare pa shqet\u00ebsime. N\u00ebse nj\u00eb veprim i till\u00eb \u00ebsht\u00eb shp\u00ebtimtar p\u00ebr liderin autoritar duke mbetur aty ku ishte m\u00eb par\u00eb, ai \u00ebsht\u00eb i d\u00ebmsh\u00ebm p\u00ebr qytetar\u00ebt, proceset demokratike dhe elektoratin votues n\u00eb ve\u00e7anti.<br \/>\nNd\u00ebrsa \u00ebsht\u00eb \u00e7\u00ebshtje tjet\u00ebr dimensioni politik i veprimeve t\u00eb tilla, sepse politika nuk b\u00ebhet duke larguar individ\u00eb por duke i afruar ata.<br \/>\nFatkeq\u00ebsisht ky formulim vazhdon gjithnj\u00eb t\u00eb jet\u00eb prezent p\u00ebr lideret autoritar\u00eb, q\u00eb jan\u00eb b\u00ebr\u00eb penges\u00eb reale e ndryshimeve pozitive n\u00eb sken\u00ebn politike pothuaj n\u00eb t\u00ebr\u00eb hap\u00ebsir\u00ebn etnogjeografike shqiptare..<br \/>\n<strong><br \/>\nRoli i shoq\u00ebris\u00eb civile<\/strong><\/p>\n<p>Nuk ka dilem\u00eb se aty ku funksionon shoq\u00ebria civile ekziston qasja kritike p\u00ebr \u00e7\u00ebshtje t\u00eb ndryshme shoq\u00ebrore. Madje ne vendet demokratike ndaj subjekteve t\u00eb ndryshme t\u00eb shoq\u00ebris\u00eb civile iu rezervohet kujdes i ve\u00e7ant\u00eb. Dhe nuk ka si t\u00eb jet\u00eb ndryshe sepse ne kuad\u00ebr t\u00eb subjekteve t\u00eb tilla ekziston i angazhuar apo i p\u00ebrfshir\u00eb nj\u00eb num\u00ebr i konsideruar i kuadrove t\u00eb profileve t\u00eb ndryshme. Madje kuadrot e tilla n\u00eb shum\u00eb raste jan\u00eb m\u00eb t\u00eb p\u00ebrgatitur se kuadrot e ndryshme drejtuese t\u00eb dikaster\u00ebve p\u00ebrkat\u00ebs. Nd\u00ebrsa nga ana tjet\u00ebr pasi k\u00ebto kuadro nuk kan\u00eb hipotekat e strukturave qeveritare, jan\u00eb transparente dhe konkrete n\u00eb qasjet e tyre p\u00ebr \u00e7\u00ebshtjet preokupuese p\u00ebr qytetar\u00ebt n\u00eb mjediset e ndryshme.<br \/>\nNe vendet demokratike pik\u00ebpamjet e prezantuara nga shoq\u00ebria civile merren parasysh dhe ato b\u00ebh\u00ebn pjes\u00eb e programeve t\u00eb projekteve konkrete, jo vet\u00ebm n\u00eb m\u00ebnyr\u00eb deklarative, por madje edhe duke angazhuar individ\u00eb konkret\u00eb t\u00eb cil\u00ebt jan\u00eb d\u00ebshmuar n\u00eb aspektin profesional p\u00ebr \u00e7\u00ebshtjet gjegj\u00ebse.<br \/>\nQeverit e p\u00ebrgjegjshme qofshin ata n\u00eb nivelin lokal apo qendror pranojn\u00eb vler\u00ebsimet kritike nga shoq\u00ebria civile dhe angazhohen p\u00ebr bashk\u00ebpunim t\u00eb p\u00ebrbashk\u00ebt p\u00ebr eliminimin e defekteve ekzistuese. P\u00ebrjashtim b\u00ebjn\u00eb vet\u00ebm ato struktura autoritare t\u00eb cilat vuajn\u00eb nga kompleksi i atavizmit q\u00eb nuk ka dilem\u00eb s\u00eb jan\u00eb t\u00eb d\u00ebmshme jo vet\u00ebm p\u00ebr momentin por edhe n\u00eb t\u00eb ardhm\u00ebn n\u00eb mjedisn p\u00ebrkat\u00ebs.<br \/>\n<strong><br \/>\nDr.Nail Draga<\/strong><\/p>\n","protected":false},"excerpt":{"rendered":"<p>Pothuaj n\u00eb t\u00eb gjitha vendet n\u00eb tranzicion proceset demokratike kan\u00eb t\u00eb nj\u00ebjtat v\u00ebshtir\u00ebsi, sepse \u00ebsht\u00eb v\u00ebshtir\u00eb t\u00eb ndryshoj\u00eb vet\u00ebdija politike e strukturave udh\u00ebheq\u00ebse e cila \u00ebsht\u00eb ngulitur dekada m\u00eb radh\u00eb, andaj me t\u00eb drejt\u00eb mund t\u00eb themi s\u00eb kemi t\u00eb b\u00ebjm\u00eb me demokraci t\u00eb pap\u00ebrfunduar, deri sa t\u00eb krijohet nj\u00eb klas\u00eb e re politike e [&hellip;]<\/p>\n","protected":false},"author":1,"featured_media":0,"comment_status":"open","ping_status":"closed","sticky":false,"template":"","format":"standard","meta":{"spay_email":"","jetpack_publicize_message":"","jetpack_is_tweetstorm":false,"jetpack_publicize_feature_enabled":true},"categories":[12],"tags":[2761,200],"jetpack_publicize_connections":[],"yoast_head":"<!-- This site is optimized with the Yoast SEO plugin v19.1 - https:\/\/yoast.com\/wordpress\/plugins\/seo\/ -->\n<title>Nail Draga: Demokracia e pap\u00ebrfunduar - Lajme nga Ulqini<\/title>\n<meta name=\"description\" content=\"Pothuaj n\u00eb t\u00eb gjitha vendet n\u00eb tranzicion proceset demokratike kan\u00eb t\u00eb nj\u00ebjtat v\u00ebshtir\u00ebsi, sepse \u00ebsht\u00eb v\u00ebshtir\u00eb t\u00eb ndryshoj\u00eb vet\u00ebdija politike e\" \/>\n<meta name=\"robots\" content=\"index, follow, max-snippet:-1, max-image-preview:large, max-video-preview:-1\" \/>\n<link rel=\"canonical\" href=\"https:\/\/www.visit-ulcinj.com\/blog\/2010\/05\/12\/nail-draga-demokracia-e-paperfunduar\/\" \/>\n<meta property=\"og:locale\" content=\"en_US\" \/>\n<meta property=\"og:type\" content=\"article\" \/>\n<meta property=\"og:title\" content=\"Nail Draga: Demokracia e pap\u00ebrfunduar - Lajme nga Ulqini\" \/>\n<meta property=\"og:description\" content=\"Pothuaj n\u00eb t\u00eb gjitha vendet n\u00eb tranzicion proceset demokratike kan\u00eb t\u00eb nj\u00ebjtat v\u00ebshtir\u00ebsi, sepse \u00ebsht\u00eb v\u00ebshtir\u00eb t\u00eb ndryshoj\u00eb vet\u00ebdija politike e\" \/>\n<meta property=\"og:url\" content=\"https:\/\/www.visit-ulcinj.com\/blog\/2010\/05\/12\/nail-draga-demokracia-e-paperfunduar\/\" \/>\n<meta property=\"og:site_name\" content=\"Lajme nga Ulqini\" \/>\n<meta property=\"article:published_time\" content=\"2010-05-12T17:13:37+00:00\" \/>\n<meta property=\"og:image\" content=\"http:\/\/www.visit-ulcinj.com\/blog\/wp-content\/uploads\/2009\/05\/nail-draga_ulqin.jpg\" \/>\n<meta name=\"twitter:label1\" content=\"Written by\" \/>\n\t<meta name=\"twitter:data1\" content=\"ulqini\" \/>\n\t<meta name=\"twitter:label2\" content=\"Est. reading time\" \/>\n\t<meta name=\"twitter:data2\" content=\"9 minutes\" \/>\n<script type=\"application\/ld+json\" class=\"yoast-schema-graph\">{\"@context\":\"https:\/\/schema.org\",\"@graph\":[{\"@type\":\"WebSite\",\"@id\":\"https:\/\/www.visit-ulcinj.com\/blog\/#website\",\"url\":\"https:\/\/www.visit-ulcinj.com\/blog\/\",\"name\":\"Lajme nga Ulqini\",\"description\":\"Lajme,Vijesti,Ulqini,Ulqin,Crna Gora,Mali i Zi\",\"potentialAction\":[{\"@type\":\"SearchAction\",\"target\":{\"@type\":\"EntryPoint\",\"urlTemplate\":\"https:\/\/www.visit-ulcinj.com\/blog\/?s={search_term_string}\"},\"query-input\":\"required name=search_term_string\"}],\"inLanguage\":\"en-US\"},{\"@type\":\"ImageObject\",\"inLanguage\":\"en-US\",\"@id\":\"https:\/\/www.visit-ulcinj.com\/blog\/2010\/05\/12\/nail-draga-demokracia-e-paperfunduar\/#primaryimage\",\"url\":\"https:\/\/www.visit-ulcinj.com\/blog\/wp-content\/uploads\/2009\/05\/nail-draga_ulqin.jpg\",\"contentUrl\":\"https:\/\/www.visit-ulcinj.com\/blog\/wp-content\/uploads\/2009\/05\/nail-draga_ulqin.jpg\",\"width\":\"305\",\"height\":\"368\"},{\"@type\":\"WebPage\",\"@id\":\"https:\/\/www.visit-ulcinj.com\/blog\/2010\/05\/12\/nail-draga-demokracia-e-paperfunduar\/#webpage\",\"url\":\"https:\/\/www.visit-ulcinj.com\/blog\/2010\/05\/12\/nail-draga-demokracia-e-paperfunduar\/\",\"name\":\"Nail Draga: Demokracia e pap\u00ebrfunduar - Lajme nga Ulqini\",\"isPartOf\":{\"@id\":\"https:\/\/www.visit-ulcinj.com\/blog\/#website\"},\"primaryImageOfPage\":{\"@id\":\"https:\/\/www.visit-ulcinj.com\/blog\/2010\/05\/12\/nail-draga-demokracia-e-paperfunduar\/#primaryimage\"},\"datePublished\":\"2010-05-12T17:13:37+00:00\",\"dateModified\":\"2010-05-12T17:13:37+00:00\",\"author\":{\"@id\":\"https:\/\/www.visit-ulcinj.com\/blog\/#\/schema\/person\/dcab619c614d3038751c63bc2aadc06d\"},\"description\":\"Pothuaj n\u00eb t\u00eb gjitha vendet n\u00eb tranzicion proceset demokratike kan\u00eb t\u00eb nj\u00ebjtat v\u00ebshtir\u00ebsi, sepse \u00ebsht\u00eb v\u00ebshtir\u00eb t\u00eb ndryshoj\u00eb vet\u00ebdija politike e\",\"breadcrumb\":{\"@id\":\"https:\/\/www.visit-ulcinj.com\/blog\/2010\/05\/12\/nail-draga-demokracia-e-paperfunduar\/#breadcrumb\"},\"inLanguage\":\"en-US\",\"potentialAction\":[{\"@type\":\"ReadAction\",\"target\":[\"https:\/\/www.visit-ulcinj.com\/blog\/2010\/05\/12\/nail-draga-demokracia-e-paperfunduar\/\"]}]},{\"@type\":\"BreadcrumbList\",\"@id\":\"https:\/\/www.visit-ulcinj.com\/blog\/2010\/05\/12\/nail-draga-demokracia-e-paperfunduar\/#breadcrumb\",\"itemListElement\":[{\"@type\":\"ListItem\",\"position\":1,\"name\":\"Nail Draga: Demokracia e pap\u00ebrfunduar\"}]},{\"@type\":\"Person\",\"@id\":\"https:\/\/www.visit-ulcinj.com\/blog\/#\/schema\/person\/dcab619c614d3038751c63bc2aadc06d\",\"name\":\"ulqini\",\"sameAs\":[\"http:\/\/www.visit-ulcinj.com\"],\"url\":\"https:\/\/www.visit-ulcinj.com\/blog\/author\/admin\/\"}]}<\/script>\n<!-- \/ Yoast SEO plugin. -->","yoast_head_json":{"title":"Nail Draga: Demokracia e pap\u00ebrfunduar - Lajme nga Ulqini","description":"Pothuaj n\u00eb t\u00eb gjitha vendet n\u00eb tranzicion proceset demokratike kan\u00eb t\u00eb nj\u00ebjtat v\u00ebshtir\u00ebsi, sepse \u00ebsht\u00eb v\u00ebshtir\u00eb t\u00eb ndryshoj\u00eb vet\u00ebdija politike e","robots":{"index":"index","follow":"follow","max-snippet":"max-snippet:-1","max-image-preview":"max-image-preview:large","max-video-preview":"max-video-preview:-1"},"canonical":"https:\/\/www.visit-ulcinj.com\/blog\/2010\/05\/12\/nail-draga-demokracia-e-paperfunduar\/","og_locale":"en_US","og_type":"article","og_title":"Nail Draga: Demokracia e pap\u00ebrfunduar - Lajme nga Ulqini","og_description":"Pothuaj n\u00eb t\u00eb gjitha vendet n\u00eb tranzicion proceset demokratike kan\u00eb t\u00eb nj\u00ebjtat v\u00ebshtir\u00ebsi, sepse \u00ebsht\u00eb v\u00ebshtir\u00eb t\u00eb ndryshoj\u00eb vet\u00ebdija politike e","og_url":"https:\/\/www.visit-ulcinj.com\/blog\/2010\/05\/12\/nail-draga-demokracia-e-paperfunduar\/","og_site_name":"Lajme nga Ulqini","article_published_time":"2010-05-12T17:13:37+00:00","og_image":[{"url":"http:\/\/www.visit-ulcinj.com\/blog\/wp-content\/uploads\/2009\/05\/nail-draga_ulqin.jpg"}],"twitter_misc":{"Written by":"ulqini","Est. reading time":"9 minutes"},"schema":{"@context":"https:\/\/schema.org","@graph":[{"@type":"WebSite","@id":"https:\/\/www.visit-ulcinj.com\/blog\/#website","url":"https:\/\/www.visit-ulcinj.com\/blog\/","name":"Lajme nga Ulqini","description":"Lajme,Vijesti,Ulqini,Ulqin,Crna Gora,Mali i Zi","potentialAction":[{"@type":"SearchAction","target":{"@type":"EntryPoint","urlTemplate":"https:\/\/www.visit-ulcinj.com\/blog\/?s={search_term_string}"},"query-input":"required name=search_term_string"}],"inLanguage":"en-US"},{"@type":"ImageObject","inLanguage":"en-US","@id":"https:\/\/www.visit-ulcinj.com\/blog\/2010\/05\/12\/nail-draga-demokracia-e-paperfunduar\/#primaryimage","url":"https:\/\/www.visit-ulcinj.com\/blog\/wp-content\/uploads\/2009\/05\/nail-draga_ulqin.jpg","contentUrl":"https:\/\/www.visit-ulcinj.com\/blog\/wp-content\/uploads\/2009\/05\/nail-draga_ulqin.jpg","width":"305","height":"368"},{"@type":"WebPage","@id":"https:\/\/www.visit-ulcinj.com\/blog\/2010\/05\/12\/nail-draga-demokracia-e-paperfunduar\/#webpage","url":"https:\/\/www.visit-ulcinj.com\/blog\/2010\/05\/12\/nail-draga-demokracia-e-paperfunduar\/","name":"Nail Draga: Demokracia e pap\u00ebrfunduar - Lajme nga Ulqini","isPartOf":{"@id":"https:\/\/www.visit-ulcinj.com\/blog\/#website"},"primaryImageOfPage":{"@id":"https:\/\/www.visit-ulcinj.com\/blog\/2010\/05\/12\/nail-draga-demokracia-e-paperfunduar\/#primaryimage"},"datePublished":"2010-05-12T17:13:37+00:00","dateModified":"2010-05-12T17:13:37+00:00","author":{"@id":"https:\/\/www.visit-ulcinj.com\/blog\/#\/schema\/person\/dcab619c614d3038751c63bc2aadc06d"},"description":"Pothuaj n\u00eb t\u00eb gjitha vendet n\u00eb tranzicion proceset demokratike kan\u00eb t\u00eb nj\u00ebjtat v\u00ebshtir\u00ebsi, sepse \u00ebsht\u00eb v\u00ebshtir\u00eb t\u00eb ndryshoj\u00eb vet\u00ebdija politike e","breadcrumb":{"@id":"https:\/\/www.visit-ulcinj.com\/blog\/2010\/05\/12\/nail-draga-demokracia-e-paperfunduar\/#breadcrumb"},"inLanguage":"en-US","potentialAction":[{"@type":"ReadAction","target":["https:\/\/www.visit-ulcinj.com\/blog\/2010\/05\/12\/nail-draga-demokracia-e-paperfunduar\/"]}]},{"@type":"BreadcrumbList","@id":"https:\/\/www.visit-ulcinj.com\/blog\/2010\/05\/12\/nail-draga-demokracia-e-paperfunduar\/#breadcrumb","itemListElement":[{"@type":"ListItem","position":1,"name":"Nail Draga: Demokracia e pap\u00ebrfunduar"}]},{"@type":"Person","@id":"https:\/\/www.visit-ulcinj.com\/blog\/#\/schema\/person\/dcab619c614d3038751c63bc2aadc06d","name":"ulqini","sameAs":["http:\/\/www.visit-ulcinj.com"],"url":"https:\/\/www.visit-ulcinj.com\/blog\/author\/admin\/"}]}},"jetpack_featured_media_url":"","jetpack_sharing_enabled":true,"jetpack_shortlink":"https:\/\/wp.me\/pe6lTn-8Eg","_links":{"self":[{"href":"https:\/\/www.visit-ulcinj.com\/blog\/wp-json\/wp\/v2\/posts\/33248"}],"collection":[{"href":"https:\/\/www.visit-ulcinj.com\/blog\/wp-json\/wp\/v2\/posts"}],"about":[{"href":"https:\/\/www.visit-ulcinj.com\/blog\/wp-json\/wp\/v2\/types\/post"}],"author":[{"embeddable":true,"href":"https:\/\/www.visit-ulcinj.com\/blog\/wp-json\/wp\/v2\/users\/1"}],"replies":[{"embeddable":true,"href":"https:\/\/www.visit-ulcinj.com\/blog\/wp-json\/wp\/v2\/comments?post=33248"}],"version-history":[{"count":0,"href":"https:\/\/www.visit-ulcinj.com\/blog\/wp-json\/wp\/v2\/posts\/33248\/revisions"}],"wp:attachment":[{"href":"https:\/\/www.visit-ulcinj.com\/blog\/wp-json\/wp\/v2\/media?parent=33248"}],"wp:term":[{"taxonomy":"category","embeddable":true,"href":"https:\/\/www.visit-ulcinj.com\/blog\/wp-json\/wp\/v2\/categories?post=33248"},{"taxonomy":"post_tag","embeddable":true,"href":"https:\/\/www.visit-ulcinj.com\/blog\/wp-json\/wp\/v2\/tags?post=33248"}],"curies":[{"name":"wp","href":"https:\/\/api.w.org\/{rel}","templated":true}]}}