{"id":33258,"date":"2010-05-13T16:41:40","date_gmt":"2010-05-13T14:41:40","guid":{"rendered":"http:\/\/www.visit-ulcinj.com\/blog\/?p=33258"},"modified":"2010-05-13T16:41:40","modified_gmt":"2010-05-13T14:41:40","slug":"posjeta-ministra-za-evropske-integracije-prof-dr-gordane-%c3%b0urovic-opstini-ulcinj","status":"publish","type":"post","link":"https:\/\/www.visit-ulcinj.com\/blog\/2010\/05\/13\/posjeta-ministra-za-evropske-integracije-prof-dr-gordane-%c3%b0urovic-opstini-ulcinj\/","title":{"rendered":"Posjeta Ministra za evropske integracije prof. dr Gordane \u00d0urovi?  op\u0161tini Ulcinj"},"content":{"rendered":"<p><a href=\"http:\/\/www.visit-ulcinj.com\/blog\/wp-content\/uploads\/2010\/05\/Minister-of-European-Integration_Gordana-\u00d0urovi?.gif\"><img loading=\"lazy\" class=\"alignleft size-full wp-image-33259\" title=\"Minister of European Integration_Gordana \u00d0urovi?\" src=\"http:\/\/www.visit-ulcinj.com\/blog\/wp-content\/uploads\/2010\/05\/Minister-of-European-Integration_Gordana-\u00d0urovi?.gif\" alt=\"Minister of European Integration_Gordana \u00d0urovi?\" width=\"490\" height=\"375\" \/><\/a>Ministar za evropske integracije Prof. dr Gordana ?urovi? boravi?e u petak, 14. maja 2010. godine, u radnoj posjeti op\u0161tinama Bar i Ulcinj, u cilju infomisanja gra?ana primorskog dijela Crne Gore o procesu pridru\u017eivanja Crne Gore Evropskoj uniji.<br \/>\nU okviru radnog dijela programa posjete Baru, ministar ?urovi? ?e se u 08.15 sati, sastati sa predsjednikom Op\u0161tine Bar \u017darkom Pavi?evi?em. Nakon toga ministar ?urovi? ?e, u 09.15 sati posjetiti Gimnaziju \u201cNiko Rolovi?\u201d, gdje ?e odr\u017eati predavanje za u?enike na temu \u201eEvropske integracije Crne Gore\u201c.<br \/>\nIstog dana, ministar ?urovi? ?e posjetiti Op\u0161tinu Ulcinj, gdje ?e se sastati sa predsjednikom Op\u0161tine, Gzimom Hajdinagom, u 11.30 sati, a nakon toga ?e posjetiti i Srednju \u0161kolu \u201eBratstvo jedinstvo\u201c, gdje ?e odr\u017eati predavanje za u?enike ove srednjo\u0161kolske ustanove. Predavanje po?inje u 12.30 sati.<\/p>\n<p>Ministar za evropske integracije Prof. dr Gordana ?urovi? boravi?e u petak, 14. maja 2010. godine, u radnoj posjeti op\u0161tinama Bar i Ulcinj, u cilju infomisanja gra?ana primorskog dijela Crne Gore o procesu pridru\u017eivanja Crne Gore Evropskoj uniji.<br \/>\nU okviru radnog dijela programa posjete Baru, ministar ?urovi? ?e se u 08.15 sati, sastati sa predsjednikom Op\u0161tine Bar \u017darkom Pavi?evi?em. Nakon toga ministar ?urovi? ?e, u 09.15 sati posjetiti Gimnaziju \u201cNiko Rolovi?\u201d, gdje ?e odr\u017eati predavanje za u?enike na temu \u201eEvropske integracije Crne Gore\u201c.<br \/>\nIstog dana, ministar ?urovi? ?e posjetiti Op\u0161tinu Ulcinj, gdje ?e se sastati sa predsjednikom Op\u0161tine, Gzimom Hajdinagom, u 11.30 sati, a nakon toga ?e posjetiti i Srednju \u0161kolu \u201eBratstvo jedinstvo\u201c, gdje ?e odr\u017eati predavanje za u?enike ove srednjo\u0161kolske ustanove. Predavanje po?inje u 12.30 sati.<\/p>\n<p><strong>Municipality of Ulcinj \/ Ulqin<br \/>\nArsllan Hajdinaga<\/strong><\/p>\n<p><strong>Reklam: Spoti i koalcionit &#8221;Per Ulqinin Evropian&#8221;<br \/>\n<\/strong><!--YouTube Error: bad URL entered--><\/p>\n","protected":false},"excerpt":{"rendered":"<p>Ministar za evropske integracije Prof. dr Gordana ?urovi? boravi?e u petak, 14. maja 2010. godine, u radnoj posjeti op\u0161tinama Bar i Ulcinj, u cilju infomisanja gra?ana primorskog dijela Crne Gore o procesu pridru\u017eivanja Crne Gore Evropskoj uniji. U okviru radnog dijela programa posjete Baru, ministar ?urovi? ?e se u 08.15 sati, sastati sa predsjednikom Op\u0161tine [&hellip;]<\/p>\n","protected":false},"author":1,"featured_media":0,"comment_status":"open","ping_status":"closed","sticky":false,"template":"","format":"standard","meta":{"spay_email":"","jetpack_publicize_message":"","jetpack_is_tweetstorm":false,"jetpack_publicize_feature_enabled":true},"categories":[8337],"tags":[5162,140,264],"jetpack_publicize_connections":[],"yoast_head":"<!-- This site is optimized with the Yoast SEO plugin v19.1 - https:\/\/yoast.com\/wordpress\/plugins\/seo\/ -->\n<title>Posjeta Ministra za evropske integracije prof. dr Gordane \u00d0urovi? op\u0161tini Ulcinj - Lajme nga Ulqini<\/title>\n<meta name=\"description\" content=\"Ministar za evropske integracije Prof. dr Gordana ?urovi? boravi?e u petak, 14. maja 2010. godine, u radnoj posjeti op\u0161tinama Bar i Ulcinj, u cilju\" \/>\n<meta name=\"robots\" content=\"index, follow, max-snippet:-1, max-image-preview:large, max-video-preview:-1\" \/>\n<link rel=\"canonical\" href=\"https:\/\/www.visit-ulcinj.com\/blog\/2010\/05\/13\/posjeta-ministra-za-evropske-integracije-prof-dr-gordane-\u00f0urovic-opstini-ulcinj\/\" \/>\n<meta property=\"og:locale\" content=\"en_US\" \/>\n<meta property=\"og:type\" content=\"article\" \/>\n<meta property=\"og:title\" content=\"Posjeta Ministra za evropske integracije prof. dr Gordane \u00d0urovi? op\u0161tini Ulcinj - Lajme nga Ulqini\" \/>\n<meta property=\"og:description\" content=\"Ministar za evropske integracije Prof. dr Gordana ?urovi? boravi?e u petak, 14. maja 2010. godine, u radnoj posjeti op\u0161tinama Bar i Ulcinj, u cilju\" \/>\n<meta property=\"og:url\" content=\"https:\/\/www.visit-ulcinj.com\/blog\/2010\/05\/13\/posjeta-ministra-za-evropske-integracije-prof-dr-gordane-\u00f0urovic-opstini-ulcinj\/\" \/>\n<meta property=\"og:site_name\" content=\"Lajme nga Ulqini\" \/>\n<meta property=\"article:published_time\" content=\"2010-05-13T14:41:40+00:00\" \/>\n<meta name=\"twitter:label1\" content=\"Written by\" \/>\n\t<meta name=\"twitter:data1\" content=\"ulqini\" \/>\n\t<meta name=\"twitter:label2\" content=\"Est. reading time\" \/>\n\t<meta name=\"twitter:data2\" content=\"1 minute\" \/>\n<script type=\"application\/ld+json\" class=\"yoast-schema-graph\">{\"@context\":\"https:\/\/schema.org\",\"@graph\":[{\"@type\":\"WebSite\",\"@id\":\"https:\/\/www.visit-ulcinj.com\/blog\/#website\",\"url\":\"https:\/\/www.visit-ulcinj.com\/blog\/\",\"name\":\"Lajme nga Ulqini\",\"description\":\"Lajme,Vijesti,Ulqini,Ulqin,Crna Gora,Mali i Zi\",\"potentialAction\":[{\"@type\":\"SearchAction\",\"target\":{\"@type\":\"EntryPoint\",\"urlTemplate\":\"https:\/\/www.visit-ulcinj.com\/blog\/?s={search_term_string}\"},\"query-input\":\"required name=search_term_string\"}],\"inLanguage\":\"en-US\"},{\"@type\":\"WebPage\",\"@id\":\"https:\/\/www.visit-ulcinj.com\/blog\/2010\/05\/13\/posjeta-ministra-za-evropske-integracije-prof-dr-gordane-%c3%b0urovic-opstini-ulcinj\/#webpage\",\"url\":\"https:\/\/www.visit-ulcinj.com\/blog\/2010\/05\/13\/posjeta-ministra-za-evropske-integracije-prof-dr-gordane-%c3%b0urovic-opstini-ulcinj\/\",\"name\":\"Posjeta Ministra za evropske integracije prof. dr Gordane \u00d0urovi? op\u0161tini Ulcinj - Lajme nga Ulqini\",\"isPartOf\":{\"@id\":\"https:\/\/www.visit-ulcinj.com\/blog\/#website\"},\"datePublished\":\"2010-05-13T14:41:40+00:00\",\"dateModified\":\"2010-05-13T14:41:40+00:00\",\"author\":{\"@id\":\"https:\/\/www.visit-ulcinj.com\/blog\/#\/schema\/person\/dcab619c614d3038751c63bc2aadc06d\"},\"description\":\"Ministar za evropske integracije Prof. dr Gordana ?urovi? boravi?e u petak, 14. maja 2010. godine, u radnoj posjeti op\u0161tinama Bar i Ulcinj, u cilju\",\"breadcrumb\":{\"@id\":\"https:\/\/www.visit-ulcinj.com\/blog\/2010\/05\/13\/posjeta-ministra-za-evropske-integracije-prof-dr-gordane-%c3%b0urovic-opstini-ulcinj\/#breadcrumb\"},\"inLanguage\":\"en-US\",\"potentialAction\":[{\"@type\":\"ReadAction\",\"target\":[\"https:\/\/www.visit-ulcinj.com\/blog\/2010\/05\/13\/posjeta-ministra-za-evropske-integracije-prof-dr-gordane-%c3%b0urovic-opstini-ulcinj\/\"]}]},{\"@type\":\"BreadcrumbList\",\"@id\":\"https:\/\/www.visit-ulcinj.com\/blog\/2010\/05\/13\/posjeta-ministra-za-evropske-integracije-prof-dr-gordane-%c3%b0urovic-opstini-ulcinj\/#breadcrumb\",\"itemListElement\":[{\"@type\":\"ListItem\",\"position\":1,\"name\":\"Posjeta Ministra za evropske integracije prof. dr Gordane \u00d0urovi? op\u0161tini Ulcinj\"}]},{\"@type\":\"Person\",\"@id\":\"https:\/\/www.visit-ulcinj.com\/blog\/#\/schema\/person\/dcab619c614d3038751c63bc2aadc06d\",\"name\":\"ulqini\",\"sameAs\":[\"http:\/\/www.visit-ulcinj.com\"],\"url\":\"https:\/\/www.visit-ulcinj.com\/blog\/author\/admin\/\"}]}<\/script>\n<!-- \/ Yoast SEO plugin. -->","yoast_head_json":{"title":"Posjeta Ministra za evropske integracije prof. dr Gordane \u00d0urovi? op\u0161tini Ulcinj - Lajme nga Ulqini","description":"Ministar za evropske integracije Prof. dr Gordana ?urovi? boravi?e u petak, 14. maja 2010. godine, u radnoj posjeti op\u0161tinama Bar i Ulcinj, u cilju","robots":{"index":"index","follow":"follow","max-snippet":"max-snippet:-1","max-image-preview":"max-image-preview:large","max-video-preview":"max-video-preview:-1"},"canonical":"https:\/\/www.visit-ulcinj.com\/blog\/2010\/05\/13\/posjeta-ministra-za-evropske-integracije-prof-dr-gordane-\u00f0urovic-opstini-ulcinj\/","og_locale":"en_US","og_type":"article","og_title":"Posjeta Ministra za evropske integracije prof. dr Gordane \u00d0urovi? op\u0161tini Ulcinj - Lajme nga Ulqini","og_description":"Ministar za evropske integracije Prof. dr Gordana ?urovi? boravi?e u petak, 14. maja 2010. godine, u radnoj posjeti op\u0161tinama Bar i Ulcinj, u cilju","og_url":"https:\/\/www.visit-ulcinj.com\/blog\/2010\/05\/13\/posjeta-ministra-za-evropske-integracije-prof-dr-gordane-\u00f0urovic-opstini-ulcinj\/","og_site_name":"Lajme nga Ulqini","article_published_time":"2010-05-13T14:41:40+00:00","twitter_misc":{"Written by":"ulqini","Est. reading time":"1 minute"},"schema":{"@context":"https:\/\/schema.org","@graph":[{"@type":"WebSite","@id":"https:\/\/www.visit-ulcinj.com\/blog\/#website","url":"https:\/\/www.visit-ulcinj.com\/blog\/","name":"Lajme nga Ulqini","description":"Lajme,Vijesti,Ulqini,Ulqin,Crna Gora,Mali i Zi","potentialAction":[{"@type":"SearchAction","target":{"@type":"EntryPoint","urlTemplate":"https:\/\/www.visit-ulcinj.com\/blog\/?s={search_term_string}"},"query-input":"required name=search_term_string"}],"inLanguage":"en-US"},{"@type":"WebPage","@id":"https:\/\/www.visit-ulcinj.com\/blog\/2010\/05\/13\/posjeta-ministra-za-evropske-integracije-prof-dr-gordane-%c3%b0urovic-opstini-ulcinj\/#webpage","url":"https:\/\/www.visit-ulcinj.com\/blog\/2010\/05\/13\/posjeta-ministra-za-evropske-integracije-prof-dr-gordane-%c3%b0urovic-opstini-ulcinj\/","name":"Posjeta Ministra za evropske integracije prof. dr Gordane \u00d0urovi? op\u0161tini Ulcinj - Lajme nga Ulqini","isPartOf":{"@id":"https:\/\/www.visit-ulcinj.com\/blog\/#website"},"datePublished":"2010-05-13T14:41:40+00:00","dateModified":"2010-05-13T14:41:40+00:00","author":{"@id":"https:\/\/www.visit-ulcinj.com\/blog\/#\/schema\/person\/dcab619c614d3038751c63bc2aadc06d"},"description":"Ministar za evropske integracije Prof. dr Gordana ?urovi? boravi?e u petak, 14. maja 2010. godine, u radnoj posjeti op\u0161tinama Bar i Ulcinj, u cilju","breadcrumb":{"@id":"https:\/\/www.visit-ulcinj.com\/blog\/2010\/05\/13\/posjeta-ministra-za-evropske-integracije-prof-dr-gordane-%c3%b0urovic-opstini-ulcinj\/#breadcrumb"},"inLanguage":"en-US","potentialAction":[{"@type":"ReadAction","target":["https:\/\/www.visit-ulcinj.com\/blog\/2010\/05\/13\/posjeta-ministra-za-evropske-integracije-prof-dr-gordane-%c3%b0urovic-opstini-ulcinj\/"]}]},{"@type":"BreadcrumbList","@id":"https:\/\/www.visit-ulcinj.com\/blog\/2010\/05\/13\/posjeta-ministra-za-evropske-integracije-prof-dr-gordane-%c3%b0urovic-opstini-ulcinj\/#breadcrumb","itemListElement":[{"@type":"ListItem","position":1,"name":"Posjeta Ministra za evropske integracije prof. dr Gordane \u00d0urovi? op\u0161tini Ulcinj"}]},{"@type":"Person","@id":"https:\/\/www.visit-ulcinj.com\/blog\/#\/schema\/person\/dcab619c614d3038751c63bc2aadc06d","name":"ulqini","sameAs":["http:\/\/www.visit-ulcinj.com"],"url":"https:\/\/www.visit-ulcinj.com\/blog\/author\/admin\/"}]}},"jetpack_featured_media_url":"","jetpack_sharing_enabled":true,"jetpack_shortlink":"https:\/\/wp.me\/pe6lTn-8Eq","_links":{"self":[{"href":"https:\/\/www.visit-ulcinj.com\/blog\/wp-json\/wp\/v2\/posts\/33258"}],"collection":[{"href":"https:\/\/www.visit-ulcinj.com\/blog\/wp-json\/wp\/v2\/posts"}],"about":[{"href":"https:\/\/www.visit-ulcinj.com\/blog\/wp-json\/wp\/v2\/types\/post"}],"author":[{"embeddable":true,"href":"https:\/\/www.visit-ulcinj.com\/blog\/wp-json\/wp\/v2\/users\/1"}],"replies":[{"embeddable":true,"href":"https:\/\/www.visit-ulcinj.com\/blog\/wp-json\/wp\/v2\/comments?post=33258"}],"version-history":[{"count":0,"href":"https:\/\/www.visit-ulcinj.com\/blog\/wp-json\/wp\/v2\/posts\/33258\/revisions"}],"wp:attachment":[{"href":"https:\/\/www.visit-ulcinj.com\/blog\/wp-json\/wp\/v2\/media?parent=33258"}],"wp:term":[{"taxonomy":"category","embeddable":true,"href":"https:\/\/www.visit-ulcinj.com\/blog\/wp-json\/wp\/v2\/categories?post=33258"},{"taxonomy":"post_tag","embeddable":true,"href":"https:\/\/www.visit-ulcinj.com\/blog\/wp-json\/wp\/v2\/tags?post=33258"}],"curies":[{"name":"wp","href":"https:\/\/api.w.org\/{rel}","templated":true}]}}