{"id":33274,"date":"2010-05-13T19:15:15","date_gmt":"2010-05-13T17:15:15","guid":{"rendered":"http:\/\/www.visit-ulcinj.com\/blog\/?p=33274"},"modified":"2010-05-13T19:15:15","modified_gmt":"2010-05-13T17:15:15","slug":"%e2%80%9eotrant%e2%80%9c-propusta-sezonu","status":"publish","type":"post","link":"https:\/\/www.visit-ulcinj.com\/blog\/2010\/05\/13\/%e2%80%9eotrant%e2%80%9c-propusta-sezonu\/","title":{"rendered":"\u201eOtrant\u201c propu\u0161ta sezonu"},"content":{"rendered":"<p><strong><a href=\"http:\/\/www.visit-ulcinj.com\/blog\/wp-content\/uploads\/2010\/05\/hotel-otrant-ulcinj1.jpg\"><img loading=\"lazy\" class=\"alignleft size-full wp-image-33276\" title=\"hotel otrant ulcinj\" src=\"http:\/\/www.visit-ulcinj.com\/blog\/wp-content\/uploads\/2010\/05\/hotel-otrant-ulcinj1.jpg\" alt=\"hotel otrant ulcinj\" width=\"490\" height=\"367\" \/><\/a>Sindikat upozorio ministre da je rad Ulcinjskog hotela pod znakom pitanja<\/strong><br \/>\nUlcinj &#8211; Za\u0161titni znak kompanije \u201eIberostar hotels &amp; resorts\u201d i dalje krasi obnovljeno zdanje hotela \u201eOtrant\u201c na Velikoj pla\u017ei, ali iako je sezona na pragu, od \u0160panaca u Ulcinju jo\u0161 nema ni traga, ni glasa. Istovremeno, vlasnik hotela, ruska firma \u201eBarkli Montenegro\u201c, koja je \u201cIberostaru\u201d ustupila upravljanje objektom 2008, nema namjeru da ove godine otvori kapije objekta, saznaju \u201eVijesti\u201c u sindikatu presti\u017enog ulcinjskog hotela.<br \/>\nSindikalci su ju?e uputili pismo ministrima Predragu Nenezi?u i Branku Vujovi?u u kome su naveli da vlasnik ne?e da otvori hotel, iako je objekat potpuno spreman da do?eka goste.<br \/>\n\u201cPrije tri dana smo posredno od vlasnika saznali da hotel ne?e biti otvoren iako je spreman. Tra\u017eimo da stupite u kontakt sa vlasnicima i natjerate ih da otvore hotel kako bi nam bilo omogu?eno da radimo i izdr\u017eavamo svoje familije, jer ste strate\u0161kog partnera prije pet godina odabrali vi, a ne mi\u201d, poru?ili su sindikalci Nenezi?u i Vujovi?u, koji su uz tada\u0161njeg izvr\u0161nog direktora \u201eUlcinjske rivijere\u201c Miodraga Jak\u0161i?a, ?inili tendersku komisiju.<br \/>\nNa zaklju?ak da hotel ne?e biti otvoren, ka\u017eu u sindikatu, upu?uje i ?injenica da pla\u017ea nije spremna, iako je \u201eMorsko dobro\u201c obavezalo sve zakupce da to u?ine 1. maja.<br \/>\n\u201cNi trava nije poko\u0161ena, a radnici se ne zovu na pripreme iako su lani u ovo vrijeme bili u punom pogonu. I umjesto da nam podijeli tri plate koje kasne, vlasnik nam saop\u0161tava da hotel ove godine ne?e biti otvoren. Je li to strate\u0161ki partner\u201d, pitali su se ju?e u sindikatu, optu\u017euju?i \u201eBarkli Montenegro\u201c da ne po\u0161tuje odredbe kupoprodajnog ugovora.<br \/>\n\u201cPet godina je pro\u0161lo od kada je vlasnik u ugovoru obe?ao novi hotel na mjestu dotrajalih vila koje su i danas tu. Ni postoje?i hotel, iako doveden na nivo od ?etiri zvjezdice, nije ure?en kako je precizirano ugovorom\u201d, tvrde u sindikatu.<br \/>\n\u201cVijesti\u201d su jo\u0161 prije pola godine najavile mogu?nost da poznata \u0161panska kompanija planira da raskine ugovor sa Rusima zbog nepo\u0161tovanja ugovorenih obaveza, posebno dinamike rekonstrukcije objekta.<br \/>\nIz \u201eBarklija\u201c je tada saop\u0161teno da ta informacija nije validna.<br \/>\n\u201cIberostar\u201d je prije preuzeo upravljanje \u201cOtrantom\u201d shodno ugovoru na 10 godina zaklju?enom sa \u201cBarklijem\u201d 2007, u Palma de Majorci u \u0160paniji.<br \/>\nHotel \u201cOtrant beach\u201d kapije je otvorio u septembru pretpro\u0161le godine. Smje\u0161tajne kapacitete Rusi su morali da podignu na nivo ?etiri zvjezdice.<br \/>\nPredstavnici \u201cBarkli Montenegra\u201d ju?e se nijesu javljali na telefon, kao ni njihove kolege iz \u0161panske kompanije.<\/p>\n<p><strong>S.A.<br \/>\n<a href=\"http:\/\/www.vijesti.me\/\" target=\"_blank\">Vijesti<br \/>\n<\/a><\/strong><!--YouTube Error: bad URL entered--><\/p>\n","protected":false},"excerpt":{"rendered":"<p>Sindikat upozorio ministre da je rad Ulcinjskog hotela pod znakom pitanja Ulcinj &#8211; Za\u0161titni znak kompanije \u201eIberostar hotels &amp; resorts\u201d i dalje krasi obnovljeno zdanje hotela \u201eOtrant\u201c na Velikoj pla\u017ei, ali iako je sezona na pragu, od \u0160panaca u Ulcinju jo\u0161 nema ni traga, ni glasa. Istovremeno, vlasnik hotela, ruska firma \u201eBarkli Montenegro\u201c, koja je [&hellip;]<\/p>\n","protected":false},"author":1,"featured_media":0,"comment_status":"open","ping_status":"closed","sticky":false,"template":"","format":"standard","meta":{"spay_email":"","jetpack_publicize_message":"","jetpack_is_tweetstorm":false,"jetpack_publicize_feature_enabled":true},"categories":[11],"tags":[4649,14271],"jetpack_publicize_connections":[],"yoast_head":"<!-- This site is optimized with the Yoast SEO plugin v19.1 - https:\/\/yoast.com\/wordpress\/plugins\/seo\/ -->\n<title>\u201eOtrant\u201c propu\u0161ta sezonu - Lajme nga Ulqini<\/title>\n<meta name=\"description\" content=\"Sindikat upozorio ministre da je rad Ulcinjskog hotela pod znakom pitanja Ulcinj - Za\u0161titni znak kompanije \u201eIberostar hotels &amp; resorts\u201d i dalje krasi\" \/>\n<meta name=\"robots\" content=\"index, follow, max-snippet:-1, max-image-preview:large, max-video-preview:-1\" \/>\n<link rel=\"canonical\" href=\"https:\/\/www.visit-ulcinj.com\/blog\/2010\/05\/13\/\u201eotrant\u201c-propusta-sezonu\/\" \/>\n<meta property=\"og:locale\" content=\"en_US\" \/>\n<meta property=\"og:type\" content=\"article\" \/>\n<meta property=\"og:title\" content=\"\u201eOtrant\u201c propu\u0161ta sezonu - Lajme nga Ulqini\" \/>\n<meta property=\"og:description\" content=\"Sindikat upozorio ministre da je rad Ulcinjskog hotela pod znakom pitanja Ulcinj - Za\u0161titni znak kompanije \u201eIberostar hotels &amp; resorts\u201d i dalje krasi\" \/>\n<meta property=\"og:url\" content=\"https:\/\/www.visit-ulcinj.com\/blog\/2010\/05\/13\/\u201eotrant\u201c-propusta-sezonu\/\" \/>\n<meta property=\"og:site_name\" content=\"Lajme nga Ulqini\" \/>\n<meta property=\"article:published_time\" content=\"2010-05-13T17:15:15+00:00\" \/>\n<meta property=\"og:image\" content=\"http:\/\/www.visit-ulcinj.com\/blog\/wp-content\/uploads\/2010\/05\/hotel-otrant-ulcinj1.jpg\" \/>\n<meta name=\"twitter:label1\" content=\"Written by\" \/>\n\t<meta name=\"twitter:data1\" content=\"ulqini\" \/>\n\t<meta name=\"twitter:label2\" content=\"Est. reading time\" \/>\n\t<meta name=\"twitter:data2\" content=\"2 minutes\" \/>\n<script type=\"application\/ld+json\" class=\"yoast-schema-graph\">{\"@context\":\"https:\/\/schema.org\",\"@graph\":[{\"@type\":\"WebSite\",\"@id\":\"https:\/\/www.visit-ulcinj.com\/blog\/#website\",\"url\":\"https:\/\/www.visit-ulcinj.com\/blog\/\",\"name\":\"Lajme nga Ulqini\",\"description\":\"Lajme,Vijesti,Ulqini,Ulqin,Crna Gora,Mali i Zi\",\"potentialAction\":[{\"@type\":\"SearchAction\",\"target\":{\"@type\":\"EntryPoint\",\"urlTemplate\":\"https:\/\/www.visit-ulcinj.com\/blog\/?s={search_term_string}\"},\"query-input\":\"required name=search_term_string\"}],\"inLanguage\":\"en-US\"},{\"@type\":\"ImageObject\",\"inLanguage\":\"en-US\",\"@id\":\"https:\/\/www.visit-ulcinj.com\/blog\/2010\/05\/13\/%e2%80%9eotrant%e2%80%9c-propusta-sezonu\/#primaryimage\",\"url\":\"https:\/\/www.visit-ulcinj.com\/blog\/wp-content\/uploads\/2010\/05\/hotel-otrant-ulcinj1.jpg\",\"contentUrl\":\"https:\/\/www.visit-ulcinj.com\/blog\/wp-content\/uploads\/2010\/05\/hotel-otrant-ulcinj1.jpg\",\"width\":\"593\",\"height\":\"367\"},{\"@type\":\"WebPage\",\"@id\":\"https:\/\/www.visit-ulcinj.com\/blog\/2010\/05\/13\/%e2%80%9eotrant%e2%80%9c-propusta-sezonu\/#webpage\",\"url\":\"https:\/\/www.visit-ulcinj.com\/blog\/2010\/05\/13\/%e2%80%9eotrant%e2%80%9c-propusta-sezonu\/\",\"name\":\"\u201eOtrant\u201c propu\u0161ta sezonu - Lajme nga Ulqini\",\"isPartOf\":{\"@id\":\"https:\/\/www.visit-ulcinj.com\/blog\/#website\"},\"primaryImageOfPage\":{\"@id\":\"https:\/\/www.visit-ulcinj.com\/blog\/2010\/05\/13\/%e2%80%9eotrant%e2%80%9c-propusta-sezonu\/#primaryimage\"},\"datePublished\":\"2010-05-13T17:15:15+00:00\",\"dateModified\":\"2010-05-13T17:15:15+00:00\",\"author\":{\"@id\":\"https:\/\/www.visit-ulcinj.com\/blog\/#\/schema\/person\/dcab619c614d3038751c63bc2aadc06d\"},\"description\":\"Sindikat upozorio ministre da je rad Ulcinjskog hotela pod znakom pitanja Ulcinj - Za\u0161titni znak kompanije \u201eIberostar hotels &amp; resorts\u201d i dalje krasi\",\"breadcrumb\":{\"@id\":\"https:\/\/www.visit-ulcinj.com\/blog\/2010\/05\/13\/%e2%80%9eotrant%e2%80%9c-propusta-sezonu\/#breadcrumb\"},\"inLanguage\":\"en-US\",\"potentialAction\":[{\"@type\":\"ReadAction\",\"target\":[\"https:\/\/www.visit-ulcinj.com\/blog\/2010\/05\/13\/%e2%80%9eotrant%e2%80%9c-propusta-sezonu\/\"]}]},{\"@type\":\"BreadcrumbList\",\"@id\":\"https:\/\/www.visit-ulcinj.com\/blog\/2010\/05\/13\/%e2%80%9eotrant%e2%80%9c-propusta-sezonu\/#breadcrumb\",\"itemListElement\":[{\"@type\":\"ListItem\",\"position\":1,\"name\":\"\u201eOtrant\u201c propu\u0161ta sezonu\"}]},{\"@type\":\"Person\",\"@id\":\"https:\/\/www.visit-ulcinj.com\/blog\/#\/schema\/person\/dcab619c614d3038751c63bc2aadc06d\",\"name\":\"ulqini\",\"sameAs\":[\"http:\/\/www.visit-ulcinj.com\"],\"url\":\"https:\/\/www.visit-ulcinj.com\/blog\/author\/admin\/\"}]}<\/script>\n<!-- \/ Yoast SEO plugin. -->","yoast_head_json":{"title":"\u201eOtrant\u201c propu\u0161ta sezonu - Lajme nga Ulqini","description":"Sindikat upozorio ministre da je rad Ulcinjskog hotela pod znakom pitanja Ulcinj - Za\u0161titni znak kompanije \u201eIberostar hotels &amp; resorts\u201d i dalje krasi","robots":{"index":"index","follow":"follow","max-snippet":"max-snippet:-1","max-image-preview":"max-image-preview:large","max-video-preview":"max-video-preview:-1"},"canonical":"https:\/\/www.visit-ulcinj.com\/blog\/2010\/05\/13\/\u201eotrant\u201c-propusta-sezonu\/","og_locale":"en_US","og_type":"article","og_title":"\u201eOtrant\u201c propu\u0161ta sezonu - Lajme nga Ulqini","og_description":"Sindikat upozorio ministre da je rad Ulcinjskog hotela pod znakom pitanja Ulcinj - Za\u0161titni znak kompanije \u201eIberostar hotels &amp; resorts\u201d i dalje krasi","og_url":"https:\/\/www.visit-ulcinj.com\/blog\/2010\/05\/13\/\u201eotrant\u201c-propusta-sezonu\/","og_site_name":"Lajme nga Ulqini","article_published_time":"2010-05-13T17:15:15+00:00","og_image":[{"url":"http:\/\/www.visit-ulcinj.com\/blog\/wp-content\/uploads\/2010\/05\/hotel-otrant-ulcinj1.jpg"}],"twitter_misc":{"Written by":"ulqini","Est. reading time":"2 minutes"},"schema":{"@context":"https:\/\/schema.org","@graph":[{"@type":"WebSite","@id":"https:\/\/www.visit-ulcinj.com\/blog\/#website","url":"https:\/\/www.visit-ulcinj.com\/blog\/","name":"Lajme nga Ulqini","description":"Lajme,Vijesti,Ulqini,Ulqin,Crna Gora,Mali i Zi","potentialAction":[{"@type":"SearchAction","target":{"@type":"EntryPoint","urlTemplate":"https:\/\/www.visit-ulcinj.com\/blog\/?s={search_term_string}"},"query-input":"required name=search_term_string"}],"inLanguage":"en-US"},{"@type":"ImageObject","inLanguage":"en-US","@id":"https:\/\/www.visit-ulcinj.com\/blog\/2010\/05\/13\/%e2%80%9eotrant%e2%80%9c-propusta-sezonu\/#primaryimage","url":"https:\/\/www.visit-ulcinj.com\/blog\/wp-content\/uploads\/2010\/05\/hotel-otrant-ulcinj1.jpg","contentUrl":"https:\/\/www.visit-ulcinj.com\/blog\/wp-content\/uploads\/2010\/05\/hotel-otrant-ulcinj1.jpg","width":"593","height":"367"},{"@type":"WebPage","@id":"https:\/\/www.visit-ulcinj.com\/blog\/2010\/05\/13\/%e2%80%9eotrant%e2%80%9c-propusta-sezonu\/#webpage","url":"https:\/\/www.visit-ulcinj.com\/blog\/2010\/05\/13\/%e2%80%9eotrant%e2%80%9c-propusta-sezonu\/","name":"\u201eOtrant\u201c propu\u0161ta sezonu - Lajme nga Ulqini","isPartOf":{"@id":"https:\/\/www.visit-ulcinj.com\/blog\/#website"},"primaryImageOfPage":{"@id":"https:\/\/www.visit-ulcinj.com\/blog\/2010\/05\/13\/%e2%80%9eotrant%e2%80%9c-propusta-sezonu\/#primaryimage"},"datePublished":"2010-05-13T17:15:15+00:00","dateModified":"2010-05-13T17:15:15+00:00","author":{"@id":"https:\/\/www.visit-ulcinj.com\/blog\/#\/schema\/person\/dcab619c614d3038751c63bc2aadc06d"},"description":"Sindikat upozorio ministre da je rad Ulcinjskog hotela pod znakom pitanja Ulcinj - Za\u0161titni znak kompanije \u201eIberostar hotels &amp; resorts\u201d i dalje krasi","breadcrumb":{"@id":"https:\/\/www.visit-ulcinj.com\/blog\/2010\/05\/13\/%e2%80%9eotrant%e2%80%9c-propusta-sezonu\/#breadcrumb"},"inLanguage":"en-US","potentialAction":[{"@type":"ReadAction","target":["https:\/\/www.visit-ulcinj.com\/blog\/2010\/05\/13\/%e2%80%9eotrant%e2%80%9c-propusta-sezonu\/"]}]},{"@type":"BreadcrumbList","@id":"https:\/\/www.visit-ulcinj.com\/blog\/2010\/05\/13\/%e2%80%9eotrant%e2%80%9c-propusta-sezonu\/#breadcrumb","itemListElement":[{"@type":"ListItem","position":1,"name":"\u201eOtrant\u201c propu\u0161ta sezonu"}]},{"@type":"Person","@id":"https:\/\/www.visit-ulcinj.com\/blog\/#\/schema\/person\/dcab619c614d3038751c63bc2aadc06d","name":"ulqini","sameAs":["http:\/\/www.visit-ulcinj.com"],"url":"https:\/\/www.visit-ulcinj.com\/blog\/author\/admin\/"}]}},"jetpack_featured_media_url":"","jetpack_sharing_enabled":true,"jetpack_shortlink":"https:\/\/wp.me\/pe6lTn-8EG","_links":{"self":[{"href":"https:\/\/www.visit-ulcinj.com\/blog\/wp-json\/wp\/v2\/posts\/33274"}],"collection":[{"href":"https:\/\/www.visit-ulcinj.com\/blog\/wp-json\/wp\/v2\/posts"}],"about":[{"href":"https:\/\/www.visit-ulcinj.com\/blog\/wp-json\/wp\/v2\/types\/post"}],"author":[{"embeddable":true,"href":"https:\/\/www.visit-ulcinj.com\/blog\/wp-json\/wp\/v2\/users\/1"}],"replies":[{"embeddable":true,"href":"https:\/\/www.visit-ulcinj.com\/blog\/wp-json\/wp\/v2\/comments?post=33274"}],"version-history":[{"count":0,"href":"https:\/\/www.visit-ulcinj.com\/blog\/wp-json\/wp\/v2\/posts\/33274\/revisions"}],"wp:attachment":[{"href":"https:\/\/www.visit-ulcinj.com\/blog\/wp-json\/wp\/v2\/media?parent=33274"}],"wp:term":[{"taxonomy":"category","embeddable":true,"href":"https:\/\/www.visit-ulcinj.com\/blog\/wp-json\/wp\/v2\/categories?post=33274"},{"taxonomy":"post_tag","embeddable":true,"href":"https:\/\/www.visit-ulcinj.com\/blog\/wp-json\/wp\/v2\/tags?post=33274"}],"curies":[{"name":"wp","href":"https:\/\/api.w.org\/{rel}","templated":true}]}}