{"id":33279,"date":"2010-05-13T20:15:41","date_gmt":"2010-05-13T18:15:41","guid":{"rendered":"http:\/\/www.visit-ulcinj.com\/blog\/?p=33279"},"modified":"2010-05-13T20:17:58","modified_gmt":"2010-05-13T18:17:58","slug":"altuna-sejdiu-%e2%80%9cdua-t%e2%80%99i-dhuroj-shtate-djem-rilindit","status":"publish","type":"post","link":"https:\/\/www.visit-ulcinj.com\/blog\/2010\/05\/13\/altuna-sejdiu-%e2%80%9cdua-t%e2%80%99i-dhuroj-shtate-djem-rilindit\/","title":{"rendered":"Altuna Sejdiu: \u201cDua t\u2019i dhuroj shtat\u00eb djem Rilindit&#8230;"},"content":{"rendered":"<p><a href=\"http:\/\/www.visit-ulcinj.com\/blog\/wp-content\/uploads\/2010\/05\/Altuna-Sejdiu-_Rilindi.jpg\"><img loading=\"lazy\" class=\"alignleft size-full wp-image-33280\" title=\"Altuna Sejdiu _Rilindi\" src=\"http:\/\/www.visit-ulcinj.com\/blog\/wp-content\/uploads\/2010\/05\/Altuna-Sejdiu-_Rilindi.jpg\" alt=\"Altuna Sejdiu _Rilindi\" width=\"350\" height=\"525\" \/><\/a>Takimi me t\u00eb \u00ebsht\u00eb gjithmon\u00eb interesant, madje edhe k\u00ebt\u00eb her\u00eb q\u00eb u realizua n\u00eb bot\u00ebn virtuale. Ajo nuk t\u00eb shkakton ng\u00ebr\u00e7e n\u00eb komunikim madje mund t\u00eb them me plot bindje se shkruan rrjedhsh\u00ebm dhe shum\u00eb qart\u00eb n\u00eb gjuh\u00ebn shqipe\u2026 Ndoshta ky fakt lidhet edhe me diplomimin e saj n\u00eb Fakultetin e Gazetaris\u00eb. N\u00eb k\u00ebt\u00eb rr\u00ebfim ekskluziv t\u00eb b\u00ebr\u00eb sot p\u00ebr suplementin \u201cBluetooth\u201d t\u00eb Gazeta Shqiptare, k\u00ebng\u00ebtarja e sapo celebruar, Altuna Sejdiu tregon p\u00ebr ne, prapaskenat e nj\u00eb dasme t\u00eb magjishme, m\u00ebrzitjen q\u00eb i kan\u00eb shkaktuar gazetar\u00ebt si edhe mbi muajin e majltit q\u00eb e pret s\u00eb shpejti\u2026<br \/>\nRrug\u00ebtimin n\u00eb k\u00ebt\u00eb pjes\u00eb t\u00eb tejmbushur me ndjesi n\u00eb jet\u00ebn e Tun\u00ebs, e nis\u00ebm me dasm\u00ebn e saj, nga e cila ajo ka p\u00ebjetuar emocione t\u00eb pap\u00ebrshkrueshme. \u00c7do sekond i asaj dite p\u00ebrb\u00ebnte nj\u00eb p\u00ebrrall\u00eb me vete p\u00ebr t\u00eb, dhe Tuna \u00ebsht\u00eb e gatshme q\u00eb t\u00eb jap\u00eb gjith\u00e7ka vet\u00ebm e vet\u00ebm, q\u00eb ato emocione t\u2019i p\u00ebrjetoj\u00eb t\u00eb pakt\u00ebn nj\u00eb her\u00eb n\u00eb \u00e7do vit. Dasma \u00ebsht\u00eb nj\u00eb event i rrall\u00eb n\u00eb jet\u00ebn e gjithsecilit, nj\u00eb nga ato dit\u00ebt q\u00eb zor se mund t\u00eb harrohen n\u00eb jet\u00eb\u2026 Koha kalon si me magji, dhe forca e k\u00ebsaj magjie t\u00eb mbetet gjat\u00eb n\u00eb zem\u00ebr, n\u00eb mendje, e n\u00eb trup\u2026 K\u00ebshtu si me magji ka kaluar koha edhe p\u00ebr Tun\u00ebn, aq sa ajo madje mendon se nuk e ka shijuar si\u00e7 duhet \u00e7do moment t\u00eb asaj dite, pasi edhe hap\u00ebsira n\u00eb dispozicion nuk ishte e mjaftueshme, duke qen\u00eb se e t\u00ebr\u00eb dita, ju kushtua ceremonive t\u00eb zakonshme. Por, ngjyrimet emocionale kan\u00eb qen\u00eb shum\u00eb t\u00eb larmishme at\u00eb dit\u00eb p\u00ebr k\u00ebng\u00ebtaren\u2026 T\u00eb q\u00ebnurit vajz\u00eb e vuri at\u00eb p\u00ebrball\u00eb nj\u00eb tjet\u00ebr emocioni bombastik, si\u00e7 \u00ebsht\u00eb ndarja nga prind\u00ebrit q\u00eb ashtu si na pohon edhe vet\u00eb Tuna, ky ishte nj\u00eb nd\u00ebr momentet n\u00eb t\u00eb cilat zemra i ka rrahur m\u00eb fort!<br \/>\nLajmi p\u00ebr martes\u00ebn e k\u00ebng\u00ebtares u shoq\u00ebrua me shum\u00eb thashetheme n\u00eb rrjetin e mediumeve roz\u00eb, majde disa prej tyre krijuan edhe nj\u00eb alibi, e cila lidhej m\u00eb nj\u00eb shtat\u00ebzani t\u00eb mundshme t\u00eb Tun\u00ebs\u2026 Disa prej tyre shkuan edhe m\u00eb larg duke e lidhur arsyen e k\u00ebsaj martese pik\u00ebrisht me pritjen e nj\u00eb f\u00ebmije. Por Tuna, me sensin e humorit q\u00eb e ka shoq\u00ebruar gjithnj\u00eb duke mohuar kategorikisht k\u00ebto thashetheme na tregon se n\u00ebse do t\u00eb kishin qen\u00eb t\u00eb v\u00ebrteta, ajo duhej t\u00eb kishte lindur kushedi se sa her\u00eb deri tani\u2026 P\u00ebr t\u00eb k\u00ebto jan\u00eb thjesht shpifje dhe nuk d\u00ebshiron t\u00eb b\u00ebj\u00eb as edhe nj\u00eb koment m\u00eb shum\u00eb n\u00eb lidhje me to, duke shtuar nga ana tjet\u00ebr se martesa e saj ishte nj\u00eb vendim i p\u00ebrbashk\u00ebt dhe i menduar mir\u00eb madje. Megjithat\u00eb kur e pyet\u00ebm n\u00eb lidhje me numrin e f\u00ebmij\u00ebve q\u00eb do t\u00eb d\u00ebshironte t\u00eb kishte, Altuna s\u00ebrish n\u00ebn shoq\u00ebrin\u00eb e humorit na p\u00ebrgjigjet: \u201cDo t\u2019i b\u00ebj 7 djem Rilindit\u2026\u201d, nj\u00eb deklarat\u00eb kjo, shum\u00eb interesante dhe suprizuese.<br \/>\n\u00c7ifti simpatik i sapo martuar, q\u00eb aktualisht banon n\u00eb kryeqytetin kosovar, Prishtin\u00ebn, ende nuk e ka kryer muajin e mjaltit. Tuna na thot\u00eb se at\u00eb e kan\u00eb planifikuar p\u00ebr nj\u00eb koh\u00eb t\u00eb dyt\u00eb, duke qen\u00eb se tani t\u00eb dy, si ajo ashtu edhe Rilindi i jan\u00eb p\u00ebrkushtuar intensivisht karrier\u00ebs\u2026 K\u00ebng\u00ebtarja tregon se aktualisht \u00ebsht\u00eb duke punuar p\u00ebr albumin e saj t\u00eb ri, p\u00ebrgatitja e t\u00eb cilit \u00ebsht\u00eb duke i falur gjithashtu shum\u00eb emocione, pasi \u00ebsht\u00eb duke treguar nj\u00eb kujdes t\u00eb ve\u00e7ant\u00eb p\u00ebr secilin detaj.<br \/>\nDasma madh\u00ebshtore, q\u00eb duhej t\u00eb kishte qen\u00eb ngjarja m\u00eb e bukur n\u00eb jet\u00ebn e saj, i shkaktoi jo pak m\u00ebrzitje k\u00ebng\u00ebtares s\u00eb njohur maqedonase, Altuna Sejdi. N\u00eb fakt, nuk ishte ceremonia ajo q\u00eb e m\u00ebrziti Tun\u00ebn, pasi organizimi i saj isht\u00eb n\u00eb kufijt\u00eb e t\u00eb p\u00ebrsosur\u00ebs\u2026. Ato q\u00eb e ka m\u00ebrzitur jo pak k\u00ebng\u00ebtaren, jan\u00eb titujt abuziv n\u00ebp\u00ebr gazetat a revistat roz\u00eb. Nd\u00ebrsa komunikoj me t\u00eb, kuptoj se shum\u00eb prej revistave e gazetave n\u00eb Kosov\u00eb, dhe jo vet\u00ebm, e kan\u00eb p\u00ebrdorur Tun\u00ebn, duke e vendosur n\u00eb kopertin\u00eb (p\u00ebr t\u00eb rritur shitjet sigurisht), edhe at\u00ebher\u00eb kur ajo nuk ka dh\u00ebn\u00eb asnj\u00eb intervist\u00eb apo qoft\u00eb dhe nj\u00eb prononcim t\u00eb shkurt\u00ebr p\u00ebr ta. I till\u00eb \u00ebsht\u00eb edhe rasti i revist\u00ebs \u201cKosovarja\u201d, n\u00eb kopertin\u00ebn e s\u00eb cil\u00ebs \u00ebsht\u00eb v\u00ebn\u00eb nj\u00eb foto e Tun\u00ebs me Rilindin, pavar\u00ebsisht se as ajo dhe as bashk\u00ebshorti nuk kishin dh\u00ebn\u00eb as m\u00eb t\u00eb voglin prononcim p\u00ebr ta. Tuna thot\u00eb se ka nd\u00ebrmend t\u00eb nis\u00eb nj\u00eb proces gjyq\u00ebsor kundrejt tyre, n\u00eb m\u00ebnyr\u00eb q\u00eb k\u00ebng\u00ebtaret e tjera q\u00eb do t\u00eb celebrojn\u00eb dashurin\u00eb pas saj, t\u00eb mos hasen me po t\u00eb nj\u00ebjtin problem. P\u00ebrmes k\u00ebtij rr\u00ebfimi Tuna d\u00ebshiron t\u00eb b\u00ebj\u00eb t\u00eb qart\u00eb se nuk ka nevoj\u00eb t\u00eb jet\u00eb n\u00eb kopertin\u00ebn e nj\u00eb reviste, n\u00eb t\u00eb cil\u00ebn shkruhet p\u00ebr t\u00eb, por nd\u00ebrkoh\u00eb asjo nuk \u00ebsht\u00eb v\u00ebn\u00eb fare n\u00eb dijeni. Fundja Tuna, nuk b\u00ebn pjes\u00eb n\u00eb grupin e atyre k\u00ebng\u00ebtareve q\u00eb jan\u00eb t\u00eb \u201cetura\u201d, p\u00ebr t\u00eb qen\u00eb n\u00eb kopertin\u00eb\u2026 Nga bashk\u00ebbisedimi q\u00eb b\u00ebra me t\u00eb dukej qart\u00eb n\u00eb fakt se v\u00ebmendja bombastike e mediave roz\u00eb ndaj k\u00ebsaj ceremonie i ka l\u00ebn\u00eb nj\u00eb shije t\u00eb keqe k\u00ebng\u00ebtares, aq sa ajo nuk ka m\u00eb as d\u00ebshir\u00eb t\u00eb flas p\u00ebr t\u00eb, dhe me t\u00eb drejt\u00eb. Ajo edhe mund ta kishte mbajtur sekret, n\u00eb fund t\u00eb fundit edhe mund t\u00eb mos e b\u00ebnte ASPAK publike dasm\u00ebn e saj\u2026 por e b\u00ebri p\u00ebr hir t\u00eb fansave t\u00eb saj dhe p\u00ebr respekt t\u00eb mediumeve. Sipas saj nuk ka aspak kuptim, q\u00eb pas gjith\u00eb k\u00ebtij sinqeriteti, k\u00ebtij p\u00ebrkushtimi (dhe n\u00eb koh\u00eb sepse k\u00ebto intervista k\u00ebrkojn\u00eb jo pak koh\u00eb p\u00ebr t\u2019u realizuar), t\u00eb lexoj\u00eb n\u00eb fund shkrime si: \u201cKoleg\u00ebt e mi nuk m\u00eb kan\u00eb ardhur n\u00eb dasm\u00eb\u201d\u2026 Tuna d\u00ebshiron t\u00eb sqaroj\u00eb sot, se dasm\u00ebn e saj nuk e b\u00ebri p\u00ebr koleg\u00ebt, por p\u00ebr miqt\u00eb e saj, dhe ato \u201ckoleg\u00eb\u201d q\u00eb shkuan ishin edhe miq t\u00eb saj shum\u00eb t\u00eb mir\u00eb edhe jasht\u00eb sken\u00ebs\u2026mund t\u00eb jen\u00eb t\u00eb pakt\u00eb, po me ta k\u00ebng\u00ebtarja ka nj\u00eb raport tjet\u00ebr\u2026<\/p>\n<p><strong>Revista Bluetooth<br \/>\n<\/strong><br \/>\n<!--YouTube Error: bad URL entered--><\/p>\n","protected":false},"excerpt":{"rendered":"<p>Takimi me t\u00eb \u00ebsht\u00eb gjithmon\u00eb interesant, madje edhe k\u00ebt\u00eb her\u00eb q\u00eb u realizua n\u00eb bot\u00ebn virtuale. Ajo nuk t\u00eb shkakton ng\u00ebr\u00e7e n\u00eb komunikim madje mund t\u00eb them me plot bindje se shkruan rrjedhsh\u00ebm dhe shum\u00eb qart\u00eb n\u00eb gjuh\u00ebn shqipe\u2026 Ndoshta ky fakt lidhet edhe me diplomimin e saj n\u00eb Fakultetin e Gazetaris\u00eb. N\u00eb k\u00ebt\u00eb rr\u00ebfim [&hellip;]<\/p>\n","protected":false},"author":1,"featured_media":0,"comment_status":"open","ping_status":"closed","sticky":false,"template":"","format":"standard","meta":{"spay_email":"","jetpack_publicize_message":"","jetpack_is_tweetstorm":false,"jetpack_publicize_feature_enabled":true},"categories":[1],"tags":[4972],"jetpack_publicize_connections":[],"yoast_head":"<!-- This site is optimized with the Yoast SEO plugin v19.1 - https:\/\/yoast.com\/wordpress\/plugins\/seo\/ -->\n<title>Altuna Sejdiu: \u201cDua t\u2019i dhuroj shtat\u00eb djem Rilindit... - Lajme nga Ulqini<\/title>\n<meta name=\"description\" content=\"Takimi me t\u00eb \u00ebsht\u00eb gjithmon\u00eb interesant, madje edhe k\u00ebt\u00eb her\u00eb q\u00eb u realizua n\u00eb bot\u00ebn virtuale. Ajo nuk t\u00eb shkakton ng\u00ebr\u00e7e n\u00eb komunikim madje mund t\u00eb them\" \/>\n<meta name=\"robots\" content=\"index, follow, max-snippet:-1, max-image-preview:large, max-video-preview:-1\" \/>\n<link rel=\"canonical\" href=\"https:\/\/www.visit-ulcinj.com\/blog\/2010\/05\/13\/altuna-sejdiu-\u201cdua-t\u2019i-dhuroj-shtate-djem-rilindit\/\" \/>\n<meta property=\"og:locale\" content=\"en_US\" \/>\n<meta property=\"og:type\" content=\"article\" \/>\n<meta property=\"og:title\" content=\"Altuna Sejdiu: \u201cDua t\u2019i dhuroj shtat\u00eb djem Rilindit... - Lajme nga Ulqini\" \/>\n<meta property=\"og:description\" content=\"Takimi me t\u00eb \u00ebsht\u00eb gjithmon\u00eb interesant, madje edhe k\u00ebt\u00eb her\u00eb q\u00eb u realizua n\u00eb bot\u00ebn virtuale. Ajo nuk t\u00eb shkakton ng\u00ebr\u00e7e n\u00eb komunikim madje mund t\u00eb them\" \/>\n<meta property=\"og:url\" content=\"https:\/\/www.visit-ulcinj.com\/blog\/2010\/05\/13\/altuna-sejdiu-\u201cdua-t\u2019i-dhuroj-shtate-djem-rilindit\/\" \/>\n<meta property=\"og:site_name\" content=\"Lajme nga Ulqini\" \/>\n<meta property=\"article:published_time\" content=\"2010-05-13T18:15:41+00:00\" \/>\n<meta property=\"article:modified_time\" content=\"2010-05-13T18:17:58+00:00\" \/>\n<meta property=\"og:image\" content=\"http:\/\/www.visit-ulcinj.com\/blog\/wp-content\/uploads\/2010\/05\/Altuna-Sejdiu-_Rilindi.jpg\" \/>\n<meta name=\"twitter:label1\" content=\"Written by\" \/>\n\t<meta name=\"twitter:data1\" content=\"ulqini\" \/>\n\t<meta name=\"twitter:label2\" content=\"Est. reading time\" \/>\n\t<meta name=\"twitter:data2\" content=\"6 minutes\" \/>\n<script type=\"application\/ld+json\" class=\"yoast-schema-graph\">{\"@context\":\"https:\/\/schema.org\",\"@graph\":[{\"@type\":\"WebSite\",\"@id\":\"https:\/\/www.visit-ulcinj.com\/blog\/#website\",\"url\":\"https:\/\/www.visit-ulcinj.com\/blog\/\",\"name\":\"Lajme nga Ulqini\",\"description\":\"Lajme,Vijesti,Ulqini,Ulqin,Crna Gora,Mali i Zi\",\"potentialAction\":[{\"@type\":\"SearchAction\",\"target\":{\"@type\":\"EntryPoint\",\"urlTemplate\":\"https:\/\/www.visit-ulcinj.com\/blog\/?s={search_term_string}\"},\"query-input\":\"required name=search_term_string\"}],\"inLanguage\":\"en-US\"},{\"@type\":\"ImageObject\",\"inLanguage\":\"en-US\",\"@id\":\"https:\/\/www.visit-ulcinj.com\/blog\/2010\/05\/13\/altuna-sejdiu-%e2%80%9cdua-t%e2%80%99i-dhuroj-shtate-djem-rilindit\/#primaryimage\",\"url\":\"http:\/\/www.visit-ulcinj.com\/blog\/wp-content\/uploads\/2010\/05\/Altuna-Sejdiu-_Rilindi.jpg\",\"contentUrl\":\"http:\/\/www.visit-ulcinj.com\/blog\/wp-content\/uploads\/2010\/05\/Altuna-Sejdiu-_Rilindi.jpg\"},{\"@type\":\"WebPage\",\"@id\":\"https:\/\/www.visit-ulcinj.com\/blog\/2010\/05\/13\/altuna-sejdiu-%e2%80%9cdua-t%e2%80%99i-dhuroj-shtate-djem-rilindit\/#webpage\",\"url\":\"https:\/\/www.visit-ulcinj.com\/blog\/2010\/05\/13\/altuna-sejdiu-%e2%80%9cdua-t%e2%80%99i-dhuroj-shtate-djem-rilindit\/\",\"name\":\"Altuna Sejdiu: \u201cDua t\u2019i dhuroj shtat\u00eb djem Rilindit... - Lajme nga Ulqini\",\"isPartOf\":{\"@id\":\"https:\/\/www.visit-ulcinj.com\/blog\/#website\"},\"primaryImageOfPage\":{\"@id\":\"https:\/\/www.visit-ulcinj.com\/blog\/2010\/05\/13\/altuna-sejdiu-%e2%80%9cdua-t%e2%80%99i-dhuroj-shtate-djem-rilindit\/#primaryimage\"},\"datePublished\":\"2010-05-13T18:15:41+00:00\",\"dateModified\":\"2010-05-13T18:17:58+00:00\",\"author\":{\"@id\":\"https:\/\/www.visit-ulcinj.com\/blog\/#\/schema\/person\/dcab619c614d3038751c63bc2aadc06d\"},\"description\":\"Takimi me t\u00eb \u00ebsht\u00eb gjithmon\u00eb interesant, madje edhe k\u00ebt\u00eb her\u00eb q\u00eb u realizua n\u00eb bot\u00ebn virtuale. Ajo nuk t\u00eb shkakton ng\u00ebr\u00e7e n\u00eb komunikim madje mund t\u00eb them\",\"breadcrumb\":{\"@id\":\"https:\/\/www.visit-ulcinj.com\/blog\/2010\/05\/13\/altuna-sejdiu-%e2%80%9cdua-t%e2%80%99i-dhuroj-shtate-djem-rilindit\/#breadcrumb\"},\"inLanguage\":\"en-US\",\"potentialAction\":[{\"@type\":\"ReadAction\",\"target\":[\"https:\/\/www.visit-ulcinj.com\/blog\/2010\/05\/13\/altuna-sejdiu-%e2%80%9cdua-t%e2%80%99i-dhuroj-shtate-djem-rilindit\/\"]}]},{\"@type\":\"BreadcrumbList\",\"@id\":\"https:\/\/www.visit-ulcinj.com\/blog\/2010\/05\/13\/altuna-sejdiu-%e2%80%9cdua-t%e2%80%99i-dhuroj-shtate-djem-rilindit\/#breadcrumb\",\"itemListElement\":[{\"@type\":\"ListItem\",\"position\":1,\"name\":\"Altuna Sejdiu: \u201cDua t\u2019i dhuroj shtat\u00eb djem Rilindit&#8230;\"}]},{\"@type\":\"Person\",\"@id\":\"https:\/\/www.visit-ulcinj.com\/blog\/#\/schema\/person\/dcab619c614d3038751c63bc2aadc06d\",\"name\":\"ulqini\",\"sameAs\":[\"http:\/\/www.visit-ulcinj.com\"],\"url\":\"https:\/\/www.visit-ulcinj.com\/blog\/author\/admin\/\"}]}<\/script>\n<!-- \/ Yoast SEO plugin. -->","yoast_head_json":{"title":"Altuna Sejdiu: \u201cDua t\u2019i dhuroj shtat\u00eb djem Rilindit... - Lajme nga Ulqini","description":"Takimi me t\u00eb \u00ebsht\u00eb gjithmon\u00eb interesant, madje edhe k\u00ebt\u00eb her\u00eb q\u00eb u realizua n\u00eb bot\u00ebn virtuale. Ajo nuk t\u00eb shkakton ng\u00ebr\u00e7e n\u00eb komunikim madje mund t\u00eb them","robots":{"index":"index","follow":"follow","max-snippet":"max-snippet:-1","max-image-preview":"max-image-preview:large","max-video-preview":"max-video-preview:-1"},"canonical":"https:\/\/www.visit-ulcinj.com\/blog\/2010\/05\/13\/altuna-sejdiu-\u201cdua-t\u2019i-dhuroj-shtate-djem-rilindit\/","og_locale":"en_US","og_type":"article","og_title":"Altuna Sejdiu: \u201cDua t\u2019i dhuroj shtat\u00eb djem Rilindit... - Lajme nga Ulqini","og_description":"Takimi me t\u00eb \u00ebsht\u00eb gjithmon\u00eb interesant, madje edhe k\u00ebt\u00eb her\u00eb q\u00eb u realizua n\u00eb bot\u00ebn virtuale. Ajo nuk t\u00eb shkakton ng\u00ebr\u00e7e n\u00eb komunikim madje mund t\u00eb them","og_url":"https:\/\/www.visit-ulcinj.com\/blog\/2010\/05\/13\/altuna-sejdiu-\u201cdua-t\u2019i-dhuroj-shtate-djem-rilindit\/","og_site_name":"Lajme nga Ulqini","article_published_time":"2010-05-13T18:15:41+00:00","article_modified_time":"2010-05-13T18:17:58+00:00","og_image":[{"url":"http:\/\/www.visit-ulcinj.com\/blog\/wp-content\/uploads\/2010\/05\/Altuna-Sejdiu-_Rilindi.jpg"}],"twitter_misc":{"Written by":"ulqini","Est. reading time":"6 minutes"},"schema":{"@context":"https:\/\/schema.org","@graph":[{"@type":"WebSite","@id":"https:\/\/www.visit-ulcinj.com\/blog\/#website","url":"https:\/\/www.visit-ulcinj.com\/blog\/","name":"Lajme nga Ulqini","description":"Lajme,Vijesti,Ulqini,Ulqin,Crna Gora,Mali i Zi","potentialAction":[{"@type":"SearchAction","target":{"@type":"EntryPoint","urlTemplate":"https:\/\/www.visit-ulcinj.com\/blog\/?s={search_term_string}"},"query-input":"required name=search_term_string"}],"inLanguage":"en-US"},{"@type":"ImageObject","inLanguage":"en-US","@id":"https:\/\/www.visit-ulcinj.com\/blog\/2010\/05\/13\/altuna-sejdiu-%e2%80%9cdua-t%e2%80%99i-dhuroj-shtate-djem-rilindit\/#primaryimage","url":"http:\/\/www.visit-ulcinj.com\/blog\/wp-content\/uploads\/2010\/05\/Altuna-Sejdiu-_Rilindi.jpg","contentUrl":"http:\/\/www.visit-ulcinj.com\/blog\/wp-content\/uploads\/2010\/05\/Altuna-Sejdiu-_Rilindi.jpg"},{"@type":"WebPage","@id":"https:\/\/www.visit-ulcinj.com\/blog\/2010\/05\/13\/altuna-sejdiu-%e2%80%9cdua-t%e2%80%99i-dhuroj-shtate-djem-rilindit\/#webpage","url":"https:\/\/www.visit-ulcinj.com\/blog\/2010\/05\/13\/altuna-sejdiu-%e2%80%9cdua-t%e2%80%99i-dhuroj-shtate-djem-rilindit\/","name":"Altuna Sejdiu: \u201cDua t\u2019i dhuroj shtat\u00eb djem Rilindit... - Lajme nga Ulqini","isPartOf":{"@id":"https:\/\/www.visit-ulcinj.com\/blog\/#website"},"primaryImageOfPage":{"@id":"https:\/\/www.visit-ulcinj.com\/blog\/2010\/05\/13\/altuna-sejdiu-%e2%80%9cdua-t%e2%80%99i-dhuroj-shtate-djem-rilindit\/#primaryimage"},"datePublished":"2010-05-13T18:15:41+00:00","dateModified":"2010-05-13T18:17:58+00:00","author":{"@id":"https:\/\/www.visit-ulcinj.com\/blog\/#\/schema\/person\/dcab619c614d3038751c63bc2aadc06d"},"description":"Takimi me t\u00eb \u00ebsht\u00eb gjithmon\u00eb interesant, madje edhe k\u00ebt\u00eb her\u00eb q\u00eb u realizua n\u00eb bot\u00ebn virtuale. Ajo nuk t\u00eb shkakton ng\u00ebr\u00e7e n\u00eb komunikim madje mund t\u00eb them","breadcrumb":{"@id":"https:\/\/www.visit-ulcinj.com\/blog\/2010\/05\/13\/altuna-sejdiu-%e2%80%9cdua-t%e2%80%99i-dhuroj-shtate-djem-rilindit\/#breadcrumb"},"inLanguage":"en-US","potentialAction":[{"@type":"ReadAction","target":["https:\/\/www.visit-ulcinj.com\/blog\/2010\/05\/13\/altuna-sejdiu-%e2%80%9cdua-t%e2%80%99i-dhuroj-shtate-djem-rilindit\/"]}]},{"@type":"BreadcrumbList","@id":"https:\/\/www.visit-ulcinj.com\/blog\/2010\/05\/13\/altuna-sejdiu-%e2%80%9cdua-t%e2%80%99i-dhuroj-shtate-djem-rilindit\/#breadcrumb","itemListElement":[{"@type":"ListItem","position":1,"name":"Altuna Sejdiu: \u201cDua t\u2019i dhuroj shtat\u00eb djem Rilindit&#8230;"}]},{"@type":"Person","@id":"https:\/\/www.visit-ulcinj.com\/blog\/#\/schema\/person\/dcab619c614d3038751c63bc2aadc06d","name":"ulqini","sameAs":["http:\/\/www.visit-ulcinj.com"],"url":"https:\/\/www.visit-ulcinj.com\/blog\/author\/admin\/"}]}},"jetpack_featured_media_url":"","jetpack_sharing_enabled":true,"jetpack_shortlink":"https:\/\/wp.me\/pe6lTn-8EL","_links":{"self":[{"href":"https:\/\/www.visit-ulcinj.com\/blog\/wp-json\/wp\/v2\/posts\/33279"}],"collection":[{"href":"https:\/\/www.visit-ulcinj.com\/blog\/wp-json\/wp\/v2\/posts"}],"about":[{"href":"https:\/\/www.visit-ulcinj.com\/blog\/wp-json\/wp\/v2\/types\/post"}],"author":[{"embeddable":true,"href":"https:\/\/www.visit-ulcinj.com\/blog\/wp-json\/wp\/v2\/users\/1"}],"replies":[{"embeddable":true,"href":"https:\/\/www.visit-ulcinj.com\/blog\/wp-json\/wp\/v2\/comments?post=33279"}],"version-history":[{"count":0,"href":"https:\/\/www.visit-ulcinj.com\/blog\/wp-json\/wp\/v2\/posts\/33279\/revisions"}],"wp:attachment":[{"href":"https:\/\/www.visit-ulcinj.com\/blog\/wp-json\/wp\/v2\/media?parent=33279"}],"wp:term":[{"taxonomy":"category","embeddable":true,"href":"https:\/\/www.visit-ulcinj.com\/blog\/wp-json\/wp\/v2\/categories?post=33279"},{"taxonomy":"post_tag","embeddable":true,"href":"https:\/\/www.visit-ulcinj.com\/blog\/wp-json\/wp\/v2\/tags?post=33279"}],"curies":[{"name":"wp","href":"https:\/\/api.w.org\/{rel}","templated":true}]}}