{"id":33288,"date":"2010-05-14T17:20:39","date_gmt":"2010-05-14T15:20:39","guid":{"rendered":"http:\/\/www.visit-ulcinj.com\/blog\/?p=33288"},"modified":"2010-05-14T17:20:39","modified_gmt":"2010-05-14T15:20:39","slug":"banoret-e-shtojit-ndihen-te-diskriminuar-nuk-u-kthehen-pronat","status":"publish","type":"post","link":"https:\/\/www.visit-ulcinj.com\/blog\/2010\/05\/14\/banoret-e-shtojit-ndihen-te-diskriminuar-nuk-u-kthehen-pronat\/","title":{"rendered":"Banor\u00ebt e Shtojit ndihen t\u00eb diskriminuar, nuk u kthehen pronat"},"content":{"rendered":"<p><a href=\"http:\/\/www.visit-ulcinj.com\/blog\/wp-content\/uploads\/2010\/05\/Banor\u00ebt-e-Shtojit-ndihen-t\u00eb-diskriminuar-nuk-u-kthehen-pronat_ulqini.jpg\"><img loading=\"lazy\" class=\"alignleft size-full wp-image-33289\" title=\"Banor\u00ebt e Shtojit  ndihen t\u00eb diskriminuar, nuk u kthehen pronat_ulqini\" src=\"http:\/\/www.visit-ulcinj.com\/blog\/wp-content\/uploads\/2010\/05\/Banor\u00ebt-e-Shtojit-ndihen-t\u00eb-diskriminuar-nuk-u-kthehen-pronat_ulqini.jpg\" alt=\"Banor\u00ebt e Shtojit  ndihen t\u00eb diskriminuar, nuk u kthehen pronat_ulqini\" width=\"490\" height=\"380\" \/><\/a>Ulqin, 14 maj &#8211; Lokaliteti i Shtojit, komuna e Ulqinit konsiderohet \u201coaza\u201d m\u00eb e njohur turistike n\u00eb mbar\u00eb bregdetin e Adriatikut me rreth 25 mij\u00eb shtret\u00ebr n\u00eb t\u00eb gjitha format e vendosjes, shkruan sot KosovaLive. K\u00ebtu vler\u00ebsohet se ndodhen mbi 4 mij\u00eb vila, hotele, kampsht\u00ebpiza nga Mali i Zi, Kosova,Bosnj\u00eb e Hercegovina, Serbia, Maqedonia, t\u00eb nd\u00ebrtuara n\u00eb m\u00ebnyr\u00eb t\u00eb jasht\u00ebligjshme.<br \/>\nBanor\u00ebt e k\u00ebsaj zone ankohen se shteti nuk u ka kthyer pronat e nacionalizuara me ligjet revolucionare t\u00eb shtetit monist. Kjo \u00e7\u00ebshtje me dekada t\u00eb t\u00ebra hapet n\u00eb fushatat elektorale, sikur tash n\u00eb zenitin e promovimeve partiake p\u00ebr zgjedhjet lokale t\u00eb 23 majit.<\/p>\n<p><a href=\"http:\/\/www.visit-ulcinj.com\/blog\/wp-content\/uploads\/2010\/05\/Anton-Rudaj-_ulqin.jpg\"><img loading=\"lazy\" class=\"alignleft size-thumbnail wp-image-33290\" title=\"Anton Rudaj _ulqin\" src=\"http:\/\/www.visit-ulcinj.com\/blog\/wp-content\/uploads\/2010\/05\/Anton-Rudaj-_ulqin-150x150.jpg\" alt=\"Anton Rudaj _ulqin\" width=\"150\" height=\"150\" \/><\/a>\u201cAfera e kthimit t\u00eb tokave pronar\u00ebve t\u00eb k\u00ebtush\u00ebm \u00ebsht\u00eb b\u00ebr\u00eb monotone, por nuk mund t\u00eb anashkalohet, jan\u00eb trash\u00ebgimit\u00eb tona st\u00ebrgjyshore,\u201d thot\u00eb Anton Rudaj nga Shtoji.<br \/>\nAi pyet se si \u00ebsht\u00eb e mundur q\u00eb n\u00eb \u201czem\u00ebr\u201d t\u00eb qytetit t\u00eb Ulqinit personave t\u00eb shumt\u00eb u kthehen pronat e ekspropriuara, nd\u00ebrsa ankesat e tyre \u201cas q\u00eb merren parasysh\u201d.<br \/>\nOpozita kritikon koalicionin qeverises lokal edhe qeverin\u00eb malazeze q\u00eb banor\u00ebve t\u00eb Ulqinit nuk u kthen pronat e \u201cmarra me dhun\u00eb\u201d, Valdanosin edhe Shtojin.<br \/>\nLidhur me rikthimin e tokave t\u00eb Shtojit, kryetarit i K\u00ebshillit komunal t\u00eb Partis\u00eb Demokratike t\u00eb Socialist\u00ebve, n\u00eb pushtet dhe deputet i k\u00ebsaj partie n\u00eb Kuvendin e Malit t\u00eb Zi, Luigj Shkreli thot\u00eb se v\u00ebrtet\u00eb ndaj banor\u00ebve t\u00eb Shtojit \u00ebsht\u00eb duke u b\u00ebr\u00eb nj\u00eb padrejt\u00ebsi jokorrekte.<br \/>\n\u201cPersonalisht me nj\u00eb delegacion t\u00eb qytetar\u00ebve t\u00eb prekur nga kjo \u00e7\u00ebshtje, kam qen\u00eb te kryeministri malazias, Milo Djukanovic, i cili \u00ebsht\u00eb shum\u00eb i interesuar dhe i p\u00ebrkushtuar q\u00eb shtojak\u00ebt t\u00eb rimarrin pronat e tyre,\u201d tha t\u00eb premten p\u00ebr KosovaLive, Luigj Shkreli.<br \/>\nShkreli kritikoi ashp\u00ebr opozit\u00ebn e cila \u201cpo manipulon me emocionet e qytetar\u00ebve t\u00eb d\u00ebmtuar\u201d.<\/p>\n<p><strong>Koha Net<br \/>\n<\/strong><!--YouTube Error: bad URL entered--><\/p>\n","protected":false},"excerpt":{"rendered":"<p>Ulqin, 14 maj &#8211; Lokaliteti i Shtojit, komuna e Ulqinit konsiderohet \u201coaza\u201d m\u00eb e njohur turistike n\u00eb mbar\u00eb bregdetin e Adriatikut me rreth 25 mij\u00eb shtret\u00ebr n\u00eb t\u00eb gjitha format e vendosjes, shkruan sot KosovaLive. K\u00ebtu vler\u00ebsohet se ndodhen mbi 4 mij\u00eb vila, hotele, kampsht\u00ebpiza nga Mali i Zi, Kosova,Bosnj\u00eb e Hercegovina, Serbia, Maqedonia, t\u00eb [&hellip;]<\/p>\n","protected":false},"author":1,"featured_media":0,"comment_status":"open","ping_status":"closed","sticky":false,"template":"","format":"standard","meta":{"spay_email":"","jetpack_publicize_message":"","jetpack_is_tweetstorm":false,"jetpack_publicize_feature_enabled":true},"categories":[11],"tags":[14275,14274,729,200,18,561],"jetpack_publicize_connections":[],"yoast_head":"<!-- This site is optimized with the Yoast SEO plugin v19.1 - https:\/\/yoast.com\/wordpress\/plugins\/seo\/ -->\n<title>Banor\u00ebt e Shtojit ndihen t\u00eb diskriminuar, nuk u kthehen pronat - Lajme nga Ulqini<\/title>\n<meta name=\"description\" content=\"Ulqin, 14 maj - Lokaliteti i Shtojit, komuna e Ulqinit konsiderohet \u201coaza\u201d m\u00eb e njohur turistike n\u00eb mbar\u00eb bregdetin e Adriatikut me rreth 25 mij\u00eb shtret\u00ebr\" \/>\n<meta name=\"robots\" content=\"index, follow, max-snippet:-1, max-image-preview:large, max-video-preview:-1\" \/>\n<link rel=\"canonical\" href=\"https:\/\/www.visit-ulcinj.com\/blog\/2010\/05\/14\/banoret-e-shtojit-ndihen-te-diskriminuar-nuk-u-kthehen-pronat\/\" \/>\n<meta property=\"og:locale\" content=\"en_US\" \/>\n<meta property=\"og:type\" content=\"article\" \/>\n<meta property=\"og:title\" content=\"Banor\u00ebt e Shtojit ndihen t\u00eb diskriminuar, nuk u kthehen pronat - Lajme nga Ulqini\" \/>\n<meta property=\"og:description\" content=\"Ulqin, 14 maj - Lokaliteti i Shtojit, komuna e Ulqinit konsiderohet \u201coaza\u201d m\u00eb e njohur turistike n\u00eb mbar\u00eb bregdetin e Adriatikut me rreth 25 mij\u00eb shtret\u00ebr\" \/>\n<meta property=\"og:url\" content=\"https:\/\/www.visit-ulcinj.com\/blog\/2010\/05\/14\/banoret-e-shtojit-ndihen-te-diskriminuar-nuk-u-kthehen-pronat\/\" \/>\n<meta property=\"og:site_name\" content=\"Lajme nga Ulqini\" \/>\n<meta property=\"article:published_time\" content=\"2010-05-14T15:20:39+00:00\" \/>\n<meta property=\"og:image\" content=\"http:\/\/www.visit-ulcinj.com\/blog\/wp-content\/uploads\/2010\/05\/Anton-Rudaj-_ulqin-150x150.jpg\" \/>\n<meta name=\"twitter:label1\" content=\"Written by\" \/>\n\t<meta name=\"twitter:data1\" content=\"ulqini\" \/>\n\t<meta name=\"twitter:label2\" content=\"Est. reading time\" \/>\n\t<meta name=\"twitter:data2\" content=\"2 minutes\" \/>\n<script type=\"application\/ld+json\" class=\"yoast-schema-graph\">{\"@context\":\"https:\/\/schema.org\",\"@graph\":[{\"@type\":\"WebSite\",\"@id\":\"https:\/\/www.visit-ulcinj.com\/blog\/#website\",\"url\":\"https:\/\/www.visit-ulcinj.com\/blog\/\",\"name\":\"Lajme nga Ulqini\",\"description\":\"Lajme,Vijesti,Ulqini,Ulqin,Crna Gora,Mali i Zi\",\"potentialAction\":[{\"@type\":\"SearchAction\",\"target\":{\"@type\":\"EntryPoint\",\"urlTemplate\":\"https:\/\/www.visit-ulcinj.com\/blog\/?s={search_term_string}\"},\"query-input\":\"required name=search_term_string\"}],\"inLanguage\":\"en-US\"},{\"@type\":\"ImageObject\",\"inLanguage\":\"en-US\",\"@id\":\"https:\/\/www.visit-ulcinj.com\/blog\/2010\/05\/14\/banoret-e-shtojit-ndihen-te-diskriminuar-nuk-u-kthehen-pronat\/#primaryimage\",\"url\":\"https:\/\/www.visit-ulcinj.com\/blog\/wp-content\/uploads\/2010\/05\/Anton-Rudaj-_ulqin.jpg\",\"contentUrl\":\"https:\/\/www.visit-ulcinj.com\/blog\/wp-content\/uploads\/2010\/05\/Anton-Rudaj-_ulqin.jpg\",\"width\":\"344\",\"height\":\"480\"},{\"@type\":\"WebPage\",\"@id\":\"https:\/\/www.visit-ulcinj.com\/blog\/2010\/05\/14\/banoret-e-shtojit-ndihen-te-diskriminuar-nuk-u-kthehen-pronat\/#webpage\",\"url\":\"https:\/\/www.visit-ulcinj.com\/blog\/2010\/05\/14\/banoret-e-shtojit-ndihen-te-diskriminuar-nuk-u-kthehen-pronat\/\",\"name\":\"Banor\u00ebt e Shtojit ndihen t\u00eb diskriminuar, nuk u kthehen pronat - Lajme nga Ulqini\",\"isPartOf\":{\"@id\":\"https:\/\/www.visit-ulcinj.com\/blog\/#website\"},\"primaryImageOfPage\":{\"@id\":\"https:\/\/www.visit-ulcinj.com\/blog\/2010\/05\/14\/banoret-e-shtojit-ndihen-te-diskriminuar-nuk-u-kthehen-pronat\/#primaryimage\"},\"datePublished\":\"2010-05-14T15:20:39+00:00\",\"dateModified\":\"2010-05-14T15:20:39+00:00\",\"author\":{\"@id\":\"https:\/\/www.visit-ulcinj.com\/blog\/#\/schema\/person\/dcab619c614d3038751c63bc2aadc06d\"},\"description\":\"Ulqin, 14 maj - Lokaliteti i Shtojit, komuna e Ulqinit konsiderohet \u201coaza\u201d m\u00eb e njohur turistike n\u00eb mbar\u00eb bregdetin e Adriatikut me rreth 25 mij\u00eb shtret\u00ebr\",\"breadcrumb\":{\"@id\":\"https:\/\/www.visit-ulcinj.com\/blog\/2010\/05\/14\/banoret-e-shtojit-ndihen-te-diskriminuar-nuk-u-kthehen-pronat\/#breadcrumb\"},\"inLanguage\":\"en-US\",\"potentialAction\":[{\"@type\":\"ReadAction\",\"target\":[\"https:\/\/www.visit-ulcinj.com\/blog\/2010\/05\/14\/banoret-e-shtojit-ndihen-te-diskriminuar-nuk-u-kthehen-pronat\/\"]}]},{\"@type\":\"BreadcrumbList\",\"@id\":\"https:\/\/www.visit-ulcinj.com\/blog\/2010\/05\/14\/banoret-e-shtojit-ndihen-te-diskriminuar-nuk-u-kthehen-pronat\/#breadcrumb\",\"itemListElement\":[{\"@type\":\"ListItem\",\"position\":1,\"name\":\"Banor\u00ebt e Shtojit ndihen t\u00eb diskriminuar, nuk u kthehen pronat\"}]},{\"@type\":\"Person\",\"@id\":\"https:\/\/www.visit-ulcinj.com\/blog\/#\/schema\/person\/dcab619c614d3038751c63bc2aadc06d\",\"name\":\"ulqini\",\"sameAs\":[\"http:\/\/www.visit-ulcinj.com\"],\"url\":\"https:\/\/www.visit-ulcinj.com\/blog\/author\/admin\/\"}]}<\/script>\n<!-- \/ Yoast SEO plugin. -->","yoast_head_json":{"title":"Banor\u00ebt e Shtojit ndihen t\u00eb diskriminuar, nuk u kthehen pronat - Lajme nga Ulqini","description":"Ulqin, 14 maj - Lokaliteti i Shtojit, komuna e Ulqinit konsiderohet \u201coaza\u201d m\u00eb e njohur turistike n\u00eb mbar\u00eb bregdetin e Adriatikut me rreth 25 mij\u00eb shtret\u00ebr","robots":{"index":"index","follow":"follow","max-snippet":"max-snippet:-1","max-image-preview":"max-image-preview:large","max-video-preview":"max-video-preview:-1"},"canonical":"https:\/\/www.visit-ulcinj.com\/blog\/2010\/05\/14\/banoret-e-shtojit-ndihen-te-diskriminuar-nuk-u-kthehen-pronat\/","og_locale":"en_US","og_type":"article","og_title":"Banor\u00ebt e Shtojit ndihen t\u00eb diskriminuar, nuk u kthehen pronat - Lajme nga Ulqini","og_description":"Ulqin, 14 maj - Lokaliteti i Shtojit, komuna e Ulqinit konsiderohet \u201coaza\u201d m\u00eb e njohur turistike n\u00eb mbar\u00eb bregdetin e Adriatikut me rreth 25 mij\u00eb shtret\u00ebr","og_url":"https:\/\/www.visit-ulcinj.com\/blog\/2010\/05\/14\/banoret-e-shtojit-ndihen-te-diskriminuar-nuk-u-kthehen-pronat\/","og_site_name":"Lajme nga Ulqini","article_published_time":"2010-05-14T15:20:39+00:00","og_image":[{"url":"http:\/\/www.visit-ulcinj.com\/blog\/wp-content\/uploads\/2010\/05\/Anton-Rudaj-_ulqin-150x150.jpg"}],"twitter_misc":{"Written by":"ulqini","Est. reading time":"2 minutes"},"schema":{"@context":"https:\/\/schema.org","@graph":[{"@type":"WebSite","@id":"https:\/\/www.visit-ulcinj.com\/blog\/#website","url":"https:\/\/www.visit-ulcinj.com\/blog\/","name":"Lajme nga Ulqini","description":"Lajme,Vijesti,Ulqini,Ulqin,Crna Gora,Mali i Zi","potentialAction":[{"@type":"SearchAction","target":{"@type":"EntryPoint","urlTemplate":"https:\/\/www.visit-ulcinj.com\/blog\/?s={search_term_string}"},"query-input":"required name=search_term_string"}],"inLanguage":"en-US"},{"@type":"ImageObject","inLanguage":"en-US","@id":"https:\/\/www.visit-ulcinj.com\/blog\/2010\/05\/14\/banoret-e-shtojit-ndihen-te-diskriminuar-nuk-u-kthehen-pronat\/#primaryimage","url":"https:\/\/www.visit-ulcinj.com\/blog\/wp-content\/uploads\/2010\/05\/Anton-Rudaj-_ulqin.jpg","contentUrl":"https:\/\/www.visit-ulcinj.com\/blog\/wp-content\/uploads\/2010\/05\/Anton-Rudaj-_ulqin.jpg","width":"344","height":"480"},{"@type":"WebPage","@id":"https:\/\/www.visit-ulcinj.com\/blog\/2010\/05\/14\/banoret-e-shtojit-ndihen-te-diskriminuar-nuk-u-kthehen-pronat\/#webpage","url":"https:\/\/www.visit-ulcinj.com\/blog\/2010\/05\/14\/banoret-e-shtojit-ndihen-te-diskriminuar-nuk-u-kthehen-pronat\/","name":"Banor\u00ebt e Shtojit ndihen t\u00eb diskriminuar, nuk u kthehen pronat - Lajme nga Ulqini","isPartOf":{"@id":"https:\/\/www.visit-ulcinj.com\/blog\/#website"},"primaryImageOfPage":{"@id":"https:\/\/www.visit-ulcinj.com\/blog\/2010\/05\/14\/banoret-e-shtojit-ndihen-te-diskriminuar-nuk-u-kthehen-pronat\/#primaryimage"},"datePublished":"2010-05-14T15:20:39+00:00","dateModified":"2010-05-14T15:20:39+00:00","author":{"@id":"https:\/\/www.visit-ulcinj.com\/blog\/#\/schema\/person\/dcab619c614d3038751c63bc2aadc06d"},"description":"Ulqin, 14 maj - Lokaliteti i Shtojit, komuna e Ulqinit konsiderohet \u201coaza\u201d m\u00eb e njohur turistike n\u00eb mbar\u00eb bregdetin e Adriatikut me rreth 25 mij\u00eb shtret\u00ebr","breadcrumb":{"@id":"https:\/\/www.visit-ulcinj.com\/blog\/2010\/05\/14\/banoret-e-shtojit-ndihen-te-diskriminuar-nuk-u-kthehen-pronat\/#breadcrumb"},"inLanguage":"en-US","potentialAction":[{"@type":"ReadAction","target":["https:\/\/www.visit-ulcinj.com\/blog\/2010\/05\/14\/banoret-e-shtojit-ndihen-te-diskriminuar-nuk-u-kthehen-pronat\/"]}]},{"@type":"BreadcrumbList","@id":"https:\/\/www.visit-ulcinj.com\/blog\/2010\/05\/14\/banoret-e-shtojit-ndihen-te-diskriminuar-nuk-u-kthehen-pronat\/#breadcrumb","itemListElement":[{"@type":"ListItem","position":1,"name":"Banor\u00ebt e Shtojit ndihen t\u00eb diskriminuar, nuk u kthehen pronat"}]},{"@type":"Person","@id":"https:\/\/www.visit-ulcinj.com\/blog\/#\/schema\/person\/dcab619c614d3038751c63bc2aadc06d","name":"ulqini","sameAs":["http:\/\/www.visit-ulcinj.com"],"url":"https:\/\/www.visit-ulcinj.com\/blog\/author\/admin\/"}]}},"jetpack_featured_media_url":"","jetpack_sharing_enabled":true,"jetpack_shortlink":"https:\/\/wp.me\/pe6lTn-8EU","_links":{"self":[{"href":"https:\/\/www.visit-ulcinj.com\/blog\/wp-json\/wp\/v2\/posts\/33288"}],"collection":[{"href":"https:\/\/www.visit-ulcinj.com\/blog\/wp-json\/wp\/v2\/posts"}],"about":[{"href":"https:\/\/www.visit-ulcinj.com\/blog\/wp-json\/wp\/v2\/types\/post"}],"author":[{"embeddable":true,"href":"https:\/\/www.visit-ulcinj.com\/blog\/wp-json\/wp\/v2\/users\/1"}],"replies":[{"embeddable":true,"href":"https:\/\/www.visit-ulcinj.com\/blog\/wp-json\/wp\/v2\/comments?post=33288"}],"version-history":[{"count":0,"href":"https:\/\/www.visit-ulcinj.com\/blog\/wp-json\/wp\/v2\/posts\/33288\/revisions"}],"wp:attachment":[{"href":"https:\/\/www.visit-ulcinj.com\/blog\/wp-json\/wp\/v2\/media?parent=33288"}],"wp:term":[{"taxonomy":"category","embeddable":true,"href":"https:\/\/www.visit-ulcinj.com\/blog\/wp-json\/wp\/v2\/categories?post=33288"},{"taxonomy":"post_tag","embeddable":true,"href":"https:\/\/www.visit-ulcinj.com\/blog\/wp-json\/wp\/v2\/tags?post=33288"}],"curies":[{"name":"wp","href":"https:\/\/api.w.org\/{rel}","templated":true}]}}