{"id":33311,"date":"2010-05-15T15:34:59","date_gmt":"2010-05-15T13:34:59","guid":{"rendered":"http:\/\/www.visit-ulcinj.com\/blog\/?p=33311"},"modified":"2010-05-17T08:16:22","modified_gmt":"2010-05-17T06:16:22","slug":"nazif-cungu-fton-hajdinagen-ne-debat-publike","status":"publish","type":"post","link":"https:\/\/www.visit-ulcinj.com\/blog\/2010\/05\/15\/nazif-cungu-fton-hajdinagen-ne-debat-publike\/","title":{"rendered":"Nazif Cungu fton Hajdinag\u00ebn n\u00eb Debat Publike"},"content":{"rendered":"<p><a href=\"http:\/\/www.visit-ulcinj.com\/blog\/wp-content\/uploads\/2010\/05\/nazif_cungu_forca_ulqin.jpg\"><img loading=\"lazy\" class=\"alignleft size-full wp-image-33312\" title=\"nazif_cungu_forca_ulqin\" src=\"http:\/\/www.visit-ulcinj.com\/blog\/wp-content\/uploads\/2010\/05\/nazif_cungu_forca_ulqin.jpg\" alt=\"nazif_cungu_forca_ulqin\" width=\"490\" height=\"380\" \/><\/a>K\u00ebt\u00eb konferenc\u00eb e kemi organizuar p\u00ebr t\u00eb paraqitur p\u00ebrpjekjet e d\u00ebshp\u00ebruara t\u00eb kryetarit t\u00eb komun\u00ebs Hajdinaga q\u00eb p\u00ebrpiqet p\u00ebr t\u00eb mbuluar paaft\u00ebsin\u00eb dhe d\u00ebshtimet n\u00eb administrimin e komun\u00ebs, si dhe p\u00ebr t\u00eb fshehur premtimet e pambajtura, duke b\u00ebr\u00eb korrupsion politik me nd\u00ebrtime elektorale.<br \/>\nDit\u00ebve t\u00eb fundit, kryetari n\u00eb largim i komun\u00ebs, ka nisur p\u00ebrs\u00ebri punime sip\u00ebrfaq\u00ebsore infrastrukturore n\u00eb vende t\u00eb dukshme p\u00ebr t\u00eb formu iluzion se ai asht\u00eb duke punuar di\u00e7ka.<br \/>\nAi \u00ebsht\u00eb duke fyer inteligjenc\u00ebn e qytetar\u00ebve t\u00eb Ulqinit sepse kujton se bashk\u00ebqytetar\u00ebt ton\u00eb do t\u00eb mashtrohen edhe nj\u00ebher\u00eb me investime elektorale minimale dhe me premtime boshe.<br \/>\nQytetar\u00ebt e komun\u00ebs s\u00eb Ulqinit e din\u00eb mir\u00eb se Komuna e Ulqinit ska mund\u00ebsi financiare t\u00eb b\u00ebj\u00eb investime cil\u00ebsore t\u00eb m\u00ebdhaja pasi q\u00eb ajo i ka borxh kompanive t\u00eb shumta. E dijn t\u00eb gjith\u00eb puntor\u00ebt e komun\u00ebs dhe nd\u00ebrmarrjeve publike se krytari i komun\u00ebs e ka prua Komun\u00ebn n\u00eb falimentim.<br \/>\nNe i b\u00ebjm\u00eb thirrje Kryetarit i cili e di se i ka dit\u00ebt e pushtetit t\u00eb num\u00ebruara, q\u00eb t\u00eb mos p\u00ebrdor\u00eb taktik\u00ebn e shkatrrimit t\u00eb matejtsh\u00ebm duke u p\u00ebrpjekur q\u00eb t\u00eb na l\u00ebn\u00eb neve gjendje t\u00eb mjerueshme q\u00eb kur ta marrim pushtetin t\u00eb kemi nj\u00eb buxhet negativ.<br \/>\nP\u00ebrpos k\u00ebsaj k\u00ebto investime t\u00eb vogla kozmetike t\u00eb nisura para zgjedhjeve, pra para 10 dit\u00ebsh, nuk mund ta fshehin munges\u00ebn e planit hap\u00ebsinor, projekteve konkrete dhe vizionit p\u00ebr zhvillimin e komun\u00ebs. pa plan, pa pergjegjesi dhe pa profesionalizem, duke e lene buxhetin dhe pronen publike ne meshire te fatit.<br \/>\nNuk mund ta fsheh faktin q\u00eb komuna eshte administruar ne menyre te vazhdueshme si bastore \u2013 pra klladionic\u00eb ku krytari I komun\u00ebs kalon koh\u00ebn m\u00eb t\u00eb madhe,<br \/>\nUn\u00eb gjithashtu shfryt\u00ebzoj rastin e k\u00ebsaj kumtese p\u00ebr t\u00eb ftuar Kryetarin e Komun\u00ebs n\u00eb nj\u00eb debat publik, q\u00eb duhet t\u00eb organizohet n\u00eb Qend\u00ebr t\u00eb Kultur\u00ebs, ku t\u00eb jen\u00eb t\u00eb pranish\u00ebm p\u00ebrfaq\u00ebsues nga mediat, shoq\u00ebria civile dhe mbar\u00eb komuniteti i Komun\u00ebs i cili t\u00eb jet\u00eb i transmetuar nga televizioni Teuta.<br \/>\nRealizim i nje debati t\u00eb till\u00eb do t\u00eb garantonte transparenc\u00ebn para qytetar\u00ebve duke p\u00ebrmbushur nj\u00eb standard demokratik t\u00eb Bashkimit Evropian. N\u00eb k\u00ebt\u00eb debat qytetar\u00ebve do t&#8217;ju jepej mund\u00ebsia t\u00eb b\u00ebnin pyetje drejtp\u00ebrdrejt\u00eb p\u00ebr programet q\u00eb garojn\u00eb dhe t\u00eb k\u00ebrkojn\u00eb llogari ndaj t\u00eb gjith\u00ebve neve p\u00ebr veprimtarin\u00eb ton\u00eb politike. Fushata politike n\u00eb kushtet e demokracis\u00eb k\u00ebrkon p\u00ebrplasjen e ideve, programeve dhe q\u00ebndrimeve n\u00eb diskutime t\u00eb hapura n\u00eb m\u00ebnyr\u00eb q\u00eb qytetari ta jap\u00eb vot\u00ebn n\u00eb m\u00ebnyr\u00eb sa m\u00eb t\u00eb informuar.<br \/>\nBesoi q\u00eb kryetari i komun\u00ebs ka fuqi intelektuale t&#8217;i p\u00ebrgjigjet pozitivisht k\u00ebsaj ftese duke i dh\u00ebn\u00eb mund\u00ebsi qytetar\u00ebve t\u00eb Ulqinit t\u00eb njoftohen sa m\u00eb mir\u00eb me forcat politike dhe kandidat\u00ebt e k\u00ebtyre zgjedhjeve.<\/p>\n<p><strong><br \/>\nForca Press<br \/>\n<\/strong><!--YouTube Error: bad URL entered--><\/p>\n","protected":false},"excerpt":{"rendered":"<p>K\u00ebt\u00eb konferenc\u00eb e kemi organizuar p\u00ebr t\u00eb paraqitur p\u00ebrpjekjet e d\u00ebshp\u00ebruara t\u00eb kryetarit t\u00eb komun\u00ebs Hajdinaga q\u00eb p\u00ebrpiqet p\u00ebr t\u00eb mbuluar paaft\u00ebsin\u00eb dhe d\u00ebshtimet n\u00eb administrimin e komun\u00ebs, si dhe p\u00ebr t\u00eb fshehur premtimet e pambajtura, duke b\u00ebr\u00eb korrupsion politik me nd\u00ebrtime elektorale. Dit\u00ebve t\u00eb fundit, kryetari n\u00eb largim i komun\u00ebs, ka nisur p\u00ebrs\u00ebri punime [&hellip;]<\/p>\n","protected":false},"author":1,"featured_media":0,"comment_status":"open","ping_status":"closed","sticky":false,"template":"","format":"standard","meta":{"spay_email":"","jetpack_publicize_message":"","jetpack_is_tweetstorm":false,"jetpack_publicize_feature_enabled":true},"categories":[1],"tags":[672,118],"jetpack_publicize_connections":[],"yoast_head":"<!-- This site is optimized with the Yoast SEO plugin v19.1 - https:\/\/yoast.com\/wordpress\/plugins\/seo\/ -->\n<title>Nazif Cungu fton Hajdinag\u00ebn n\u00eb Debat Publike - Lajme nga Ulqini<\/title>\n<meta name=\"description\" content=\"K\u00ebt\u00eb konferenc\u00eb e kemi organizuar p\u00ebr t\u00eb paraqitur p\u00ebrpjekjet e d\u00ebshp\u00ebruara t\u00eb kryetarit t\u00eb komun\u00ebs Hajdinaga q\u00eb p\u00ebrpiqet p\u00ebr t\u00eb mbuluar paaft\u00ebsin\u00eb dhe\" \/>\n<meta name=\"robots\" content=\"index, follow, max-snippet:-1, max-image-preview:large, max-video-preview:-1\" \/>\n<link rel=\"canonical\" href=\"https:\/\/www.visit-ulcinj.com\/blog\/2010\/05\/15\/nazif-cungu-fton-hajdinagen-ne-debat-publike\/\" \/>\n<meta property=\"og:locale\" content=\"en_US\" \/>\n<meta property=\"og:type\" content=\"article\" \/>\n<meta property=\"og:title\" content=\"Nazif Cungu fton Hajdinag\u00ebn n\u00eb Debat Publike - Lajme nga Ulqini\" \/>\n<meta property=\"og:description\" content=\"K\u00ebt\u00eb konferenc\u00eb e kemi organizuar p\u00ebr t\u00eb paraqitur p\u00ebrpjekjet e d\u00ebshp\u00ebruara t\u00eb kryetarit t\u00eb komun\u00ebs Hajdinaga q\u00eb p\u00ebrpiqet p\u00ebr t\u00eb mbuluar paaft\u00ebsin\u00eb dhe\" \/>\n<meta property=\"og:url\" content=\"https:\/\/www.visit-ulcinj.com\/blog\/2010\/05\/15\/nazif-cungu-fton-hajdinagen-ne-debat-publike\/\" \/>\n<meta property=\"og:site_name\" content=\"Lajme nga Ulqini\" \/>\n<meta property=\"article:published_time\" content=\"2010-05-15T13:34:59+00:00\" \/>\n<meta property=\"article:modified_time\" content=\"2010-05-17T06:16:22+00:00\" \/>\n<meta property=\"og:image\" content=\"http:\/\/www.visit-ulcinj.com\/blog\/wp-content\/uploads\/2010\/05\/nazif_cungu_forca_ulqin.jpg\" \/>\n<meta name=\"twitter:label1\" content=\"Written by\" \/>\n\t<meta name=\"twitter:data1\" content=\"ulqini\" \/>\n\t<meta name=\"twitter:label2\" content=\"Est. reading time\" \/>\n\t<meta name=\"twitter:data2\" content=\"3 minutes\" \/>\n<script type=\"application\/ld+json\" class=\"yoast-schema-graph\">{\"@context\":\"https:\/\/schema.org\",\"@graph\":[{\"@type\":\"WebSite\",\"@id\":\"https:\/\/www.visit-ulcinj.com\/blog\/#website\",\"url\":\"https:\/\/www.visit-ulcinj.com\/blog\/\",\"name\":\"Lajme nga Ulqini\",\"description\":\"Lajme,Vijesti,Ulqini,Ulqin,Crna Gora,Mali i Zi\",\"potentialAction\":[{\"@type\":\"SearchAction\",\"target\":{\"@type\":\"EntryPoint\",\"urlTemplate\":\"https:\/\/www.visit-ulcinj.com\/blog\/?s={search_term_string}\"},\"query-input\":\"required name=search_term_string\"}],\"inLanguage\":\"en-US\"},{\"@type\":\"ImageObject\",\"inLanguage\":\"en-US\",\"@id\":\"https:\/\/www.visit-ulcinj.com\/blog\/2010\/05\/15\/nazif-cungu-fton-hajdinagen-ne-debat-publike\/#primaryimage\",\"url\":\"https:\/\/www.visit-ulcinj.com\/blog\/wp-content\/uploads\/2010\/05\/nazif_cungu_forca_ulqin.jpg\",\"contentUrl\":\"https:\/\/www.visit-ulcinj.com\/blog\/wp-content\/uploads\/2010\/05\/nazif_cungu_forca_ulqin.jpg\",\"width\":\"600\",\"height\":\"450\"},{\"@type\":\"WebPage\",\"@id\":\"https:\/\/www.visit-ulcinj.com\/blog\/2010\/05\/15\/nazif-cungu-fton-hajdinagen-ne-debat-publike\/#webpage\",\"url\":\"https:\/\/www.visit-ulcinj.com\/blog\/2010\/05\/15\/nazif-cungu-fton-hajdinagen-ne-debat-publike\/\",\"name\":\"Nazif Cungu fton Hajdinag\u00ebn n\u00eb Debat Publike - Lajme nga Ulqini\",\"isPartOf\":{\"@id\":\"https:\/\/www.visit-ulcinj.com\/blog\/#website\"},\"primaryImageOfPage\":{\"@id\":\"https:\/\/www.visit-ulcinj.com\/blog\/2010\/05\/15\/nazif-cungu-fton-hajdinagen-ne-debat-publike\/#primaryimage\"},\"datePublished\":\"2010-05-15T13:34:59+00:00\",\"dateModified\":\"2010-05-17T06:16:22+00:00\",\"author\":{\"@id\":\"https:\/\/www.visit-ulcinj.com\/blog\/#\/schema\/person\/dcab619c614d3038751c63bc2aadc06d\"},\"description\":\"K\u00ebt\u00eb konferenc\u00eb e kemi organizuar p\u00ebr t\u00eb paraqitur p\u00ebrpjekjet e d\u00ebshp\u00ebruara t\u00eb kryetarit t\u00eb komun\u00ebs Hajdinaga q\u00eb p\u00ebrpiqet p\u00ebr t\u00eb mbuluar paaft\u00ebsin\u00eb dhe\",\"breadcrumb\":{\"@id\":\"https:\/\/www.visit-ulcinj.com\/blog\/2010\/05\/15\/nazif-cungu-fton-hajdinagen-ne-debat-publike\/#breadcrumb\"},\"inLanguage\":\"en-US\",\"potentialAction\":[{\"@type\":\"ReadAction\",\"target\":[\"https:\/\/www.visit-ulcinj.com\/blog\/2010\/05\/15\/nazif-cungu-fton-hajdinagen-ne-debat-publike\/\"]}]},{\"@type\":\"BreadcrumbList\",\"@id\":\"https:\/\/www.visit-ulcinj.com\/blog\/2010\/05\/15\/nazif-cungu-fton-hajdinagen-ne-debat-publike\/#breadcrumb\",\"itemListElement\":[{\"@type\":\"ListItem\",\"position\":1,\"name\":\"Nazif Cungu fton Hajdinag\u00ebn n\u00eb Debat Publike\"}]},{\"@type\":\"Person\",\"@id\":\"https:\/\/www.visit-ulcinj.com\/blog\/#\/schema\/person\/dcab619c614d3038751c63bc2aadc06d\",\"name\":\"ulqini\",\"sameAs\":[\"http:\/\/www.visit-ulcinj.com\"],\"url\":\"https:\/\/www.visit-ulcinj.com\/blog\/author\/admin\/\"}]}<\/script>\n<!-- \/ Yoast SEO plugin. -->","yoast_head_json":{"title":"Nazif Cungu fton Hajdinag\u00ebn n\u00eb Debat Publike - Lajme nga Ulqini","description":"K\u00ebt\u00eb konferenc\u00eb e kemi organizuar p\u00ebr t\u00eb paraqitur p\u00ebrpjekjet e d\u00ebshp\u00ebruara t\u00eb kryetarit t\u00eb komun\u00ebs Hajdinaga q\u00eb p\u00ebrpiqet p\u00ebr t\u00eb mbuluar paaft\u00ebsin\u00eb dhe","robots":{"index":"index","follow":"follow","max-snippet":"max-snippet:-1","max-image-preview":"max-image-preview:large","max-video-preview":"max-video-preview:-1"},"canonical":"https:\/\/www.visit-ulcinj.com\/blog\/2010\/05\/15\/nazif-cungu-fton-hajdinagen-ne-debat-publike\/","og_locale":"en_US","og_type":"article","og_title":"Nazif Cungu fton Hajdinag\u00ebn n\u00eb Debat Publike - Lajme nga Ulqini","og_description":"K\u00ebt\u00eb konferenc\u00eb e kemi organizuar p\u00ebr t\u00eb paraqitur p\u00ebrpjekjet e d\u00ebshp\u00ebruara t\u00eb kryetarit t\u00eb komun\u00ebs Hajdinaga q\u00eb p\u00ebrpiqet p\u00ebr t\u00eb mbuluar paaft\u00ebsin\u00eb dhe","og_url":"https:\/\/www.visit-ulcinj.com\/blog\/2010\/05\/15\/nazif-cungu-fton-hajdinagen-ne-debat-publike\/","og_site_name":"Lajme nga Ulqini","article_published_time":"2010-05-15T13:34:59+00:00","article_modified_time":"2010-05-17T06:16:22+00:00","og_image":[{"url":"http:\/\/www.visit-ulcinj.com\/blog\/wp-content\/uploads\/2010\/05\/nazif_cungu_forca_ulqin.jpg"}],"twitter_misc":{"Written by":"ulqini","Est. reading time":"3 minutes"},"schema":{"@context":"https:\/\/schema.org","@graph":[{"@type":"WebSite","@id":"https:\/\/www.visit-ulcinj.com\/blog\/#website","url":"https:\/\/www.visit-ulcinj.com\/blog\/","name":"Lajme nga Ulqini","description":"Lajme,Vijesti,Ulqini,Ulqin,Crna Gora,Mali i Zi","potentialAction":[{"@type":"SearchAction","target":{"@type":"EntryPoint","urlTemplate":"https:\/\/www.visit-ulcinj.com\/blog\/?s={search_term_string}"},"query-input":"required name=search_term_string"}],"inLanguage":"en-US"},{"@type":"ImageObject","inLanguage":"en-US","@id":"https:\/\/www.visit-ulcinj.com\/blog\/2010\/05\/15\/nazif-cungu-fton-hajdinagen-ne-debat-publike\/#primaryimage","url":"https:\/\/www.visit-ulcinj.com\/blog\/wp-content\/uploads\/2010\/05\/nazif_cungu_forca_ulqin.jpg","contentUrl":"https:\/\/www.visit-ulcinj.com\/blog\/wp-content\/uploads\/2010\/05\/nazif_cungu_forca_ulqin.jpg","width":"600","height":"450"},{"@type":"WebPage","@id":"https:\/\/www.visit-ulcinj.com\/blog\/2010\/05\/15\/nazif-cungu-fton-hajdinagen-ne-debat-publike\/#webpage","url":"https:\/\/www.visit-ulcinj.com\/blog\/2010\/05\/15\/nazif-cungu-fton-hajdinagen-ne-debat-publike\/","name":"Nazif Cungu fton Hajdinag\u00ebn n\u00eb Debat Publike - Lajme nga Ulqini","isPartOf":{"@id":"https:\/\/www.visit-ulcinj.com\/blog\/#website"},"primaryImageOfPage":{"@id":"https:\/\/www.visit-ulcinj.com\/blog\/2010\/05\/15\/nazif-cungu-fton-hajdinagen-ne-debat-publike\/#primaryimage"},"datePublished":"2010-05-15T13:34:59+00:00","dateModified":"2010-05-17T06:16:22+00:00","author":{"@id":"https:\/\/www.visit-ulcinj.com\/blog\/#\/schema\/person\/dcab619c614d3038751c63bc2aadc06d"},"description":"K\u00ebt\u00eb konferenc\u00eb e kemi organizuar p\u00ebr t\u00eb paraqitur p\u00ebrpjekjet e d\u00ebshp\u00ebruara t\u00eb kryetarit t\u00eb komun\u00ebs Hajdinaga q\u00eb p\u00ebrpiqet p\u00ebr t\u00eb mbuluar paaft\u00ebsin\u00eb dhe","breadcrumb":{"@id":"https:\/\/www.visit-ulcinj.com\/blog\/2010\/05\/15\/nazif-cungu-fton-hajdinagen-ne-debat-publike\/#breadcrumb"},"inLanguage":"en-US","potentialAction":[{"@type":"ReadAction","target":["https:\/\/www.visit-ulcinj.com\/blog\/2010\/05\/15\/nazif-cungu-fton-hajdinagen-ne-debat-publike\/"]}]},{"@type":"BreadcrumbList","@id":"https:\/\/www.visit-ulcinj.com\/blog\/2010\/05\/15\/nazif-cungu-fton-hajdinagen-ne-debat-publike\/#breadcrumb","itemListElement":[{"@type":"ListItem","position":1,"name":"Nazif Cungu fton Hajdinag\u00ebn n\u00eb Debat Publike"}]},{"@type":"Person","@id":"https:\/\/www.visit-ulcinj.com\/blog\/#\/schema\/person\/dcab619c614d3038751c63bc2aadc06d","name":"ulqini","sameAs":["http:\/\/www.visit-ulcinj.com"],"url":"https:\/\/www.visit-ulcinj.com\/blog\/author\/admin\/"}]}},"jetpack_featured_media_url":"","jetpack_sharing_enabled":true,"jetpack_shortlink":"https:\/\/wp.me\/pe6lTn-8Fh","_links":{"self":[{"href":"https:\/\/www.visit-ulcinj.com\/blog\/wp-json\/wp\/v2\/posts\/33311"}],"collection":[{"href":"https:\/\/www.visit-ulcinj.com\/blog\/wp-json\/wp\/v2\/posts"}],"about":[{"href":"https:\/\/www.visit-ulcinj.com\/blog\/wp-json\/wp\/v2\/types\/post"}],"author":[{"embeddable":true,"href":"https:\/\/www.visit-ulcinj.com\/blog\/wp-json\/wp\/v2\/users\/1"}],"replies":[{"embeddable":true,"href":"https:\/\/www.visit-ulcinj.com\/blog\/wp-json\/wp\/v2\/comments?post=33311"}],"version-history":[{"count":0,"href":"https:\/\/www.visit-ulcinj.com\/blog\/wp-json\/wp\/v2\/posts\/33311\/revisions"}],"wp:attachment":[{"href":"https:\/\/www.visit-ulcinj.com\/blog\/wp-json\/wp\/v2\/media?parent=33311"}],"wp:term":[{"taxonomy":"category","embeddable":true,"href":"https:\/\/www.visit-ulcinj.com\/blog\/wp-json\/wp\/v2\/categories?post=33311"},{"taxonomy":"post_tag","embeddable":true,"href":"https:\/\/www.visit-ulcinj.com\/blog\/wp-json\/wp\/v2\/tags?post=33311"}],"curies":[{"name":"wp","href":"https:\/\/api.w.org\/{rel}","templated":true}]}}