{"id":33315,"date":"2010-05-15T19:18:25","date_gmt":"2010-05-15T17:18:25","guid":{"rendered":"http:\/\/www.visit-ulcinj.com\/blog\/?p=33315"},"modified":"2010-05-15T19:18:25","modified_gmt":"2010-05-15T17:18:25","slug":"%e2%80%9cvdekja-e-nje-mbretereshe%e2%80%9d-ne-kalane-e-shasit","status":"publish","type":"post","link":"https:\/\/www.visit-ulcinj.com\/blog\/2010\/05\/15\/%e2%80%9cvdekja-e-nje-mbretereshe%e2%80%9d-ne-kalane-e-shasit\/","title":{"rendered":"\u201cVdekja e nj\u00eb mbret\u00ebreshe\u201d n\u00eb Kalan\u00eb e Shasit"},"content":{"rendered":"<p><a href=\"http:\/\/www.visit-ulcinj.com\/blog\/wp-content\/uploads\/2010\/05\/Pranvera-n\u00eb-An\u00eb-t\u00eb-Malit-2010_1.jpg\"><img loading=\"lazy\" class=\"alignleft size-full wp-image-33316\" title=\"Pranvera n\u00eb An\u00eb t\u00eb Malit 2010_1\" src=\"http:\/\/www.visit-ulcinj.com\/blog\/wp-content\/uploads\/2010\/05\/Pranvera-n\u00eb-An\u00eb-t\u00eb-Malit-2010_1.jpg\" alt=\"Pranvera n\u00eb An\u00eb t\u00eb Malit 2010_1\" width=\"490\" height=\"380\" \/><\/a>Prishtin\u00eb, 14 maj \u2013 Kalaja e qytetit t\u00eb lasht\u00eb t\u00eb Shasit, afro 30 kilometra larg Ulqinit, do t\u00eb jet\u00eb nikoqire e monodram\u00ebs \u201cVdekja e nj\u00eb mbret\u00ebreshe\u201d, me tekst t\u00eb akademik Rexhep Qosjes dhe regji t\u00eb Muharrem Sylejmanit. Shfaqja, produksion i Teatrit profesionist t\u00eb Gjilanit, do t\u00eb jepet sonte (e premte) n\u00eb kuad\u00ebr t\u00eb manifestimit tradicional \u201cPranvera n\u00eb An\u00eb t\u00eb Malit\u201d, i cili organizohet nga shoqata \u201cOra\u201d, q\u00eb nga viti 2004. Edicioni i sivjetm\u00eb i \u201cPranvera&#8230;\u201d, p\u00ebr tri dit\u00eb rresht sjell n\u00eb nj\u00eb s\u00ebr\u00eb aktivitetesh kulturore e sportive. Ekspozita e fotografive n\u00eb kuad\u00ebr t\u00eb ciklit \u201cAna e Malit n\u00eb vite\u201d \u00ebsht\u00eb aktiviteti q\u00eb hap k\u00ebt\u00eb manifestim. Megjith\u00ebse ka kat\u00ebr vjet q\u00eb aktorja Mejreme Berisha luan k\u00ebt\u00eb shfaqje, dalja e saj para nj\u00eb publiku krejt\u00ebsisht t\u00eb ri, n\u00eb k\u00ebt\u00eb rast n\u00eb Shas t\u00eb Ulqinit, \u00ebsht\u00eb emocion i barabart\u00eb me at\u00eb t\u00eb dit\u00ebs s\u00eb par\u00eb kur kjo shfaqje \u00ebsht\u00eb v\u00ebn\u00eb n\u00eb sken\u00eb.<br \/>\n\u201cPara secil\u00ebs shfaqje emocionet jan\u00eb t\u00eb pranishme te aktori\u201d, ka th\u00ebn\u00eb Berisha, e cila tash kat\u00ebr vjet jet\u00ebson rr\u00ebfimin e Mbret\u00ebresh\u00ebs. Ajo beson se n\u00eb Ulqin do t\u00eb p\u00ebrjetoj\u00eb emocione t\u00eb ve\u00e7anta.<br \/>\n\u201cShfaqja do t\u00eb jepet n\u00eb nj\u00eb ambient t\u00eb hapur dhe kjo aktorit i jep p\u00ebrgjegj\u00ebsi m\u00eb t\u00eb madhe\u201d, ka th\u00ebn\u00eb Berisha. Me gjith\u00eb q\u00eb teksti i k\u00ebsaj drame asaj i \u00ebsht\u00eb b\u00ebr\u00eb pjes\u00eb e p\u00ebrditshm\u00ebris\u00eb, ajo ka b\u00ebr\u00eb prova intensive para nisjes p\u00ebr n\u00eb Ulqin.<br \/>\n\u201cNdihem shum\u00eb e gatshme t\u00eb dal para publikut n\u00eb Shas\u201d, \u00ebsht\u00eb shprehur Berisha, e cila nuk dyshon se k\u00ebta t\u00eb fundit do ta presin mir\u00eb shfaqjen.<br \/>\nBindje t\u00eb nj\u00ebjt\u00eb ka edhe regjisori i k\u00ebsaj shfaqjeje Muharrem Sylejmani, teksa ka th\u00ebn\u00eb se \u201cpo shkojm\u00eb n\u00eb nj\u00eb manifestim tradicional q\u00eb \u00ebsht\u00eb shum\u00eb i respektuesh\u00ebm\u201d.<br \/>\n\u201cMegjith\u00ebse \u00ebsht\u00eb hera e par\u00eb q\u00eb ne shkojm\u00eb n\u00eb k\u00ebt\u00eb manifestim presim t\u00eb kalojm\u00eb mir\u00eb atje\u201d, \u00ebsht\u00eb shprehur Sylejmani.<br \/>\n\u2018Vdekja e nj\u00eb mbret\u00ebreshe\u2019 \u00ebsht\u00eb tekst p\u00ebr mitin e mbret\u00ebresh\u00ebs ilire \u2013 Teut\u00ebn. \u201cTeuta si figur\u00eb e mitizuar u b\u00eb paradigm\u00eb e adhurimit nga pasardh\u00ebsit dhe asaj iu vesh\u00ebn t\u00eb gjitha atributet t\u00eb cilat e cil\u00ebsojn\u00eb p\u00ebrsosm\u00ebrin\u00eb, bukurin\u00eb dhe heroizmin\u201d, ka th\u00ebn\u00eb Teuta e monodram\u00ebs, Mejreme Berisha. \u201cQosja duke shkruar k\u00ebt\u00eb monodram\u00eb deshi q\u00eb prej saj t\u00eb rrezatojn\u00eb shum\u00eb kuptime q\u00eb nga pozita e saj si n\u00ebn\u00eb, grua e mbret\u00ebresh\u00eb, si dhe t\u00eb krijoj\u00eb nj\u00eb dram\u00eb t\u00eb fuqishme t\u00eb personalitetit\u201d, ka shtuar ajo.<\/p>\n<p><strong>Koha Net<\/strong><br \/>\n<!--YouTube Error: bad URL entered--><\/p>\n","protected":false},"excerpt":{"rendered":"<p>Prishtin\u00eb, 14 maj \u2013 Kalaja e qytetit t\u00eb lasht\u00eb t\u00eb Shasit, afro 30 kilometra larg Ulqinit, do t\u00eb jet\u00eb nikoqire e monodram\u00ebs \u201cVdekja e nj\u00eb mbret\u00ebreshe\u201d, me tekst t\u00eb akademik Rexhep Qosjes dhe regji t\u00eb Muharrem Sylejmanit. Shfaqja, produksion i Teatrit profesionist t\u00eb Gjilanit, do t\u00eb jepet sonte (e premte) n\u00eb kuad\u00ebr t\u00eb manifestimit tradicional [&hellip;]<\/p>\n","protected":false},"author":1,"featured_media":0,"comment_status":"open","ping_status":"closed","sticky":false,"template":"","format":"standard","meta":{"spay_email":"","jetpack_publicize_message":"","jetpack_is_tweetstorm":false,"jetpack_publicize_feature_enabled":true},"categories":[4],"tags":[14279,10462,14280],"jetpack_publicize_connections":[],"yoast_head":"<!-- This site is optimized with the Yoast SEO plugin v19.1 - https:\/\/yoast.com\/wordpress\/plugins\/seo\/ -->\n<title>\u201cVdekja e nj\u00eb mbret\u00ebreshe\u201d n\u00eb Kalan\u00eb e Shasit - Lajme nga Ulqini<\/title>\n<meta name=\"description\" content=\"Prishtin\u00eb, 14 maj \u2013 Kalaja e qytetit t\u00eb lasht\u00eb t\u00eb Shasit, afro 30 kilometra larg Ulqinit, do t\u00eb jet\u00eb nikoqire e monodram\u00ebs \u201cVdekja e nj\u00eb mbret\u00ebreshe\u201d, me\" \/>\n<meta name=\"robots\" content=\"index, follow, max-snippet:-1, max-image-preview:large, max-video-preview:-1\" \/>\n<link rel=\"canonical\" href=\"https:\/\/www.visit-ulcinj.com\/blog\/2010\/05\/15\/\u201cvdekja-e-nje-mbretereshe\u201d-ne-kalane-e-shasit\/\" \/>\n<meta property=\"og:locale\" content=\"en_US\" \/>\n<meta property=\"og:type\" content=\"article\" \/>\n<meta property=\"og:title\" content=\"\u201cVdekja e nj\u00eb mbret\u00ebreshe\u201d n\u00eb Kalan\u00eb e Shasit - Lajme nga Ulqini\" \/>\n<meta property=\"og:description\" content=\"Prishtin\u00eb, 14 maj \u2013 Kalaja e qytetit t\u00eb lasht\u00eb t\u00eb Shasit, afro 30 kilometra larg Ulqinit, do t\u00eb jet\u00eb nikoqire e monodram\u00ebs \u201cVdekja e nj\u00eb mbret\u00ebreshe\u201d, me\" \/>\n<meta property=\"og:url\" content=\"https:\/\/www.visit-ulcinj.com\/blog\/2010\/05\/15\/\u201cvdekja-e-nje-mbretereshe\u201d-ne-kalane-e-shasit\/\" \/>\n<meta property=\"og:site_name\" content=\"Lajme nga Ulqini\" \/>\n<meta property=\"article:published_time\" content=\"2010-05-15T17:18:25+00:00\" \/>\n<meta name=\"twitter:label1\" content=\"Written by\" \/>\n\t<meta name=\"twitter:data1\" content=\"ulqini\" \/>\n\t<meta name=\"twitter:label2\" content=\"Est. reading time\" \/>\n\t<meta name=\"twitter:data2\" content=\"2 minutes\" \/>\n<script type=\"application\/ld+json\" class=\"yoast-schema-graph\">{\"@context\":\"https:\/\/schema.org\",\"@graph\":[{\"@type\":\"WebSite\",\"@id\":\"https:\/\/www.visit-ulcinj.com\/blog\/#website\",\"url\":\"https:\/\/www.visit-ulcinj.com\/blog\/\",\"name\":\"Lajme nga Ulqini\",\"description\":\"Lajme,Vijesti,Ulqini,Ulqin,Crna Gora,Mali i Zi\",\"potentialAction\":[{\"@type\":\"SearchAction\",\"target\":{\"@type\":\"EntryPoint\",\"urlTemplate\":\"https:\/\/www.visit-ulcinj.com\/blog\/?s={search_term_string}\"},\"query-input\":\"required name=search_term_string\"}],\"inLanguage\":\"en-US\"},{\"@type\":\"WebPage\",\"@id\":\"https:\/\/www.visit-ulcinj.com\/blog\/2010\/05\/15\/%e2%80%9cvdekja-e-nje-mbretereshe%e2%80%9d-ne-kalane-e-shasit\/#webpage\",\"url\":\"https:\/\/www.visit-ulcinj.com\/blog\/2010\/05\/15\/%e2%80%9cvdekja-e-nje-mbretereshe%e2%80%9d-ne-kalane-e-shasit\/\",\"name\":\"\u201cVdekja e nj\u00eb mbret\u00ebreshe\u201d n\u00eb Kalan\u00eb e Shasit - Lajme nga Ulqini\",\"isPartOf\":{\"@id\":\"https:\/\/www.visit-ulcinj.com\/blog\/#website\"},\"datePublished\":\"2010-05-15T17:18:25+00:00\",\"dateModified\":\"2010-05-15T17:18:25+00:00\",\"author\":{\"@id\":\"https:\/\/www.visit-ulcinj.com\/blog\/#\/schema\/person\/dcab619c614d3038751c63bc2aadc06d\"},\"description\":\"Prishtin\u00eb, 14 maj \u2013 Kalaja e qytetit t\u00eb lasht\u00eb t\u00eb Shasit, afro 30 kilometra larg Ulqinit, do t\u00eb jet\u00eb nikoqire e monodram\u00ebs \u201cVdekja e nj\u00eb mbret\u00ebreshe\u201d, me\",\"breadcrumb\":{\"@id\":\"https:\/\/www.visit-ulcinj.com\/blog\/2010\/05\/15\/%e2%80%9cvdekja-e-nje-mbretereshe%e2%80%9d-ne-kalane-e-shasit\/#breadcrumb\"},\"inLanguage\":\"en-US\",\"potentialAction\":[{\"@type\":\"ReadAction\",\"target\":[\"https:\/\/www.visit-ulcinj.com\/blog\/2010\/05\/15\/%e2%80%9cvdekja-e-nje-mbretereshe%e2%80%9d-ne-kalane-e-shasit\/\"]}]},{\"@type\":\"BreadcrumbList\",\"@id\":\"https:\/\/www.visit-ulcinj.com\/blog\/2010\/05\/15\/%e2%80%9cvdekja-e-nje-mbretereshe%e2%80%9d-ne-kalane-e-shasit\/#breadcrumb\",\"itemListElement\":[{\"@type\":\"ListItem\",\"position\":1,\"name\":\"\u201cVdekja e nj\u00eb mbret\u00ebreshe\u201d n\u00eb Kalan\u00eb e Shasit\"}]},{\"@type\":\"Person\",\"@id\":\"https:\/\/www.visit-ulcinj.com\/blog\/#\/schema\/person\/dcab619c614d3038751c63bc2aadc06d\",\"name\":\"ulqini\",\"sameAs\":[\"http:\/\/www.visit-ulcinj.com\"],\"url\":\"https:\/\/www.visit-ulcinj.com\/blog\/author\/admin\/\"}]}<\/script>\n<!-- \/ Yoast SEO plugin. -->","yoast_head_json":{"title":"\u201cVdekja e nj\u00eb mbret\u00ebreshe\u201d n\u00eb Kalan\u00eb e Shasit - Lajme nga Ulqini","description":"Prishtin\u00eb, 14 maj \u2013 Kalaja e qytetit t\u00eb lasht\u00eb t\u00eb Shasit, afro 30 kilometra larg Ulqinit, do t\u00eb jet\u00eb nikoqire e monodram\u00ebs \u201cVdekja e nj\u00eb mbret\u00ebreshe\u201d, me","robots":{"index":"index","follow":"follow","max-snippet":"max-snippet:-1","max-image-preview":"max-image-preview:large","max-video-preview":"max-video-preview:-1"},"canonical":"https:\/\/www.visit-ulcinj.com\/blog\/2010\/05\/15\/\u201cvdekja-e-nje-mbretereshe\u201d-ne-kalane-e-shasit\/","og_locale":"en_US","og_type":"article","og_title":"\u201cVdekja e nj\u00eb mbret\u00ebreshe\u201d n\u00eb Kalan\u00eb e Shasit - Lajme nga Ulqini","og_description":"Prishtin\u00eb, 14 maj \u2013 Kalaja e qytetit t\u00eb lasht\u00eb t\u00eb Shasit, afro 30 kilometra larg Ulqinit, do t\u00eb jet\u00eb nikoqire e monodram\u00ebs \u201cVdekja e nj\u00eb mbret\u00ebreshe\u201d, me","og_url":"https:\/\/www.visit-ulcinj.com\/blog\/2010\/05\/15\/\u201cvdekja-e-nje-mbretereshe\u201d-ne-kalane-e-shasit\/","og_site_name":"Lajme nga Ulqini","article_published_time":"2010-05-15T17:18:25+00:00","twitter_misc":{"Written by":"ulqini","Est. reading time":"2 minutes"},"schema":{"@context":"https:\/\/schema.org","@graph":[{"@type":"WebSite","@id":"https:\/\/www.visit-ulcinj.com\/blog\/#website","url":"https:\/\/www.visit-ulcinj.com\/blog\/","name":"Lajme nga Ulqini","description":"Lajme,Vijesti,Ulqini,Ulqin,Crna Gora,Mali i Zi","potentialAction":[{"@type":"SearchAction","target":{"@type":"EntryPoint","urlTemplate":"https:\/\/www.visit-ulcinj.com\/blog\/?s={search_term_string}"},"query-input":"required name=search_term_string"}],"inLanguage":"en-US"},{"@type":"WebPage","@id":"https:\/\/www.visit-ulcinj.com\/blog\/2010\/05\/15\/%e2%80%9cvdekja-e-nje-mbretereshe%e2%80%9d-ne-kalane-e-shasit\/#webpage","url":"https:\/\/www.visit-ulcinj.com\/blog\/2010\/05\/15\/%e2%80%9cvdekja-e-nje-mbretereshe%e2%80%9d-ne-kalane-e-shasit\/","name":"\u201cVdekja e nj\u00eb mbret\u00ebreshe\u201d n\u00eb Kalan\u00eb e Shasit - Lajme nga Ulqini","isPartOf":{"@id":"https:\/\/www.visit-ulcinj.com\/blog\/#website"},"datePublished":"2010-05-15T17:18:25+00:00","dateModified":"2010-05-15T17:18:25+00:00","author":{"@id":"https:\/\/www.visit-ulcinj.com\/blog\/#\/schema\/person\/dcab619c614d3038751c63bc2aadc06d"},"description":"Prishtin\u00eb, 14 maj \u2013 Kalaja e qytetit t\u00eb lasht\u00eb t\u00eb Shasit, afro 30 kilometra larg Ulqinit, do t\u00eb jet\u00eb nikoqire e monodram\u00ebs \u201cVdekja e nj\u00eb mbret\u00ebreshe\u201d, me","breadcrumb":{"@id":"https:\/\/www.visit-ulcinj.com\/blog\/2010\/05\/15\/%e2%80%9cvdekja-e-nje-mbretereshe%e2%80%9d-ne-kalane-e-shasit\/#breadcrumb"},"inLanguage":"en-US","potentialAction":[{"@type":"ReadAction","target":["https:\/\/www.visit-ulcinj.com\/blog\/2010\/05\/15\/%e2%80%9cvdekja-e-nje-mbretereshe%e2%80%9d-ne-kalane-e-shasit\/"]}]},{"@type":"BreadcrumbList","@id":"https:\/\/www.visit-ulcinj.com\/blog\/2010\/05\/15\/%e2%80%9cvdekja-e-nje-mbretereshe%e2%80%9d-ne-kalane-e-shasit\/#breadcrumb","itemListElement":[{"@type":"ListItem","position":1,"name":"\u201cVdekja e nj\u00eb mbret\u00ebreshe\u201d n\u00eb Kalan\u00eb e Shasit"}]},{"@type":"Person","@id":"https:\/\/www.visit-ulcinj.com\/blog\/#\/schema\/person\/dcab619c614d3038751c63bc2aadc06d","name":"ulqini","sameAs":["http:\/\/www.visit-ulcinj.com"],"url":"https:\/\/www.visit-ulcinj.com\/blog\/author\/admin\/"}]}},"jetpack_featured_media_url":"","jetpack_sharing_enabled":true,"jetpack_shortlink":"https:\/\/wp.me\/pe6lTn-8Fl","_links":{"self":[{"href":"https:\/\/www.visit-ulcinj.com\/blog\/wp-json\/wp\/v2\/posts\/33315"}],"collection":[{"href":"https:\/\/www.visit-ulcinj.com\/blog\/wp-json\/wp\/v2\/posts"}],"about":[{"href":"https:\/\/www.visit-ulcinj.com\/blog\/wp-json\/wp\/v2\/types\/post"}],"author":[{"embeddable":true,"href":"https:\/\/www.visit-ulcinj.com\/blog\/wp-json\/wp\/v2\/users\/1"}],"replies":[{"embeddable":true,"href":"https:\/\/www.visit-ulcinj.com\/blog\/wp-json\/wp\/v2\/comments?post=33315"}],"version-history":[{"count":0,"href":"https:\/\/www.visit-ulcinj.com\/blog\/wp-json\/wp\/v2\/posts\/33315\/revisions"}],"wp:attachment":[{"href":"https:\/\/www.visit-ulcinj.com\/blog\/wp-json\/wp\/v2\/media?parent=33315"}],"wp:term":[{"taxonomy":"category","embeddable":true,"href":"https:\/\/www.visit-ulcinj.com\/blog\/wp-json\/wp\/v2\/categories?post=33315"},{"taxonomy":"post_tag","embeddable":true,"href":"https:\/\/www.visit-ulcinj.com\/blog\/wp-json\/wp\/v2\/tags?post=33315"}],"curies":[{"name":"wp","href":"https:\/\/api.w.org\/{rel}","templated":true}]}}