{"id":33334,"date":"2010-05-16T16:55:22","date_gmt":"2010-05-16T14:55:22","guid":{"rendered":"http:\/\/www.visit-ulcinj.com\/blog\/?p=33334"},"modified":"2010-05-24T00:46:14","modified_gmt":"2010-05-23T22:46:14","slug":"cungu-forca-ka-pergaditur-programin-per-zhvillimin-e-komunes-se-ulqinit","status":"publish","type":"post","link":"https:\/\/www.visit-ulcinj.com\/blog\/2010\/05\/16\/cungu-forca-ka-pergaditur-programin-per-zhvillimin-e-komunes-se-ulqinit\/","title":{"rendered":"Cungu: Forca ka p\u00ebrgaditur programin p\u00ebr zhvillimin e komun\u00ebs s\u00eb ulqinit"},"content":{"rendered":"<p><a href=\"http:\/\/www.visit-ulcinj.com\/blog\/wp-content\/uploads\/2010\/05\/Nazif_Cungu_Forca_Ulqin_Mali-i-Zi.jpg\"><img loading=\"lazy\" class=\"alignleft size-full wp-image-33335\" title=\"Nazif_Cungu_Forca_Ulqin_Mali i Zi\" src=\"http:\/\/www.visit-ulcinj.com\/blog\/wp-content\/uploads\/2010\/05\/Nazif_Cungu_Forca_Ulqin_Mali-i-Zi.jpg\" alt=\"Nazif_Cungu_Forca_Ulqin_Mali i Zi\" width=\"490\" height=\"620\" \/><\/a>Jemi shum\u00eb\u00a0 t\u00eb knaqun q\u00eb populli jon\u00eb e ka kuptuar se nuk duhet t\u00eb votohen m\u00eb partit politike q\u00eb b\u00ebjn\u00eb vet\u00ebm premtime, por ato t\u00eb cilat kan\u00eb program.<\/p>\n<p>Vet\u00ebm forca ka p\u00ebrgaditur programin p\u00ebr zhvillimin e komun\u00ebs s\u00eb ulqinit.<\/p>\n<p>N\u00eb baz\u00eb\u00a0 t\u00eb analizave t\u00eb deritashme forca e merr vet pushtetin.<\/p>\n<p>Kur p\u00ebrmendet forca at\u00ebher mendohet vet\u00ebm n\u00eb fitore.<\/p>\n<p>Konkurent\u00ebt ton\u00eb dhe kund\u00ebrshtar\u00ebt ton\u00eb politik spekulojn\u00a0 se forca do t\u00eb b\u00ebj\u00eb koalicion me ppd dhe\u00a0 lidhjen demokratike,t\u00eb\u00a0 tjer\u00ebt spekulojn se do t\u00eb b\u00ebjm\u00eb koalicion me\u00a0 dps apo me snp, t\u00eb tret\u00ebt spekulojn se do t\u00eb b\u00ebjm\u00eb koalicion me sdp dhe perspektiv.<\/p>\n<p>Jemi t\u00eb\u00a0 bindun se forca do t\u00eb fitoj\u00eb shumic\u00ebn apsolute dhe vet do\u00a0 t\u00eb formoi pushtetin lokal<\/p>\n<p>Prandaj\u00a0 nuk mendojm\u00eb p\u00ebr koalicionet e ardh\u00ebshme.<\/p>\n<p>Atyre q\u00eb\u00a0 jan\u00eb t\u00eb gatsh\u00ebm t\u00eb pranojn programin e forc\u00ebs iu porosisim se jemi t\u00eb hapur p\u00ebr bashk\u00ebpunim.<\/p>\n<p>Ulqin. 15.05.10<\/p>\n<p><strong>Nazif Cungu<br \/>\n<\/strong><!--YouTube Error: bad URL entered--><\/p>\n","protected":false},"excerpt":{"rendered":"<p>Jemi shum\u00eb\u00a0 t\u00eb knaqun q\u00eb populli jon\u00eb e ka kuptuar se nuk duhet t\u00eb votohen m\u00eb partit politike q\u00eb b\u00ebjn\u00eb vet\u00ebm premtime, por ato t\u00eb cilat kan\u00eb program. Vet\u00ebm forca ka p\u00ebrgaditur programin p\u00ebr zhvillimin e komun\u00ebs s\u00eb ulqinit. N\u00eb baz\u00eb\u00a0 t\u00eb analizave t\u00eb deritashme forca e merr vet pushtetin. Kur p\u00ebrmendet forca at\u00ebher mendohet [&hellip;]<\/p>\n","protected":false},"author":1,"featured_media":0,"comment_status":"open","ping_status":"closed","sticky":false,"template":"","format":"standard","meta":{"spay_email":"","jetpack_publicize_message":"","jetpack_is_tweetstorm":false,"jetpack_publicize_feature_enabled":true},"categories":[6],"tags":[5148,672,118],"jetpack_publicize_connections":[],"yoast_head":"<!-- This site is optimized with the Yoast SEO plugin v19.1 - https:\/\/yoast.com\/wordpress\/plugins\/seo\/ -->\n<title>Cungu: Forca ka p\u00ebrgaditur programin p\u00ebr zhvillimin e komun\u00ebs s\u00eb ulqinit - Lajme nga Ulqini<\/title>\n<meta name=\"description\" content=\"Jemi shum\u00eb\u00a0 t\u00eb knaqun q\u00eb populli jon\u00eb e ka kuptuar se nuk duhet t\u00eb votohen m\u00eb partit politike q\u00eb b\u00ebjn\u00eb vet\u00ebm premtime, por ato t\u00eb cilat kan\u00eb program.\" \/>\n<meta name=\"robots\" content=\"index, follow, max-snippet:-1, max-image-preview:large, max-video-preview:-1\" \/>\n<link rel=\"canonical\" href=\"https:\/\/www.visit-ulcinj.com\/blog\/2010\/05\/16\/cungu-forca-ka-pergaditur-programin-per-zhvillimin-e-komunes-se-ulqinit\/\" \/>\n<meta property=\"og:locale\" content=\"en_US\" \/>\n<meta property=\"og:type\" content=\"article\" \/>\n<meta property=\"og:title\" content=\"Cungu: Forca ka p\u00ebrgaditur programin p\u00ebr zhvillimin e komun\u00ebs s\u00eb ulqinit - Lajme nga Ulqini\" \/>\n<meta property=\"og:description\" content=\"Jemi shum\u00eb\u00a0 t\u00eb knaqun q\u00eb populli jon\u00eb e ka kuptuar se nuk duhet t\u00eb votohen m\u00eb partit politike q\u00eb b\u00ebjn\u00eb vet\u00ebm premtime, por ato t\u00eb cilat kan\u00eb program.\" \/>\n<meta property=\"og:url\" content=\"https:\/\/www.visit-ulcinj.com\/blog\/2010\/05\/16\/cungu-forca-ka-pergaditur-programin-per-zhvillimin-e-komunes-se-ulqinit\/\" \/>\n<meta property=\"og:site_name\" content=\"Lajme nga Ulqini\" \/>\n<meta property=\"article:published_time\" content=\"2010-05-16T14:55:22+00:00\" \/>\n<meta property=\"article:modified_time\" content=\"2010-05-23T22:46:14+00:00\" \/>\n<meta property=\"og:image\" content=\"http:\/\/www.visit-ulcinj.com\/blog\/wp-content\/uploads\/2010\/05\/Nazif_Cungu_Forca_Ulqin_Mali-i-Zi.jpg\" \/>\n<meta name=\"twitter:label1\" content=\"Written by\" \/>\n\t<meta name=\"twitter:data1\" content=\"ulqini\" \/>\n\t<meta name=\"twitter:label2\" content=\"Est. reading time\" \/>\n\t<meta name=\"twitter:data2\" content=\"1 minute\" \/>\n<script type=\"application\/ld+json\" class=\"yoast-schema-graph\">{\"@context\":\"https:\/\/schema.org\",\"@graph\":[{\"@type\":\"WebSite\",\"@id\":\"https:\/\/www.visit-ulcinj.com\/blog\/#website\",\"url\":\"https:\/\/www.visit-ulcinj.com\/blog\/\",\"name\":\"Lajme nga Ulqini\",\"description\":\"Lajme,Vijesti,Ulqini,Ulqin,Crna Gora,Mali i Zi\",\"potentialAction\":[{\"@type\":\"SearchAction\",\"target\":{\"@type\":\"EntryPoint\",\"urlTemplate\":\"https:\/\/www.visit-ulcinj.com\/blog\/?s={search_term_string}\"},\"query-input\":\"required name=search_term_string\"}],\"inLanguage\":\"en-US\"},{\"@type\":\"ImageObject\",\"inLanguage\":\"en-US\",\"@id\":\"https:\/\/www.visit-ulcinj.com\/blog\/2010\/05\/16\/cungu-forca-ka-pergaditur-programin-per-zhvillimin-e-komunes-se-ulqinit\/#primaryimage\",\"url\":\"https:\/\/www.visit-ulcinj.com\/blog\/wp-content\/uploads\/2010\/05\/Nazif_Cungu_Forca_Ulqin_Mali-i-Zi.jpg\",\"contentUrl\":\"https:\/\/www.visit-ulcinj.com\/blog\/wp-content\/uploads\/2010\/05\/Nazif_Cungu_Forca_Ulqin_Mali-i-Zi.jpg\",\"width\":\"702\",\"height\":\"1024\"},{\"@type\":\"WebPage\",\"@id\":\"https:\/\/www.visit-ulcinj.com\/blog\/2010\/05\/16\/cungu-forca-ka-pergaditur-programin-per-zhvillimin-e-komunes-se-ulqinit\/#webpage\",\"url\":\"https:\/\/www.visit-ulcinj.com\/blog\/2010\/05\/16\/cungu-forca-ka-pergaditur-programin-per-zhvillimin-e-komunes-se-ulqinit\/\",\"name\":\"Cungu: Forca ka p\u00ebrgaditur programin p\u00ebr zhvillimin e komun\u00ebs s\u00eb ulqinit - Lajme nga Ulqini\",\"isPartOf\":{\"@id\":\"https:\/\/www.visit-ulcinj.com\/blog\/#website\"},\"primaryImageOfPage\":{\"@id\":\"https:\/\/www.visit-ulcinj.com\/blog\/2010\/05\/16\/cungu-forca-ka-pergaditur-programin-per-zhvillimin-e-komunes-se-ulqinit\/#primaryimage\"},\"datePublished\":\"2010-05-16T14:55:22+00:00\",\"dateModified\":\"2010-05-23T22:46:14+00:00\",\"author\":{\"@id\":\"https:\/\/www.visit-ulcinj.com\/blog\/#\/schema\/person\/dcab619c614d3038751c63bc2aadc06d\"},\"description\":\"Jemi shum\u00eb\u00a0 t\u00eb knaqun q\u00eb populli jon\u00eb e ka kuptuar se nuk duhet t\u00eb votohen m\u00eb partit politike q\u00eb b\u00ebjn\u00eb vet\u00ebm premtime, por ato t\u00eb cilat kan\u00eb program.\",\"breadcrumb\":{\"@id\":\"https:\/\/www.visit-ulcinj.com\/blog\/2010\/05\/16\/cungu-forca-ka-pergaditur-programin-per-zhvillimin-e-komunes-se-ulqinit\/#breadcrumb\"},\"inLanguage\":\"en-US\",\"potentialAction\":[{\"@type\":\"ReadAction\",\"target\":[\"https:\/\/www.visit-ulcinj.com\/blog\/2010\/05\/16\/cungu-forca-ka-pergaditur-programin-per-zhvillimin-e-komunes-se-ulqinit\/\"]}]},{\"@type\":\"BreadcrumbList\",\"@id\":\"https:\/\/www.visit-ulcinj.com\/blog\/2010\/05\/16\/cungu-forca-ka-pergaditur-programin-per-zhvillimin-e-komunes-se-ulqinit\/#breadcrumb\",\"itemListElement\":[{\"@type\":\"ListItem\",\"position\":1,\"name\":\"Cungu: Forca ka p\u00ebrgaditur programin p\u00ebr zhvillimin e komun\u00ebs s\u00eb ulqinit\"}]},{\"@type\":\"Person\",\"@id\":\"https:\/\/www.visit-ulcinj.com\/blog\/#\/schema\/person\/dcab619c614d3038751c63bc2aadc06d\",\"name\":\"ulqini\",\"sameAs\":[\"http:\/\/www.visit-ulcinj.com\"],\"url\":\"https:\/\/www.visit-ulcinj.com\/blog\/author\/admin\/\"}]}<\/script>\n<!-- \/ Yoast SEO plugin. -->","yoast_head_json":{"title":"Cungu: Forca ka p\u00ebrgaditur programin p\u00ebr zhvillimin e komun\u00ebs s\u00eb ulqinit - Lajme nga Ulqini","description":"Jemi shum\u00eb\u00a0 t\u00eb knaqun q\u00eb populli jon\u00eb e ka kuptuar se nuk duhet t\u00eb votohen m\u00eb partit politike q\u00eb b\u00ebjn\u00eb vet\u00ebm premtime, por ato t\u00eb cilat kan\u00eb program.","robots":{"index":"index","follow":"follow","max-snippet":"max-snippet:-1","max-image-preview":"max-image-preview:large","max-video-preview":"max-video-preview:-1"},"canonical":"https:\/\/www.visit-ulcinj.com\/blog\/2010\/05\/16\/cungu-forca-ka-pergaditur-programin-per-zhvillimin-e-komunes-se-ulqinit\/","og_locale":"en_US","og_type":"article","og_title":"Cungu: Forca ka p\u00ebrgaditur programin p\u00ebr zhvillimin e komun\u00ebs s\u00eb ulqinit - Lajme nga Ulqini","og_description":"Jemi shum\u00eb\u00a0 t\u00eb knaqun q\u00eb populli jon\u00eb e ka kuptuar se nuk duhet t\u00eb votohen m\u00eb partit politike q\u00eb b\u00ebjn\u00eb vet\u00ebm premtime, por ato t\u00eb cilat kan\u00eb program.","og_url":"https:\/\/www.visit-ulcinj.com\/blog\/2010\/05\/16\/cungu-forca-ka-pergaditur-programin-per-zhvillimin-e-komunes-se-ulqinit\/","og_site_name":"Lajme nga Ulqini","article_published_time":"2010-05-16T14:55:22+00:00","article_modified_time":"2010-05-23T22:46:14+00:00","og_image":[{"url":"http:\/\/www.visit-ulcinj.com\/blog\/wp-content\/uploads\/2010\/05\/Nazif_Cungu_Forca_Ulqin_Mali-i-Zi.jpg"}],"twitter_misc":{"Written by":"ulqini","Est. reading time":"1 minute"},"schema":{"@context":"https:\/\/schema.org","@graph":[{"@type":"WebSite","@id":"https:\/\/www.visit-ulcinj.com\/blog\/#website","url":"https:\/\/www.visit-ulcinj.com\/blog\/","name":"Lajme nga Ulqini","description":"Lajme,Vijesti,Ulqini,Ulqin,Crna Gora,Mali i Zi","potentialAction":[{"@type":"SearchAction","target":{"@type":"EntryPoint","urlTemplate":"https:\/\/www.visit-ulcinj.com\/blog\/?s={search_term_string}"},"query-input":"required name=search_term_string"}],"inLanguage":"en-US"},{"@type":"ImageObject","inLanguage":"en-US","@id":"https:\/\/www.visit-ulcinj.com\/blog\/2010\/05\/16\/cungu-forca-ka-pergaditur-programin-per-zhvillimin-e-komunes-se-ulqinit\/#primaryimage","url":"https:\/\/www.visit-ulcinj.com\/blog\/wp-content\/uploads\/2010\/05\/Nazif_Cungu_Forca_Ulqin_Mali-i-Zi.jpg","contentUrl":"https:\/\/www.visit-ulcinj.com\/blog\/wp-content\/uploads\/2010\/05\/Nazif_Cungu_Forca_Ulqin_Mali-i-Zi.jpg","width":"702","height":"1024"},{"@type":"WebPage","@id":"https:\/\/www.visit-ulcinj.com\/blog\/2010\/05\/16\/cungu-forca-ka-pergaditur-programin-per-zhvillimin-e-komunes-se-ulqinit\/#webpage","url":"https:\/\/www.visit-ulcinj.com\/blog\/2010\/05\/16\/cungu-forca-ka-pergaditur-programin-per-zhvillimin-e-komunes-se-ulqinit\/","name":"Cungu: Forca ka p\u00ebrgaditur programin p\u00ebr zhvillimin e komun\u00ebs s\u00eb ulqinit - Lajme nga Ulqini","isPartOf":{"@id":"https:\/\/www.visit-ulcinj.com\/blog\/#website"},"primaryImageOfPage":{"@id":"https:\/\/www.visit-ulcinj.com\/blog\/2010\/05\/16\/cungu-forca-ka-pergaditur-programin-per-zhvillimin-e-komunes-se-ulqinit\/#primaryimage"},"datePublished":"2010-05-16T14:55:22+00:00","dateModified":"2010-05-23T22:46:14+00:00","author":{"@id":"https:\/\/www.visit-ulcinj.com\/blog\/#\/schema\/person\/dcab619c614d3038751c63bc2aadc06d"},"description":"Jemi shum\u00eb\u00a0 t\u00eb knaqun q\u00eb populli jon\u00eb e ka kuptuar se nuk duhet t\u00eb votohen m\u00eb partit politike q\u00eb b\u00ebjn\u00eb vet\u00ebm premtime, por ato t\u00eb cilat kan\u00eb program.","breadcrumb":{"@id":"https:\/\/www.visit-ulcinj.com\/blog\/2010\/05\/16\/cungu-forca-ka-pergaditur-programin-per-zhvillimin-e-komunes-se-ulqinit\/#breadcrumb"},"inLanguage":"en-US","potentialAction":[{"@type":"ReadAction","target":["https:\/\/www.visit-ulcinj.com\/blog\/2010\/05\/16\/cungu-forca-ka-pergaditur-programin-per-zhvillimin-e-komunes-se-ulqinit\/"]}]},{"@type":"BreadcrumbList","@id":"https:\/\/www.visit-ulcinj.com\/blog\/2010\/05\/16\/cungu-forca-ka-pergaditur-programin-per-zhvillimin-e-komunes-se-ulqinit\/#breadcrumb","itemListElement":[{"@type":"ListItem","position":1,"name":"Cungu: Forca ka p\u00ebrgaditur programin p\u00ebr zhvillimin e komun\u00ebs s\u00eb ulqinit"}]},{"@type":"Person","@id":"https:\/\/www.visit-ulcinj.com\/blog\/#\/schema\/person\/dcab619c614d3038751c63bc2aadc06d","name":"ulqini","sameAs":["http:\/\/www.visit-ulcinj.com"],"url":"https:\/\/www.visit-ulcinj.com\/blog\/author\/admin\/"}]}},"jetpack_featured_media_url":"","jetpack_sharing_enabled":true,"jetpack_shortlink":"https:\/\/wp.me\/pe6lTn-8FE","_links":{"self":[{"href":"https:\/\/www.visit-ulcinj.com\/blog\/wp-json\/wp\/v2\/posts\/33334"}],"collection":[{"href":"https:\/\/www.visit-ulcinj.com\/blog\/wp-json\/wp\/v2\/posts"}],"about":[{"href":"https:\/\/www.visit-ulcinj.com\/blog\/wp-json\/wp\/v2\/types\/post"}],"author":[{"embeddable":true,"href":"https:\/\/www.visit-ulcinj.com\/blog\/wp-json\/wp\/v2\/users\/1"}],"replies":[{"embeddable":true,"href":"https:\/\/www.visit-ulcinj.com\/blog\/wp-json\/wp\/v2\/comments?post=33334"}],"version-history":[{"count":0,"href":"https:\/\/www.visit-ulcinj.com\/blog\/wp-json\/wp\/v2\/posts\/33334\/revisions"}],"wp:attachment":[{"href":"https:\/\/www.visit-ulcinj.com\/blog\/wp-json\/wp\/v2\/media?parent=33334"}],"wp:term":[{"taxonomy":"category","embeddable":true,"href":"https:\/\/www.visit-ulcinj.com\/blog\/wp-json\/wp\/v2\/categories?post=33334"},{"taxonomy":"post_tag","embeddable":true,"href":"https:\/\/www.visit-ulcinj.com\/blog\/wp-json\/wp\/v2\/tags?post=33334"}],"curies":[{"name":"wp","href":"https:\/\/api.w.org\/{rel}","templated":true}]}}