{"id":33354,"date":"2010-05-16T22:03:50","date_gmt":"2010-05-16T20:03:50","guid":{"rendered":"http:\/\/www.visit-ulcinj.com\/blog\/?p=33354"},"modified":"2010-05-16T22:05:37","modified_gmt":"2010-05-16T20:05:37","slug":"ingrit-gjoni-ana-e-panjohur-e-kengetares","status":"publish","type":"post","link":"https:\/\/www.visit-ulcinj.com\/blog\/2010\/05\/16\/ingrit-gjoni-ana-e-panjohur-e-kengetares\/","title":{"rendered":"Ingrit Gjoni, ana e panjohur e kengetares"},"content":{"rendered":"<p><a href=\"http:\/\/www.visit-ulcinj.com\/blog\/wp-content\/uploads\/2010\/05\/Ingrid-Gjoni.1.jpg\"><img loading=\"lazy\" class=\"alignleft size-full wp-image-33355\" title=\"Ingrid Gjoni.1\" src=\"http:\/\/www.visit-ulcinj.com\/blog\/wp-content\/uploads\/2010\/05\/Ingrid-Gjoni.1.jpg\" alt=\"Ingrid Gjoni.1\" width=\"490\" height=\"347\" \/><\/a>Mund t\u00eb quhet me plot goj\u00eb vajza e kopertinave pasi ka qen\u00eb aq shum\u00eb prezente aty sa nuk mund t\u00eb num\u00ebrohen. Kjo, pasi Ingrit Gjoni ka ditur t\u00eb nd\u00ebrthur\u00eb bukur pasionin e saj t\u00eb hersh\u00ebm p\u00ebr modelen me at\u00eb t\u00eb k\u00ebng\u00ebtares. Kjo \u00ebsht\u00eb dhe arsyeja pse Ingridi para nj\u00eb aparati fotografik, ndjehet shum\u00eb rehat dhe krijon me t\u00eb nj\u00eb marr\u00ebdh\u00ebnie shum\u00eb t\u00eb ngroht\u00eb. E takuam pak dit\u00eb m\u00eb par\u00eb n\u00eb kompleksin \u201cEklips\u201d tek rruga e Elbasanit teksa po relaksohej n\u00eb pishin\u00eb s\u00eb bashku me mbes\u00ebn e saj dhe ndam\u00eb disa minuta me t\u00eb p\u00ebr t\u00eb m\u00ebsuar m\u00eb shum\u00eb rreth planeve artistike n\u00eb k\u00ebt\u00eb prag vere dhe p\u00ebr t\u00eb tjera pasione jasht\u00eb fush\u00ebs s\u00eb k\u00ebng\u00ebs.<\/p>\n<p><strong>Nj\u00eb klip super sensual p\u00ebr ver\u00ebn<\/strong><\/p>\n<p>Ka b\u00ebr\u00eb shum\u00eb k\u00ebng\u00eb dhe ka preferuar q\u00eb pothuajse t\u00eb gjitha t\u2019i shoq\u00ebroj\u00eb me klipe. Natyrisht elementet sensuale nuk kan\u00eb munguar asnj\u00ebher\u00eb. Mjafton t\u00eb kujtojm\u00eb klipet e k\u00ebng\u00ebve si \u201cTani jemi jek e jek\u201d, \u201cNj\u00ebri-tjetrit\u201d, etj, p\u00ebr t\u00eb sjell\u00eb n\u00eb kujtes\u00eb k\u00ebng\u00ebtaren, e cila n\u00eb \u00e7do klip sjell krahas t\u00eb tjerave edhe fabula mjaft interesante. Edhe k\u00ebsaj here Ingridi ka menduar di\u00e7ka t\u00eb till\u00eb. Me muzik\u00eb t\u00eb Flori Mumajesit, tashm\u00eb n\u00eb studio \u00ebsht\u00eb duke p\u00ebrfunduar k\u00ebnga e fundit e titulluar \u201cM\u00eb fal\u201d, klipi i s\u00eb cil\u00ebs do t\u00eb realizohet shum\u00eb shpejt n\u00eb Sarand\u00eb. P\u00ebr k\u00ebt\u00eb klip Ingridi ka menduar detaje shum\u00eb interesante dhe mbi t\u00eb gjitha shum\u00eb personazhe. Nd\u00ebrkoh\u00eb pak jav\u00eb m\u00eb par\u00eb ajo ka p\u00ebrmbledhur n\u00eb nj\u00eb album k\u00ebng\u00ebt e saj, t\u00eb titulluar \u201cEkstrem\u201d. Tashm\u00eb bashk\u00ebpunimet e saj m\u00eb t\u00eb shpeshta jan\u00eb me Florin, i cili ka b\u00ebr\u00eb p\u00ebr Ingridin tet\u00eb k\u00ebng\u00eb, me nj\u00eb stil shum\u00eb ritmik q\u00eb kapen menj\u00ebher\u00eb nga t\u00eb gjith\u00eb dhe b\u00ebhen hite.<\/p>\n<p><strong>Nj\u00eb program strikt p\u00ebr linjat<\/strong><\/p>\n<p>Meqen\u00ebse vera do t\u00eb jet\u00eb shum\u00eb e ngarkuar p\u00ebr Ingridin me koncerte brenda dhe jasht\u00eb Shqip\u00ebris\u00eb, k\u00ebto dit\u00eb q\u00eb q\u00ebndron n\u00eb Tiran\u00eb ajo po i n\u00ebnshtrohet nj\u00eb programi strikt p\u00ebr linjat dhe mir\u00ebq\u00ebnien. Krahas vrapit nga liqeni, ajo b\u00ebn p\u00ebr dit\u00eb not dhe ushtrime n\u00eb natyr\u00eb. Gjithashtu ka vendosur regjim n\u00eb t\u00eb ushqyer duke p\u00ebrdorur vet\u00ebm ushqime t\u00eb sh\u00ebndetshme. Duket qart\u00eb edhe nga fotot q\u00eb ne i realizuam n\u00eb pishin\u00eb q\u00eb gjith\u00e7ka e b\u00ebr\u00eb ka dh\u00ebn\u00eb rezultatet e saj pasi Ingridi ka arritur t\u00eb p\u00ebrftoj\u00eb linja shum\u00eb t\u00eb mira. K\u00ebshtu do t\u00eb jet\u00eb gati p\u00ebr klipni e ri tek i cili me siguri do t\u00eb shfaqet me rroba banjo si dhe p\u00ebr koncertet e ndryshme q\u00eb e presin si n\u00eb Zvic\u00ebr, Itali, Gjermani, Norvegji pa harruar dhe diskotekat n\u00eb t\u00eb gjith\u00eb bregdetin shqiptar.<\/p>\n<p><strong>N\u00eb sht\u00ebpin\u00eb q\u00eb e mobilon \u00e7do vit<\/strong><\/p>\n<p>Duket e \u00e7uditshme, por \u00ebsht\u00eb e v\u00ebrtet\u00eb. Ingridi, e cila posedon nj\u00eb sht\u00ebpi t\u00eb saj\u00ebn q\u00eb kur ka qen\u00eb adoleshente si dhurat\u00eb nga prind\u00ebrit, ka mund\u00ebsi q\u00eb n\u00eb at\u00eb ambient t\u00eb materialzoj\u00eb gjith\u00eb fantazin\u00eb dhe d\u00ebshirat e saj. Mir\u00ebpo ka nj\u00eb problem, sepse sa kalon nj\u00eb vit ajo ndryshon gjith\u00e7ka sepse i m\u00ebrziten. Ne pat\u00ebm mund\u00ebsi q\u00eb t\u00eb vizitonim sht\u00ebpin\u00eb e saj dhe ta fotografonim at\u00eb n\u00eb ambientet e k\u00ebsaj sht\u00ebpie. Gjith\u00e7ka aty ishte e mobiluar bukur dhe me shije. K\u00ebsaj here k\u00ebng\u00ebtarja ka preferuar kombinimet e gris\u00eb me t\u00eb zez\u00ebn dhe t\u00eb bardh\u00ebn n\u00eb t\u00eb gjith\u00eb ambientet e sht\u00ebpis\u00eb. Por gjat\u00eb k\u00ebsaj vizite ne m\u00ebsuam edhe p\u00ebr nj\u00eb tjet\u00ebr pasion t\u00eb madh t\u00eb Ingridit, at\u00eb p\u00ebr gatimin. Teksa i shikon n\u00eb sken\u00eb vajzat si Ingridi as q\u00eb mund ta imagjinosh n\u00eb ambientet e kuzhin\u00ebs. Por nj\u00eb nga pasionet e saj \u00ebsht\u00eb pik\u00ebrisht edhe gatimi. P\u00ebr miqt\u00eb e saj, t\u00eb cil\u00ebt ajo i fton sa her\u00eb \u00ebsht\u00eb n\u00eb Tiran\u00eb, gatuan m\u00eb s\u00eb shumti peshk dhe sallata t\u00eb ndryshme, natyrisht pa harruar ver\u00ebn e mir\u00eb.<\/p>\n<p><strong>E apasionuar pas politik\u00ebs<\/strong><\/p>\n<p>Edhe pse udh\u00ebton pjes\u00ebn m\u00eb t\u00eb madhe t\u00eb koh\u00ebs, nuk harron t\u00eb hap\u00eb internetin kudo q\u00eb ndodhet p\u00ebr t\u00eb m\u00ebsuar t\u00eb rejat m\u00eb t\u00eb fundit sidomos nga politika. Ingridi tregon se \u00ebsht\u00eb shum\u00eb e apasionuar pas saj dhe familjarisht jan\u00eb t\u00eb djatht\u00eb. Ajo rr\u00ebfen se gjithmon\u00eb ka votuar p\u00ebr Partin\u00eb Demokratike dhe e adhuron k\u00ebt\u00eb forc\u00eb politike dhe kryetarin e saj Berisha. Madje, me rastin e ngjarjeve t\u00eb fundit politike si\u00e7 \u00ebsht\u00eb edhe greva e socialist\u00ebve ajo \u00ebsht\u00eb prononcuar edh\u00eb n\u00eb media se \u00ebsht\u00eb kund\u00ebr k\u00ebsaj greve. A thua edhe ajo si mikja e saj \u00c7iljeta, mund t\u00eb p\u00ebrfishiehet nj\u00eb dit\u00eb n\u00eb politik\u00eb?<\/p>\n<p><strong>Panorama Plus<br \/>\n<br \/>\n<!--YouTube Error: bad URL entered--><br \/>\n<\/strong><\/p>\n","protected":false},"excerpt":{"rendered":"<p>Mund t\u00eb quhet me plot goj\u00eb vajza e kopertinave pasi ka qen\u00eb aq shum\u00eb prezente aty sa nuk mund t\u00eb num\u00ebrohen. Kjo, pasi Ingrit Gjoni ka ditur t\u00eb nd\u00ebrthur\u00eb bukur pasionin e saj t\u00eb hersh\u00ebm p\u00ebr modelen me at\u00eb t\u00eb k\u00ebng\u00ebtares. Kjo \u00ebsht\u00eb dhe arsyeja pse Ingridi para nj\u00eb aparati fotografik, ndjehet shum\u00eb rehat dhe [&hellip;]<\/p>\n","protected":false},"author":1,"featured_media":0,"comment_status":"open","ping_status":"closed","sticky":false,"template":"","format":"standard","meta":{"spay_email":"","jetpack_publicize_message":"","jetpack_is_tweetstorm":false,"jetpack_publicize_feature_enabled":true},"categories":[1],"tags":[14300],"jetpack_publicize_connections":[],"yoast_head":"<!-- This site is optimized with the Yoast SEO plugin v19.1 - https:\/\/yoast.com\/wordpress\/plugins\/seo\/ -->\n<title>Ingrit Gjoni, ana e panjohur e kengetares - Lajme nga Ulqini<\/title>\n<meta name=\"description\" content=\"Mund t\u00eb quhet me plot goj\u00eb vajza e kopertinave pasi ka qen\u00eb aq shum\u00eb prezente aty sa nuk mund t\u00eb num\u00ebrohen. Kjo, pasi Ingrit Gjoni ka ditur t\u00eb nd\u00ebrthur\u00eb\" \/>\n<meta name=\"robots\" content=\"index, follow, max-snippet:-1, max-image-preview:large, max-video-preview:-1\" \/>\n<link rel=\"canonical\" href=\"https:\/\/www.visit-ulcinj.com\/blog\/2010\/05\/16\/ingrit-gjoni-ana-e-panjohur-e-kengetares\/\" \/>\n<meta property=\"og:locale\" content=\"en_US\" \/>\n<meta property=\"og:type\" content=\"article\" \/>\n<meta property=\"og:title\" content=\"Ingrit Gjoni, ana e panjohur e kengetares - Lajme nga Ulqini\" \/>\n<meta property=\"og:description\" content=\"Mund t\u00eb quhet me plot goj\u00eb vajza e kopertinave pasi ka qen\u00eb aq shum\u00eb prezente aty sa nuk mund t\u00eb num\u00ebrohen. Kjo, pasi Ingrit Gjoni ka ditur t\u00eb nd\u00ebrthur\u00eb\" \/>\n<meta property=\"og:url\" content=\"https:\/\/www.visit-ulcinj.com\/blog\/2010\/05\/16\/ingrit-gjoni-ana-e-panjohur-e-kengetares\/\" \/>\n<meta property=\"og:site_name\" content=\"Lajme nga Ulqini\" \/>\n<meta property=\"article:published_time\" content=\"2010-05-16T20:03:50+00:00\" \/>\n<meta property=\"article:modified_time\" content=\"2010-05-16T20:05:37+00:00\" \/>\n<meta property=\"og:image\" content=\"https:\/\/www.visit-ulcinj.com\/blog\/wp-content\/uploads\/2010\/05\/Ingrid-Gjoni.1-150x150.jpg\" \/>\n<meta name=\"twitter:label1\" content=\"Written by\" \/>\n\t<meta name=\"twitter:data1\" content=\"ulqini\" \/>\n\t<meta name=\"twitter:label2\" content=\"Est. reading time\" \/>\n\t<meta name=\"twitter:data2\" content=\"4 minutes\" \/>\n<script type=\"application\/ld+json\" class=\"yoast-schema-graph\">{\"@context\":\"https:\/\/schema.org\",\"@graph\":[{\"@type\":\"WebSite\",\"@id\":\"https:\/\/www.visit-ulcinj.com\/blog\/#website\",\"url\":\"https:\/\/www.visit-ulcinj.com\/blog\/\",\"name\":\"Lajme nga Ulqini\",\"description\":\"Lajme,Vijesti,Ulqini,Ulqin,Crna Gora,Mali i Zi\",\"potentialAction\":[{\"@type\":\"SearchAction\",\"target\":{\"@type\":\"EntryPoint\",\"urlTemplate\":\"https:\/\/www.visit-ulcinj.com\/blog\/?s={search_term_string}\"},\"query-input\":\"required name=search_term_string\"}],\"inLanguage\":\"en-US\"},{\"@type\":\"ImageObject\",\"inLanguage\":\"en-US\",\"@id\":\"https:\/\/www.visit-ulcinj.com\/blog\/2010\/05\/16\/ingrit-gjoni-ana-e-panjohur-e-kengetares\/#primaryimage\",\"url\":\"http:\/\/www.visit-ulcinj.com\/blog\/wp-content\/uploads\/2010\/05\/Ingrid-Gjoni.1.jpg\",\"contentUrl\":\"http:\/\/www.visit-ulcinj.com\/blog\/wp-content\/uploads\/2010\/05\/Ingrid-Gjoni.1.jpg\"},{\"@type\":\"WebPage\",\"@id\":\"https:\/\/www.visit-ulcinj.com\/blog\/2010\/05\/16\/ingrit-gjoni-ana-e-panjohur-e-kengetares\/#webpage\",\"url\":\"https:\/\/www.visit-ulcinj.com\/blog\/2010\/05\/16\/ingrit-gjoni-ana-e-panjohur-e-kengetares\/\",\"name\":\"Ingrit Gjoni, ana e panjohur e kengetares - Lajme nga Ulqini\",\"isPartOf\":{\"@id\":\"https:\/\/www.visit-ulcinj.com\/blog\/#website\"},\"primaryImageOfPage\":{\"@id\":\"https:\/\/www.visit-ulcinj.com\/blog\/2010\/05\/16\/ingrit-gjoni-ana-e-panjohur-e-kengetares\/#primaryimage\"},\"datePublished\":\"2010-05-16T20:03:50+00:00\",\"dateModified\":\"2010-05-16T20:05:37+00:00\",\"author\":{\"@id\":\"https:\/\/www.visit-ulcinj.com\/blog\/#\/schema\/person\/dcab619c614d3038751c63bc2aadc06d\"},\"description\":\"Mund t\u00eb quhet me plot goj\u00eb vajza e kopertinave pasi ka qen\u00eb aq shum\u00eb prezente aty sa nuk mund t\u00eb num\u00ebrohen. Kjo, pasi Ingrit Gjoni ka ditur t\u00eb nd\u00ebrthur\u00eb\",\"breadcrumb\":{\"@id\":\"https:\/\/www.visit-ulcinj.com\/blog\/2010\/05\/16\/ingrit-gjoni-ana-e-panjohur-e-kengetares\/#breadcrumb\"},\"inLanguage\":\"en-US\",\"potentialAction\":[{\"@type\":\"ReadAction\",\"target\":[\"https:\/\/www.visit-ulcinj.com\/blog\/2010\/05\/16\/ingrit-gjoni-ana-e-panjohur-e-kengetares\/\"]}]},{\"@type\":\"BreadcrumbList\",\"@id\":\"https:\/\/www.visit-ulcinj.com\/blog\/2010\/05\/16\/ingrit-gjoni-ana-e-panjohur-e-kengetares\/#breadcrumb\",\"itemListElement\":[{\"@type\":\"ListItem\",\"position\":1,\"name\":\"Ingrit Gjoni, ana e panjohur e kengetares\"}]},{\"@type\":\"Person\",\"@id\":\"https:\/\/www.visit-ulcinj.com\/blog\/#\/schema\/person\/dcab619c614d3038751c63bc2aadc06d\",\"name\":\"ulqini\",\"sameAs\":[\"http:\/\/www.visit-ulcinj.com\"],\"url\":\"https:\/\/www.visit-ulcinj.com\/blog\/author\/admin\/\"}]}<\/script>\n<!-- \/ Yoast SEO plugin. -->","yoast_head_json":{"title":"Ingrit Gjoni, ana e panjohur e kengetares - Lajme nga Ulqini","description":"Mund t\u00eb quhet me plot goj\u00eb vajza e kopertinave pasi ka qen\u00eb aq shum\u00eb prezente aty sa nuk mund t\u00eb num\u00ebrohen. Kjo, pasi Ingrit Gjoni ka ditur t\u00eb nd\u00ebrthur\u00eb","robots":{"index":"index","follow":"follow","max-snippet":"max-snippet:-1","max-image-preview":"max-image-preview:large","max-video-preview":"max-video-preview:-1"},"canonical":"https:\/\/www.visit-ulcinj.com\/blog\/2010\/05\/16\/ingrit-gjoni-ana-e-panjohur-e-kengetares\/","og_locale":"en_US","og_type":"article","og_title":"Ingrit Gjoni, ana e panjohur e kengetares - Lajme nga Ulqini","og_description":"Mund t\u00eb quhet me plot goj\u00eb vajza e kopertinave pasi ka qen\u00eb aq shum\u00eb prezente aty sa nuk mund t\u00eb num\u00ebrohen. Kjo, pasi Ingrit Gjoni ka ditur t\u00eb nd\u00ebrthur\u00eb","og_url":"https:\/\/www.visit-ulcinj.com\/blog\/2010\/05\/16\/ingrit-gjoni-ana-e-panjohur-e-kengetares\/","og_site_name":"Lajme nga Ulqini","article_published_time":"2010-05-16T20:03:50+00:00","article_modified_time":"2010-05-16T20:05:37+00:00","og_image":[{"url":"https:\/\/www.visit-ulcinj.com\/blog\/wp-content\/uploads\/2010\/05\/Ingrid-Gjoni.1-150x150.jpg"}],"twitter_misc":{"Written by":"ulqini","Est. reading time":"4 minutes"},"schema":{"@context":"https:\/\/schema.org","@graph":[{"@type":"WebSite","@id":"https:\/\/www.visit-ulcinj.com\/blog\/#website","url":"https:\/\/www.visit-ulcinj.com\/blog\/","name":"Lajme nga Ulqini","description":"Lajme,Vijesti,Ulqini,Ulqin,Crna Gora,Mali i Zi","potentialAction":[{"@type":"SearchAction","target":{"@type":"EntryPoint","urlTemplate":"https:\/\/www.visit-ulcinj.com\/blog\/?s={search_term_string}"},"query-input":"required name=search_term_string"}],"inLanguage":"en-US"},{"@type":"ImageObject","inLanguage":"en-US","@id":"https:\/\/www.visit-ulcinj.com\/blog\/2010\/05\/16\/ingrit-gjoni-ana-e-panjohur-e-kengetares\/#primaryimage","url":"http:\/\/www.visit-ulcinj.com\/blog\/wp-content\/uploads\/2010\/05\/Ingrid-Gjoni.1.jpg","contentUrl":"http:\/\/www.visit-ulcinj.com\/blog\/wp-content\/uploads\/2010\/05\/Ingrid-Gjoni.1.jpg"},{"@type":"WebPage","@id":"https:\/\/www.visit-ulcinj.com\/blog\/2010\/05\/16\/ingrit-gjoni-ana-e-panjohur-e-kengetares\/#webpage","url":"https:\/\/www.visit-ulcinj.com\/blog\/2010\/05\/16\/ingrit-gjoni-ana-e-panjohur-e-kengetares\/","name":"Ingrit Gjoni, ana e panjohur e kengetares - Lajme nga Ulqini","isPartOf":{"@id":"https:\/\/www.visit-ulcinj.com\/blog\/#website"},"primaryImageOfPage":{"@id":"https:\/\/www.visit-ulcinj.com\/blog\/2010\/05\/16\/ingrit-gjoni-ana-e-panjohur-e-kengetares\/#primaryimage"},"datePublished":"2010-05-16T20:03:50+00:00","dateModified":"2010-05-16T20:05:37+00:00","author":{"@id":"https:\/\/www.visit-ulcinj.com\/blog\/#\/schema\/person\/dcab619c614d3038751c63bc2aadc06d"},"description":"Mund t\u00eb quhet me plot goj\u00eb vajza e kopertinave pasi ka qen\u00eb aq shum\u00eb prezente aty sa nuk mund t\u00eb num\u00ebrohen. Kjo, pasi Ingrit Gjoni ka ditur t\u00eb nd\u00ebrthur\u00eb","breadcrumb":{"@id":"https:\/\/www.visit-ulcinj.com\/blog\/2010\/05\/16\/ingrit-gjoni-ana-e-panjohur-e-kengetares\/#breadcrumb"},"inLanguage":"en-US","potentialAction":[{"@type":"ReadAction","target":["https:\/\/www.visit-ulcinj.com\/blog\/2010\/05\/16\/ingrit-gjoni-ana-e-panjohur-e-kengetares\/"]}]},{"@type":"BreadcrumbList","@id":"https:\/\/www.visit-ulcinj.com\/blog\/2010\/05\/16\/ingrit-gjoni-ana-e-panjohur-e-kengetares\/#breadcrumb","itemListElement":[{"@type":"ListItem","position":1,"name":"Ingrit Gjoni, ana e panjohur e kengetares"}]},{"@type":"Person","@id":"https:\/\/www.visit-ulcinj.com\/blog\/#\/schema\/person\/dcab619c614d3038751c63bc2aadc06d","name":"ulqini","sameAs":["http:\/\/www.visit-ulcinj.com"],"url":"https:\/\/www.visit-ulcinj.com\/blog\/author\/admin\/"}]}},"jetpack_featured_media_url":"","jetpack_sharing_enabled":true,"jetpack_shortlink":"https:\/\/wp.me\/pe6lTn-8FY","_links":{"self":[{"href":"https:\/\/www.visit-ulcinj.com\/blog\/wp-json\/wp\/v2\/posts\/33354"}],"collection":[{"href":"https:\/\/www.visit-ulcinj.com\/blog\/wp-json\/wp\/v2\/posts"}],"about":[{"href":"https:\/\/www.visit-ulcinj.com\/blog\/wp-json\/wp\/v2\/types\/post"}],"author":[{"embeddable":true,"href":"https:\/\/www.visit-ulcinj.com\/blog\/wp-json\/wp\/v2\/users\/1"}],"replies":[{"embeddable":true,"href":"https:\/\/www.visit-ulcinj.com\/blog\/wp-json\/wp\/v2\/comments?post=33354"}],"version-history":[{"count":0,"href":"https:\/\/www.visit-ulcinj.com\/blog\/wp-json\/wp\/v2\/posts\/33354\/revisions"}],"wp:attachment":[{"href":"https:\/\/www.visit-ulcinj.com\/blog\/wp-json\/wp\/v2\/media?parent=33354"}],"wp:term":[{"taxonomy":"category","embeddable":true,"href":"https:\/\/www.visit-ulcinj.com\/blog\/wp-json\/wp\/v2\/categories?post=33354"},{"taxonomy":"post_tag","embeddable":true,"href":"https:\/\/www.visit-ulcinj.com\/blog\/wp-json\/wp\/v2\/tags?post=33354"}],"curies":[{"name":"wp","href":"https:\/\/api.w.org\/{rel}","templated":true}]}}