{"id":33361,"date":"2010-05-16T22:28:40","date_gmt":"2010-05-16T20:28:40","guid":{"rendered":"http:\/\/www.visit-ulcinj.com\/blog\/?p=33361"},"modified":"2010-05-16T22:30:15","modified_gmt":"2010-05-16T20:30:15","slug":"dafina-zeqiri-nuk-kam-kerkuar-duet-me-adelinen","status":"publish","type":"post","link":"https:\/\/www.visit-ulcinj.com\/blog\/2010\/05\/16\/dafina-zeqiri-nuk-kam-kerkuar-duet-me-adelinen\/","title":{"rendered":"Dafina Zeqiri nuk kam k\u00ebrkuar duet me Adelin\u00ebn"},"content":{"rendered":"<p><a href=\"http:\/\/www.visit-ulcinj.com\/blog\/wp-content\/uploads\/2010\/05\/dafina-zeqiri.jpg\"><img loading=\"lazy\" class=\"alignleft size-full wp-image-33362\" title=\"dafina-zeqiri\" src=\"http:\/\/www.visit-ulcinj.com\/blog\/wp-content\/uploads\/2010\/05\/dafina-zeqiri.jpg\" alt=\"dafina-zeqiri\" width=\"490\" height=\"620\" \/><\/a>Dafina Zeqiri ka realizuar nj\u00eb k\u00ebng\u00eb n\u00eb gjuh\u00ebn angleze q\u00eb titullohet \u201cRock this Club\u201d. Gjate q\u00ebndrimit n\u00eb Australi, s\u00eb bashku me t\u00eb dashurin e saj Krenarin, Dafina ka incizuar k\u00ebt\u00eb k\u00ebng\u00eb me producentin e njohur Shanell.<br \/>\nIshte nj\u00eb bashk\u00ebpunim i ve\u00e7ant\u00eb me nj\u00eb ekip shum\u00eb t\u00eb mir\u00eb q\u00eb merren me artist\u00eb dhe me k\u00ebng\u00ebtar\u00eb bot\u00ebror\u00eb. Kontakti ka ardhur p\u00ebrmes nj\u00eb shoku t\u00eb Krenarit, t\u00eb dashurit tim, dhe vendos\u00ebm ta realizojm\u00eb k\u00ebt\u00eb k\u00ebng\u00eb\u201d, ka th\u00ebn\u00eb k\u00ebng\u00ebtarja p\u00ebr emisionin RTK Blue.<br \/>\nDafina ka theksuar se pas shum\u00eb bashk\u00ebpunimesh, ajo ka vendosur q\u00eb aktualisht t\u00eb vazhdoj\u00eb me k\u00ebndim solo, nd\u00ebrkoh\u00eb ka p\u00ebrg\u00ebnjeshtruar spekulimet kinse i ka k\u00ebrkuar Adelina Berish\u00ebs q\u00eb t\u00eb b\u00ebjn\u00eb nj\u00eb duet.<br \/>\nSa i p\u00ebrket lidhjes s\u00eb saj, Dafina ka treguar se gjat\u00eb q\u00ebndrimit n\u00eb Australi ka pranuar nj\u00eb unaz\u00eb t\u00eb bukur nga Krenari, porse pohon se kjo kishte qen\u00eb vet\u00ebm dhurat\u00eb dhe jo unaz\u00eb fejese.<\/p>\n<!--YouTube Error: bad URL entered-->\n","protected":false},"excerpt":{"rendered":"<p>Dafina Zeqiri ka realizuar nj\u00eb k\u00ebng\u00eb n\u00eb gjuh\u00ebn angleze q\u00eb titullohet \u201cRock this Club\u201d. Gjate q\u00ebndrimit n\u00eb Australi, s\u00eb bashku me t\u00eb dashurin e saj Krenarin, Dafina ka incizuar k\u00ebt\u00eb k\u00ebng\u00eb me producentin e njohur Shanell. Ishte nj\u00eb bashk\u00ebpunim i ve\u00e7ant\u00eb me nj\u00eb ekip shum\u00eb t\u00eb mir\u00eb q\u00eb merren me artist\u00eb dhe me k\u00ebng\u00ebtar\u00eb bot\u00ebror\u00eb. [&hellip;]<\/p>\n","protected":false},"author":1,"featured_media":0,"comment_status":"open","ping_status":"closed","sticky":false,"template":"","format":"standard","meta":{"spay_email":"","jetpack_publicize_message":"","jetpack_is_tweetstorm":false,"jetpack_publicize_feature_enabled":true},"categories":[1],"tags":[4926],"jetpack_publicize_connections":[],"yoast_head":"<!-- This site is optimized with the Yoast SEO plugin v19.1 - https:\/\/yoast.com\/wordpress\/plugins\/seo\/ -->\n<title>Dafina Zeqiri nuk kam k\u00ebrkuar duet me Adelin\u00ebn - Lajme nga Ulqini<\/title>\n<meta name=\"description\" content=\"Dafina Zeqiri ka realizuar nj\u00eb k\u00ebng\u00eb n\u00eb gjuh\u00ebn angleze q\u00eb titullohet \u201cRock this Club\u201d. Gjate q\u00ebndrimit n\u00eb Australi, s\u00eb bashku me t\u00eb dashurin e saj\" \/>\n<meta name=\"robots\" content=\"index, follow, max-snippet:-1, max-image-preview:large, max-video-preview:-1\" \/>\n<link rel=\"canonical\" href=\"https:\/\/www.visit-ulcinj.com\/blog\/2010\/05\/16\/dafina-zeqiri-nuk-kam-kerkuar-duet-me-adelinen\/\" \/>\n<meta property=\"og:locale\" content=\"en_US\" \/>\n<meta property=\"og:type\" content=\"article\" \/>\n<meta property=\"og:title\" content=\"Dafina Zeqiri nuk kam k\u00ebrkuar duet me Adelin\u00ebn - Lajme nga Ulqini\" \/>\n<meta property=\"og:description\" content=\"Dafina Zeqiri ka realizuar nj\u00eb k\u00ebng\u00eb n\u00eb gjuh\u00ebn angleze q\u00eb titullohet \u201cRock this Club\u201d. Gjate q\u00ebndrimit n\u00eb Australi, s\u00eb bashku me t\u00eb dashurin e saj\" \/>\n<meta property=\"og:url\" content=\"https:\/\/www.visit-ulcinj.com\/blog\/2010\/05\/16\/dafina-zeqiri-nuk-kam-kerkuar-duet-me-adelinen\/\" \/>\n<meta property=\"og:site_name\" content=\"Lajme nga Ulqini\" \/>\n<meta property=\"article:published_time\" content=\"2010-05-16T20:28:40+00:00\" \/>\n<meta property=\"article:modified_time\" content=\"2010-05-16T20:30:15+00:00\" \/>\n<meta property=\"og:image\" content=\"http:\/\/www.visit-ulcinj.com\/blog\/wp-content\/uploads\/2010\/05\/dafina-zeqiri.jpg\" \/>\n<meta name=\"twitter:label1\" content=\"Written by\" \/>\n\t<meta name=\"twitter:data1\" content=\"ulqini\" \/>\n\t<meta name=\"twitter:label2\" content=\"Est. reading time\" \/>\n\t<meta name=\"twitter:data2\" content=\"1 minute\" \/>\n<script type=\"application\/ld+json\" class=\"yoast-schema-graph\">{\"@context\":\"https:\/\/schema.org\",\"@graph\":[{\"@type\":\"WebSite\",\"@id\":\"https:\/\/www.visit-ulcinj.com\/blog\/#website\",\"url\":\"https:\/\/www.visit-ulcinj.com\/blog\/\",\"name\":\"Lajme nga Ulqini\",\"description\":\"Lajme,Vijesti,Ulqini,Ulqin,Crna Gora,Mali i Zi\",\"potentialAction\":[{\"@type\":\"SearchAction\",\"target\":{\"@type\":\"EntryPoint\",\"urlTemplate\":\"https:\/\/www.visit-ulcinj.com\/blog\/?s={search_term_string}\"},\"query-input\":\"required name=search_term_string\"}],\"inLanguage\":\"en-US\"},{\"@type\":\"ImageObject\",\"inLanguage\":\"en-US\",\"@id\":\"https:\/\/www.visit-ulcinj.com\/blog\/2010\/05\/16\/dafina-zeqiri-nuk-kam-kerkuar-duet-me-adelinen\/#primaryimage\",\"url\":\"http:\/\/www.visit-ulcinj.com\/blog\/wp-content\/uploads\/2010\/05\/dafina-zeqiri.jpg\",\"contentUrl\":\"http:\/\/www.visit-ulcinj.com\/blog\/wp-content\/uploads\/2010\/05\/dafina-zeqiri.jpg\"},{\"@type\":\"WebPage\",\"@id\":\"https:\/\/www.visit-ulcinj.com\/blog\/2010\/05\/16\/dafina-zeqiri-nuk-kam-kerkuar-duet-me-adelinen\/#webpage\",\"url\":\"https:\/\/www.visit-ulcinj.com\/blog\/2010\/05\/16\/dafina-zeqiri-nuk-kam-kerkuar-duet-me-adelinen\/\",\"name\":\"Dafina Zeqiri nuk kam k\u00ebrkuar duet me Adelin\u00ebn - Lajme nga Ulqini\",\"isPartOf\":{\"@id\":\"https:\/\/www.visit-ulcinj.com\/blog\/#website\"},\"primaryImageOfPage\":{\"@id\":\"https:\/\/www.visit-ulcinj.com\/blog\/2010\/05\/16\/dafina-zeqiri-nuk-kam-kerkuar-duet-me-adelinen\/#primaryimage\"},\"datePublished\":\"2010-05-16T20:28:40+00:00\",\"dateModified\":\"2010-05-16T20:30:15+00:00\",\"author\":{\"@id\":\"https:\/\/www.visit-ulcinj.com\/blog\/#\/schema\/person\/dcab619c614d3038751c63bc2aadc06d\"},\"description\":\"Dafina Zeqiri ka realizuar nj\u00eb k\u00ebng\u00eb n\u00eb gjuh\u00ebn angleze q\u00eb titullohet \u201cRock this Club\u201d. Gjate q\u00ebndrimit n\u00eb Australi, s\u00eb bashku me t\u00eb dashurin e saj\",\"breadcrumb\":{\"@id\":\"https:\/\/www.visit-ulcinj.com\/blog\/2010\/05\/16\/dafina-zeqiri-nuk-kam-kerkuar-duet-me-adelinen\/#breadcrumb\"},\"inLanguage\":\"en-US\",\"potentialAction\":[{\"@type\":\"ReadAction\",\"target\":[\"https:\/\/www.visit-ulcinj.com\/blog\/2010\/05\/16\/dafina-zeqiri-nuk-kam-kerkuar-duet-me-adelinen\/\"]}]},{\"@type\":\"BreadcrumbList\",\"@id\":\"https:\/\/www.visit-ulcinj.com\/blog\/2010\/05\/16\/dafina-zeqiri-nuk-kam-kerkuar-duet-me-adelinen\/#breadcrumb\",\"itemListElement\":[{\"@type\":\"ListItem\",\"position\":1,\"name\":\"Dafina Zeqiri nuk kam k\u00ebrkuar duet me Adelin\u00ebn\"}]},{\"@type\":\"Person\",\"@id\":\"https:\/\/www.visit-ulcinj.com\/blog\/#\/schema\/person\/dcab619c614d3038751c63bc2aadc06d\",\"name\":\"ulqini\",\"sameAs\":[\"http:\/\/www.visit-ulcinj.com\"],\"url\":\"https:\/\/www.visit-ulcinj.com\/blog\/author\/admin\/\"}]}<\/script>\n<!-- \/ Yoast SEO plugin. -->","yoast_head_json":{"title":"Dafina Zeqiri nuk kam k\u00ebrkuar duet me Adelin\u00ebn - Lajme nga Ulqini","description":"Dafina Zeqiri ka realizuar nj\u00eb k\u00ebng\u00eb n\u00eb gjuh\u00ebn angleze q\u00eb titullohet \u201cRock this Club\u201d. Gjate q\u00ebndrimit n\u00eb Australi, s\u00eb bashku me t\u00eb dashurin e saj","robots":{"index":"index","follow":"follow","max-snippet":"max-snippet:-1","max-image-preview":"max-image-preview:large","max-video-preview":"max-video-preview:-1"},"canonical":"https:\/\/www.visit-ulcinj.com\/blog\/2010\/05\/16\/dafina-zeqiri-nuk-kam-kerkuar-duet-me-adelinen\/","og_locale":"en_US","og_type":"article","og_title":"Dafina Zeqiri nuk kam k\u00ebrkuar duet me Adelin\u00ebn - Lajme nga Ulqini","og_description":"Dafina Zeqiri ka realizuar nj\u00eb k\u00ebng\u00eb n\u00eb gjuh\u00ebn angleze q\u00eb titullohet \u201cRock this Club\u201d. Gjate q\u00ebndrimit n\u00eb Australi, s\u00eb bashku me t\u00eb dashurin e saj","og_url":"https:\/\/www.visit-ulcinj.com\/blog\/2010\/05\/16\/dafina-zeqiri-nuk-kam-kerkuar-duet-me-adelinen\/","og_site_name":"Lajme nga Ulqini","article_published_time":"2010-05-16T20:28:40+00:00","article_modified_time":"2010-05-16T20:30:15+00:00","og_image":[{"url":"http:\/\/www.visit-ulcinj.com\/blog\/wp-content\/uploads\/2010\/05\/dafina-zeqiri.jpg"}],"twitter_misc":{"Written by":"ulqini","Est. reading time":"1 minute"},"schema":{"@context":"https:\/\/schema.org","@graph":[{"@type":"WebSite","@id":"https:\/\/www.visit-ulcinj.com\/blog\/#website","url":"https:\/\/www.visit-ulcinj.com\/blog\/","name":"Lajme nga Ulqini","description":"Lajme,Vijesti,Ulqini,Ulqin,Crna Gora,Mali i Zi","potentialAction":[{"@type":"SearchAction","target":{"@type":"EntryPoint","urlTemplate":"https:\/\/www.visit-ulcinj.com\/blog\/?s={search_term_string}"},"query-input":"required name=search_term_string"}],"inLanguage":"en-US"},{"@type":"ImageObject","inLanguage":"en-US","@id":"https:\/\/www.visit-ulcinj.com\/blog\/2010\/05\/16\/dafina-zeqiri-nuk-kam-kerkuar-duet-me-adelinen\/#primaryimage","url":"http:\/\/www.visit-ulcinj.com\/blog\/wp-content\/uploads\/2010\/05\/dafina-zeqiri.jpg","contentUrl":"http:\/\/www.visit-ulcinj.com\/blog\/wp-content\/uploads\/2010\/05\/dafina-zeqiri.jpg"},{"@type":"WebPage","@id":"https:\/\/www.visit-ulcinj.com\/blog\/2010\/05\/16\/dafina-zeqiri-nuk-kam-kerkuar-duet-me-adelinen\/#webpage","url":"https:\/\/www.visit-ulcinj.com\/blog\/2010\/05\/16\/dafina-zeqiri-nuk-kam-kerkuar-duet-me-adelinen\/","name":"Dafina Zeqiri nuk kam k\u00ebrkuar duet me Adelin\u00ebn - Lajme nga Ulqini","isPartOf":{"@id":"https:\/\/www.visit-ulcinj.com\/blog\/#website"},"primaryImageOfPage":{"@id":"https:\/\/www.visit-ulcinj.com\/blog\/2010\/05\/16\/dafina-zeqiri-nuk-kam-kerkuar-duet-me-adelinen\/#primaryimage"},"datePublished":"2010-05-16T20:28:40+00:00","dateModified":"2010-05-16T20:30:15+00:00","author":{"@id":"https:\/\/www.visit-ulcinj.com\/blog\/#\/schema\/person\/dcab619c614d3038751c63bc2aadc06d"},"description":"Dafina Zeqiri ka realizuar nj\u00eb k\u00ebng\u00eb n\u00eb gjuh\u00ebn angleze q\u00eb titullohet \u201cRock this Club\u201d. Gjate q\u00ebndrimit n\u00eb Australi, s\u00eb bashku me t\u00eb dashurin e saj","breadcrumb":{"@id":"https:\/\/www.visit-ulcinj.com\/blog\/2010\/05\/16\/dafina-zeqiri-nuk-kam-kerkuar-duet-me-adelinen\/#breadcrumb"},"inLanguage":"en-US","potentialAction":[{"@type":"ReadAction","target":["https:\/\/www.visit-ulcinj.com\/blog\/2010\/05\/16\/dafina-zeqiri-nuk-kam-kerkuar-duet-me-adelinen\/"]}]},{"@type":"BreadcrumbList","@id":"https:\/\/www.visit-ulcinj.com\/blog\/2010\/05\/16\/dafina-zeqiri-nuk-kam-kerkuar-duet-me-adelinen\/#breadcrumb","itemListElement":[{"@type":"ListItem","position":1,"name":"Dafina Zeqiri nuk kam k\u00ebrkuar duet me Adelin\u00ebn"}]},{"@type":"Person","@id":"https:\/\/www.visit-ulcinj.com\/blog\/#\/schema\/person\/dcab619c614d3038751c63bc2aadc06d","name":"ulqini","sameAs":["http:\/\/www.visit-ulcinj.com"],"url":"https:\/\/www.visit-ulcinj.com\/blog\/author\/admin\/"}]}},"jetpack_featured_media_url":"","jetpack_sharing_enabled":true,"jetpack_shortlink":"https:\/\/wp.me\/pe6lTn-8G5","_links":{"self":[{"href":"https:\/\/www.visit-ulcinj.com\/blog\/wp-json\/wp\/v2\/posts\/33361"}],"collection":[{"href":"https:\/\/www.visit-ulcinj.com\/blog\/wp-json\/wp\/v2\/posts"}],"about":[{"href":"https:\/\/www.visit-ulcinj.com\/blog\/wp-json\/wp\/v2\/types\/post"}],"author":[{"embeddable":true,"href":"https:\/\/www.visit-ulcinj.com\/blog\/wp-json\/wp\/v2\/users\/1"}],"replies":[{"embeddable":true,"href":"https:\/\/www.visit-ulcinj.com\/blog\/wp-json\/wp\/v2\/comments?post=33361"}],"version-history":[{"count":0,"href":"https:\/\/www.visit-ulcinj.com\/blog\/wp-json\/wp\/v2\/posts\/33361\/revisions"}],"wp:attachment":[{"href":"https:\/\/www.visit-ulcinj.com\/blog\/wp-json\/wp\/v2\/media?parent=33361"}],"wp:term":[{"taxonomy":"category","embeddable":true,"href":"https:\/\/www.visit-ulcinj.com\/blog\/wp-json\/wp\/v2\/categories?post=33361"},{"taxonomy":"post_tag","embeddable":true,"href":"https:\/\/www.visit-ulcinj.com\/blog\/wp-json\/wp\/v2\/tags?post=33361"}],"curies":[{"name":"wp","href":"https:\/\/api.w.org\/{rel}","templated":true}]}}