{"id":33379,"date":"2010-05-17T17:36:01","date_gmt":"2010-05-17T15:36:01","guid":{"rendered":"http:\/\/www.visit-ulcinj.com\/blog\/?p=33379"},"modified":"2010-05-17T17:36:01","modified_gmt":"2010-05-17T15:36:01","slug":"ulqini-nikoqir-i-simpoziumit-rajonal-te-arteve-pamore","status":"publish","type":"post","link":"https:\/\/www.visit-ulcinj.com\/blog\/2010\/05\/17\/ulqini-nikoqir-i-simpoziumit-rajonal-te-arteve-pamore\/","title":{"rendered":"Ulqini, nikoqir i simpoziumit rajonal t\u00eb arteve pamore"},"content":{"rendered":"<p><a href=\"http:\/\/www.visit-ulcinj.com\/blog\/wp-content\/uploads\/2010\/05\/vahida-hasanagic_nimanbegu.2.jpg\"><img loading=\"lazy\" class=\"alignleft size-full wp-image-33382\" title=\"vahida hasanagic_nimanbegu.2\" src=\"http:\/\/www.visit-ulcinj.com\/blog\/wp-content\/uploads\/2010\/05\/vahida-hasanagic_nimanbegu.2.jpg\" alt=\"vahida hasanagic_nimanbegu.2\" width=\"490\" height=\"380\" \/><\/a>Ulqin, 17 maj &#8211; N\u00eb Kala t\u00eb Ulqinit, n\u00eb organizim t\u00eb asociacionit joqeveritar \u201cArt Dulcinium\u201d, po mbahet simpozium rajonal i arteve pamore, me moton \u201cArt yn\u00eb dhe arti i vendeve tona fqinje\u201d, ku po marrin pjes\u00eb artist\u00eb nga Shqip\u00ebria, Bosnj\u00eb e Hercegovina, Mali i Zi, Kosova, Kroacia dhe Serbia.<br \/>\nProjekti \u00ebsht\u00eb p\u00ebrkrahur nga Fondi i pakicave t\u00eb Malit t\u00eb Zi, nd\u00ebrsa piktorja akademike, Vahida Nimanbegu, kryetare e OJQ \u201cArt Dulcinium\u201d tha dit\u00ebn e h\u00ebn\u00eb p\u00ebr KosovaLive se ky simpozium ka nj\u00eb r\u00ebnd\u00ebsi t\u00eb madhe p\u00ebr shoq\u00ebrin\u00eb ton\u00eb n\u00eb p\u00ebrgjith\u00ebsi, por sidomos p\u00ebr Malin e Zi.<br \/>\n\u201cN\u00ebp\u00ebrmjet k\u00ebtij projekti, promovohet kultura e popujve etnik\u00eb, por edhe arti i shteteve t\u00eb tyre am\u00eb. N\u00ebp\u00ebrmjet veprave t\u00eb tyre promovojn\u00eb Malin e Zi n\u00eb shtetet prej nga arrijn\u00eb ata t\u00eb vendeve fqinje. Pik\u00ebrisht, promovimi i kulturave b\u00ebhet n\u00ebp\u00ebrmjet programeve t\u00eb mira dhe cil\u00ebsore\u201d, thekson Vahida, duke potencuar q\u00eb nj\u00eb zhvillim i k\u00ebsaj natyre t\u00eb b\u00ebhet tradicional, pasi kjo p\u00ebrvoj\u00eb do t\u00eb jet\u00eb e mir\u00eb, madje edhe krenari p\u00ebr breznit\u00eb e reja.<br \/>\nN\u00eb k\u00ebt\u00eb performanc\u00eb kulturore q\u00eb zgjat\u00eb deri m\u00eb 20 maj, pjes\u00ebmarr\u00ebsit e simpoziumit do t\u00eb hapin ekspozit\u00eb n\u00eb Pallatin e Venedikut n\u00eb Kala t\u00eb Ulqinit me punimet e tyre t\u00eb realizuara n\u00eb Ulqin.<br \/>\n<strong><br \/>\nKoha Net<br \/>\n\n\t\t<style type=\"text\/css\">\n\t\t\t#gallery-1 {\n\t\t\t\tmargin: auto;\n\t\t\t}\n\t\t\t#gallery-1 .gallery-item {\n\t\t\t\tfloat: left;\n\t\t\t\tmargin-top: 10px;\n\t\t\t\ttext-align: center;\n\t\t\t\twidth: 33%;\n\t\t\t}\n\t\t\t#gallery-1 img {\n\t\t\t\tborder: 2px solid #cfcfcf;\n\t\t\t}\n\t\t\t#gallery-1 .gallery-caption {\n\t\t\t\tmargin-left: 0;\n\t\t\t}\n\t\t\t\/* see gallery_shortcode() in wp-includes\/media.php *\/\n\t\t<\/style>\n\t\t<div id='gallery-1' class='gallery galleryid-33379 gallery-columns-3 gallery-size-thumbnail'><dl class='gallery-item'>\n\t\t\t<dt class='gallery-icon landscape'>\n\t\t\t\t<a href='https:\/\/www.visit-ulcinj.com\/blog\/wp-content\/uploads\/2010\/05\/vahida-hasanagic_nimanbegu.jpg'><img width=\"150\" height=\"150\" src=\"https:\/\/www.visit-ulcinj.com\/blog\/wp-content\/uploads\/2010\/05\/vahida-hasanagic_nimanbegu-150x150.jpg\" class=\"attachment-thumbnail size-thumbnail\" alt=\"\" loading=\"lazy\" \/><\/a>\n\t\t\t<\/dt><\/dl><dl class='gallery-item'>\n\t\t\t<dt class='gallery-icon landscape'>\n\t\t\t\t<a href='https:\/\/www.visit-ulcinj.com\/blog\/wp-content\/uploads\/2010\/05\/vahida-hasanagic_nimanbegu.1.jpg'><img width=\"150\" height=\"150\" src=\"https:\/\/www.visit-ulcinj.com\/blog\/wp-content\/uploads\/2010\/05\/vahida-hasanagic_nimanbegu.1-150x150.jpg\" class=\"attachment-thumbnail size-thumbnail\" alt=\"\" loading=\"lazy\" \/><\/a>\n\t\t\t<\/dt><\/dl><dl class='gallery-item'>\n\t\t\t<dt class='gallery-icon landscape'>\n\t\t\t\t<a href='https:\/\/www.visit-ulcinj.com\/blog\/wp-content\/uploads\/2010\/05\/vahida-hasanagic_nimanbegu.2.jpg'><img width=\"150\" height=\"150\" src=\"https:\/\/www.visit-ulcinj.com\/blog\/wp-content\/uploads\/2010\/05\/vahida-hasanagic_nimanbegu.2-150x150.jpg\" class=\"attachment-thumbnail size-thumbnail\" alt=\"\" loading=\"lazy\" \/><\/a>\n\t\t\t<\/dt><\/dl><br style=\"clear: both\" \/><dl class='gallery-item'>\n\t\t\t<dt class='gallery-icon landscape'>\n\t\t\t\t<a href='https:\/\/www.visit-ulcinj.com\/blog\/wp-content\/uploads\/2010\/05\/vahida-hasanagic_nimanbegu.3.jpg'><img width=\"150\" height=\"150\" src=\"https:\/\/www.visit-ulcinj.com\/blog\/wp-content\/uploads\/2010\/05\/vahida-hasanagic_nimanbegu.3-150x150.jpg\" class=\"attachment-thumbnail size-thumbnail\" alt=\"\" loading=\"lazy\" \/><\/a>\n\t\t\t<\/dt><\/dl><dl class='gallery-item'>\n\t\t\t<dt class='gallery-icon landscape'>\n\t\t\t\t<a href='https:\/\/www.visit-ulcinj.com\/blog\/wp-content\/uploads\/2010\/05\/vahida-hasanagic_nimanbegu.4.jpg'><img width=\"150\" height=\"150\" src=\"https:\/\/www.visit-ulcinj.com\/blog\/wp-content\/uploads\/2010\/05\/vahida-hasanagic_nimanbegu.4-150x150.jpg\" class=\"attachment-thumbnail size-thumbnail\" alt=\"\" loading=\"lazy\" \/><\/a>\n\t\t\t<\/dt><\/dl><dl class='gallery-item'>\n\t\t\t<dt class='gallery-icon landscape'>\n\t\t\t\t<a href='https:\/\/www.visit-ulcinj.com\/blog\/wp-content\/uploads\/2010\/05\/vahida-hasanagic_nimanbegu.6.jpg'><img width=\"150\" height=\"150\" src=\"https:\/\/www.visit-ulcinj.com\/blog\/wp-content\/uploads\/2010\/05\/vahida-hasanagic_nimanbegu.6-150x150.jpg\" class=\"attachment-thumbnail size-thumbnail\" alt=\"\" loading=\"lazy\" \/><\/a>\n\t\t\t<\/dt><\/dl><br style=\"clear: both\" \/>\n\t\t<\/div>\n<br \/>\n<!--YouTube Error: bad URL entered--><\/strong><\/p>\n","protected":false},"excerpt":{"rendered":"<p>Ulqin, 17 maj &#8211; N\u00eb Kala t\u00eb Ulqinit, n\u00eb organizim t\u00eb asociacionit joqeveritar \u201cArt Dulcinium\u201d, po mbahet simpozium rajonal i arteve pamore, me moton \u201cArt yn\u00eb dhe arti i vendeve tona fqinje\u201d, ku po marrin pjes\u00eb artist\u00eb nga Shqip\u00ebria, Bosnj\u00eb e Hercegovina, Mali i Zi, Kosova, Kroacia dhe Serbia. Projekti \u00ebsht\u00eb p\u00ebrkrahur nga Fondi i [&hellip;]<\/p>\n","protected":false},"author":1,"featured_media":0,"comment_status":"open","ping_status":"closed","sticky":false,"template":"","format":"standard","meta":{"spay_email":"","jetpack_publicize_message":"","jetpack_is_tweetstorm":false,"jetpack_publicize_feature_enabled":true},"categories":[4],"tags":[14304,14303,9112,49,3147,14305,95,235,8566],"jetpack_publicize_connections":[],"yoast_head":"<!-- This site is optimized with the Yoast SEO plugin v19.1 - https:\/\/yoast.com\/wordpress\/plugins\/seo\/ -->\n<title>Ulqini, nikoqir i simpoziumit rajonal t\u00eb arteve pamore - Lajme nga Ulqini<\/title>\n<meta name=\"description\" content=\"Ulqin, 17 maj - N\u00eb Kala t\u00eb Ulqinit, n\u00eb organizim t\u00eb asociacionit joqeveritar \u201cArt Dulcinium\u201d, po mbahet simpozium rajonal i arteve pamore, me moton \u201cArt\" \/>\n<meta name=\"robots\" content=\"index, follow, max-snippet:-1, max-image-preview:large, max-video-preview:-1\" \/>\n<link rel=\"canonical\" href=\"https:\/\/www.visit-ulcinj.com\/blog\/2010\/05\/17\/ulqini-nikoqir-i-simpoziumit-rajonal-te-arteve-pamore\/\" \/>\n<meta property=\"og:locale\" content=\"en_US\" \/>\n<meta property=\"og:type\" content=\"article\" \/>\n<meta property=\"og:title\" content=\"Ulqini, nikoqir i simpoziumit rajonal t\u00eb arteve pamore - Lajme nga Ulqini\" \/>\n<meta property=\"og:description\" content=\"Ulqin, 17 maj - N\u00eb Kala t\u00eb Ulqinit, n\u00eb organizim t\u00eb asociacionit joqeveritar \u201cArt Dulcinium\u201d, po mbahet simpozium rajonal i arteve pamore, me moton \u201cArt\" \/>\n<meta property=\"og:url\" content=\"https:\/\/www.visit-ulcinj.com\/blog\/2010\/05\/17\/ulqini-nikoqir-i-simpoziumit-rajonal-te-arteve-pamore\/\" \/>\n<meta property=\"og:site_name\" content=\"Lajme nga Ulqini\" \/>\n<meta property=\"article:published_time\" content=\"2010-05-17T15:36:01+00:00\" \/>\n<meta property=\"og:image\" content=\"https:\/\/www.visit-ulcinj.com\/blog\/wp-content\/uploads\/2010\/05\/vahida-hasanagic_nimanbegu-150x150.jpg\" \/>\n<meta name=\"twitter:label1\" content=\"Written by\" \/>\n\t<meta name=\"twitter:data1\" content=\"ulqini\" \/>\n\t<meta name=\"twitter:label2\" content=\"Est. reading time\" \/>\n\t<meta name=\"twitter:data2\" content=\"1 minute\" \/>\n<script type=\"application\/ld+json\" class=\"yoast-schema-graph\">{\"@context\":\"https:\/\/schema.org\",\"@graph\":[{\"@type\":\"WebSite\",\"@id\":\"https:\/\/www.visit-ulcinj.com\/blog\/#website\",\"url\":\"https:\/\/www.visit-ulcinj.com\/blog\/\",\"name\":\"Lajme nga Ulqini\",\"description\":\"Lajme,Vijesti,Ulqini,Ulqin,Crna Gora,Mali i Zi\",\"potentialAction\":[{\"@type\":\"SearchAction\",\"target\":{\"@type\":\"EntryPoint\",\"urlTemplate\":\"https:\/\/www.visit-ulcinj.com\/blog\/?s={search_term_string}\"},\"query-input\":\"required name=search_term_string\"}],\"inLanguage\":\"en-US\"},{\"@type\":\"ImageObject\",\"inLanguage\":\"en-US\",\"@id\":\"https:\/\/www.visit-ulcinj.com\/blog\/2010\/05\/17\/ulqini-nikoqir-i-simpoziumit-rajonal-te-arteve-pamore\/#primaryimage\",\"url\":\"https:\/\/www.visit-ulcinj.com\/blog\/wp-content\/uploads\/2010\/05\/vahida-hasanagic_nimanbegu.2.jpg\",\"contentUrl\":\"https:\/\/www.visit-ulcinj.com\/blog\/wp-content\/uploads\/2010\/05\/vahida-hasanagic_nimanbegu.2.jpg\",\"width\":\"1024\",\"height\":\"768\"},{\"@type\":\"WebPage\",\"@id\":\"https:\/\/www.visit-ulcinj.com\/blog\/2010\/05\/17\/ulqini-nikoqir-i-simpoziumit-rajonal-te-arteve-pamore\/#webpage\",\"url\":\"https:\/\/www.visit-ulcinj.com\/blog\/2010\/05\/17\/ulqini-nikoqir-i-simpoziumit-rajonal-te-arteve-pamore\/\",\"name\":\"Ulqini, nikoqir i simpoziumit rajonal t\u00eb arteve pamore - Lajme nga Ulqini\",\"isPartOf\":{\"@id\":\"https:\/\/www.visit-ulcinj.com\/blog\/#website\"},\"primaryImageOfPage\":{\"@id\":\"https:\/\/www.visit-ulcinj.com\/blog\/2010\/05\/17\/ulqini-nikoqir-i-simpoziumit-rajonal-te-arteve-pamore\/#primaryimage\"},\"datePublished\":\"2010-05-17T15:36:01+00:00\",\"dateModified\":\"2010-05-17T15:36:01+00:00\",\"author\":{\"@id\":\"https:\/\/www.visit-ulcinj.com\/blog\/#\/schema\/person\/dcab619c614d3038751c63bc2aadc06d\"},\"description\":\"Ulqin, 17 maj - N\u00eb Kala t\u00eb Ulqinit, n\u00eb organizim t\u00eb asociacionit joqeveritar \u201cArt Dulcinium\u201d, po mbahet simpozium rajonal i arteve pamore, me moton \u201cArt\",\"breadcrumb\":{\"@id\":\"https:\/\/www.visit-ulcinj.com\/blog\/2010\/05\/17\/ulqini-nikoqir-i-simpoziumit-rajonal-te-arteve-pamore\/#breadcrumb\"},\"inLanguage\":\"en-US\",\"potentialAction\":[{\"@type\":\"ReadAction\",\"target\":[\"https:\/\/www.visit-ulcinj.com\/blog\/2010\/05\/17\/ulqini-nikoqir-i-simpoziumit-rajonal-te-arteve-pamore\/\"]}]},{\"@type\":\"BreadcrumbList\",\"@id\":\"https:\/\/www.visit-ulcinj.com\/blog\/2010\/05\/17\/ulqini-nikoqir-i-simpoziumit-rajonal-te-arteve-pamore\/#breadcrumb\",\"itemListElement\":[{\"@type\":\"ListItem\",\"position\":1,\"name\":\"Ulqini, nikoqir i simpoziumit rajonal t\u00eb arteve pamore\"}]},{\"@type\":\"Person\",\"@id\":\"https:\/\/www.visit-ulcinj.com\/blog\/#\/schema\/person\/dcab619c614d3038751c63bc2aadc06d\",\"name\":\"ulqini\",\"sameAs\":[\"http:\/\/www.visit-ulcinj.com\"],\"url\":\"https:\/\/www.visit-ulcinj.com\/blog\/author\/admin\/\"}]}<\/script>\n<!-- \/ Yoast SEO plugin. -->","yoast_head_json":{"title":"Ulqini, nikoqir i simpoziumit rajonal t\u00eb arteve pamore - Lajme nga Ulqini","description":"Ulqin, 17 maj - N\u00eb Kala t\u00eb Ulqinit, n\u00eb organizim t\u00eb asociacionit joqeveritar \u201cArt Dulcinium\u201d, po mbahet simpozium rajonal i arteve pamore, me moton \u201cArt","robots":{"index":"index","follow":"follow","max-snippet":"max-snippet:-1","max-image-preview":"max-image-preview:large","max-video-preview":"max-video-preview:-1"},"canonical":"https:\/\/www.visit-ulcinj.com\/blog\/2010\/05\/17\/ulqini-nikoqir-i-simpoziumit-rajonal-te-arteve-pamore\/","og_locale":"en_US","og_type":"article","og_title":"Ulqini, nikoqir i simpoziumit rajonal t\u00eb arteve pamore - Lajme nga Ulqini","og_description":"Ulqin, 17 maj - N\u00eb Kala t\u00eb Ulqinit, n\u00eb organizim t\u00eb asociacionit joqeveritar \u201cArt Dulcinium\u201d, po mbahet simpozium rajonal i arteve pamore, me moton \u201cArt","og_url":"https:\/\/www.visit-ulcinj.com\/blog\/2010\/05\/17\/ulqini-nikoqir-i-simpoziumit-rajonal-te-arteve-pamore\/","og_site_name":"Lajme nga Ulqini","article_published_time":"2010-05-17T15:36:01+00:00","og_image":[{"url":"https:\/\/www.visit-ulcinj.com\/blog\/wp-content\/uploads\/2010\/05\/vahida-hasanagic_nimanbegu-150x150.jpg"}],"twitter_misc":{"Written by":"ulqini","Est. reading time":"1 minute"},"schema":{"@context":"https:\/\/schema.org","@graph":[{"@type":"WebSite","@id":"https:\/\/www.visit-ulcinj.com\/blog\/#website","url":"https:\/\/www.visit-ulcinj.com\/blog\/","name":"Lajme nga Ulqini","description":"Lajme,Vijesti,Ulqini,Ulqin,Crna Gora,Mali i Zi","potentialAction":[{"@type":"SearchAction","target":{"@type":"EntryPoint","urlTemplate":"https:\/\/www.visit-ulcinj.com\/blog\/?s={search_term_string}"},"query-input":"required name=search_term_string"}],"inLanguage":"en-US"},{"@type":"ImageObject","inLanguage":"en-US","@id":"https:\/\/www.visit-ulcinj.com\/blog\/2010\/05\/17\/ulqini-nikoqir-i-simpoziumit-rajonal-te-arteve-pamore\/#primaryimage","url":"https:\/\/www.visit-ulcinj.com\/blog\/wp-content\/uploads\/2010\/05\/vahida-hasanagic_nimanbegu.2.jpg","contentUrl":"https:\/\/www.visit-ulcinj.com\/blog\/wp-content\/uploads\/2010\/05\/vahida-hasanagic_nimanbegu.2.jpg","width":"1024","height":"768"},{"@type":"WebPage","@id":"https:\/\/www.visit-ulcinj.com\/blog\/2010\/05\/17\/ulqini-nikoqir-i-simpoziumit-rajonal-te-arteve-pamore\/#webpage","url":"https:\/\/www.visit-ulcinj.com\/blog\/2010\/05\/17\/ulqini-nikoqir-i-simpoziumit-rajonal-te-arteve-pamore\/","name":"Ulqini, nikoqir i simpoziumit rajonal t\u00eb arteve pamore - Lajme nga Ulqini","isPartOf":{"@id":"https:\/\/www.visit-ulcinj.com\/blog\/#website"},"primaryImageOfPage":{"@id":"https:\/\/www.visit-ulcinj.com\/blog\/2010\/05\/17\/ulqini-nikoqir-i-simpoziumit-rajonal-te-arteve-pamore\/#primaryimage"},"datePublished":"2010-05-17T15:36:01+00:00","dateModified":"2010-05-17T15:36:01+00:00","author":{"@id":"https:\/\/www.visit-ulcinj.com\/blog\/#\/schema\/person\/dcab619c614d3038751c63bc2aadc06d"},"description":"Ulqin, 17 maj - N\u00eb Kala t\u00eb Ulqinit, n\u00eb organizim t\u00eb asociacionit joqeveritar \u201cArt Dulcinium\u201d, po mbahet simpozium rajonal i arteve pamore, me moton \u201cArt","breadcrumb":{"@id":"https:\/\/www.visit-ulcinj.com\/blog\/2010\/05\/17\/ulqini-nikoqir-i-simpoziumit-rajonal-te-arteve-pamore\/#breadcrumb"},"inLanguage":"en-US","potentialAction":[{"@type":"ReadAction","target":["https:\/\/www.visit-ulcinj.com\/blog\/2010\/05\/17\/ulqini-nikoqir-i-simpoziumit-rajonal-te-arteve-pamore\/"]}]},{"@type":"BreadcrumbList","@id":"https:\/\/www.visit-ulcinj.com\/blog\/2010\/05\/17\/ulqini-nikoqir-i-simpoziumit-rajonal-te-arteve-pamore\/#breadcrumb","itemListElement":[{"@type":"ListItem","position":1,"name":"Ulqini, nikoqir i simpoziumit rajonal t\u00eb arteve pamore"}]},{"@type":"Person","@id":"https:\/\/www.visit-ulcinj.com\/blog\/#\/schema\/person\/dcab619c614d3038751c63bc2aadc06d","name":"ulqini","sameAs":["http:\/\/www.visit-ulcinj.com"],"url":"https:\/\/www.visit-ulcinj.com\/blog\/author\/admin\/"}]}},"jetpack_featured_media_url":"","jetpack_sharing_enabled":true,"jetpack_shortlink":"https:\/\/wp.me\/pe6lTn-8Gn","_links":{"self":[{"href":"https:\/\/www.visit-ulcinj.com\/blog\/wp-json\/wp\/v2\/posts\/33379"}],"collection":[{"href":"https:\/\/www.visit-ulcinj.com\/blog\/wp-json\/wp\/v2\/posts"}],"about":[{"href":"https:\/\/www.visit-ulcinj.com\/blog\/wp-json\/wp\/v2\/types\/post"}],"author":[{"embeddable":true,"href":"https:\/\/www.visit-ulcinj.com\/blog\/wp-json\/wp\/v2\/users\/1"}],"replies":[{"embeddable":true,"href":"https:\/\/www.visit-ulcinj.com\/blog\/wp-json\/wp\/v2\/comments?post=33379"}],"version-history":[{"count":0,"href":"https:\/\/www.visit-ulcinj.com\/blog\/wp-json\/wp\/v2\/posts\/33379\/revisions"}],"wp:attachment":[{"href":"https:\/\/www.visit-ulcinj.com\/blog\/wp-json\/wp\/v2\/media?parent=33379"}],"wp:term":[{"taxonomy":"category","embeddable":true,"href":"https:\/\/www.visit-ulcinj.com\/blog\/wp-json\/wp\/v2\/categories?post=33379"},{"taxonomy":"post_tag","embeddable":true,"href":"https:\/\/www.visit-ulcinj.com\/blog\/wp-json\/wp\/v2\/tags?post=33379"}],"curies":[{"name":"wp","href":"https:\/\/api.w.org\/{rel}","templated":true}]}}