{"id":33391,"date":"2010-05-17T20:59:58","date_gmt":"2010-05-17T18:59:58","guid":{"rendered":"http:\/\/www.visit-ulcinj.com\/blog\/?p=33391"},"modified":"2010-05-17T20:59:58","modified_gmt":"2010-05-17T18:59:58","slug":"cungu-nece-nam-trebati-niko","status":"publish","type":"post","link":"https:\/\/www.visit-ulcinj.com\/blog\/2010\/05\/17\/cungu-nece-nam-trebati-niko\/","title":{"rendered":"Cungu: Ne?e nam trebati niko"},"content":{"rendered":"<p><a href=\"http:\/\/www.visit-ulcinj.com\/blog\/wp-content\/uploads\/2010\/05\/Nazif-Cungu_Forca-Ulqin.jpg.jpg\"><img loading=\"lazy\" class=\"alignleft size-full wp-image-33050\" title=\"Nazif Cungu_Forca Ulqin.jpg\" src=\"http:\/\/www.visit-ulcinj.com\/blog\/wp-content\/uploads\/2010\/05\/Nazif-Cungu_Forca-Ulqin.jpg.jpg\" alt=\"Nazif Cungu_Forca Ulqin.jpg\" width=\"490\" height=\"382\" \/><\/a>Ulcinj \u2013 Lider Force Nazif Cungu rekao je ju?e da ne razmi\u0161lja o evnetualnim postizbornim koalicijama i utvrdio da ?e njegova partija na predstoje?im izborima pobijediti i sama formirati vlast.<br \/>\n\u201cNa\u0161i politi?ki protivnici spekuli\u0161u da ?emo praviti koaliciju sa Partijom demokratskog prosperiteta ili Demokratskim savezom. Drugi ka\u017eu da ?e to biti koalicija sa DPS-om ili SNP-om, a tre?i da ?emo biti zajedno sa Socijaldemokratskom partijom ili Perspektivom. Na osnovu dosada\u0161njih analiza Forca ?e sama osvojiti vlast, pa stoga ne razmi\u0161ljamo o bilo kakvim budu?im koalicijama\u201d, kazao je Cungu.<\/p>\n<p>Njega su nedavno prozvali ?elnici koalicije \u201cBolji Ulcinj, bolja Crna Gora\u201d, poru?iv\u0161i mu da se na vrijeme izjasni da li ?e i sa kim praviti postizbornu koaliciju.<\/p>\n<p><strong>S.A.<br \/>\n<a href=\"http:\/\/www.vijesti.me\/\" target=\"_blank\">Vijesti<\/a><\/strong><\/p>\n","protected":false},"excerpt":{"rendered":"<p>Ulcinj \u2013 Lider Force Nazif Cungu rekao je ju?e da ne razmi\u0161lja o evnetualnim postizbornim koalicijama i utvrdio da ?e njegova partija na predstoje?im izborima pobijediti i sama formirati vlast. \u201cNa\u0161i politi?ki protivnici spekuli\u0161u da ?emo praviti koaliciju sa Partijom demokratskog prosperiteta ili Demokratskim savezom. Drugi ka\u017eu da ?e to biti koalicija sa DPS-om ili [&hellip;]<\/p>\n","protected":false},"author":1,"featured_media":0,"comment_status":"open","ping_status":"closed","sticky":false,"template":"","format":"standard","meta":{"spay_email":"","jetpack_publicize_message":"","jetpack_is_tweetstorm":false,"jetpack_publicize_feature_enabled":true},"categories":[8337],"tags":[824,19],"jetpack_publicize_connections":[],"yoast_head":"<!-- This site is optimized with the Yoast SEO plugin v19.1 - https:\/\/yoast.com\/wordpress\/plugins\/seo\/ -->\n<title>Cungu: Ne?e nam trebati niko - Lajme nga Ulqini<\/title>\n<meta name=\"description\" content=\"Ulcinj \u2013 Lider Force Nazif Cungu rekao je ju?e da ne razmi\u0161lja o evnetualnim postizbornim koalicijama i utvrdio da ?e njegova partija na predstoje?im\" \/>\n<meta name=\"robots\" content=\"index, follow, max-snippet:-1, max-image-preview:large, max-video-preview:-1\" \/>\n<link rel=\"canonical\" href=\"https:\/\/www.visit-ulcinj.com\/blog\/2010\/05\/17\/cungu-nece-nam-trebati-niko\/\" \/>\n<meta property=\"og:locale\" content=\"en_US\" \/>\n<meta property=\"og:type\" content=\"article\" \/>\n<meta property=\"og:title\" content=\"Cungu: Ne?e nam trebati niko - Lajme nga Ulqini\" \/>\n<meta property=\"og:description\" content=\"Ulcinj \u2013 Lider Force Nazif Cungu rekao je ju?e da ne razmi\u0161lja o evnetualnim postizbornim koalicijama i utvrdio da ?e njegova partija na predstoje?im\" \/>\n<meta property=\"og:url\" content=\"https:\/\/www.visit-ulcinj.com\/blog\/2010\/05\/17\/cungu-nece-nam-trebati-niko\/\" \/>\n<meta property=\"og:site_name\" content=\"Lajme nga Ulqini\" \/>\n<meta property=\"article:published_time\" content=\"2010-05-17T18:59:58+00:00\" \/>\n<meta property=\"og:image\" content=\"http:\/\/www.visit-ulcinj.com\/blog\/wp-content\/uploads\/2010\/05\/Nazif-Cungu_Forca-Ulqin.jpg.jpg\" \/>\n<meta name=\"twitter:label1\" content=\"Written by\" \/>\n\t<meta name=\"twitter:data1\" content=\"ulqini\" \/>\n\t<meta name=\"twitter:label2\" content=\"Est. reading time\" \/>\n\t<meta name=\"twitter:data2\" content=\"1 minute\" \/>\n<script type=\"application\/ld+json\" class=\"yoast-schema-graph\">{\"@context\":\"https:\/\/schema.org\",\"@graph\":[{\"@type\":\"WebSite\",\"@id\":\"https:\/\/www.visit-ulcinj.com\/blog\/#website\",\"url\":\"https:\/\/www.visit-ulcinj.com\/blog\/\",\"name\":\"Lajme nga Ulqini\",\"description\":\"Lajme,Vijesti,Ulqini,Ulqin,Crna Gora,Mali i Zi\",\"potentialAction\":[{\"@type\":\"SearchAction\",\"target\":{\"@type\":\"EntryPoint\",\"urlTemplate\":\"https:\/\/www.visit-ulcinj.com\/blog\/?s={search_term_string}\"},\"query-input\":\"required name=search_term_string\"}],\"inLanguage\":\"en-US\"},{\"@type\":\"ImageObject\",\"inLanguage\":\"en-US\",\"@id\":\"https:\/\/www.visit-ulcinj.com\/blog\/2010\/05\/17\/cungu-nece-nam-trebati-niko\/#primaryimage\",\"url\":\"https:\/\/www.visit-ulcinj.com\/blog\/wp-content\/uploads\/2010\/05\/Nazif-Cungu_Forca-Ulqin.jpg.jpg\",\"contentUrl\":\"https:\/\/www.visit-ulcinj.com\/blog\/wp-content\/uploads\/2010\/05\/Nazif-Cungu_Forca-Ulqin.jpg.jpg\",\"width\":\"1024\",\"height\":\"1082\"},{\"@type\":\"WebPage\",\"@id\":\"https:\/\/www.visit-ulcinj.com\/blog\/2010\/05\/17\/cungu-nece-nam-trebati-niko\/#webpage\",\"url\":\"https:\/\/www.visit-ulcinj.com\/blog\/2010\/05\/17\/cungu-nece-nam-trebati-niko\/\",\"name\":\"Cungu: Ne?e nam trebati niko - Lajme nga Ulqini\",\"isPartOf\":{\"@id\":\"https:\/\/www.visit-ulcinj.com\/blog\/#website\"},\"primaryImageOfPage\":{\"@id\":\"https:\/\/www.visit-ulcinj.com\/blog\/2010\/05\/17\/cungu-nece-nam-trebati-niko\/#primaryimage\"},\"datePublished\":\"2010-05-17T18:59:58+00:00\",\"dateModified\":\"2010-05-17T18:59:58+00:00\",\"author\":{\"@id\":\"https:\/\/www.visit-ulcinj.com\/blog\/#\/schema\/person\/dcab619c614d3038751c63bc2aadc06d\"},\"description\":\"Ulcinj \u2013 Lider Force Nazif Cungu rekao je ju?e da ne razmi\u0161lja o evnetualnim postizbornim koalicijama i utvrdio da ?e njegova partija na predstoje?im\",\"breadcrumb\":{\"@id\":\"https:\/\/www.visit-ulcinj.com\/blog\/2010\/05\/17\/cungu-nece-nam-trebati-niko\/#breadcrumb\"},\"inLanguage\":\"en-US\",\"potentialAction\":[{\"@type\":\"ReadAction\",\"target\":[\"https:\/\/www.visit-ulcinj.com\/blog\/2010\/05\/17\/cungu-nece-nam-trebati-niko\/\"]}]},{\"@type\":\"BreadcrumbList\",\"@id\":\"https:\/\/www.visit-ulcinj.com\/blog\/2010\/05\/17\/cungu-nece-nam-trebati-niko\/#breadcrumb\",\"itemListElement\":[{\"@type\":\"ListItem\",\"position\":1,\"name\":\"Cungu: Ne?e nam trebati niko\"}]},{\"@type\":\"Person\",\"@id\":\"https:\/\/www.visit-ulcinj.com\/blog\/#\/schema\/person\/dcab619c614d3038751c63bc2aadc06d\",\"name\":\"ulqini\",\"sameAs\":[\"http:\/\/www.visit-ulcinj.com\"],\"url\":\"https:\/\/www.visit-ulcinj.com\/blog\/author\/admin\/\"}]}<\/script>\n<!-- \/ Yoast SEO plugin. -->","yoast_head_json":{"title":"Cungu: Ne?e nam trebati niko - Lajme nga Ulqini","description":"Ulcinj \u2013 Lider Force Nazif Cungu rekao je ju?e da ne razmi\u0161lja o evnetualnim postizbornim koalicijama i utvrdio da ?e njegova partija na predstoje?im","robots":{"index":"index","follow":"follow","max-snippet":"max-snippet:-1","max-image-preview":"max-image-preview:large","max-video-preview":"max-video-preview:-1"},"canonical":"https:\/\/www.visit-ulcinj.com\/blog\/2010\/05\/17\/cungu-nece-nam-trebati-niko\/","og_locale":"en_US","og_type":"article","og_title":"Cungu: Ne?e nam trebati niko - Lajme nga Ulqini","og_description":"Ulcinj \u2013 Lider Force Nazif Cungu rekao je ju?e da ne razmi\u0161lja o evnetualnim postizbornim koalicijama i utvrdio da ?e njegova partija na predstoje?im","og_url":"https:\/\/www.visit-ulcinj.com\/blog\/2010\/05\/17\/cungu-nece-nam-trebati-niko\/","og_site_name":"Lajme nga Ulqini","article_published_time":"2010-05-17T18:59:58+00:00","og_image":[{"url":"http:\/\/www.visit-ulcinj.com\/blog\/wp-content\/uploads\/2010\/05\/Nazif-Cungu_Forca-Ulqin.jpg.jpg"}],"twitter_misc":{"Written by":"ulqini","Est. reading time":"1 minute"},"schema":{"@context":"https:\/\/schema.org","@graph":[{"@type":"WebSite","@id":"https:\/\/www.visit-ulcinj.com\/blog\/#website","url":"https:\/\/www.visit-ulcinj.com\/blog\/","name":"Lajme nga Ulqini","description":"Lajme,Vijesti,Ulqini,Ulqin,Crna Gora,Mali i Zi","potentialAction":[{"@type":"SearchAction","target":{"@type":"EntryPoint","urlTemplate":"https:\/\/www.visit-ulcinj.com\/blog\/?s={search_term_string}"},"query-input":"required name=search_term_string"}],"inLanguage":"en-US"},{"@type":"ImageObject","inLanguage":"en-US","@id":"https:\/\/www.visit-ulcinj.com\/blog\/2010\/05\/17\/cungu-nece-nam-trebati-niko\/#primaryimage","url":"https:\/\/www.visit-ulcinj.com\/blog\/wp-content\/uploads\/2010\/05\/Nazif-Cungu_Forca-Ulqin.jpg.jpg","contentUrl":"https:\/\/www.visit-ulcinj.com\/blog\/wp-content\/uploads\/2010\/05\/Nazif-Cungu_Forca-Ulqin.jpg.jpg","width":"1024","height":"1082"},{"@type":"WebPage","@id":"https:\/\/www.visit-ulcinj.com\/blog\/2010\/05\/17\/cungu-nece-nam-trebati-niko\/#webpage","url":"https:\/\/www.visit-ulcinj.com\/blog\/2010\/05\/17\/cungu-nece-nam-trebati-niko\/","name":"Cungu: Ne?e nam trebati niko - Lajme nga Ulqini","isPartOf":{"@id":"https:\/\/www.visit-ulcinj.com\/blog\/#website"},"primaryImageOfPage":{"@id":"https:\/\/www.visit-ulcinj.com\/blog\/2010\/05\/17\/cungu-nece-nam-trebati-niko\/#primaryimage"},"datePublished":"2010-05-17T18:59:58+00:00","dateModified":"2010-05-17T18:59:58+00:00","author":{"@id":"https:\/\/www.visit-ulcinj.com\/blog\/#\/schema\/person\/dcab619c614d3038751c63bc2aadc06d"},"description":"Ulcinj \u2013 Lider Force Nazif Cungu rekao je ju?e da ne razmi\u0161lja o evnetualnim postizbornim koalicijama i utvrdio da ?e njegova partija na predstoje?im","breadcrumb":{"@id":"https:\/\/www.visit-ulcinj.com\/blog\/2010\/05\/17\/cungu-nece-nam-trebati-niko\/#breadcrumb"},"inLanguage":"en-US","potentialAction":[{"@type":"ReadAction","target":["https:\/\/www.visit-ulcinj.com\/blog\/2010\/05\/17\/cungu-nece-nam-trebati-niko\/"]}]},{"@type":"BreadcrumbList","@id":"https:\/\/www.visit-ulcinj.com\/blog\/2010\/05\/17\/cungu-nece-nam-trebati-niko\/#breadcrumb","itemListElement":[{"@type":"ListItem","position":1,"name":"Cungu: Ne?e nam trebati niko"}]},{"@type":"Person","@id":"https:\/\/www.visit-ulcinj.com\/blog\/#\/schema\/person\/dcab619c614d3038751c63bc2aadc06d","name":"ulqini","sameAs":["http:\/\/www.visit-ulcinj.com"],"url":"https:\/\/www.visit-ulcinj.com\/blog\/author\/admin\/"}]}},"jetpack_featured_media_url":"","jetpack_sharing_enabled":true,"jetpack_shortlink":"https:\/\/wp.me\/pe6lTn-8Gz","_links":{"self":[{"href":"https:\/\/www.visit-ulcinj.com\/blog\/wp-json\/wp\/v2\/posts\/33391"}],"collection":[{"href":"https:\/\/www.visit-ulcinj.com\/blog\/wp-json\/wp\/v2\/posts"}],"about":[{"href":"https:\/\/www.visit-ulcinj.com\/blog\/wp-json\/wp\/v2\/types\/post"}],"author":[{"embeddable":true,"href":"https:\/\/www.visit-ulcinj.com\/blog\/wp-json\/wp\/v2\/users\/1"}],"replies":[{"embeddable":true,"href":"https:\/\/www.visit-ulcinj.com\/blog\/wp-json\/wp\/v2\/comments?post=33391"}],"version-history":[{"count":0,"href":"https:\/\/www.visit-ulcinj.com\/blog\/wp-json\/wp\/v2\/posts\/33391\/revisions"}],"wp:attachment":[{"href":"https:\/\/www.visit-ulcinj.com\/blog\/wp-json\/wp\/v2\/media?parent=33391"}],"wp:term":[{"taxonomy":"category","embeddable":true,"href":"https:\/\/www.visit-ulcinj.com\/blog\/wp-json\/wp\/v2\/categories?post=33391"},{"taxonomy":"post_tag","embeddable":true,"href":"https:\/\/www.visit-ulcinj.com\/blog\/wp-json\/wp\/v2\/tags?post=33391"}],"curies":[{"name":"wp","href":"https:\/\/api.w.org\/{rel}","templated":true}]}}