{"id":33393,"date":"2010-05-17T22:21:21","date_gmt":"2010-05-17T20:21:21","guid":{"rendered":"http:\/\/www.visit-ulcinj.com\/blog\/?p=33393"},"modified":"2010-05-22T14:35:26","modified_gmt":"2010-05-22T12:35:26","slug":"silver-korda-1-shi-ishte-shpetimi-jone","status":"publish","type":"post","link":"https:\/\/www.visit-ulcinj.com\/blog\/2010\/05\/17\/silver-korda-1-shi-ishte-shpetimi-jone\/","title":{"rendered":"Silver Korda: 1-shi isht\u00eb shpetimi jon\u00eb"},"content":{"rendered":"<p><a href=\"http:\/\/www.visit-ulcinj.com\/blog\/wp-content\/uploads\/2010\/05\/Silver-Korda.jpg\"><img loading=\"lazy\" class=\"alignleft size-full wp-image-33451\" title=\"Silver Korda\" src=\"http:\/\/www.visit-ulcinj.com\/blog\/wp-content\/uploads\/2010\/05\/Silver-Korda.jpg\" alt=\"Silver Korda\" width=\"499\" height=\"604\" \/><\/a><\/p>\n<p>1.\u00a0 O popull i katunit e i qytetit n\u00eb fusha, n\u00eb male dhe af\u00ebr detit<\/p>\n<p>2. Kam p\u00ebr ju nji parasi si Ulqinak, e ja si parti<\/p>\n<p>3. Ka ve\u00e7 nji t\u00eb\u00a0 v\u00ebrrtet\u00eb, e ja tri,ashtu si\u00e7 ka ve\u00e7 nji Pereni<\/p>\n<p>4. Erdhi dita e 23. majit,1-shi i drejt\u00ebse, e 3-shi i fajit<\/p>\n<p>5. Mas i merrni n\u00eb qaf\u00eb\u00a0 nipat e mesat,se s`keni me ja dit\u00eb as adresat<\/p>\n<p>6. Ve\u00e7 nji Forc\u00eb\u00a0 munet k\u00ebtu mi nal me pun\u00eb e fakte, e ja ve\u00e7\u00a0 me fjal\u00eb<\/p>\n<p>7. P\u00ebr Ulqin isht\u00eb shansa e funit,Forca ka derdh\u00eb djers\u00ebn e munit<\/p>\n<p>8. Programi i 1-shit isht\u00eb\u00a0 p\u00ebshtimi jon\u00eb,se 3-shit e tjerve s`i bahet von\u00eb<\/p>\n<p>9. Turizmi, pun\u00ebsimi, kredite nd\u00ebrtimit,bujq\u00ebsia, tregtia si dhe peshkimi<\/p>\n<p>10. K\u00ebta jan\u00eb ve\u00e7\u00a0 disa fakte q\u00eb flasin p\u00ebr 1-shin votoni p\u00ebr Forc\u00ebn, se e xjerrni dyfishin<\/p>\n<p>11. Njikaq pata me ju than\u00eb,Ulqinin e kemi bab\u00eb dhe nan\u00eb<br \/>\n<strong><br \/>\nSilver KORDA<br \/>\nZvic\u00ebr, 18.05.2010<br \/>\n[flv width=&#8221;490&#8243; height=&#8221;390&#8243;]http:\/\/forca.me\/images\/stories\/videos\/Promovimi_Ulqin.flv[\/flv]<\/strong><\/p>\n","protected":false},"excerpt":{"rendered":"<p>1.\u00a0 O popull i katunit e i qytetit n\u00eb fusha, n\u00eb male dhe af\u00ebr detit 2. Kam p\u00ebr ju nji parasi si Ulqinak, e ja si parti 3. Ka ve\u00e7 nji t\u00eb\u00a0 v\u00ebrrtet\u00eb, e ja tri,ashtu si\u00e7 ka ve\u00e7 nji Pereni 4. Erdhi dita e 23. majit,1-shi i drejt\u00ebse, e 3-shi i fajit 5. Mas [&hellip;]<\/p>\n","protected":false},"author":1,"featured_media":0,"comment_status":"open","ping_status":"closed","sticky":false,"template":"","format":"standard","meta":{"spay_email":"","jetpack_publicize_message":"","jetpack_is_tweetstorm":false,"jetpack_publicize_feature_enabled":true},"categories":[14249],"tags":[117,9592,200,18],"jetpack_publicize_connections":[],"yoast_head":"<!-- This site is optimized with the Yoast SEO plugin v19.1 - https:\/\/yoast.com\/wordpress\/plugins\/seo\/ -->\n<title>Silver Korda: 1-shi isht\u00eb shpetimi jon\u00eb - Lajme nga Ulqini<\/title>\n<meta name=\"description\" content=\"1.\u00a0 O popull i katunit e i qytetit n\u00eb fusha, n\u00eb male dhe af\u00ebr detit 2. Kam p\u00ebr ju nji parasi si Ulqinak, e ja si parti 3. Ka ve\u00e7 nji t\u00eb\u00a0 v\u00ebrrtet\u00eb, e ja\" \/>\n<meta name=\"robots\" content=\"index, follow, max-snippet:-1, max-image-preview:large, max-video-preview:-1\" \/>\n<link rel=\"canonical\" href=\"https:\/\/www.visit-ulcinj.com\/blog\/2010\/05\/17\/silver-korda-1-shi-ishte-shpetimi-jone\/\" \/>\n<meta property=\"og:locale\" content=\"en_US\" \/>\n<meta property=\"og:type\" content=\"article\" \/>\n<meta property=\"og:title\" content=\"Silver Korda: 1-shi isht\u00eb shpetimi jon\u00eb - Lajme nga Ulqini\" \/>\n<meta property=\"og:description\" content=\"1.\u00a0 O popull i katunit e i qytetit n\u00eb fusha, n\u00eb male dhe af\u00ebr detit 2. Kam p\u00ebr ju nji parasi si Ulqinak, e ja si parti 3. Ka ve\u00e7 nji t\u00eb\u00a0 v\u00ebrrtet\u00eb, e ja\" \/>\n<meta property=\"og:url\" content=\"https:\/\/www.visit-ulcinj.com\/blog\/2010\/05\/17\/silver-korda-1-shi-ishte-shpetimi-jone\/\" \/>\n<meta property=\"og:site_name\" content=\"Lajme nga Ulqini\" \/>\n<meta property=\"article:published_time\" content=\"2010-05-17T20:21:21+00:00\" \/>\n<meta property=\"article:modified_time\" content=\"2010-05-22T12:35:26+00:00\" \/>\n<meta property=\"og:image\" content=\"http:\/\/www.visit-ulcinj.com\/blog\/wp-content\/uploads\/2010\/05\/Silver-Korda.jpg\" \/>\n<meta name=\"twitter:label1\" content=\"Written by\" \/>\n\t<meta name=\"twitter:data1\" content=\"ulqini\" \/>\n\t<meta name=\"twitter:label2\" content=\"Est. reading time\" \/>\n\t<meta name=\"twitter:data2\" content=\"1 minute\" \/>\n<script type=\"application\/ld+json\" class=\"yoast-schema-graph\">{\"@context\":\"https:\/\/schema.org\",\"@graph\":[{\"@type\":\"WebSite\",\"@id\":\"https:\/\/www.visit-ulcinj.com\/blog\/#website\",\"url\":\"https:\/\/www.visit-ulcinj.com\/blog\/\",\"name\":\"Lajme nga Ulqini\",\"description\":\"Lajme,Vijesti,Ulqini,Ulqin,Crna Gora,Mali i Zi\",\"potentialAction\":[{\"@type\":\"SearchAction\",\"target\":{\"@type\":\"EntryPoint\",\"urlTemplate\":\"https:\/\/www.visit-ulcinj.com\/blog\/?s={search_term_string}\"},\"query-input\":\"required name=search_term_string\"}],\"inLanguage\":\"en-US\"},{\"@type\":\"ImageObject\",\"inLanguage\":\"en-US\",\"@id\":\"https:\/\/www.visit-ulcinj.com\/blog\/2010\/05\/17\/silver-korda-1-shi-ishte-shpetimi-jone\/#primaryimage\",\"url\":\"https:\/\/www.visit-ulcinj.com\/blog\/wp-content\/uploads\/2010\/05\/Silver-Korda.jpg\",\"contentUrl\":\"https:\/\/www.visit-ulcinj.com\/blog\/wp-content\/uploads\/2010\/05\/Silver-Korda.jpg\",\"width\":\"453\",\"height\":\"604\"},{\"@type\":\"WebPage\",\"@id\":\"https:\/\/www.visit-ulcinj.com\/blog\/2010\/05\/17\/silver-korda-1-shi-ishte-shpetimi-jone\/#webpage\",\"url\":\"https:\/\/www.visit-ulcinj.com\/blog\/2010\/05\/17\/silver-korda-1-shi-ishte-shpetimi-jone\/\",\"name\":\"Silver Korda: 1-shi isht\u00eb shpetimi jon\u00eb - Lajme nga Ulqini\",\"isPartOf\":{\"@id\":\"https:\/\/www.visit-ulcinj.com\/blog\/#website\"},\"primaryImageOfPage\":{\"@id\":\"https:\/\/www.visit-ulcinj.com\/blog\/2010\/05\/17\/silver-korda-1-shi-ishte-shpetimi-jone\/#primaryimage\"},\"datePublished\":\"2010-05-17T20:21:21+00:00\",\"dateModified\":\"2010-05-22T12:35:26+00:00\",\"author\":{\"@id\":\"https:\/\/www.visit-ulcinj.com\/blog\/#\/schema\/person\/dcab619c614d3038751c63bc2aadc06d\"},\"description\":\"1.\u00a0 O popull i katunit e i qytetit n\u00eb fusha, n\u00eb male dhe af\u00ebr detit 2. Kam p\u00ebr ju nji parasi si Ulqinak, e ja si parti 3. Ka ve\u00e7 nji t\u00eb\u00a0 v\u00ebrrtet\u00eb, e ja\",\"breadcrumb\":{\"@id\":\"https:\/\/www.visit-ulcinj.com\/blog\/2010\/05\/17\/silver-korda-1-shi-ishte-shpetimi-jone\/#breadcrumb\"},\"inLanguage\":\"en-US\",\"potentialAction\":[{\"@type\":\"ReadAction\",\"target\":[\"https:\/\/www.visit-ulcinj.com\/blog\/2010\/05\/17\/silver-korda-1-shi-ishte-shpetimi-jone\/\"]}]},{\"@type\":\"BreadcrumbList\",\"@id\":\"https:\/\/www.visit-ulcinj.com\/blog\/2010\/05\/17\/silver-korda-1-shi-ishte-shpetimi-jone\/#breadcrumb\",\"itemListElement\":[{\"@type\":\"ListItem\",\"position\":1,\"name\":\"Silver Korda: 1-shi isht\u00eb shpetimi jon\u00eb\"}]},{\"@type\":\"Person\",\"@id\":\"https:\/\/www.visit-ulcinj.com\/blog\/#\/schema\/person\/dcab619c614d3038751c63bc2aadc06d\",\"name\":\"ulqini\",\"sameAs\":[\"http:\/\/www.visit-ulcinj.com\"],\"url\":\"https:\/\/www.visit-ulcinj.com\/blog\/author\/admin\/\"}]}<\/script>\n<!-- \/ Yoast SEO plugin. -->","yoast_head_json":{"title":"Silver Korda: 1-shi isht\u00eb shpetimi jon\u00eb - Lajme nga Ulqini","description":"1.\u00a0 O popull i katunit e i qytetit n\u00eb fusha, n\u00eb male dhe af\u00ebr detit 2. Kam p\u00ebr ju nji parasi si Ulqinak, e ja si parti 3. Ka ve\u00e7 nji t\u00eb\u00a0 v\u00ebrrtet\u00eb, e ja","robots":{"index":"index","follow":"follow","max-snippet":"max-snippet:-1","max-image-preview":"max-image-preview:large","max-video-preview":"max-video-preview:-1"},"canonical":"https:\/\/www.visit-ulcinj.com\/blog\/2010\/05\/17\/silver-korda-1-shi-ishte-shpetimi-jone\/","og_locale":"en_US","og_type":"article","og_title":"Silver Korda: 1-shi isht\u00eb shpetimi jon\u00eb - Lajme nga Ulqini","og_description":"1.\u00a0 O popull i katunit e i qytetit n\u00eb fusha, n\u00eb male dhe af\u00ebr detit 2. Kam p\u00ebr ju nji parasi si Ulqinak, e ja si parti 3. Ka ve\u00e7 nji t\u00eb\u00a0 v\u00ebrrtet\u00eb, e ja","og_url":"https:\/\/www.visit-ulcinj.com\/blog\/2010\/05\/17\/silver-korda-1-shi-ishte-shpetimi-jone\/","og_site_name":"Lajme nga Ulqini","article_published_time":"2010-05-17T20:21:21+00:00","article_modified_time":"2010-05-22T12:35:26+00:00","og_image":[{"url":"http:\/\/www.visit-ulcinj.com\/blog\/wp-content\/uploads\/2010\/05\/Silver-Korda.jpg"}],"twitter_misc":{"Written by":"ulqini","Est. reading time":"1 minute"},"schema":{"@context":"https:\/\/schema.org","@graph":[{"@type":"WebSite","@id":"https:\/\/www.visit-ulcinj.com\/blog\/#website","url":"https:\/\/www.visit-ulcinj.com\/blog\/","name":"Lajme nga Ulqini","description":"Lajme,Vijesti,Ulqini,Ulqin,Crna Gora,Mali i Zi","potentialAction":[{"@type":"SearchAction","target":{"@type":"EntryPoint","urlTemplate":"https:\/\/www.visit-ulcinj.com\/blog\/?s={search_term_string}"},"query-input":"required name=search_term_string"}],"inLanguage":"en-US"},{"@type":"ImageObject","inLanguage":"en-US","@id":"https:\/\/www.visit-ulcinj.com\/blog\/2010\/05\/17\/silver-korda-1-shi-ishte-shpetimi-jone\/#primaryimage","url":"https:\/\/www.visit-ulcinj.com\/blog\/wp-content\/uploads\/2010\/05\/Silver-Korda.jpg","contentUrl":"https:\/\/www.visit-ulcinj.com\/blog\/wp-content\/uploads\/2010\/05\/Silver-Korda.jpg","width":"453","height":"604"},{"@type":"WebPage","@id":"https:\/\/www.visit-ulcinj.com\/blog\/2010\/05\/17\/silver-korda-1-shi-ishte-shpetimi-jone\/#webpage","url":"https:\/\/www.visit-ulcinj.com\/blog\/2010\/05\/17\/silver-korda-1-shi-ishte-shpetimi-jone\/","name":"Silver Korda: 1-shi isht\u00eb shpetimi jon\u00eb - Lajme nga Ulqini","isPartOf":{"@id":"https:\/\/www.visit-ulcinj.com\/blog\/#website"},"primaryImageOfPage":{"@id":"https:\/\/www.visit-ulcinj.com\/blog\/2010\/05\/17\/silver-korda-1-shi-ishte-shpetimi-jone\/#primaryimage"},"datePublished":"2010-05-17T20:21:21+00:00","dateModified":"2010-05-22T12:35:26+00:00","author":{"@id":"https:\/\/www.visit-ulcinj.com\/blog\/#\/schema\/person\/dcab619c614d3038751c63bc2aadc06d"},"description":"1.\u00a0 O popull i katunit e i qytetit n\u00eb fusha, n\u00eb male dhe af\u00ebr detit 2. Kam p\u00ebr ju nji parasi si Ulqinak, e ja si parti 3. Ka ve\u00e7 nji t\u00eb\u00a0 v\u00ebrrtet\u00eb, e ja","breadcrumb":{"@id":"https:\/\/www.visit-ulcinj.com\/blog\/2010\/05\/17\/silver-korda-1-shi-ishte-shpetimi-jone\/#breadcrumb"},"inLanguage":"en-US","potentialAction":[{"@type":"ReadAction","target":["https:\/\/www.visit-ulcinj.com\/blog\/2010\/05\/17\/silver-korda-1-shi-ishte-shpetimi-jone\/"]}]},{"@type":"BreadcrumbList","@id":"https:\/\/www.visit-ulcinj.com\/blog\/2010\/05\/17\/silver-korda-1-shi-ishte-shpetimi-jone\/#breadcrumb","itemListElement":[{"@type":"ListItem","position":1,"name":"Silver Korda: 1-shi isht\u00eb shpetimi jon\u00eb"}]},{"@type":"Person","@id":"https:\/\/www.visit-ulcinj.com\/blog\/#\/schema\/person\/dcab619c614d3038751c63bc2aadc06d","name":"ulqini","sameAs":["http:\/\/www.visit-ulcinj.com"],"url":"https:\/\/www.visit-ulcinj.com\/blog\/author\/admin\/"}]}},"jetpack_featured_media_url":"","jetpack_sharing_enabled":true,"jetpack_shortlink":"https:\/\/wp.me\/pe6lTn-8GB","_links":{"self":[{"href":"https:\/\/www.visit-ulcinj.com\/blog\/wp-json\/wp\/v2\/posts\/33393"}],"collection":[{"href":"https:\/\/www.visit-ulcinj.com\/blog\/wp-json\/wp\/v2\/posts"}],"about":[{"href":"https:\/\/www.visit-ulcinj.com\/blog\/wp-json\/wp\/v2\/types\/post"}],"author":[{"embeddable":true,"href":"https:\/\/www.visit-ulcinj.com\/blog\/wp-json\/wp\/v2\/users\/1"}],"replies":[{"embeddable":true,"href":"https:\/\/www.visit-ulcinj.com\/blog\/wp-json\/wp\/v2\/comments?post=33393"}],"version-history":[{"count":0,"href":"https:\/\/www.visit-ulcinj.com\/blog\/wp-json\/wp\/v2\/posts\/33393\/revisions"}],"wp:attachment":[{"href":"https:\/\/www.visit-ulcinj.com\/blog\/wp-json\/wp\/v2\/media?parent=33393"}],"wp:term":[{"taxonomy":"category","embeddable":true,"href":"https:\/\/www.visit-ulcinj.com\/blog\/wp-json\/wp\/v2\/categories?post=33393"},{"taxonomy":"post_tag","embeddable":true,"href":"https:\/\/www.visit-ulcinj.com\/blog\/wp-json\/wp\/v2\/tags?post=33393"}],"curies":[{"name":"wp","href":"https:\/\/api.w.org\/{rel}","templated":true}]}}