{"id":33399,"date":"2010-05-17T23:00:59","date_gmt":"2010-05-17T21:00:59","guid":{"rendered":"http:\/\/www.visit-ulcinj.com\/blog\/?p=33399"},"modified":"2010-05-17T23:02:57","modified_gmt":"2010-05-17T21:02:57","slug":"genta-ismajli-jam-e-zhgenjyer-nga-juria","status":"publish","type":"post","link":"https:\/\/www.visit-ulcinj.com\/blog\/2010\/05\/17\/genta-ismajli-jam-e-zhgenjyer-nga-juria\/","title":{"rendered":"Genta Ismajli: Jam e zhgenjyer nga juria"},"content":{"rendered":"<p><a href=\"http:\/\/www.visit-ulcinj.com\/blog\/wp-content\/uploads\/2010\/05\/Genta-Ismajli-_Dancing-with-the-stars.jpg\"><img loading=\"lazy\" class=\"alignleft size-full wp-image-33405\" title=\"Genta Ismajli _Dancing with the stars\" src=\"http:\/\/www.visit-ulcinj.com\/blog\/wp-content\/uploads\/2010\/05\/Genta-Ismajli-_Dancing-with-the-stars.jpg\" alt=\"Genta Ismajli _Dancing with the stars\" width=\"341\" height=\"522\" \/><\/a>Edhe pse mjaft n\u00eb form\u00eb, Genta Ismajli nuk arriti t\u00eb fitoj\u00eb \u00e7mimin kryesor tek \u201cDancing with the stars\u201d. Publiku d\u00ebshiroi, por juria ishte ajo q\u00eb tha fjal\u00ebn e fundit. Atraksioni vazhdon m\u00eb fuqish\u00ebm. K\u00ebng\u00eb dhe klipe t\u00eb reja si befasi p\u00ebr fansat, s\u00eb shpejti pritet promovimi i saj tek publiku turk, nd\u00ebrsa turin e koncerteve e fillon nga data 15 qershor. Genta Ismajli vjen n\u00eb nj\u00eb intervist\u00eb p\u00ebr \u201cPanorama plus\u201d, duke rr\u00ebfyer t\u00eb v\u00ebrtetat pas mbarimit t\u00eb spektaklit.<br \/>\nSi ndjehesh pas mbarimit t\u00eb spektaklit?<br \/>\nShum\u00eb e zhg\u00ebnjyer, personalisht konsideroj q\u00eb ishte zhg\u00ebnjim gjith\u00eb komb\u00ebtar.<br \/>\nJe e zhg\u00ebnjyer nga juria?<br \/>\nSigurisht se po, edhe at\u00eb q\u00eb nga fillimi.<br \/>\n\u00cbsht\u00eb p\u00ebrfolur me t\u00eb madhe q\u00eb Genta Ismaji do fitoj\u00eb spektaklin \u201cDancing with the stars\u201d. Si mendon, nga doli ky p\u00ebrfundim?<br \/>\nPo, \u00ebsht\u00eb p\u00ebrfolur p\u00ebr shkak t\u00eb vler\u00ebsimit real t\u00eb pun\u00ebs dhe talentit tim, mir\u00ebpo edhe m\u00eb shum\u00eb \u00ebsht\u00eb p\u00ebrfolur q\u00eb Genta Ismajli, edhe pse \u00ebsht\u00eb e pa krahasueshme me t\u00eb tjer\u00ebt, nuk do t\u00eb fitoj\u00eb.<br \/>\nDisa thonin q\u00eb Genta gjithmon\u00eb n\u00ebp\u00ebr evenimente ka shkuar p\u00ebr t\u00eb rr\u00ebmbyer \u00e7mimin e par\u00eb, kuptohet edhe tek ky spektak\u00ebl, por nuk doli ashtu, pse?<br \/>\nGenta \u00e7do her\u00eb punon me zem\u00ebr dhe p\u00ebrkushtim, e asnj\u00ebher\u00eb nuk dyshon p\u00ebr rezultatin.<br \/>\nMendon se juria ka qen\u00eb e padrejt\u00eb ndaj teje?<br \/>\nKonsideroj q\u00eb po, mir\u00ebpo qet\u00ebsimin n\u00eb shpirt tani e kam, pasi juria n\u00eb p\u00ebrgjith\u00ebsi nuk u tregua profesionale.<br \/>\nPo flitej se fituesi i ka pasur pun\u00ebt mir\u00eb me jurin\u00eb dhe p\u00ebr k\u00ebt\u00eb ka fituar spektaklin, \u00ebsht\u00eb e v\u00ebrtet\u00eb? Sa ke d\u00ebgjuar k\u00ebto fjal\u00eb prapa skene?<br \/>\nPo, shum\u00eb e v\u00ebrtet\u00eb q\u00eb kam d\u00ebgjuar, por nuk kam besuar q\u00eb mund t\u00eb ndodh\u00eb nj\u00eb gj\u00eb e till\u00eb.<br \/>\nT\u00eb kan\u00eb ofruar di\u00e7ka tjet\u00ebr organizator\u00ebt pas mbarimit?<br \/>\nOrganizator\u00ebt as q\u00eb i kam par\u00eb fare, mungoi edhe p\u00ebrsh\u00ebndetja nga ana e tyre, edhe pse 6 muaj isha e m\u00ebshiruar me ta, por m\u00eb kryesorja ishte p\u00ebrsh\u00ebndetja nga t\u00eb dashurit e mi e ata ishin publiku q\u00eb gjithmon\u00eb m\u00eb do dhe m\u00eb p\u00ebrkrah deri n\u00eb fund. Faleminderit shum\u00eb edhe nj\u00eb her\u00eb, ata d\u00ebshmuan q\u00eb jan\u00eb pjes\u00eb e shpirtit tim.<br \/>\nGjat\u00eb koh\u00ebs sa ke q\u00ebndruar n\u00eb Shqip\u00ebri, t\u00eb kan\u00eb ftuar edhe n\u00ebp\u00ebr koncerte, sa ke qen\u00eb aktive?<br \/>\nI anullova t\u00eb gjitha vet\u00ebm e vet\u00ebm t\u00eb d\u00ebshmoj veten q\u00eb p\u00ebrve\u00e7 k\u00ebng\u00ebs pasion e kam edhe vall\u00ebzimin.<br \/>\nNd\u00ebrkoh\u00eb ti ke publikuar edhe nj\u00eb k\u00ebng\u00eb n\u00eb duet me k\u00ebng\u00ebtarin turk C\u00fcneyt \u00c7akim, kur pritet t\u00eb realizohet klipi i k\u00ebsaj k\u00ebnge?<br \/>\nLe t\u00eb jet\u00eb befasi\u2026<br \/>\nKe vendosur t\u00eb promovohesh edhe tek publiku turk?<br \/>\nSupriz\u00eb!<br \/>\nSi \u00ebsht\u00eb puna p\u00ebr k\u00ebng\u00ebt e huazuara, ku q\u00ebndron problemi tek Genta apo tek kompozitor\u00ebt?<br \/>\nTek kompozitor\u00ebt.<br \/>\nAkoma je \u201csingle\u201d? Askush deri m\u00eb tani nuk ka pushtuar zemr\u00ebn t\u00ebnde?<br \/>\nPo jam single!<br \/>\nKe aranzhuar koncertete p\u00ebr sezonin veror, ku mund ta gjejn\u00eb fansat Gent\u00ebn?<br \/>\nKosov\u00eb dhe diaspor\u00eb prej dat\u00ebs 15 qershor.<br \/>\n<strong><br \/>\nPanorama Plus<br \/>\n<br \/>\n<!--YouTube Error: bad URL entered--><\/strong><\/p>\n","protected":false},"excerpt":{"rendered":"<p>Edhe pse mjaft n\u00eb form\u00eb, Genta Ismajli nuk arriti t\u00eb fitoj\u00eb \u00e7mimin kryesor tek \u201cDancing with the stars\u201d. Publiku d\u00ebshiroi, por juria ishte ajo q\u00eb tha fjal\u00ebn e fundit. Atraksioni vazhdon m\u00eb fuqish\u00ebm. K\u00ebng\u00eb dhe klipe t\u00eb reja si befasi p\u00ebr fansat, s\u00eb shpejti pritet promovimi i saj tek publiku turk, nd\u00ebrsa turin e koncerteve [&hellip;]<\/p>\n","protected":false},"author":1,"featured_media":0,"comment_status":"open","ping_status":"closed","sticky":false,"template":"","format":"standard","meta":{"spay_email":"","jetpack_publicize_message":"","jetpack_is_tweetstorm":false,"jetpack_publicize_feature_enabled":true},"categories":[1],"tags":[323,14346],"jetpack_publicize_connections":[],"yoast_head":"<!-- This site is optimized with the Yoast SEO plugin v19.1 - https:\/\/yoast.com\/wordpress\/plugins\/seo\/ -->\n<title>Genta Ismajli: Jam e zhgenjyer nga juria - Lajme nga Ulqini<\/title>\n<meta name=\"description\" content=\"Edhe pse mjaft n\u00eb form\u00eb, Genta Ismajli nuk arriti t\u00eb fitoj\u00eb \u00e7mimin kryesor tek \u201cDancing with the stars\u201d. Publiku d\u00ebshiroi, por juria ishte ajo q\u00eb tha\" \/>\n<meta name=\"robots\" content=\"index, follow, max-snippet:-1, max-image-preview:large, max-video-preview:-1\" \/>\n<link rel=\"canonical\" href=\"https:\/\/www.visit-ulcinj.com\/blog\/2010\/05\/17\/genta-ismajli-jam-e-zhgenjyer-nga-juria\/\" \/>\n<meta property=\"og:locale\" content=\"en_US\" \/>\n<meta property=\"og:type\" content=\"article\" \/>\n<meta property=\"og:title\" content=\"Genta Ismajli: Jam e zhgenjyer nga juria - Lajme nga Ulqini\" \/>\n<meta property=\"og:description\" content=\"Edhe pse mjaft n\u00eb form\u00eb, Genta Ismajli nuk arriti t\u00eb fitoj\u00eb \u00e7mimin kryesor tek \u201cDancing with the stars\u201d. Publiku d\u00ebshiroi, por juria ishte ajo q\u00eb tha\" \/>\n<meta property=\"og:url\" content=\"https:\/\/www.visit-ulcinj.com\/blog\/2010\/05\/17\/genta-ismajli-jam-e-zhgenjyer-nga-juria\/\" \/>\n<meta property=\"og:site_name\" content=\"Lajme nga Ulqini\" \/>\n<meta property=\"article:published_time\" content=\"2010-05-17T21:00:59+00:00\" \/>\n<meta property=\"article:modified_time\" content=\"2010-05-17T21:02:57+00:00\" \/>\n<meta property=\"og:image\" content=\"https:\/\/www.visit-ulcinj.com\/blog\/wp-content\/uploads\/2010\/05\/Genta-Ismajli-_Dancing-with-the-stars.1-150x150.jpg\" \/>\n<meta name=\"twitter:label1\" content=\"Written by\" \/>\n\t<meta name=\"twitter:data1\" content=\"ulqini\" \/>\n\t<meta name=\"twitter:label2\" content=\"Est. reading time\" \/>\n\t<meta name=\"twitter:data2\" content=\"3 minutes\" \/>\n<script type=\"application\/ld+json\" class=\"yoast-schema-graph\">{\"@context\":\"https:\/\/schema.org\",\"@graph\":[{\"@type\":\"WebSite\",\"@id\":\"https:\/\/www.visit-ulcinj.com\/blog\/#website\",\"url\":\"https:\/\/www.visit-ulcinj.com\/blog\/\",\"name\":\"Lajme nga Ulqini\",\"description\":\"Lajme,Vijesti,Ulqini,Ulqin,Crna Gora,Mali i Zi\",\"potentialAction\":[{\"@type\":\"SearchAction\",\"target\":{\"@type\":\"EntryPoint\",\"urlTemplate\":\"https:\/\/www.visit-ulcinj.com\/blog\/?s={search_term_string}\"},\"query-input\":\"required name=search_term_string\"}],\"inLanguage\":\"en-US\"},{\"@type\":\"ImageObject\",\"inLanguage\":\"en-US\",\"@id\":\"https:\/\/www.visit-ulcinj.com\/blog\/2010\/05\/17\/genta-ismajli-jam-e-zhgenjyer-nga-juria\/#primaryimage\",\"url\":\"http:\/\/www.visit-ulcinj.com\/blog\/wp-content\/uploads\/2010\/05\/Genta-Ismajli-_Dancing-with-the-stars.jpg\",\"contentUrl\":\"http:\/\/www.visit-ulcinj.com\/blog\/wp-content\/uploads\/2010\/05\/Genta-Ismajli-_Dancing-with-the-stars.jpg\"},{\"@type\":\"WebPage\",\"@id\":\"https:\/\/www.visit-ulcinj.com\/blog\/2010\/05\/17\/genta-ismajli-jam-e-zhgenjyer-nga-juria\/#webpage\",\"url\":\"https:\/\/www.visit-ulcinj.com\/blog\/2010\/05\/17\/genta-ismajli-jam-e-zhgenjyer-nga-juria\/\",\"name\":\"Genta Ismajli: Jam e zhgenjyer nga juria - Lajme nga Ulqini\",\"isPartOf\":{\"@id\":\"https:\/\/www.visit-ulcinj.com\/blog\/#website\"},\"primaryImageOfPage\":{\"@id\":\"https:\/\/www.visit-ulcinj.com\/blog\/2010\/05\/17\/genta-ismajli-jam-e-zhgenjyer-nga-juria\/#primaryimage\"},\"datePublished\":\"2010-05-17T21:00:59+00:00\",\"dateModified\":\"2010-05-17T21:02:57+00:00\",\"author\":{\"@id\":\"https:\/\/www.visit-ulcinj.com\/blog\/#\/schema\/person\/dcab619c614d3038751c63bc2aadc06d\"},\"description\":\"Edhe pse mjaft n\u00eb form\u00eb, Genta Ismajli nuk arriti t\u00eb fitoj\u00eb \u00e7mimin kryesor tek \u201cDancing with the stars\u201d. Publiku d\u00ebshiroi, por juria ishte ajo q\u00eb tha\",\"breadcrumb\":{\"@id\":\"https:\/\/www.visit-ulcinj.com\/blog\/2010\/05\/17\/genta-ismajli-jam-e-zhgenjyer-nga-juria\/#breadcrumb\"},\"inLanguage\":\"en-US\",\"potentialAction\":[{\"@type\":\"ReadAction\",\"target\":[\"https:\/\/www.visit-ulcinj.com\/blog\/2010\/05\/17\/genta-ismajli-jam-e-zhgenjyer-nga-juria\/\"]}]},{\"@type\":\"BreadcrumbList\",\"@id\":\"https:\/\/www.visit-ulcinj.com\/blog\/2010\/05\/17\/genta-ismajli-jam-e-zhgenjyer-nga-juria\/#breadcrumb\",\"itemListElement\":[{\"@type\":\"ListItem\",\"position\":1,\"name\":\"Genta Ismajli: Jam e zhgenjyer nga juria\"}]},{\"@type\":\"Person\",\"@id\":\"https:\/\/www.visit-ulcinj.com\/blog\/#\/schema\/person\/dcab619c614d3038751c63bc2aadc06d\",\"name\":\"ulqini\",\"sameAs\":[\"http:\/\/www.visit-ulcinj.com\"],\"url\":\"https:\/\/www.visit-ulcinj.com\/blog\/author\/admin\/\"}]}<\/script>\n<!-- \/ Yoast SEO plugin. -->","yoast_head_json":{"title":"Genta Ismajli: Jam e zhgenjyer nga juria - Lajme nga Ulqini","description":"Edhe pse mjaft n\u00eb form\u00eb, Genta Ismajli nuk arriti t\u00eb fitoj\u00eb \u00e7mimin kryesor tek \u201cDancing with the stars\u201d. Publiku d\u00ebshiroi, por juria ishte ajo q\u00eb tha","robots":{"index":"index","follow":"follow","max-snippet":"max-snippet:-1","max-image-preview":"max-image-preview:large","max-video-preview":"max-video-preview:-1"},"canonical":"https:\/\/www.visit-ulcinj.com\/blog\/2010\/05\/17\/genta-ismajli-jam-e-zhgenjyer-nga-juria\/","og_locale":"en_US","og_type":"article","og_title":"Genta Ismajli: Jam e zhgenjyer nga juria - Lajme nga Ulqini","og_description":"Edhe pse mjaft n\u00eb form\u00eb, Genta Ismajli nuk arriti t\u00eb fitoj\u00eb \u00e7mimin kryesor tek \u201cDancing with the stars\u201d. Publiku d\u00ebshiroi, por juria ishte ajo q\u00eb tha","og_url":"https:\/\/www.visit-ulcinj.com\/blog\/2010\/05\/17\/genta-ismajli-jam-e-zhgenjyer-nga-juria\/","og_site_name":"Lajme nga Ulqini","article_published_time":"2010-05-17T21:00:59+00:00","article_modified_time":"2010-05-17T21:02:57+00:00","og_image":[{"url":"https:\/\/www.visit-ulcinj.com\/blog\/wp-content\/uploads\/2010\/05\/Genta-Ismajli-_Dancing-with-the-stars.1-150x150.jpg"}],"twitter_misc":{"Written by":"ulqini","Est. reading time":"3 minutes"},"schema":{"@context":"https:\/\/schema.org","@graph":[{"@type":"WebSite","@id":"https:\/\/www.visit-ulcinj.com\/blog\/#website","url":"https:\/\/www.visit-ulcinj.com\/blog\/","name":"Lajme nga Ulqini","description":"Lajme,Vijesti,Ulqini,Ulqin,Crna Gora,Mali i Zi","potentialAction":[{"@type":"SearchAction","target":{"@type":"EntryPoint","urlTemplate":"https:\/\/www.visit-ulcinj.com\/blog\/?s={search_term_string}"},"query-input":"required name=search_term_string"}],"inLanguage":"en-US"},{"@type":"ImageObject","inLanguage":"en-US","@id":"https:\/\/www.visit-ulcinj.com\/blog\/2010\/05\/17\/genta-ismajli-jam-e-zhgenjyer-nga-juria\/#primaryimage","url":"http:\/\/www.visit-ulcinj.com\/blog\/wp-content\/uploads\/2010\/05\/Genta-Ismajli-_Dancing-with-the-stars.jpg","contentUrl":"http:\/\/www.visit-ulcinj.com\/blog\/wp-content\/uploads\/2010\/05\/Genta-Ismajli-_Dancing-with-the-stars.jpg"},{"@type":"WebPage","@id":"https:\/\/www.visit-ulcinj.com\/blog\/2010\/05\/17\/genta-ismajli-jam-e-zhgenjyer-nga-juria\/#webpage","url":"https:\/\/www.visit-ulcinj.com\/blog\/2010\/05\/17\/genta-ismajli-jam-e-zhgenjyer-nga-juria\/","name":"Genta Ismajli: Jam e zhgenjyer nga juria - Lajme nga Ulqini","isPartOf":{"@id":"https:\/\/www.visit-ulcinj.com\/blog\/#website"},"primaryImageOfPage":{"@id":"https:\/\/www.visit-ulcinj.com\/blog\/2010\/05\/17\/genta-ismajli-jam-e-zhgenjyer-nga-juria\/#primaryimage"},"datePublished":"2010-05-17T21:00:59+00:00","dateModified":"2010-05-17T21:02:57+00:00","author":{"@id":"https:\/\/www.visit-ulcinj.com\/blog\/#\/schema\/person\/dcab619c614d3038751c63bc2aadc06d"},"description":"Edhe pse mjaft n\u00eb form\u00eb, Genta Ismajli nuk arriti t\u00eb fitoj\u00eb \u00e7mimin kryesor tek \u201cDancing with the stars\u201d. Publiku d\u00ebshiroi, por juria ishte ajo q\u00eb tha","breadcrumb":{"@id":"https:\/\/www.visit-ulcinj.com\/blog\/2010\/05\/17\/genta-ismajli-jam-e-zhgenjyer-nga-juria\/#breadcrumb"},"inLanguage":"en-US","potentialAction":[{"@type":"ReadAction","target":["https:\/\/www.visit-ulcinj.com\/blog\/2010\/05\/17\/genta-ismajli-jam-e-zhgenjyer-nga-juria\/"]}]},{"@type":"BreadcrumbList","@id":"https:\/\/www.visit-ulcinj.com\/blog\/2010\/05\/17\/genta-ismajli-jam-e-zhgenjyer-nga-juria\/#breadcrumb","itemListElement":[{"@type":"ListItem","position":1,"name":"Genta Ismajli: Jam e zhgenjyer nga juria"}]},{"@type":"Person","@id":"https:\/\/www.visit-ulcinj.com\/blog\/#\/schema\/person\/dcab619c614d3038751c63bc2aadc06d","name":"ulqini","sameAs":["http:\/\/www.visit-ulcinj.com"],"url":"https:\/\/www.visit-ulcinj.com\/blog\/author\/admin\/"}]}},"jetpack_featured_media_url":"","jetpack_sharing_enabled":true,"jetpack_shortlink":"https:\/\/wp.me\/pe6lTn-8GH","_links":{"self":[{"href":"https:\/\/www.visit-ulcinj.com\/blog\/wp-json\/wp\/v2\/posts\/33399"}],"collection":[{"href":"https:\/\/www.visit-ulcinj.com\/blog\/wp-json\/wp\/v2\/posts"}],"about":[{"href":"https:\/\/www.visit-ulcinj.com\/blog\/wp-json\/wp\/v2\/types\/post"}],"author":[{"embeddable":true,"href":"https:\/\/www.visit-ulcinj.com\/blog\/wp-json\/wp\/v2\/users\/1"}],"replies":[{"embeddable":true,"href":"https:\/\/www.visit-ulcinj.com\/blog\/wp-json\/wp\/v2\/comments?post=33399"}],"version-history":[{"count":0,"href":"https:\/\/www.visit-ulcinj.com\/blog\/wp-json\/wp\/v2\/posts\/33399\/revisions"}],"wp:attachment":[{"href":"https:\/\/www.visit-ulcinj.com\/blog\/wp-json\/wp\/v2\/media?parent=33399"}],"wp:term":[{"taxonomy":"category","embeddable":true,"href":"https:\/\/www.visit-ulcinj.com\/blog\/wp-json\/wp\/v2\/categories?post=33399"},{"taxonomy":"post_tag","embeddable":true,"href":"https:\/\/www.visit-ulcinj.com\/blog\/wp-json\/wp\/v2\/tags?post=33399"}],"curies":[{"name":"wp","href":"https:\/\/api.w.org\/{rel}","templated":true}]}}