{"id":33409,"date":"2010-05-18T07:23:04","date_gmt":"2010-05-18T05:23:04","guid":{"rendered":"http:\/\/www.visit-ulcinj.com\/blog\/?p=33409"},"modified":"2010-05-18T07:59:50","modified_gmt":"2010-05-18T05:59:50","slug":"albis-party-ne-new-york-organizon","status":"publish","type":"post","link":"https:\/\/www.visit-ulcinj.com\/blog\/2010\/05\/18\/albis-party-ne-new-york-organizon\/","title":{"rendered":"Albi&#8217;s Party &#8211; New York Organizon"},"content":{"rendered":"<p><a href=\"http:\/\/www.visit-ulcinj.com\/blog\/wp-content\/uploads\/2010\/05\/Albis-Party-ne-New-York-Organizon.jpg,Vesel Pelinku ,Muzafer Koliqi ,Gezim Salaj dhe BLerim Marshiqi ,nga Ulqini,naser nika\"><img loading=\"lazy\" class=\"alignleft size-full wp-image-33410\" title=\"Albi's Party ne New York Organizon,     Amull,     Bijela Gora,     Bojk\u00eb,     Brajshe,      Bratic\u00eb,      Briska e Ep\u00ebrme,      Darza,      Dragaj (Dragina),      Fraskanjell,      Kaliman,      Kat\u00ebrkolla,      Klezna e Ep\u00ebrme,     Klezna e Poshtme,      Kod\u00ebr ,      Kolonza,      Kosiq,      Kravar,      Kru\u00e7,      Krut\u00eb,      Kryth\u00eb,      Lisna Bora,      Megjreqi ,      Mill\u00eb,      Pistull,      Rastish,      Re\u00e7,      Sal\u00e7,      Shas,      Sh\u00ebngjergj,      Shtodh\u00ebr,      Shtoj i Ep\u00ebrm,      Shtoj i Posht\u00ebm,     Sukubin\u00eb,      Sutjell,      Ulqin,     Zogaj,Vesel Pelinku ,Muzafer Koliqi ,Gezim Salaj ,Amir Pelinku,Naser Nika,Albi's Party-New York, BLerim Marshiqi \" src=\"http:\/\/www.visit-ulcinj.com\/blog\/wp-content\/uploads\/2010\/05\/Albis-Party-ne-New-York-Organizon.jpg\" alt=\"Albi's Party ne New York Organizon\" width=\"490\" height=\"380\" \/><\/a>Per ju Albi&#8217;s Party organizon party per diten e veres me 4 jun ne NY me kengetaret nga vendlindja ( Ulqini) ;Vesel Pelinku ,Muzafer Koliqi ,Gezim Salaj dhe BLerim Marshiqi nen orkestimin e Amir Pelinkut per i nformata me te hollsishme mund te kontaktoni Naser Niken ne numerin e telefonit :<\/p>\n<p><strong>Tel: 646-529-3220<br \/>\n<\/strong><\/p>\n<p><strong><a href=\"http:\/\/www.facebook.com\/profile.php?id=100000905218039\">Naser Nika\u00a0\u00a0 Facebook<\/a><\/strong><\/p>\n<p><strong>\n\t\t<style type=\"text\/css\">\n\t\t\t#gallery-1 {\n\t\t\t\tmargin: auto;\n\t\t\t}\n\t\t\t#gallery-1 .gallery-item {\n\t\t\t\tfloat: left;\n\t\t\t\tmargin-top: 10px;\n\t\t\t\ttext-align: center;\n\t\t\t\twidth: 33%;\n\t\t\t}\n\t\t\t#gallery-1 img {\n\t\t\t\tborder: 2px solid #cfcfcf;\n\t\t\t}\n\t\t\t#gallery-1 .gallery-caption {\n\t\t\t\tmargin-left: 0;\n\t\t\t}\n\t\t\t\/* see gallery_shortcode() in wp-includes\/media.php *\/\n\t\t<\/style>\n\t\t<div id='gallery-1' class='gallery galleryid-33409 gallery-columns-3 gallery-size-thumbnail'><dl class='gallery-item'>\n\t\t\t<dt class='gallery-icon landscape'>\n\t\t\t\t<a href='https:\/\/www.visit-ulcinj.com\/blog\/wp-content\/uploads\/2010\/05\/Albis-Party-ne-New-York-Organizon.jpg'><img width=\"150\" height=\"150\" src=\"https:\/\/www.visit-ulcinj.com\/blog\/wp-content\/uploads\/2010\/05\/Albis-Party-ne-New-York-Organizon-150x150.jpg\" class=\"attachment-thumbnail size-thumbnail\" alt=\"\" loading=\"lazy\" \/><\/a>\n\t\t\t<\/dt><\/dl>\n\t\t\t<br style='clear: both' \/>\n\t\t<\/div>\n<br \/>\n<!--YouTube Error: bad URL entered--><br \/>\n<\/strong><\/p>\n","protected":false},"excerpt":{"rendered":"<p>Per ju Albi&#8217;s Party organizon party per diten e veres me 4 jun ne NY me kengetaret nga vendlindja ( Ulqini) ;Vesel Pelinku ,Muzafer Koliqi ,Gezim Salaj dhe BLerim Marshiqi nen orkestimin e Amir Pelinkut per i nformata me te hollsishme mund te kontaktoni Naser Niken ne numerin e telefonit : Tel: 646-529-3220 Naser Nika\u00a0\u00a0 [&hellip;]<\/p>\n","protected":false},"author":1,"featured_media":0,"comment_status":"open","ping_status":"closed","sticky":false,"template":"","format":"standard","meta":{"spay_email":"","jetpack_publicize_message":"","jetpack_is_tweetstorm":false,"jetpack_publicize_feature_enabled":true},"categories":[6950],"tags":[14347,14350,14351,3505,212,14352,14349,14353,3510,3502,14354,12340,14355,14356,3516,14357,3511,3504,14358,3220,14359,3506,3499,14360,14361,3509,14362,14363,3507,3717,3500,1762,4625,3228,14364,13230,3512,95,14365,3227,14366,3513,14348,3514,14367,3501,14368,14369,14370,2083,3231,14371,3617,3508,14372,3503,14373,14374,3515,3498,2800,14375,200,18,3226,14376],"jetpack_publicize_connections":[],"yoast_head":"<!-- This site is optimized with the Yoast SEO plugin v19.1 - https:\/\/yoast.com\/wordpress\/plugins\/seo\/ -->\n<title>Albi&#039;s Party - New York Organizon - Lajme nga Ulqini<\/title>\n<meta name=\"description\" content=\"Per ju Albi&#039;s Party organizon party per diten e veres me 4 jun ne NY me kengetaret nga vendlindja ( Ulqini) ;Vesel Pelinku ,Muzafer Koliqi ,Gezim Salaj\" \/>\n<meta name=\"robots\" content=\"index, follow, max-snippet:-1, max-image-preview:large, max-video-preview:-1\" \/>\n<link rel=\"canonical\" href=\"https:\/\/www.visit-ulcinj.com\/blog\/2010\/05\/18\/albis-party-ne-new-york-organizon\/\" \/>\n<meta property=\"og:locale\" content=\"en_US\" \/>\n<meta property=\"og:type\" content=\"article\" \/>\n<meta property=\"og:title\" content=\"Albi&#039;s Party - New York Organizon - Lajme nga Ulqini\" \/>\n<meta property=\"og:description\" content=\"Per ju Albi&#039;s Party organizon party per diten e veres me 4 jun ne NY me kengetaret nga vendlindja ( Ulqini) ;Vesel Pelinku ,Muzafer Koliqi ,Gezim Salaj\" \/>\n<meta property=\"og:url\" content=\"https:\/\/www.visit-ulcinj.com\/blog\/2010\/05\/18\/albis-party-ne-new-york-organizon\/\" \/>\n<meta property=\"og:site_name\" content=\"Lajme nga Ulqini\" \/>\n<meta property=\"article:published_time\" content=\"2010-05-18T05:23:04+00:00\" \/>\n<meta property=\"article:modified_time\" content=\"2010-05-18T05:59:50+00:00\" \/>\n<meta property=\"og:image\" content=\"https:\/\/www.visit-ulcinj.com\/blog\/wp-content\/uploads\/2010\/05\/Albis-Party-ne-New-York-Organizon-150x150.jpg\" \/>\n<meta name=\"twitter:label1\" content=\"Written by\" \/>\n\t<meta name=\"twitter:data1\" content=\"ulqini\" \/>\n<script type=\"application\/ld+json\" class=\"yoast-schema-graph\">{\"@context\":\"https:\/\/schema.org\",\"@graph\":[{\"@type\":\"WebSite\",\"@id\":\"https:\/\/www.visit-ulcinj.com\/blog\/#website\",\"url\":\"https:\/\/www.visit-ulcinj.com\/blog\/\",\"name\":\"Lajme nga Ulqini\",\"description\":\"Lajme,Vijesti,Ulqini,Ulqin,Crna Gora,Mali i Zi\",\"potentialAction\":[{\"@type\":\"SearchAction\",\"target\":{\"@type\":\"EntryPoint\",\"urlTemplate\":\"https:\/\/www.visit-ulcinj.com\/blog\/?s={search_term_string}\"},\"query-input\":\"required name=search_term_string\"}],\"inLanguage\":\"en-US\"},{\"@type\":\"ImageObject\",\"inLanguage\":\"en-US\",\"@id\":\"https:\/\/www.visit-ulcinj.com\/blog\/2010\/05\/18\/albis-party-ne-new-york-organizon\/#primaryimage\",\"url\":\"https:\/\/www.visit-ulcinj.com\/blog\/wp-content\/uploads\/2010\/05\/Albis-Party-ne-New-York-Organizon.jpg\",\"contentUrl\":\"https:\/\/www.visit-ulcinj.com\/blog\/wp-content\/uploads\/2010\/05\/Albis-Party-ne-New-York-Organizon.jpg\",\"width\":\"720\",\"height\":\"514\"},{\"@type\":\"WebPage\",\"@id\":\"https:\/\/www.visit-ulcinj.com\/blog\/2010\/05\/18\/albis-party-ne-new-york-organizon\/#webpage\",\"url\":\"https:\/\/www.visit-ulcinj.com\/blog\/2010\/05\/18\/albis-party-ne-new-york-organizon\/\",\"name\":\"Albi's Party - New York Organizon - Lajme nga Ulqini\",\"isPartOf\":{\"@id\":\"https:\/\/www.visit-ulcinj.com\/blog\/#website\"},\"primaryImageOfPage\":{\"@id\":\"https:\/\/www.visit-ulcinj.com\/blog\/2010\/05\/18\/albis-party-ne-new-york-organizon\/#primaryimage\"},\"datePublished\":\"2010-05-18T05:23:04+00:00\",\"dateModified\":\"2010-05-18T05:59:50+00:00\",\"author\":{\"@id\":\"https:\/\/www.visit-ulcinj.com\/blog\/#\/schema\/person\/dcab619c614d3038751c63bc2aadc06d\"},\"description\":\"Per ju Albi's Party organizon party per diten e veres me 4 jun ne NY me kengetaret nga vendlindja ( Ulqini) ;Vesel Pelinku ,Muzafer Koliqi ,Gezim Salaj\",\"breadcrumb\":{\"@id\":\"https:\/\/www.visit-ulcinj.com\/blog\/2010\/05\/18\/albis-party-ne-new-york-organizon\/#breadcrumb\"},\"inLanguage\":\"en-US\",\"potentialAction\":[{\"@type\":\"ReadAction\",\"target\":[\"https:\/\/www.visit-ulcinj.com\/blog\/2010\/05\/18\/albis-party-ne-new-york-organizon\/\"]}]},{\"@type\":\"BreadcrumbList\",\"@id\":\"https:\/\/www.visit-ulcinj.com\/blog\/2010\/05\/18\/albis-party-ne-new-york-organizon\/#breadcrumb\",\"itemListElement\":[{\"@type\":\"ListItem\",\"position\":1,\"name\":\"Albi&#8217;s Party &#8211; New York Organizon\"}]},{\"@type\":\"Person\",\"@id\":\"https:\/\/www.visit-ulcinj.com\/blog\/#\/schema\/person\/dcab619c614d3038751c63bc2aadc06d\",\"name\":\"ulqini\",\"sameAs\":[\"http:\/\/www.visit-ulcinj.com\"],\"url\":\"https:\/\/www.visit-ulcinj.com\/blog\/author\/admin\/\"}]}<\/script>\n<!-- \/ Yoast SEO plugin. -->","yoast_head_json":{"title":"Albi's Party - New York Organizon - Lajme nga Ulqini","description":"Per ju Albi's Party organizon party per diten e veres me 4 jun ne NY me kengetaret nga vendlindja ( Ulqini) ;Vesel Pelinku ,Muzafer Koliqi ,Gezim Salaj","robots":{"index":"index","follow":"follow","max-snippet":"max-snippet:-1","max-image-preview":"max-image-preview:large","max-video-preview":"max-video-preview:-1"},"canonical":"https:\/\/www.visit-ulcinj.com\/blog\/2010\/05\/18\/albis-party-ne-new-york-organizon\/","og_locale":"en_US","og_type":"article","og_title":"Albi's Party - New York Organizon - Lajme nga Ulqini","og_description":"Per ju Albi's Party organizon party per diten e veres me 4 jun ne NY me kengetaret nga vendlindja ( Ulqini) ;Vesel Pelinku ,Muzafer Koliqi ,Gezim Salaj","og_url":"https:\/\/www.visit-ulcinj.com\/blog\/2010\/05\/18\/albis-party-ne-new-york-organizon\/","og_site_name":"Lajme nga Ulqini","article_published_time":"2010-05-18T05:23:04+00:00","article_modified_time":"2010-05-18T05:59:50+00:00","og_image":[{"url":"https:\/\/www.visit-ulcinj.com\/blog\/wp-content\/uploads\/2010\/05\/Albis-Party-ne-New-York-Organizon-150x150.jpg"}],"twitter_misc":{"Written by":"ulqini"},"schema":{"@context":"https:\/\/schema.org","@graph":[{"@type":"WebSite","@id":"https:\/\/www.visit-ulcinj.com\/blog\/#website","url":"https:\/\/www.visit-ulcinj.com\/blog\/","name":"Lajme nga Ulqini","description":"Lajme,Vijesti,Ulqini,Ulqin,Crna Gora,Mali i Zi","potentialAction":[{"@type":"SearchAction","target":{"@type":"EntryPoint","urlTemplate":"https:\/\/www.visit-ulcinj.com\/blog\/?s={search_term_string}"},"query-input":"required name=search_term_string"}],"inLanguage":"en-US"},{"@type":"ImageObject","inLanguage":"en-US","@id":"https:\/\/www.visit-ulcinj.com\/blog\/2010\/05\/18\/albis-party-ne-new-york-organizon\/#primaryimage","url":"https:\/\/www.visit-ulcinj.com\/blog\/wp-content\/uploads\/2010\/05\/Albis-Party-ne-New-York-Organizon.jpg","contentUrl":"https:\/\/www.visit-ulcinj.com\/blog\/wp-content\/uploads\/2010\/05\/Albis-Party-ne-New-York-Organizon.jpg","width":"720","height":"514"},{"@type":"WebPage","@id":"https:\/\/www.visit-ulcinj.com\/blog\/2010\/05\/18\/albis-party-ne-new-york-organizon\/#webpage","url":"https:\/\/www.visit-ulcinj.com\/blog\/2010\/05\/18\/albis-party-ne-new-york-organizon\/","name":"Albi's Party - New York Organizon - Lajme nga Ulqini","isPartOf":{"@id":"https:\/\/www.visit-ulcinj.com\/blog\/#website"},"primaryImageOfPage":{"@id":"https:\/\/www.visit-ulcinj.com\/blog\/2010\/05\/18\/albis-party-ne-new-york-organizon\/#primaryimage"},"datePublished":"2010-05-18T05:23:04+00:00","dateModified":"2010-05-18T05:59:50+00:00","author":{"@id":"https:\/\/www.visit-ulcinj.com\/blog\/#\/schema\/person\/dcab619c614d3038751c63bc2aadc06d"},"description":"Per ju Albi's Party organizon party per diten e veres me 4 jun ne NY me kengetaret nga vendlindja ( Ulqini) ;Vesel Pelinku ,Muzafer Koliqi ,Gezim Salaj","breadcrumb":{"@id":"https:\/\/www.visit-ulcinj.com\/blog\/2010\/05\/18\/albis-party-ne-new-york-organizon\/#breadcrumb"},"inLanguage":"en-US","potentialAction":[{"@type":"ReadAction","target":["https:\/\/www.visit-ulcinj.com\/blog\/2010\/05\/18\/albis-party-ne-new-york-organizon\/"]}]},{"@type":"BreadcrumbList","@id":"https:\/\/www.visit-ulcinj.com\/blog\/2010\/05\/18\/albis-party-ne-new-york-organizon\/#breadcrumb","itemListElement":[{"@type":"ListItem","position":1,"name":"Albi&#8217;s Party &#8211; New York Organizon"}]},{"@type":"Person","@id":"https:\/\/www.visit-ulcinj.com\/blog\/#\/schema\/person\/dcab619c614d3038751c63bc2aadc06d","name":"ulqini","sameAs":["http:\/\/www.visit-ulcinj.com"],"url":"https:\/\/www.visit-ulcinj.com\/blog\/author\/admin\/"}]}},"jetpack_featured_media_url":"","jetpack_sharing_enabled":true,"jetpack_shortlink":"https:\/\/wp.me\/pe6lTn-8GR","_links":{"self":[{"href":"https:\/\/www.visit-ulcinj.com\/blog\/wp-json\/wp\/v2\/posts\/33409"}],"collection":[{"href":"https:\/\/www.visit-ulcinj.com\/blog\/wp-json\/wp\/v2\/posts"}],"about":[{"href":"https:\/\/www.visit-ulcinj.com\/blog\/wp-json\/wp\/v2\/types\/post"}],"author":[{"embeddable":true,"href":"https:\/\/www.visit-ulcinj.com\/blog\/wp-json\/wp\/v2\/users\/1"}],"replies":[{"embeddable":true,"href":"https:\/\/www.visit-ulcinj.com\/blog\/wp-json\/wp\/v2\/comments?post=33409"}],"version-history":[{"count":0,"href":"https:\/\/www.visit-ulcinj.com\/blog\/wp-json\/wp\/v2\/posts\/33409\/revisions"}],"wp:attachment":[{"href":"https:\/\/www.visit-ulcinj.com\/blog\/wp-json\/wp\/v2\/media?parent=33409"}],"wp:term":[{"taxonomy":"category","embeddable":true,"href":"https:\/\/www.visit-ulcinj.com\/blog\/wp-json\/wp\/v2\/categories?post=33409"},{"taxonomy":"post_tag","embeddable":true,"href":"https:\/\/www.visit-ulcinj.com\/blog\/wp-json\/wp\/v2\/tags?post=33409"}],"curies":[{"name":"wp","href":"https:\/\/api.w.org\/{rel}","templated":true}]}}