{"id":33426,"date":"2010-05-18T09:27:38","date_gmt":"2010-05-18T07:27:38","guid":{"rendered":"http:\/\/www.visit-ulcinj.com\/blog\/?p=33426"},"modified":"2010-05-28T21:06:14","modified_gmt":"2010-05-28T19:06:14","slug":"levizja-qytetare-e-ulqinit-e-verteta-dr-isat-jakupi","status":"publish","type":"post","link":"https:\/\/www.visit-ulcinj.com\/blog\/2010\/05\/18\/levizja-qytetare-e-ulqinit-e-verteta-dr-isat-jakupi\/","title":{"rendered":"L\u00ebvizja Qytetare e Ulqinit &#8220;E Verteta&#8221; Dr.Isat Jakupi"},"content":{"rendered":"<p><img loading=\"lazy\" class=\"alignleft\" title=\"  DR ISAT JAKUPI - E VERTETA - Levizja qytetare nga Ulqini\" src=\"http:\/\/www.visit-ulcinj.com\/blog\/wp-content\/uploads\/2009\/01\/drisat-jakupi.jpg\" alt=\"\" width=\"352\" height=\"463\" \/>Ka shum\u00eb zhurm\u00eb ne Ulqin p\u00ebr ket Grup qytetar\u00ebsh, por rrjedhojat jan\u00eb shum\u00eb t\u00eb pakta dhe mendohet se efikasiteti i saj levizje do jet e madhe. L\u00ebvizja qytetare ku kryetari i saj asht Dr.Isat Jakupi i p\u00ebrmbajtur n\u00eb dukje, \u00ebsht\u00eb shum\u00eb m\u00eb efikase pa cenzur dhe pa monopol politik. Kjo risi e k\u00ebsaj l\u00ebvizje qytetare ulqinake ka qen\u00eb mesa duket edhe shkaku q\u00eb nism\u00ebtarja e par\u00eb, l\u00ebvizja qytetare u prit n\u00eb fillim me ftoht\u00ebsi dhe u vu n\u00eb sh\u00ebnjest\u00ebr t\u00eb kritikave meskine te Ulqinit.<\/p>\n<p><strong>Cilat ishin motivet q\u00eb Dr.Isat Jakupi morri titull kryetarit te kesaj levizje? <\/strong><br \/>\nE kam pranuar me k\u00ebnaq\u00ebsi t\u00eb jem kryetar nderi i k\u00ebsaj l\u00ebvizjeje thot Dr.Isat Jakupi , sepse i \u00e7moj q\u00ebllimet e saj, \u00e7moj thelbin dhe stilin e saj. N\u00eb rradh\u00eb t\u00eb par\u00eb \u00e7moj mendimin e saj nd\u00ebrtues,ekonomik dhe prespektiv per zhvillimin e qytetit t\u00eb Ulqinit. Kjo nuk \u00ebsht\u00eb nj\u00eb l\u00ebvizje q\u00eb b\u00ebhet p\u00ebr interesa partiake,pa cenzur partijake,ne nuk pajtohena me monopole partijake,ne kemi mendimin e lir,kemi energji, p\u00ebr mllefe, p\u00ebr revanshe ose p\u00ebr buj\u00eb. Nuk \u00ebsht\u00eb nj\u00eb l\u00ebvizje qe shesim mllef,por energjia e saj e brendshme \u00ebsht\u00eb pozitive e lir\u00eb dhe pa cenzur. Ajo d\u00ebshiron t\u00eb ndreq\u00eb gj\u00ebrat, me fjal\u00eb t\u00eb tjera t&#8217;i bjer\u00eb k\u00ebmban\u00ebs p\u00ebr nj\u00eb q\u00ebllim t\u00eb caktuar. Veprimi i saj \u00ebsht\u00eb i dyfisht\u00eb. E para t\u00eb jet\u00eb e efektshme p\u00ebr zgjidhje problemesh, e dyta t\u00eb sjell\u00eb n\u00eb klim\u00ebn politike shqiptare nj\u00eb kultur\u00eb t\u00eb re qytetare, si\u00e7 e ka dhe emrin l\u00ebvizja.<br \/>\nBrezi i sot\u00ebm i politikan\u00ebve shqiptar\u00eb ne Ulqin nuk ka asnj\u00eb t\u00eb ardhme n\u00eb qoft\u00eb se nuk do t\u00eb b\u00ebj\u00eb nj\u00eb ndryshim themelor n\u00eb thelbin e tij. Ky ndryshim \u00ebsht\u00eb ulja e ethes politike n\u00eb Ulqin. Kjo \u00ebsht\u00eb e ngutshme. N\u00eb atmosfer\u00ebn e helmatisur t\u00eb sotme, n\u00eb atmosfer\u00ebn me kaq shum\u00eb trysni, nuk mund t\u00eb ket\u00eb nj\u00eb politik\u00eb normale n\u00ebkomun t\u00eb Ulqinit. Krejt\u00eb grupimet kryesore politike n\u00eb Ulqin duhet t\u00eb kuptojn\u00eb se n\u00eb nj\u00eb pik\u00ebshikim nga lart, e theksoj, jan\u00eb bashkarisht p\u00ebrgjegj\u00ebs p\u00ebr fatet e vendit t\u00eb tyre t\u00eb Ulqinit. Partit\u00eb n\u00eb pushtet duhet t&#8217;i japin mund\u00ebsin\u00eb opozit\u00ebs t\u00eb marr\u00eb p\u00ebrgjegj\u00ebsit\u00eb e saj dhe opozita nga ana e saj t\u00eb b\u00ebhet e p\u00ebrgjegjshme p\u00ebr to. Dialogu, afrimi i\u00a0 grupimeve kryesore politike nuk \u00ebsht\u00eb nj\u00eb k\u00ebrkes\u00eb etiko morale, kjo \u00ebsht\u00eb nj\u00eb domosdoshm\u00ebri, \u00ebsht\u00eb kusht i egzistenc\u00ebs s\u00eb tyre. Me k\u00ebt\u00eb p\u00ebr\u00e7arje, me k\u00ebt\u00eb trysni q\u00eb ka sot, klasa politike shqiptare n\u00eb Ulqin e ka t\u00eb pamundur t\u00eb mbroj\u00eb interesat komb\u00ebtare, politike ose ekonomike t\u00eb vendit. Ajo e ka t\u00eb pamundur ta nxjerr\u00eb vendin nga varf\u00ebria q\u00eb e ka Komuna e Ulqinit. Brezi i ri i politikan\u00ebve shqiptar\u00eb ndodhet padyshim midis nesh, brezi i ri do t\u00eb jet\u00eb pik\u00ebrisht ai q\u00eb do ta kuptoj\u00eb i pari k\u00ebt\u00eb gj\u00eb q\u00eb thash\u00eb m\u00eb lart.<br \/>\n<strong>Lajme nga Ulqini<\/strong><\/p>\n<p><object classid=\"clsid:d27cdb6e-ae6d-11cf-96b8-444553540000\" width=\"490\" height=\"376\" codebase=\"http:\/\/download.macromedia.com\/pub\/shockwave\/cabs\/flash\/swflash.cab#version=6,0,40,0\"><param name=\"allowFullScreen\" value=\"true\" \/><param name=\"allowScriptAccess\" value=\"always\" \/><param name=\"src\" value=\"http:\/\/www.dailymotion.com\/swf\/video\/xdcsl2?width=490&amp;theme=default&amp;foreground=%23F7FFFD&amp;highlight=%23FFC300&amp;background=%23171D1B&amp;additionalInfos=1&amp;hideInfos=1&amp;autoPlay=1&amp;start=&amp;colors=background%3A171D1B%3Bforeground%3AF7FFFD%3Bspecial%3AFFC300%3B\" \/><param name=\"allowfullscreen\" value=\"true\" \/><\/object><\/p>\n","protected":false},"excerpt":{"rendered":"<p>Ka shum\u00eb zhurm\u00eb ne Ulqin p\u00ebr ket Grup qytetar\u00ebsh, por rrjedhojat jan\u00eb shum\u00eb t\u00eb pakta dhe mendohet se efikasiteti i saj levizje do jet e madhe. L\u00ebvizja qytetare ku kryetari i saj asht Dr.Isat Jakupi i p\u00ebrmbajtur n\u00eb dukje, \u00ebsht\u00eb shum\u00eb m\u00eb efikase pa cenzur dhe pa monopol politik. Kjo risi e k\u00ebsaj l\u00ebvizje qytetare [&hellip;]<\/p>\n","protected":false},"author":1,"featured_media":0,"comment_status":"open","ping_status":"closed","sticky":false,"template":"","format":"standard","meta":{"spay_email":"","jetpack_publicize_message":"","jetpack_is_tweetstorm":false,"jetpack_publicize_feature_enabled":true},"categories":[6],"tags":[14488,14489,5689,14487,14378,14495,14494,14496,14493,14501,14377,14486,14498,5400,14497,14491,14492,14500,14499,5234,14490],"jetpack_publicize_connections":[],"yoast_head":"<!-- This site is optimized with the Yoast SEO plugin v19.1 - https:\/\/yoast.com\/wordpress\/plugins\/seo\/ -->\n<title>L\u00ebvizja Qytetare e Ulqinit &quot;E Verteta&quot; Dr.Isat Jakupi - Lajme nga Ulqini<\/title>\n<meta name=\"description\" content=\"Ka shum\u00eb zhurm\u00eb ne Ulqin p\u00ebr ket Grup qytetar\u00ebsh, por rrjedhojat jan\u00eb shum\u00eb t\u00eb pakta dhe mendohet se efikasiteti i saj levizje do jet e madhe. L\u00ebvizja\" \/>\n<meta name=\"robots\" content=\"index, follow, max-snippet:-1, max-image-preview:large, max-video-preview:-1\" \/>\n<link rel=\"canonical\" href=\"https:\/\/www.visit-ulcinj.com\/blog\/2010\/05\/18\/levizja-qytetare-e-ulqinit-e-verteta-dr-isat-jakupi\/\" \/>\n<meta property=\"og:locale\" content=\"en_US\" \/>\n<meta property=\"og:type\" content=\"article\" \/>\n<meta property=\"og:title\" content=\"L\u00ebvizja Qytetare e Ulqinit &quot;E Verteta&quot; Dr.Isat Jakupi - Lajme nga Ulqini\" \/>\n<meta property=\"og:description\" content=\"Ka shum\u00eb zhurm\u00eb ne Ulqin p\u00ebr ket Grup qytetar\u00ebsh, por rrjedhojat jan\u00eb shum\u00eb t\u00eb pakta dhe mendohet se efikasiteti i saj levizje do jet e madhe. L\u00ebvizja\" \/>\n<meta property=\"og:url\" content=\"https:\/\/www.visit-ulcinj.com\/blog\/2010\/05\/18\/levizja-qytetare-e-ulqinit-e-verteta-dr-isat-jakupi\/\" \/>\n<meta property=\"og:site_name\" content=\"Lajme nga Ulqini\" \/>\n<meta property=\"article:published_time\" content=\"2010-05-18T07:27:38+00:00\" \/>\n<meta property=\"article:modified_time\" content=\"2010-05-28T19:06:14+00:00\" \/>\n<meta property=\"og:image\" content=\"http:\/\/www.visit-ulcinj.com\/blog\/wp-content\/uploads\/2009\/01\/drisat-jakupi.jpg\" \/>\n<meta name=\"twitter:label1\" content=\"Written by\" \/>\n\t<meta name=\"twitter:data1\" content=\"ulqini\" \/>\n\t<meta name=\"twitter:label2\" content=\"Est. reading time\" \/>\n\t<meta name=\"twitter:data2\" content=\"3 minutes\" \/>\n<script type=\"application\/ld+json\" class=\"yoast-schema-graph\">{\"@context\":\"https:\/\/schema.org\",\"@graph\":[{\"@type\":\"WebSite\",\"@id\":\"https:\/\/www.visit-ulcinj.com\/blog\/#website\",\"url\":\"https:\/\/www.visit-ulcinj.com\/blog\/\",\"name\":\"Lajme nga Ulqini\",\"description\":\"Lajme,Vijesti,Ulqini,Ulqin,Crna Gora,Mali i Zi\",\"potentialAction\":[{\"@type\":\"SearchAction\",\"target\":{\"@type\":\"EntryPoint\",\"urlTemplate\":\"https:\/\/www.visit-ulcinj.com\/blog\/?s={search_term_string}\"},\"query-input\":\"required name=search_term_string\"}],\"inLanguage\":\"en-US\"},{\"@type\":\"ImageObject\",\"inLanguage\":\"en-US\",\"@id\":\"https:\/\/www.visit-ulcinj.com\/blog\/2010\/05\/18\/levizja-qytetare-e-ulqinit-e-verteta-dr-isat-jakupi\/#primaryimage\",\"url\":\"https:\/\/www.visit-ulcinj.com\/blog\/wp-content\/uploads\/2009\/01\/drisat-jakupi.jpg\",\"contentUrl\":\"https:\/\/www.visit-ulcinj.com\/blog\/wp-content\/uploads\/2009\/01\/drisat-jakupi.jpg\",\"width\":\"352\",\"height\":\"463\"},{\"@type\":\"WebPage\",\"@id\":\"https:\/\/www.visit-ulcinj.com\/blog\/2010\/05\/18\/levizja-qytetare-e-ulqinit-e-verteta-dr-isat-jakupi\/#webpage\",\"url\":\"https:\/\/www.visit-ulcinj.com\/blog\/2010\/05\/18\/levizja-qytetare-e-ulqinit-e-verteta-dr-isat-jakupi\/\",\"name\":\"L\u00ebvizja Qytetare e Ulqinit \\\"E Verteta\\\" Dr.Isat Jakupi - Lajme nga Ulqini\",\"isPartOf\":{\"@id\":\"https:\/\/www.visit-ulcinj.com\/blog\/#website\"},\"primaryImageOfPage\":{\"@id\":\"https:\/\/www.visit-ulcinj.com\/blog\/2010\/05\/18\/levizja-qytetare-e-ulqinit-e-verteta-dr-isat-jakupi\/#primaryimage\"},\"datePublished\":\"2010-05-18T07:27:38+00:00\",\"dateModified\":\"2010-05-28T19:06:14+00:00\",\"author\":{\"@id\":\"https:\/\/www.visit-ulcinj.com\/blog\/#\/schema\/person\/dcab619c614d3038751c63bc2aadc06d\"},\"description\":\"Ka shum\u00eb zhurm\u00eb ne Ulqin p\u00ebr ket Grup qytetar\u00ebsh, por rrjedhojat jan\u00eb shum\u00eb t\u00eb pakta dhe mendohet se efikasiteti i saj levizje do jet e madhe. L\u00ebvizja\",\"breadcrumb\":{\"@id\":\"https:\/\/www.visit-ulcinj.com\/blog\/2010\/05\/18\/levizja-qytetare-e-ulqinit-e-verteta-dr-isat-jakupi\/#breadcrumb\"},\"inLanguage\":\"en-US\",\"potentialAction\":[{\"@type\":\"ReadAction\",\"target\":[\"https:\/\/www.visit-ulcinj.com\/blog\/2010\/05\/18\/levizja-qytetare-e-ulqinit-e-verteta-dr-isat-jakupi\/\"]}]},{\"@type\":\"BreadcrumbList\",\"@id\":\"https:\/\/www.visit-ulcinj.com\/blog\/2010\/05\/18\/levizja-qytetare-e-ulqinit-e-verteta-dr-isat-jakupi\/#breadcrumb\",\"itemListElement\":[{\"@type\":\"ListItem\",\"position\":1,\"name\":\"L\u00ebvizja Qytetare e Ulqinit &#8220;E Verteta&#8221; Dr.Isat Jakupi\"}]},{\"@type\":\"Person\",\"@id\":\"https:\/\/www.visit-ulcinj.com\/blog\/#\/schema\/person\/dcab619c614d3038751c63bc2aadc06d\",\"name\":\"ulqini\",\"sameAs\":[\"http:\/\/www.visit-ulcinj.com\"],\"url\":\"https:\/\/www.visit-ulcinj.com\/blog\/author\/admin\/\"}]}<\/script>\n<!-- \/ Yoast SEO plugin. -->","yoast_head_json":{"title":"L\u00ebvizja Qytetare e Ulqinit \"E Verteta\" Dr.Isat Jakupi - Lajme nga Ulqini","description":"Ka shum\u00eb zhurm\u00eb ne Ulqin p\u00ebr ket Grup qytetar\u00ebsh, por rrjedhojat jan\u00eb shum\u00eb t\u00eb pakta dhe mendohet se efikasiteti i saj levizje do jet e madhe. L\u00ebvizja","robots":{"index":"index","follow":"follow","max-snippet":"max-snippet:-1","max-image-preview":"max-image-preview:large","max-video-preview":"max-video-preview:-1"},"canonical":"https:\/\/www.visit-ulcinj.com\/blog\/2010\/05\/18\/levizja-qytetare-e-ulqinit-e-verteta-dr-isat-jakupi\/","og_locale":"en_US","og_type":"article","og_title":"L\u00ebvizja Qytetare e Ulqinit \"E Verteta\" Dr.Isat Jakupi - Lajme nga Ulqini","og_description":"Ka shum\u00eb zhurm\u00eb ne Ulqin p\u00ebr ket Grup qytetar\u00ebsh, por rrjedhojat jan\u00eb shum\u00eb t\u00eb pakta dhe mendohet se efikasiteti i saj levizje do jet e madhe. L\u00ebvizja","og_url":"https:\/\/www.visit-ulcinj.com\/blog\/2010\/05\/18\/levizja-qytetare-e-ulqinit-e-verteta-dr-isat-jakupi\/","og_site_name":"Lajme nga Ulqini","article_published_time":"2010-05-18T07:27:38+00:00","article_modified_time":"2010-05-28T19:06:14+00:00","og_image":[{"url":"http:\/\/www.visit-ulcinj.com\/blog\/wp-content\/uploads\/2009\/01\/drisat-jakupi.jpg"}],"twitter_misc":{"Written by":"ulqini","Est. reading time":"3 minutes"},"schema":{"@context":"https:\/\/schema.org","@graph":[{"@type":"WebSite","@id":"https:\/\/www.visit-ulcinj.com\/blog\/#website","url":"https:\/\/www.visit-ulcinj.com\/blog\/","name":"Lajme nga Ulqini","description":"Lajme,Vijesti,Ulqini,Ulqin,Crna Gora,Mali i Zi","potentialAction":[{"@type":"SearchAction","target":{"@type":"EntryPoint","urlTemplate":"https:\/\/www.visit-ulcinj.com\/blog\/?s={search_term_string}"},"query-input":"required name=search_term_string"}],"inLanguage":"en-US"},{"@type":"ImageObject","inLanguage":"en-US","@id":"https:\/\/www.visit-ulcinj.com\/blog\/2010\/05\/18\/levizja-qytetare-e-ulqinit-e-verteta-dr-isat-jakupi\/#primaryimage","url":"https:\/\/www.visit-ulcinj.com\/blog\/wp-content\/uploads\/2009\/01\/drisat-jakupi.jpg","contentUrl":"https:\/\/www.visit-ulcinj.com\/blog\/wp-content\/uploads\/2009\/01\/drisat-jakupi.jpg","width":"352","height":"463"},{"@type":"WebPage","@id":"https:\/\/www.visit-ulcinj.com\/blog\/2010\/05\/18\/levizja-qytetare-e-ulqinit-e-verteta-dr-isat-jakupi\/#webpage","url":"https:\/\/www.visit-ulcinj.com\/blog\/2010\/05\/18\/levizja-qytetare-e-ulqinit-e-verteta-dr-isat-jakupi\/","name":"L\u00ebvizja Qytetare e Ulqinit \"E Verteta\" Dr.Isat Jakupi - Lajme nga Ulqini","isPartOf":{"@id":"https:\/\/www.visit-ulcinj.com\/blog\/#website"},"primaryImageOfPage":{"@id":"https:\/\/www.visit-ulcinj.com\/blog\/2010\/05\/18\/levizja-qytetare-e-ulqinit-e-verteta-dr-isat-jakupi\/#primaryimage"},"datePublished":"2010-05-18T07:27:38+00:00","dateModified":"2010-05-28T19:06:14+00:00","author":{"@id":"https:\/\/www.visit-ulcinj.com\/blog\/#\/schema\/person\/dcab619c614d3038751c63bc2aadc06d"},"description":"Ka shum\u00eb zhurm\u00eb ne Ulqin p\u00ebr ket Grup qytetar\u00ebsh, por rrjedhojat jan\u00eb shum\u00eb t\u00eb pakta dhe mendohet se efikasiteti i saj levizje do jet e madhe. L\u00ebvizja","breadcrumb":{"@id":"https:\/\/www.visit-ulcinj.com\/blog\/2010\/05\/18\/levizja-qytetare-e-ulqinit-e-verteta-dr-isat-jakupi\/#breadcrumb"},"inLanguage":"en-US","potentialAction":[{"@type":"ReadAction","target":["https:\/\/www.visit-ulcinj.com\/blog\/2010\/05\/18\/levizja-qytetare-e-ulqinit-e-verteta-dr-isat-jakupi\/"]}]},{"@type":"BreadcrumbList","@id":"https:\/\/www.visit-ulcinj.com\/blog\/2010\/05\/18\/levizja-qytetare-e-ulqinit-e-verteta-dr-isat-jakupi\/#breadcrumb","itemListElement":[{"@type":"ListItem","position":1,"name":"L\u00ebvizja Qytetare e Ulqinit &#8220;E Verteta&#8221; Dr.Isat Jakupi"}]},{"@type":"Person","@id":"https:\/\/www.visit-ulcinj.com\/blog\/#\/schema\/person\/dcab619c614d3038751c63bc2aadc06d","name":"ulqini","sameAs":["http:\/\/www.visit-ulcinj.com"],"url":"https:\/\/www.visit-ulcinj.com\/blog\/author\/admin\/"}]}},"jetpack_featured_media_url":"","jetpack_sharing_enabled":true,"jetpack_shortlink":"https:\/\/wp.me\/pe6lTn-8H8","_links":{"self":[{"href":"https:\/\/www.visit-ulcinj.com\/blog\/wp-json\/wp\/v2\/posts\/33426"}],"collection":[{"href":"https:\/\/www.visit-ulcinj.com\/blog\/wp-json\/wp\/v2\/posts"}],"about":[{"href":"https:\/\/www.visit-ulcinj.com\/blog\/wp-json\/wp\/v2\/types\/post"}],"author":[{"embeddable":true,"href":"https:\/\/www.visit-ulcinj.com\/blog\/wp-json\/wp\/v2\/users\/1"}],"replies":[{"embeddable":true,"href":"https:\/\/www.visit-ulcinj.com\/blog\/wp-json\/wp\/v2\/comments?post=33426"}],"version-history":[{"count":0,"href":"https:\/\/www.visit-ulcinj.com\/blog\/wp-json\/wp\/v2\/posts\/33426\/revisions"}],"wp:attachment":[{"href":"https:\/\/www.visit-ulcinj.com\/blog\/wp-json\/wp\/v2\/media?parent=33426"}],"wp:term":[{"taxonomy":"category","embeddable":true,"href":"https:\/\/www.visit-ulcinj.com\/blog\/wp-json\/wp\/v2\/categories?post=33426"},{"taxonomy":"post_tag","embeddable":true,"href":"https:\/\/www.visit-ulcinj.com\/blog\/wp-json\/wp\/v2\/tags?post=33426"}],"curies":[{"name":"wp","href":"https:\/\/api.w.org\/{rel}","templated":true}]}}