{"id":33442,"date":"2010-05-18T13:28:56","date_gmt":"2010-05-18T11:28:56","guid":{"rendered":"http:\/\/www.visit-ulcinj.com\/blog\/?p=33442"},"modified":"2010-05-18T18:19:46","modified_gmt":"2010-05-18T16:19:46","slug":"komuna-e-ulqinit-fiton-mirenjohjen-hasan-prishtina","status":"publish","type":"post","link":"https:\/\/www.visit-ulcinj.com\/blog\/2010\/05\/18\/komuna-e-ulqinit-fiton-mirenjohjen-hasan-prishtina\/","title":{"rendered":"Komuna e Ulqinit fiton mirenjohjen Hasan Prishtina"},"content":{"rendered":"<p><a href=\"http:\/\/www.visit-ulcinj.com\/blog\/wp-content\/uploads\/2010\/05\/Komuna-e-Ulqinit-fiton-mirenjohjen-Hasan-Prishtina.jpg\"><img loading=\"lazy\" class=\"alignleft size-full wp-image-33443\" title=\"Komuna e Ulqinit fiton mirenjohjen Hasan Prishtina\" src=\"http:\/\/www.visit-ulcinj.com\/blog\/wp-content\/uploads\/2010\/05\/Komuna-e-Ulqinit-fiton-mirenjohjen-Hasan-Prishtina.jpg\" alt=\"Komuna e Ulqinit fiton mirenjohjen Hasan Prishtina\" width=\"490\" height=\"368\" srcset=\"https:\/\/www.visit-ulcinj.com\/blog\/wp-content\/uploads\/2010\/05\/Komuna-e-Ulqinit-fiton-mirenjohjen-Hasan-Prishtina.jpg 490w, https:\/\/www.visit-ulcinj.com\/blog\/wp-content\/uploads\/2010\/05\/Komuna-e-Ulqinit-fiton-mirenjohjen-Hasan-Prishtina-300x225.jpg 300w\" sizes=\"(max-width: 490px) 100vw, 490px\" \/><\/a>N\u00eb qytetin e Pej\u00ebs u sh\u00ebnua 20 vjetori i themelimit t\u00eb Shoqat\u00ebs p\u00ebr kthimin e shqiptar\u00ebve t\u00eb shp\u00ebrngulur nga trojet e veta dhe iu nda \u00e7mimi \u2019\u2019Hasan Prishtina\u2019\u2019 personaliteteve dhe qyteteve q\u00eb ndihmuan n\u00eb parandalimin e pastrimin etnik t\u00eb Kosov\u00ebs.<br \/>\nN\u00eb k\u00ebt\u00eb solemnitet ishte i ftuar dhe kryetari G\u00ebzim Hajdinaga i cili pas dor\u00ebzimit t\u00eb mir\u00ebnjohjes p\u00ebrsh\u00ebndeti n\u00eb em\u00ebr t\u00eb qytetar\u00ebve t\u00eb Komun\u00ebs s\u00eb Ulqinit.<br \/>\nKrahas zyrtar\u00ebve nga Kosova n\u00eb k\u00ebt\u00eb ceremoni ishin ambasadori Viliam Voker, kryetar\u00eb t\u00eb komunave nga Maqedonia, Shqip\u00ebria dhe Mali i Zi q\u00eb ndihmuan n\u00eb pengimin e ekzodit kosovar.<\/p>\n<p><strong>Municipality of Ulcinj \/ Ulqin<br \/>\nArsllan Hajdinaga<br \/>\n<\/strong><!--YouTube Error: bad URL entered--><\/p>\n","protected":false},"excerpt":{"rendered":"<p>N\u00eb qytetin e Pej\u00ebs u sh\u00ebnua 20 vjetori i themelimit t\u00eb Shoqat\u00ebs p\u00ebr kthimin e shqiptar\u00ebve t\u00eb shp\u00ebrngulur nga trojet e veta dhe iu nda \u00e7mimi \u2019\u2019Hasan Prishtina\u2019\u2019 personaliteteve dhe qyteteve q\u00eb ndihmuan n\u00eb parandalimin e pastrimin etnik t\u00eb Kosov\u00ebs. N\u00eb k\u00ebt\u00eb solemnitet ishte i ftuar dhe kryetari G\u00ebzim Hajdinaga i cili pas dor\u00ebzimit t\u00eb [&hellip;]<\/p>\n","protected":false},"author":1,"featured_media":0,"comment_status":"open","ping_status":"closed","sticky":false,"template":"","format":"standard","meta":{"spay_email":"","jetpack_publicize_message":"","jetpack_is_tweetstorm":false,"jetpack_publicize_feature_enabled":true},"categories":[4],"tags":[222,297,14379,2304,2360,18],"jetpack_publicize_connections":[],"yoast_head":"<!-- This site is optimized with the Yoast SEO plugin v19.1 - https:\/\/yoast.com\/wordpress\/plugins\/seo\/ -->\n<title>Komuna e Ulqinit fiton mirenjohjen Hasan Prishtina - Lajme nga Ulqini<\/title>\n<meta name=\"description\" content=\"N\u00eb qytetin e Pej\u00ebs u sh\u00ebnua 20 vjetori i themelimit t\u00eb Shoqat\u00ebs p\u00ebr kthimin e shqiptar\u00ebve t\u00eb shp\u00ebrngulur nga trojet e veta dhe iu nda \u00e7mimi \u2019\u2019Hasan\" \/>\n<meta name=\"robots\" content=\"index, follow, max-snippet:-1, max-image-preview:large, max-video-preview:-1\" \/>\n<link rel=\"canonical\" href=\"https:\/\/www.visit-ulcinj.com\/blog\/2010\/05\/18\/komuna-e-ulqinit-fiton-mirenjohjen-hasan-prishtina\/\" \/>\n<meta property=\"og:locale\" content=\"en_US\" \/>\n<meta property=\"og:type\" content=\"article\" \/>\n<meta property=\"og:title\" content=\"Komuna e Ulqinit fiton mirenjohjen Hasan Prishtina - Lajme nga Ulqini\" \/>\n<meta property=\"og:description\" content=\"N\u00eb qytetin e Pej\u00ebs u sh\u00ebnua 20 vjetori i themelimit t\u00eb Shoqat\u00ebs p\u00ebr kthimin e shqiptar\u00ebve t\u00eb shp\u00ebrngulur nga trojet e veta dhe iu nda \u00e7mimi \u2019\u2019Hasan\" \/>\n<meta property=\"og:url\" content=\"https:\/\/www.visit-ulcinj.com\/blog\/2010\/05\/18\/komuna-e-ulqinit-fiton-mirenjohjen-hasan-prishtina\/\" \/>\n<meta property=\"og:site_name\" content=\"Lajme nga Ulqini\" \/>\n<meta property=\"article:published_time\" content=\"2010-05-18T11:28:56+00:00\" \/>\n<meta property=\"article:modified_time\" content=\"2010-05-18T16:19:46+00:00\" \/>\n<meta property=\"og:image\" content=\"http:\/\/www.visit-ulcinj.com\/blog\/wp-content\/uploads\/2010\/05\/Komuna-e-Ulqinit-fiton-mirenjohjen-Hasan-Prishtina.jpg\" \/>\n<meta name=\"twitter:label1\" content=\"Written by\" \/>\n\t<meta name=\"twitter:data1\" content=\"ulqini\" \/>\n\t<meta name=\"twitter:label2\" content=\"Est. reading time\" \/>\n\t<meta name=\"twitter:data2\" content=\"1 minute\" \/>\n<script type=\"application\/ld+json\" class=\"yoast-schema-graph\">{\"@context\":\"https:\/\/schema.org\",\"@graph\":[{\"@type\":\"WebSite\",\"@id\":\"https:\/\/www.visit-ulcinj.com\/blog\/#website\",\"url\":\"https:\/\/www.visit-ulcinj.com\/blog\/\",\"name\":\"Lajme nga Ulqini\",\"description\":\"Lajme,Vijesti,Ulqini,Ulqin,Crna Gora,Mali i Zi\",\"potentialAction\":[{\"@type\":\"SearchAction\",\"target\":{\"@type\":\"EntryPoint\",\"urlTemplate\":\"https:\/\/www.visit-ulcinj.com\/blog\/?s={search_term_string}\"},\"query-input\":\"required name=search_term_string\"}],\"inLanguage\":\"en-US\"},{\"@type\":\"ImageObject\",\"inLanguage\":\"en-US\",\"@id\":\"https:\/\/www.visit-ulcinj.com\/blog\/2010\/05\/18\/komuna-e-ulqinit-fiton-mirenjohjen-hasan-prishtina\/#primaryimage\",\"url\":\"https:\/\/www.visit-ulcinj.com\/blog\/wp-content\/uploads\/2010\/05\/Komuna-e-Ulqinit-fiton-mirenjohjen-Hasan-Prishtina.jpg\",\"contentUrl\":\"https:\/\/www.visit-ulcinj.com\/blog\/wp-content\/uploads\/2010\/05\/Komuna-e-Ulqinit-fiton-mirenjohjen-Hasan-Prishtina.jpg\",\"width\":\"490\",\"height\":\"368\"},{\"@type\":\"WebPage\",\"@id\":\"https:\/\/www.visit-ulcinj.com\/blog\/2010\/05\/18\/komuna-e-ulqinit-fiton-mirenjohjen-hasan-prishtina\/#webpage\",\"url\":\"https:\/\/www.visit-ulcinj.com\/blog\/2010\/05\/18\/komuna-e-ulqinit-fiton-mirenjohjen-hasan-prishtina\/\",\"name\":\"Komuna e Ulqinit fiton mirenjohjen Hasan Prishtina - Lajme nga Ulqini\",\"isPartOf\":{\"@id\":\"https:\/\/www.visit-ulcinj.com\/blog\/#website\"},\"primaryImageOfPage\":{\"@id\":\"https:\/\/www.visit-ulcinj.com\/blog\/2010\/05\/18\/komuna-e-ulqinit-fiton-mirenjohjen-hasan-prishtina\/#primaryimage\"},\"datePublished\":\"2010-05-18T11:28:56+00:00\",\"dateModified\":\"2010-05-18T16:19:46+00:00\",\"author\":{\"@id\":\"https:\/\/www.visit-ulcinj.com\/blog\/#\/schema\/person\/dcab619c614d3038751c63bc2aadc06d\"},\"description\":\"N\u00eb qytetin e Pej\u00ebs u sh\u00ebnua 20 vjetori i themelimit t\u00eb Shoqat\u00ebs p\u00ebr kthimin e shqiptar\u00ebve t\u00eb shp\u00ebrngulur nga trojet e veta dhe iu nda \u00e7mimi \u2019\u2019Hasan\",\"breadcrumb\":{\"@id\":\"https:\/\/www.visit-ulcinj.com\/blog\/2010\/05\/18\/komuna-e-ulqinit-fiton-mirenjohjen-hasan-prishtina\/#breadcrumb\"},\"inLanguage\":\"en-US\",\"potentialAction\":[{\"@type\":\"ReadAction\",\"target\":[\"https:\/\/www.visit-ulcinj.com\/blog\/2010\/05\/18\/komuna-e-ulqinit-fiton-mirenjohjen-hasan-prishtina\/\"]}]},{\"@type\":\"BreadcrumbList\",\"@id\":\"https:\/\/www.visit-ulcinj.com\/blog\/2010\/05\/18\/komuna-e-ulqinit-fiton-mirenjohjen-hasan-prishtina\/#breadcrumb\",\"itemListElement\":[{\"@type\":\"ListItem\",\"position\":1,\"name\":\"Komuna e Ulqinit fiton mirenjohjen Hasan Prishtina\"}]},{\"@type\":\"Person\",\"@id\":\"https:\/\/www.visit-ulcinj.com\/blog\/#\/schema\/person\/dcab619c614d3038751c63bc2aadc06d\",\"name\":\"ulqini\",\"sameAs\":[\"http:\/\/www.visit-ulcinj.com\"],\"url\":\"https:\/\/www.visit-ulcinj.com\/blog\/author\/admin\/\"}]}<\/script>\n<!-- \/ Yoast SEO plugin. -->","yoast_head_json":{"title":"Komuna e Ulqinit fiton mirenjohjen Hasan Prishtina - Lajme nga Ulqini","description":"N\u00eb qytetin e Pej\u00ebs u sh\u00ebnua 20 vjetori i themelimit t\u00eb Shoqat\u00ebs p\u00ebr kthimin e shqiptar\u00ebve t\u00eb shp\u00ebrngulur nga trojet e veta dhe iu nda \u00e7mimi \u2019\u2019Hasan","robots":{"index":"index","follow":"follow","max-snippet":"max-snippet:-1","max-image-preview":"max-image-preview:large","max-video-preview":"max-video-preview:-1"},"canonical":"https:\/\/www.visit-ulcinj.com\/blog\/2010\/05\/18\/komuna-e-ulqinit-fiton-mirenjohjen-hasan-prishtina\/","og_locale":"en_US","og_type":"article","og_title":"Komuna e Ulqinit fiton mirenjohjen Hasan Prishtina - Lajme nga Ulqini","og_description":"N\u00eb qytetin e Pej\u00ebs u sh\u00ebnua 20 vjetori i themelimit t\u00eb Shoqat\u00ebs p\u00ebr kthimin e shqiptar\u00ebve t\u00eb shp\u00ebrngulur nga trojet e veta dhe iu nda \u00e7mimi \u2019\u2019Hasan","og_url":"https:\/\/www.visit-ulcinj.com\/blog\/2010\/05\/18\/komuna-e-ulqinit-fiton-mirenjohjen-hasan-prishtina\/","og_site_name":"Lajme nga Ulqini","article_published_time":"2010-05-18T11:28:56+00:00","article_modified_time":"2010-05-18T16:19:46+00:00","og_image":[{"url":"http:\/\/www.visit-ulcinj.com\/blog\/wp-content\/uploads\/2010\/05\/Komuna-e-Ulqinit-fiton-mirenjohjen-Hasan-Prishtina.jpg"}],"twitter_misc":{"Written by":"ulqini","Est. reading time":"1 minute"},"schema":{"@context":"https:\/\/schema.org","@graph":[{"@type":"WebSite","@id":"https:\/\/www.visit-ulcinj.com\/blog\/#website","url":"https:\/\/www.visit-ulcinj.com\/blog\/","name":"Lajme nga Ulqini","description":"Lajme,Vijesti,Ulqini,Ulqin,Crna Gora,Mali i Zi","potentialAction":[{"@type":"SearchAction","target":{"@type":"EntryPoint","urlTemplate":"https:\/\/www.visit-ulcinj.com\/blog\/?s={search_term_string}"},"query-input":"required name=search_term_string"}],"inLanguage":"en-US"},{"@type":"ImageObject","inLanguage":"en-US","@id":"https:\/\/www.visit-ulcinj.com\/blog\/2010\/05\/18\/komuna-e-ulqinit-fiton-mirenjohjen-hasan-prishtina\/#primaryimage","url":"https:\/\/www.visit-ulcinj.com\/blog\/wp-content\/uploads\/2010\/05\/Komuna-e-Ulqinit-fiton-mirenjohjen-Hasan-Prishtina.jpg","contentUrl":"https:\/\/www.visit-ulcinj.com\/blog\/wp-content\/uploads\/2010\/05\/Komuna-e-Ulqinit-fiton-mirenjohjen-Hasan-Prishtina.jpg","width":"490","height":"368"},{"@type":"WebPage","@id":"https:\/\/www.visit-ulcinj.com\/blog\/2010\/05\/18\/komuna-e-ulqinit-fiton-mirenjohjen-hasan-prishtina\/#webpage","url":"https:\/\/www.visit-ulcinj.com\/blog\/2010\/05\/18\/komuna-e-ulqinit-fiton-mirenjohjen-hasan-prishtina\/","name":"Komuna e Ulqinit fiton mirenjohjen Hasan Prishtina - Lajme nga Ulqini","isPartOf":{"@id":"https:\/\/www.visit-ulcinj.com\/blog\/#website"},"primaryImageOfPage":{"@id":"https:\/\/www.visit-ulcinj.com\/blog\/2010\/05\/18\/komuna-e-ulqinit-fiton-mirenjohjen-hasan-prishtina\/#primaryimage"},"datePublished":"2010-05-18T11:28:56+00:00","dateModified":"2010-05-18T16:19:46+00:00","author":{"@id":"https:\/\/www.visit-ulcinj.com\/blog\/#\/schema\/person\/dcab619c614d3038751c63bc2aadc06d"},"description":"N\u00eb qytetin e Pej\u00ebs u sh\u00ebnua 20 vjetori i themelimit t\u00eb Shoqat\u00ebs p\u00ebr kthimin e shqiptar\u00ebve t\u00eb shp\u00ebrngulur nga trojet e veta dhe iu nda \u00e7mimi \u2019\u2019Hasan","breadcrumb":{"@id":"https:\/\/www.visit-ulcinj.com\/blog\/2010\/05\/18\/komuna-e-ulqinit-fiton-mirenjohjen-hasan-prishtina\/#breadcrumb"},"inLanguage":"en-US","potentialAction":[{"@type":"ReadAction","target":["https:\/\/www.visit-ulcinj.com\/blog\/2010\/05\/18\/komuna-e-ulqinit-fiton-mirenjohjen-hasan-prishtina\/"]}]},{"@type":"BreadcrumbList","@id":"https:\/\/www.visit-ulcinj.com\/blog\/2010\/05\/18\/komuna-e-ulqinit-fiton-mirenjohjen-hasan-prishtina\/#breadcrumb","itemListElement":[{"@type":"ListItem","position":1,"name":"Komuna e Ulqinit fiton mirenjohjen Hasan Prishtina"}]},{"@type":"Person","@id":"https:\/\/www.visit-ulcinj.com\/blog\/#\/schema\/person\/dcab619c614d3038751c63bc2aadc06d","name":"ulqini","sameAs":["http:\/\/www.visit-ulcinj.com"],"url":"https:\/\/www.visit-ulcinj.com\/blog\/author\/admin\/"}]}},"jetpack_featured_media_url":"","jetpack_sharing_enabled":true,"jetpack_shortlink":"https:\/\/wp.me\/pe6lTn-8Ho","_links":{"self":[{"href":"https:\/\/www.visit-ulcinj.com\/blog\/wp-json\/wp\/v2\/posts\/33442"}],"collection":[{"href":"https:\/\/www.visit-ulcinj.com\/blog\/wp-json\/wp\/v2\/posts"}],"about":[{"href":"https:\/\/www.visit-ulcinj.com\/blog\/wp-json\/wp\/v2\/types\/post"}],"author":[{"embeddable":true,"href":"https:\/\/www.visit-ulcinj.com\/blog\/wp-json\/wp\/v2\/users\/1"}],"replies":[{"embeddable":true,"href":"https:\/\/www.visit-ulcinj.com\/blog\/wp-json\/wp\/v2\/comments?post=33442"}],"version-history":[{"count":0,"href":"https:\/\/www.visit-ulcinj.com\/blog\/wp-json\/wp\/v2\/posts\/33442\/revisions"}],"wp:attachment":[{"href":"https:\/\/www.visit-ulcinj.com\/blog\/wp-json\/wp\/v2\/media?parent=33442"}],"wp:term":[{"taxonomy":"category","embeddable":true,"href":"https:\/\/www.visit-ulcinj.com\/blog\/wp-json\/wp\/v2\/categories?post=33442"},{"taxonomy":"post_tag","embeddable":true,"href":"https:\/\/www.visit-ulcinj.com\/blog\/wp-json\/wp\/v2\/tags?post=33442"}],"curies":[{"name":"wp","href":"https:\/\/api.w.org\/{rel}","templated":true}]}}