{"id":33447,"date":"2010-05-18T18:51:41","date_gmt":"2010-05-18T16:51:41","guid":{"rendered":"http:\/\/www.visit-ulcinj.com\/blog\/?p=33447"},"modified":"2010-05-19T16:54:16","modified_gmt":"2010-05-19T14:54:16","slug":"udsh-jane-avancuar-te-drejtat-e-shqiptareve-ne-malin-e-zi","status":"publish","type":"post","link":"https:\/\/www.visit-ulcinj.com\/blog\/2010\/05\/18\/udsh-jane-avancuar-te-drejtat-e-shqiptareve-ne-malin-e-zi\/","title":{"rendered":"UDSH: Jan\u00eb avancuar t\u00eb drejtat e shqiptar\u00ebve n\u00eb Malin e Zi"},"content":{"rendered":"<p><a href=\"http:\/\/www.visit-ulcinj.com\/blog\/wp-content\/uploads\/2010\/05\/Koalicioni-P\u00ebr-Ulqinin-evropian-UDSH-PDS.jpg\"><img loading=\"lazy\" class=\"alignleft size-full wp-image-33448\" title=\"Koalicioni P\u00ebr Ulqinin evropian UDSH - PDS\" src=\"http:\/\/www.visit-ulcinj.com\/blog\/wp-content\/uploads\/2010\/05\/Koalicioni-P\u00ebr-Ulqinin-evropian-UDSH-PDS.jpg\" alt=\"Koalicioni P\u00ebr Ulqinin evropian UDSH - PDS\" width=\"490\" height=\"370\" \/><\/a>Ulqin, 18 maj &#8211; Partneriteti i Unionit Demokratik t\u00eb Shqiptar\u00ebve (UDSH) me Partin\u00eb Demokratike t\u00eb Socialist\u00ebve (PDS) \u00ebsht\u00eb d\u00ebshmuar dhe po d\u00ebshmohet si nj\u00eb veprim i q\u00eblluar q\u00eb ka avancuar realizimin e t\u00eb drejtave t\u00eb shqiptar\u00ebve n\u00eb Malin e Zi, kan\u00eb deklaruar t\u00eb mart\u00ebn zyrtar\u00ebt e lart\u00eb t\u00eb UDSH-s\u00eb.<br \/>\nN\u00eb nj\u00eb prononcim p\u00ebr KosovaLive, Mehmet Zenka, n\u00ebnkryetar i UDSH dhe deputet i k\u00ebsaj partie n\u00eb Parlamentin malazias, ka th\u00ebn\u00eb se kjo v\u00ebrehet sidomos n\u00eb bashk\u00ebpunimin 12\u2013vje\u00e7ar n\u00eb nivel qeveritar, e mbi t\u00eb gjitha n\u00eb ushtrimin e pushtetit lokal n\u00eb Ulqin n\u00eb mandatin q\u00eb po lihet pas.<br \/>\nDuke i komentuar z\u00ebrat nga subjektet tjera nacionale shqiptare n\u00eb tubimet e tyre paraelektorale p\u00ebr zgjedhjet lokale t\u00eb 23 majit, se, kinse \u201cUDSH e ka humbur identitetin e vet shqiptar\u201d, Zenka p\u00ebrgjigjet se pik\u00ebrisht , fal UDSH, e n\u00eb saje t\u00eb projekteve q\u00eb ka realizuar, ka avancuar t\u00eb drejtat e shqiptar\u00ebve n\u00eb Malin e Zi.<br \/>\n\u201cUDSH, q\u00eb n\u00eb vitin 2000 ka miratuar Platform\u00ebn mbi zgjidhjen e statusit t\u00eb shqiptar\u00ebve n\u00eb Malin e Zi, e cila \u00ebsht\u00eb shp\u00ebrndar\u00eb n\u00eb adresat relevante komb\u00ebtare dhe nd\u00ebrkomb\u00ebtare. Simotrat tona k\u00ebtu, ne si parti m\u00eb e madhe nacionale shqiptare n\u00eb Mal t\u00eb Zi, nuk na d\u00ebrguan asnj\u00eb p\u00ebrgjigje. E kemi th\u00ebn\u00eb at\u00ebher\u00eb, e themi edhe sot, UDSH \u00ebsht\u00eb e hapur p\u00ebr plot\u00ebsimin e propozimeve t\u00eb k\u00ebtij dokumenti\u201d, n\u00ebnvizon ai.<br \/>\nI pyetur se p\u00ebrse kuadrot e reja nga Ulqini nuk jan\u00eb t\u00eb pun\u00ebsuara n\u00eb mekanizmat qeveritare malazeze, porsi koleg\u00ebt e tyre nga Mal\u00ebsia, an\u00ebtar\u00eb t\u00eb UDSH, Zenka thot\u00eb se v\u00ebshtir\u00ebsi ky\u00e7e \u00ebsht\u00eb distanca gjeografike mes Ulqinit e Podgoric\u00ebs, pastaj edhe t\u00eb ardhurat e vogla\u201d. Por, shton ai, edhe t\u00eb rinjt\u00eb tan\u00eb nga Ulqini i kan\u00eb dyert e hapura t\u00eb pun\u00ebsohen edhe n\u00eb Podgoric\u00eb.<br \/>\nKryetari i Lidhjes Demokratike n\u00eb Mal t\u00eb Zi, dega e Mal\u00ebsis\u00eb Nikoll\u00eb Camaj, ka akuzuar koalicionin UDSH-PDS dhe Partin\u00eb Boshnjake, se \u201cpo rrezikojn\u00eb asimilimin e Mal\u00ebsis\u00eb\u201d. Ai shembull merr promovimin e k\u00ebtij koalicioni p\u00ebr zgjedhjet lokale t\u00eb 23 majit n\u00eb Tuz, ku \u201cvalonin nja 100 flamuj malazias, mbi 20 boshnjak\u00eb edhe vet\u00ebm nj\u00eb flamur shqiptar ?!\u201d<\/p>\n<p><strong>Koha Net<br \/>\n<\/strong><!--YouTube Error: bad URL entered--><br \/>\n\n\t\t<style type=\"text\/css\">\n\t\t\t#gallery-1 {\n\t\t\t\tmargin: auto;\n\t\t\t}\n\t\t\t#gallery-1 .gallery-item {\n\t\t\t\tfloat: left;\n\t\t\t\tmargin-top: 10px;\n\t\t\t\ttext-align: center;\n\t\t\t\twidth: 33%;\n\t\t\t}\n\t\t\t#gallery-1 img {\n\t\t\t\tborder: 2px solid #cfcfcf;\n\t\t\t}\n\t\t\t#gallery-1 .gallery-caption {\n\t\t\t\tmargin-left: 0;\n\t\t\t}\n\t\t\t\/* see gallery_shortcode() in wp-includes\/media.php *\/\n\t\t<\/style>\n\t\t<div id='gallery-1' class='gallery galleryid-33447 gallery-columns-3 gallery-size-thumbnail'><dl class='gallery-item'>\n\t\t\t<dt class='gallery-icon '>\n\t\t\t\t<a href='https:\/\/www.visit-ulcinj.com\/blog\/wp-content\/uploads\/2010\/05\/Koalicioni-P\u00c3\u00abr-Ulqinin-evropian-UDSH-PDS.jpg'><img width=\"1\" height=\"1\" src=\"https:\/\/www.visit-ulcinj.com\/blog\/wp-content\/uploads\/2010\/05\/Koalicioni-P\u00c3\u00abr-Ulqinin-evropian-UDSH-PDS.jpg\" class=\"attachment-thumbnail size-thumbnail\" alt=\"\" loading=\"lazy\" \/><\/a>\n\t\t\t<\/dt><\/dl><dl class='gallery-item'>\n\t\t\t<dt class='gallery-icon landscape'>\n\t\t\t\t<a href='https:\/\/www.visit-ulcinj.com\/blog\/wp-content\/uploads\/2010\/05\/Koalicioni-P__r-Ulqinin-evropian-UDSH-PDS-_-Koalicija-za-Evropski-Ulcinj-DUA-DPS__20.jpg'><img width=\"150\" height=\"150\" src=\"https:\/\/www.visit-ulcinj.com\/blog\/wp-content\/uploads\/2010\/05\/Koalicioni-P__r-Ulqinin-evropian-UDSH-PDS-_-Koalicija-za-Evropski-Ulcinj-DUA-DPS__20-150x150.jpg\" class=\"attachment-thumbnail size-thumbnail\" alt=\"\" loading=\"lazy\" \/><\/a>\n\t\t\t<\/dt><\/dl><dl class='gallery-item'>\n\t\t\t<dt class='gallery-icon landscape'>\n\t\t\t\t<a href='https:\/\/www.visit-ulcinj.com\/blog\/wp-content\/uploads\/2010\/05\/Koalicioni-P__r-Ulqinin-evropian-UDSH-PDS-_-Koalicija-za-Evropski-Ulcinj-DUA-DPS__19.jpg'><img width=\"150\" height=\"150\" src=\"https:\/\/www.visit-ulcinj.com\/blog\/wp-content\/uploads\/2010\/05\/Koalicioni-P__r-Ulqinin-evropian-UDSH-PDS-_-Koalicija-za-Evropski-Ulcinj-DUA-DPS__19-150x150.jpg\" class=\"attachment-thumbnail size-thumbnail\" alt=\"\" loading=\"lazy\" \/><\/a>\n\t\t\t<\/dt><\/dl><br style=\"clear: both\" \/><dl class='gallery-item'>\n\t\t\t<dt class='gallery-icon portrait'>\n\t\t\t\t<a href='https:\/\/www.visit-ulcinj.com\/blog\/wp-content\/uploads\/2010\/05\/Koalicioni-P__r-Ulqinin-evropian-UDSH-PDS-_-Koalicija-za-Evropski-Ulcinj-DUA-DPS__15.jpg'><img width=\"150\" height=\"150\" src=\"https:\/\/www.visit-ulcinj.com\/blog\/wp-content\/uploads\/2010\/05\/Koalicioni-P__r-Ulqinin-evropian-UDSH-PDS-_-Koalicija-za-Evropski-Ulcinj-DUA-DPS__15-150x150.jpg\" class=\"attachment-thumbnail size-thumbnail\" alt=\"\" loading=\"lazy\" \/><\/a>\n\t\t\t<\/dt><\/dl><dl class='gallery-item'>\n\t\t\t<dt class='gallery-icon landscape'>\n\t\t\t\t<a href='https:\/\/www.visit-ulcinj.com\/blog\/wp-content\/uploads\/2010\/05\/Koalicioni-P__r-Ulqinin-evropian-UDSH-PDS-_-Koalicija-za-Evropski-Ulcinj-DUA-DPS__8.jpg'><img width=\"150\" height=\"150\" src=\"https:\/\/www.visit-ulcinj.com\/blog\/wp-content\/uploads\/2010\/05\/Koalicioni-P__r-Ulqinin-evropian-UDSH-PDS-_-Koalicija-za-Evropski-Ulcinj-DUA-DPS__8-150x150.jpg\" class=\"attachment-thumbnail size-thumbnail\" alt=\"\" loading=\"lazy\" \/><\/a>\n\t\t\t<\/dt><\/dl><dl class='gallery-item'>\n\t\t\t<dt class='gallery-icon landscape'>\n\t\t\t\t<a href='https:\/\/www.visit-ulcinj.com\/blog\/wp-content\/uploads\/2010\/05\/Koalicioni-P__r-Ulqinin-evropian-UDSH-PDS-_-Koalicija-za-Evropski-Ulcinj-DUA-DPS_25.jpg'><img width=\"150\" height=\"150\" src=\"https:\/\/www.visit-ulcinj.com\/blog\/wp-content\/uploads\/2010\/05\/Koalicioni-P__r-Ulqinin-evropian-UDSH-PDS-_-Koalicija-za-Evropski-Ulcinj-DUA-DPS_25-150x150.jpg\" class=\"attachment-thumbnail size-thumbnail\" alt=\"\" loading=\"lazy\" \/><\/a>\n\t\t\t<\/dt><\/dl><br style=\"clear: both\" \/><dl class='gallery-item'>\n\t\t\t<dt class='gallery-icon landscape'>\n\t\t\t\t<a href='https:\/\/www.visit-ulcinj.com\/blog\/wp-content\/uploads\/2010\/05\/Koalicioni-P__r-Ulqinin-evropian-UDSH-PDS-_-Koalicija-za-Evropski-Ulcinj-DUA-DPS_13.jpg'><img width=\"150\" height=\"150\" src=\"https:\/\/www.visit-ulcinj.com\/blog\/wp-content\/uploads\/2010\/05\/Koalicioni-P__r-Ulqinin-evropian-UDSH-PDS-_-Koalicija-za-Evropski-Ulcinj-DUA-DPS_13-150x150.jpg\" class=\"attachment-thumbnail size-thumbnail\" alt=\"\" loading=\"lazy\" \/><\/a>\n\t\t\t<\/dt><\/dl><dl class='gallery-item'>\n\t\t\t<dt class='gallery-icon landscape'>\n\t\t\t\t<a href='https:\/\/www.visit-ulcinj.com\/blog\/wp-content\/uploads\/2010\/05\/gezim-hajdinaga_meto-zenka.jpg'><img width=\"150\" height=\"150\" src=\"https:\/\/www.visit-ulcinj.com\/blog\/wp-content\/uploads\/2010\/05\/gezim-hajdinaga_meto-zenka-150x150.jpg\" class=\"attachment-thumbnail size-thumbnail\" alt=\"\" loading=\"lazy\" \/><\/a>\n\t\t\t<\/dt><\/dl><dl class='gallery-item'>\n\t\t\t<dt class='gallery-icon landscape'>\n\t\t\t\t<a href='https:\/\/www.visit-ulcinj.com\/blog\/wp-content\/uploads\/2010\/05\/Koalicioni-P__r-Ulqinin-evropian-UDSH-PDS-_-Koalicija-za-Evropski-Ulcinj-DUA-DPS__10.jpg'><img width=\"150\" height=\"150\" src=\"https:\/\/www.visit-ulcinj.com\/blog\/wp-content\/uploads\/2010\/05\/Koalicioni-P__r-Ulqinin-evropian-UDSH-PDS-_-Koalicija-za-Evropski-Ulcinj-DUA-DPS__10-150x150.jpg\" class=\"attachment-thumbnail size-thumbnail\" alt=\"\" loading=\"lazy\" \/><\/a>\n\t\t\t<\/dt><\/dl><br style=\"clear: both\" \/>\n\t\t<\/div>\n<\/p>\n","protected":false},"excerpt":{"rendered":"<p>Ulqin, 18 maj &#8211; Partneriteti i Unionit Demokratik t\u00eb Shqiptar\u00ebve (UDSH) me Partin\u00eb Demokratike t\u00eb Socialist\u00ebve (PDS) \u00ebsht\u00eb d\u00ebshmuar dhe po d\u00ebshmohet si nj\u00eb veprim i q\u00eblluar q\u00eb ka avancuar realizimin e t\u00eb drejtave t\u00eb shqiptar\u00ebve n\u00eb Malin e Zi, kan\u00eb deklaruar t\u00eb mart\u00ebn zyrtar\u00ebt e lart\u00eb t\u00eb UDSH-s\u00eb. N\u00eb nj\u00eb prononcim p\u00ebr KosovaLive, Mehmet [&hellip;]<\/p>\n","protected":false},"author":1,"featured_media":0,"comment_status":"open","ping_status":"closed","sticky":false,"template":"","format":"standard","meta":{"spay_email":"","jetpack_publicize_message":"","jetpack_is_tweetstorm":false,"jetpack_publicize_feature_enabled":true},"categories":[12],"tags":[14380,14382,14381],"jetpack_publicize_connections":[],"yoast_head":"<!-- This site is optimized with the Yoast SEO plugin v19.1 - https:\/\/yoast.com\/wordpress\/plugins\/seo\/ -->\n<title>UDSH: Jan\u00eb avancuar t\u00eb drejtat e shqiptar\u00ebve n\u00eb Malin e Zi - Lajme nga Ulqini<\/title>\n<meta name=\"description\" content=\"Ulqin, 18 maj - Partneriteti i Unionit Demokratik t\u00eb Shqiptar\u00ebve (UDSH) me Partin\u00eb Demokratike t\u00eb Socialist\u00ebve (PDS) \u00ebsht\u00eb d\u00ebshmuar dhe po d\u00ebshmohet si\" \/>\n<meta name=\"robots\" content=\"index, follow, max-snippet:-1, max-image-preview:large, max-video-preview:-1\" \/>\n<link rel=\"canonical\" href=\"https:\/\/www.visit-ulcinj.com\/blog\/2010\/05\/18\/udsh-jane-avancuar-te-drejtat-e-shqiptareve-ne-malin-e-zi\/\" \/>\n<meta property=\"og:locale\" content=\"en_US\" \/>\n<meta property=\"og:type\" content=\"article\" \/>\n<meta property=\"og:title\" content=\"UDSH: Jan\u00eb avancuar t\u00eb drejtat e shqiptar\u00ebve n\u00eb Malin e Zi - Lajme nga Ulqini\" \/>\n<meta property=\"og:description\" content=\"Ulqin, 18 maj - Partneriteti i Unionit Demokratik t\u00eb Shqiptar\u00ebve (UDSH) me Partin\u00eb Demokratike t\u00eb Socialist\u00ebve (PDS) \u00ebsht\u00eb d\u00ebshmuar dhe po d\u00ebshmohet si\" \/>\n<meta property=\"og:url\" content=\"https:\/\/www.visit-ulcinj.com\/blog\/2010\/05\/18\/udsh-jane-avancuar-te-drejtat-e-shqiptareve-ne-malin-e-zi\/\" \/>\n<meta property=\"og:site_name\" content=\"Lajme nga Ulqini\" \/>\n<meta property=\"article:published_time\" content=\"2010-05-18T16:51:41+00:00\" \/>\n<meta property=\"article:modified_time\" content=\"2010-05-19T14:54:16+00:00\" \/>\n<meta property=\"og:image\" content=\"https:\/\/www.visit-ulcinj.com\/blog\/wp-content\/uploads\/2010\/05\/Koalicioni-P\u00c3\u00abr-Ulqinin-evropian-UDSH-PDS.jpg\" \/>\n<meta name=\"twitter:label1\" content=\"Written by\" \/>\n\t<meta name=\"twitter:data1\" content=\"ulqini\" \/>\n\t<meta name=\"twitter:label2\" content=\"Est. reading time\" \/>\n\t<meta name=\"twitter:data2\" content=\"2 minutes\" \/>\n<script type=\"application\/ld+json\" class=\"yoast-schema-graph\">{\"@context\":\"https:\/\/schema.org\",\"@graph\":[{\"@type\":\"WebSite\",\"@id\":\"https:\/\/www.visit-ulcinj.com\/blog\/#website\",\"url\":\"https:\/\/www.visit-ulcinj.com\/blog\/\",\"name\":\"Lajme nga Ulqini\",\"description\":\"Lajme,Vijesti,Ulqini,Ulqin,Crna Gora,Mali i Zi\",\"potentialAction\":[{\"@type\":\"SearchAction\",\"target\":{\"@type\":\"EntryPoint\",\"urlTemplate\":\"https:\/\/www.visit-ulcinj.com\/blog\/?s={search_term_string}\"},\"query-input\":\"required name=search_term_string\"}],\"inLanguage\":\"en-US\"},{\"@type\":\"WebPage\",\"@id\":\"https:\/\/www.visit-ulcinj.com\/blog\/2010\/05\/18\/udsh-jane-avancuar-te-drejtat-e-shqiptareve-ne-malin-e-zi\/#webpage\",\"url\":\"https:\/\/www.visit-ulcinj.com\/blog\/2010\/05\/18\/udsh-jane-avancuar-te-drejtat-e-shqiptareve-ne-malin-e-zi\/\",\"name\":\"UDSH: Jan\u00eb avancuar t\u00eb drejtat e shqiptar\u00ebve n\u00eb Malin e Zi - Lajme nga Ulqini\",\"isPartOf\":{\"@id\":\"https:\/\/www.visit-ulcinj.com\/blog\/#website\"},\"datePublished\":\"2010-05-18T16:51:41+00:00\",\"dateModified\":\"2010-05-19T14:54:16+00:00\",\"author\":{\"@id\":\"https:\/\/www.visit-ulcinj.com\/blog\/#\/schema\/person\/dcab619c614d3038751c63bc2aadc06d\"},\"description\":\"Ulqin, 18 maj - Partneriteti i Unionit Demokratik t\u00eb Shqiptar\u00ebve (UDSH) me Partin\u00eb Demokratike t\u00eb Socialist\u00ebve (PDS) \u00ebsht\u00eb d\u00ebshmuar dhe po d\u00ebshmohet si\",\"breadcrumb\":{\"@id\":\"https:\/\/www.visit-ulcinj.com\/blog\/2010\/05\/18\/udsh-jane-avancuar-te-drejtat-e-shqiptareve-ne-malin-e-zi\/#breadcrumb\"},\"inLanguage\":\"en-US\",\"potentialAction\":[{\"@type\":\"ReadAction\",\"target\":[\"https:\/\/www.visit-ulcinj.com\/blog\/2010\/05\/18\/udsh-jane-avancuar-te-drejtat-e-shqiptareve-ne-malin-e-zi\/\"]}]},{\"@type\":\"BreadcrumbList\",\"@id\":\"https:\/\/www.visit-ulcinj.com\/blog\/2010\/05\/18\/udsh-jane-avancuar-te-drejtat-e-shqiptareve-ne-malin-e-zi\/#breadcrumb\",\"itemListElement\":[{\"@type\":\"ListItem\",\"position\":1,\"name\":\"UDSH: Jan\u00eb avancuar t\u00eb drejtat e shqiptar\u00ebve n\u00eb Malin e Zi\"}]},{\"@type\":\"Person\",\"@id\":\"https:\/\/www.visit-ulcinj.com\/blog\/#\/schema\/person\/dcab619c614d3038751c63bc2aadc06d\",\"name\":\"ulqini\",\"sameAs\":[\"http:\/\/www.visit-ulcinj.com\"],\"url\":\"https:\/\/www.visit-ulcinj.com\/blog\/author\/admin\/\"}]}<\/script>\n<!-- \/ Yoast SEO plugin. -->","yoast_head_json":{"title":"UDSH: Jan\u00eb avancuar t\u00eb drejtat e shqiptar\u00ebve n\u00eb Malin e Zi - Lajme nga Ulqini","description":"Ulqin, 18 maj - Partneriteti i Unionit Demokratik t\u00eb Shqiptar\u00ebve (UDSH) me Partin\u00eb Demokratike t\u00eb Socialist\u00ebve (PDS) \u00ebsht\u00eb d\u00ebshmuar dhe po d\u00ebshmohet si","robots":{"index":"index","follow":"follow","max-snippet":"max-snippet:-1","max-image-preview":"max-image-preview:large","max-video-preview":"max-video-preview:-1"},"canonical":"https:\/\/www.visit-ulcinj.com\/blog\/2010\/05\/18\/udsh-jane-avancuar-te-drejtat-e-shqiptareve-ne-malin-e-zi\/","og_locale":"en_US","og_type":"article","og_title":"UDSH: Jan\u00eb avancuar t\u00eb drejtat e shqiptar\u00ebve n\u00eb Malin e Zi - Lajme nga Ulqini","og_description":"Ulqin, 18 maj - Partneriteti i Unionit Demokratik t\u00eb Shqiptar\u00ebve (UDSH) me Partin\u00eb Demokratike t\u00eb Socialist\u00ebve (PDS) \u00ebsht\u00eb d\u00ebshmuar dhe po d\u00ebshmohet si","og_url":"https:\/\/www.visit-ulcinj.com\/blog\/2010\/05\/18\/udsh-jane-avancuar-te-drejtat-e-shqiptareve-ne-malin-e-zi\/","og_site_name":"Lajme nga Ulqini","article_published_time":"2010-05-18T16:51:41+00:00","article_modified_time":"2010-05-19T14:54:16+00:00","og_image":[{"url":"https:\/\/www.visit-ulcinj.com\/blog\/wp-content\/uploads\/2010\/05\/Koalicioni-P\u00c3\u00abr-Ulqinin-evropian-UDSH-PDS.jpg"}],"twitter_misc":{"Written by":"ulqini","Est. reading time":"2 minutes"},"schema":{"@context":"https:\/\/schema.org","@graph":[{"@type":"WebSite","@id":"https:\/\/www.visit-ulcinj.com\/blog\/#website","url":"https:\/\/www.visit-ulcinj.com\/blog\/","name":"Lajme nga Ulqini","description":"Lajme,Vijesti,Ulqini,Ulqin,Crna Gora,Mali i Zi","potentialAction":[{"@type":"SearchAction","target":{"@type":"EntryPoint","urlTemplate":"https:\/\/www.visit-ulcinj.com\/blog\/?s={search_term_string}"},"query-input":"required name=search_term_string"}],"inLanguage":"en-US"},{"@type":"WebPage","@id":"https:\/\/www.visit-ulcinj.com\/blog\/2010\/05\/18\/udsh-jane-avancuar-te-drejtat-e-shqiptareve-ne-malin-e-zi\/#webpage","url":"https:\/\/www.visit-ulcinj.com\/blog\/2010\/05\/18\/udsh-jane-avancuar-te-drejtat-e-shqiptareve-ne-malin-e-zi\/","name":"UDSH: Jan\u00eb avancuar t\u00eb drejtat e shqiptar\u00ebve n\u00eb Malin e Zi - Lajme nga Ulqini","isPartOf":{"@id":"https:\/\/www.visit-ulcinj.com\/blog\/#website"},"datePublished":"2010-05-18T16:51:41+00:00","dateModified":"2010-05-19T14:54:16+00:00","author":{"@id":"https:\/\/www.visit-ulcinj.com\/blog\/#\/schema\/person\/dcab619c614d3038751c63bc2aadc06d"},"description":"Ulqin, 18 maj - Partneriteti i Unionit Demokratik t\u00eb Shqiptar\u00ebve (UDSH) me Partin\u00eb Demokratike t\u00eb Socialist\u00ebve (PDS) \u00ebsht\u00eb d\u00ebshmuar dhe po d\u00ebshmohet si","breadcrumb":{"@id":"https:\/\/www.visit-ulcinj.com\/blog\/2010\/05\/18\/udsh-jane-avancuar-te-drejtat-e-shqiptareve-ne-malin-e-zi\/#breadcrumb"},"inLanguage":"en-US","potentialAction":[{"@type":"ReadAction","target":["https:\/\/www.visit-ulcinj.com\/blog\/2010\/05\/18\/udsh-jane-avancuar-te-drejtat-e-shqiptareve-ne-malin-e-zi\/"]}]},{"@type":"BreadcrumbList","@id":"https:\/\/www.visit-ulcinj.com\/blog\/2010\/05\/18\/udsh-jane-avancuar-te-drejtat-e-shqiptareve-ne-malin-e-zi\/#breadcrumb","itemListElement":[{"@type":"ListItem","position":1,"name":"UDSH: Jan\u00eb avancuar t\u00eb drejtat e shqiptar\u00ebve n\u00eb Malin e Zi"}]},{"@type":"Person","@id":"https:\/\/www.visit-ulcinj.com\/blog\/#\/schema\/person\/dcab619c614d3038751c63bc2aadc06d","name":"ulqini","sameAs":["http:\/\/www.visit-ulcinj.com"],"url":"https:\/\/www.visit-ulcinj.com\/blog\/author\/admin\/"}]}},"jetpack_featured_media_url":"","jetpack_sharing_enabled":true,"jetpack_shortlink":"https:\/\/wp.me\/pe6lTn-8Ht","_links":{"self":[{"href":"https:\/\/www.visit-ulcinj.com\/blog\/wp-json\/wp\/v2\/posts\/33447"}],"collection":[{"href":"https:\/\/www.visit-ulcinj.com\/blog\/wp-json\/wp\/v2\/posts"}],"about":[{"href":"https:\/\/www.visit-ulcinj.com\/blog\/wp-json\/wp\/v2\/types\/post"}],"author":[{"embeddable":true,"href":"https:\/\/www.visit-ulcinj.com\/blog\/wp-json\/wp\/v2\/users\/1"}],"replies":[{"embeddable":true,"href":"https:\/\/www.visit-ulcinj.com\/blog\/wp-json\/wp\/v2\/comments?post=33447"}],"version-history":[{"count":0,"href":"https:\/\/www.visit-ulcinj.com\/blog\/wp-json\/wp\/v2\/posts\/33447\/revisions"}],"wp:attachment":[{"href":"https:\/\/www.visit-ulcinj.com\/blog\/wp-json\/wp\/v2\/media?parent=33447"}],"wp:term":[{"taxonomy":"category","embeddable":true,"href":"https:\/\/www.visit-ulcinj.com\/blog\/wp-json\/wp\/v2\/categories?post=33447"},{"taxonomy":"post_tag","embeddable":true,"href":"https:\/\/www.visit-ulcinj.com\/blog\/wp-json\/wp\/v2\/tags?post=33447"}],"curies":[{"name":"wp","href":"https:\/\/api.w.org\/{rel}","templated":true}]}}