{"id":3345,"date":"2008-09-15T16:58:19","date_gmt":"2008-09-15T21:58:19","guid":{"rendered":"http:\/\/www.visit-ulcinj.com\/blog\/?p=3345"},"modified":"2008-10-17T14:45:22","modified_gmt":"2008-10-17T19:45:22","slug":"tvrde-da-su-bez-osnova-placali-komunalnu-taksu","status":"publish","type":"post","link":"https:\/\/www.visit-ulcinj.com\/blog\/2008\/09\/15\/tvrde-da-su-bez-osnova-placali-komunalnu-taksu\/","title":{"rendered":"U Budvanskom JP ocijenili da Ulcinjske vlasti nijesu imale osnova da ubiraju komunalnu taksu"},"content":{"rendered":"<p><a href=\"http:\/\/www.visit-ulcinj.com\/blog\/wp-content\/uploads\/2008\/09\/ada-bojana-ulcinj81.jpg\"><img loading=\"lazy\" class=\"alignleft size-medium wp-image-3346\" title=\"ada-bojana-ulcinj81\" src=\"http:\/\/www.visit-ulcinj.com\/blog\/wp-content\/uploads\/2008\/09\/ada-bojana-ulcinj81.jpg\" alt=\"\" width=\"286\" height=\"215\" \/><\/a><strong>Morsko dobro je i obala rijeke<\/strong><br \/>\nZakupci ulcinjskih kupali\u0161ta i vlasnici restorana na Adi Bojani ulo\u017eili su \u017ealbe na rje\u0161enja Op\u0161tine kojim je utvr?ena njihova taksena obaveza za jul i avgust \u201cpo osnovu kori\u0161?enja prostora na javnim povr\u0161inama\u201d.<br \/>\nU \u017ealbi dostavljenom glavnom administratoru Pjeteru Ljulj?uraju i sekretaru za finansije Fatmiru ?eki, zakupac \u201cKopakabane\u201d i dijela Male pla\u017ee Prelja \u0160krelja ocijenio je da je op\u0161tinsko rje\u0161enje na osnovu koga mu je za komunalnu taksu za jul i avgust prinudno napla?eno oko 13.500 eura, nepravilno i nezakonito.<br \/>\n&#8220;Po\u0161to je suprotstavljeno pravnom poretku i nekoherentno sa pozitivnim pravom, rje\u0161enje treba poni\u0161titi na zakonom propisan na?in. Kompanija \u201cHolegro\u201d, koja gazduje \u201cKopakabanom\u201d i dijelom Male pla\u017ee, zaklju?ila je Ugovor sa \u201cMorskim dobrom\u201d, kojim su u cjelosti regulisana njihova me?usobna prava i obaveze. ?lanom 2 tog Ugovora taksativno su nabrojane obaveze korisnika, me?u kojima nema op\u0161tinske komunalne takse.<br \/>\n\u201cMorskom dobru\u201d je jasno da je zakupac \u201cKopakabane\u201d datu povr\u0161inu izgradio isklju?ivo svojim sredstvima pa je sada paradoksalno da na izgra?enoj povr\u0161ini Op\u0161tina ubira enormne lokalne takse\u201c, pi\u0161e u \u017ealbi.<br \/>\nDodaje se \u201cda je op\u0161tepoznato da je prije zaklju?enja ugovora, konkretni pojas predstavljao devastirani i mo?varni predio koji realno nije mogao slu\u017eiti bilo kakvom javnom interesu\u201d.<br \/>\nKonstatuje se da je neprihvatljivo da tek po\u0161to je podnosilac \u017ealbe ulo\u017eio milione eura da bi taj predio u?inio povr\u0161inom na morskom dobru kojim gazduje istoimeno javno preduze?e, \u201csada pojavljuje lokalna uprava sa enormnim taksenim zahtjevima kojima \u017eeli da ni kriva ni du\u017ena izvu?e korist iz ne?ega \u0161to joj objektivno ne mo\u017ee pripasti\u201d.<\/p>\n<div style=\"width: 279px\" class=\"wp-caption alignright\"><a href=\"http:\/\/www.visit-ulcinj.com\/gallery\/main.php?g2_view=core.DownloadItem&amp;g2_itemId=5008&amp;g2_serialNumber=3\"><img loading=\"lazy\" src=\"http:\/\/www.visit-ulcinj.com\/gallery\/main.php?g2_view=core.DownloadItem&amp;g2_itemId=5008&amp;g2_serialNumber=3\" alt=\"Plaza Safari Ulcinj\" width=\"269\" height=\"179\" \/><\/a><p class=\"wp-caption-text\">Plaza Safari Ulcinj<\/p><\/div>\n<p>&#8220;Podnosilac \u017ealbe ve? du\u017ee koristi predmetnu teritoriju morskog dobra i nikada prije nije pla?ao op\u0161tinsku komunalnu taksu. Osim toga, u saznanju je da se naplata taksi na toj teritoriji vr\u0161i po principu ad hok, od slu?aja do slu?aja i po na?elima subjektivne selekcije. Legalitet je elementarni standard i samo neselektivno po\u0161tovanje zakona mo\u017ee biti u funkciji najboljih interesa svih, a ponajvi\u0161e samog organa lokalne uprave zbog njegove zakonske odgovornosti od mogu?ih \u0161tetnih posljedica\u201c, zaklju?uje se na kraju \u017ealbe.<br \/>\nU obrazlo\u017eenju rje\u0161enja, ?eka je napisao da je sekretar za finansije i bud\u017eet utvrdio da kompanija \u201cHolegro\u201d obavlja ugostiteljsku djelatnost na privremenim lokacijama u zoni morskog dobra u Ulcinju \u201ci da koristi javnu povr\u0161inu- terasu u poslovne svrhe, ispred monta\u017enog ugostiteljskog objekta na Velikoj pla\u017ei i iznad pla\u017ee na Pristanu, povr\u0161ine 650m2, odnsono 99m2\u201d.<br \/>\n<a href=\"http:\/\/www.visit-ulcinj.com\/blog\/wp-content\/uploads\/2008\/01\/fatmir-gjeka-2.jpg\"><img loading=\"lazy\" class=\"alignleft size-medium wp-image-193\" title=\"Fatmir Gjeka Ulqin\" src=\"http:\/\/www.visit-ulcinj.com\/blog\/wp-content\/uploads\/2008\/01\/fatmir-gjeka-2.jpg\" alt=\"\" width=\"266\" height=\"296\" \/><\/a>Kao dokaz da su op\u0161tinska rje\u0161enja nezakonita, \u0160krelja je Vijestima dostavio dopis \u201cMorskog dobra\u201d Op\u0161tini Ulcinj od 5. avgusta u kome se ka\u017ee da su se tom preduze?u obratili zakupci privremenih ugostiteljskih objekata, restorana na Adi Bojani \u017eale?i se na utvr?ene obaveze pla?anja op\u0161tinske komunalne takse.<br \/>\n&#8220;Javno preduze?e ukazuje da je ?lanom 4 Zakona o lokalnim komunalnim taksama precizirano \u0161ta se smatra javnom povr\u0161inom kao i da je u istom zakonu, u ?lanu 3 alineja 12 utvr?eno da se taj porez mo\u017ee uvesti &#8216;za kori\u0161?enje obale, izuzev morske u poslovne svrhe&#8217;. S obzirom na to da je Zakonom o morskom dobru propisano da se i obale Bojane na teritoriji Crne Gore smatraju morskim dobrom, saglasno navedenim propisima ne postoji osnov za utvr?ivanje obaveze pla?anja lokalne komunalne takse za objekte u zoni morskog dobra&#8221;, stoji u dopisu Javnog preduze?a iz Budve.<br \/>\nU odgovoru istog dana, ?eka je obavijestio kolege iz \u201cMorskog dobra\u201d da je komunalna taksa, za objekte na obalama Bojane, utvr?ena na osnovu Zakona o lokalnoj komunalnoj taksi i Zakona o morskom dobru, tretiraju?i obale Bojane kao pojas kopna koji nema tretman moske obale.<br \/>\n\u0160krelja je ju?e Vijestima kazao da su zakupci odlu?ili da \u017ealbe upute na op\u0161tinsku adresu \u201c\u017eele?i tako da na miran na?in i bez konfrontiranja rije\u0161e problem\u201d<br \/>\nVijesti ju?e nijesu uspjele da stupe u kontakt sa ?ekom i Ljulj?urajem jer su bili van dometa.<br \/>\n<strong>Izvor \/ Vijesti <\/strong><\/p>\n<p style=\"text-align: center;\"><a class=\"aligncenter\" title=\"???? ????,?????,Ulcinj,Montenegru,??????????,\u00c7ernoqoriya,Besplatni internet oglasi,Besplatni oglasi,besplatni mali oglasi,besplatni turisti?ki oglasi,oglasi, usluge, turizam,Turisti?ke usluge,Doma?i turizam,Besplatni Oglasnik,Brzi Oglasi Besplatno,Besplatno OglasavanjeTurizam,besplatni oglasi sa slikom,Turisticki informator besplatni,li?ni-oglasi,BESPLATNI Turisticki OGLASI SA SLIKAMA,BESPLATNI Turisticki Oglasi saVideom,turisticki smestaj oglasi,Turisti?ki vodi? balkana,BESPLATNA REZERVACIJA SMESTAJA,Postavite besplatno Vas oglas,FREE TOURIST GUIDES,Izdavanje-Turizam oglasi,Balkan Turisticki vodic,shpallje turistike falas,Shpallje Falas,Shpallje falas per Komplekse Turistike,Lajmerime,Njoftime,shpallje shqip per shqiptaret ne shqiperi kosova maqedoni,mal te zi,???????????,Montenegiro,?ern\u00e1 Hora,??????????,Cz\u00f4rnog\u00f3ra,Cz\u00f4rn\u00f4 G\u00f3ra,Carna G\u00f3ra,T\u0161ernogooria,\u00c7ernogoriya,Montain\u00e9agr\u00f3,Montenegwo,?orna Hora,Montenegr\u00f3,M?ntenigro,Chernogoriya ,\u00c7\u00earnogor\u00ee ,?????????,????????? ,??????? ,Montes Nigrae,Mons Niger,M\u00f4ntenegr\u00f4,Muntenegru,??????????,Czarnog\u00f3ra,Muntinigru,Muntenegro,&lt;br &gt;&lt;\/a&gt; Muntenegru,\t?ierna Hora,Cxerngora,????????,?rna gora,Moontineegro,?ornog?ra,\u00c7ernogori\u00fda,Chernogoriya,Mont\u00f5negro,????? ???? ,?r?na Gora,?r?nogorije,?ernogorija,?arnahoryja,??????????,???????????????????? ,?ern\u00f4g\u00f4riy\u00e2,M\u00fbnt\u00een\u00ee?r\u00fb,????? ?????? ,????????,??????????,???????????,M\u00e2nten\u00eegro,???? ????? ,????????,M\u00f4ntenegr\u00f4,????????????,???????????,????????????, ??????????? ,????????????,??????????? ,\u008d\u2022?R\/?K?R ,\u0192\u201a\u0192\u201c\u0192e\u0192l\u0192O\u0192\u008d,\u00b8???\u00b3?\u00b1?\u00b7? ,Muntenegru, ????? ????, Montenegr?,chambres ? louer ? ulcinj, location de vacance, location saisonni?res, louer villa,location de vacance, Locations vacance, h?bergements vacances, locations villa, logements de vacances, location maison avec piscine, Location vacance, locations de vacance, h?bergements de vacances, location villa, locations entre particulier, logements vacance, vacances ? Mont?n?gro - location ? Ulcinj ,location  de bigorre,Urlaub in Ulcinj -Montenegro,Hotelbewertungen Ulcinj,Reisen Ulcinj, Urlaub Ulcinj,Hotel in Serbien und Montenegro von Urlaubern bewertet,Billig Urlaub in Ulcinj,ferienh?user,ferienwohnung,Billige Ferienh?user,Ferienwohnung ULCINJ,Ferien an der Adria,Urlaub im Ferienhaus ulcinjBilligreisen Ulcinj,Pauschalreisen,FKK Strand Ada Bojana ulcinj,Last Minute Angebote ulcinj,Preise f?r Lastminute,Kleinanzeigen gratis,Ausflug nach Ulcinj,FKK-Reisen ada bojana,FKK-Urlaub ulcinj,Privatni smje?taj,rezervacija smje?taja,apartmani,sobe,ku?e,odmor,sobe za odmor ulcinj,Pretra?ivanje privatnog smje?taja,rooms rent accommodation ulcinj, rentail private accommodation ulcinj,?elite rezervirati privatni smje?taj,Private accommodation,Smje?taj ulcinj,Pushime Verore ulqin,pushime t? lira n? ulqin,Pushime ne plazh,Pushime te kendshme,dhoma per pushime ulqin,dhoma me qera ulqin,dhoma te lira ulqin,pushime te lira ulqin,mali i zi,kosova,maqedoni,shqiperi,Pushime ne det te ulqinit,godi?nji odmor u ulcinj,odmor u ulcinj,Ku?a za odmor,kuda na odmor,ljetovanje u ulcinj,slobodne sobe,dhoma te lira,ku?a uz more,turisti?ka ponuda,odmor i zabava,povolne cene,sobe,usluge,Mjesto za Va? odmor , Place for Your holiday,Odmor portal,putovanaja,Iznajmljivanje soba ulcinj,odmor ulcinj info,Va?e mjesto za odmor ulcinj,nudisticka plaza ada bojana,smjestaj ponuda ulcinj,lokacioni i dhomave ulqin,deti,plazhet e bukura,diskoteka,zbavitja,.\" href=\"http:\/\/www.visit-ulcinj.com\/tourism\/\" target=\"_blank\"><img loading=\"lazy\" class=\"aligncenter\" title=\"SHPALLJE TURISTIKE FALAS,FREE TOURIST GUIDES,BESPLATNI TURISTI?KI OGLASI,balkan holiday rentals,ALBANIJA,ALBANIA,SHQIPERIJA,CRNA GORA,HRVATSKA,KROACIA,SLOVENIJA,MAKEDONIJA,MAKEDONIA,SRBIJA,MONTENEGRO,MALI I ZI,\" src=\"http:\/\/www.visit-ulcinj.com\/blog\/wp-content\/uploads\/2008\/09\/balkanholidayrentals.gif\" alt=\"Apatin,  Aran?elovac,  ?uprija,  ?a?ak,  ?apljina,  ?itluk,  ?abac,  ?ipovo,  ?iroki Brijeg,  ?ep?e,  ?ivinice,  Ba?ka Palanka,  Banja Luka,  Banovi?i,  Be?ej,  beograd,  Biha?,  Bijeljina,  Bor,  Bor?a,  Bosanska Gradi?ka,  Bosanska Krupa,  Bosanski ?amac,  Bosanski Brod,  Bosanski Novi,  Br?ko,  Bu?im,  Bugojno,  Cazin,  Crna Gora,  Derventa,  Doboj,  Donji Vakuf,  Drvar,  Dubrovnik,  Fo?a,  Fojnica,  Glamo?,  Gora?de,  Gornji Milanovac,  Gornji Vakuf,  gostivar,  Gra?anica,  Grada?ac,  Gradiska,  Grahovo,  Had?i?i,  Ilid?a,  In?ija,  Jablanica,  Jagodina,  Jajce,  Kakanj,  Kalu?erica,  Kikinda,  Klju?,  Konjic,  Kotor Varo?,  Kragujevac,  Kraljevo,  Kru?evac,  Kula,  Kupres,  Lakta?i,  Lazarevac,  Leskovac,  Livno,  Ljubinje,  ljublana,  Ljubu?ki,  Loznica,  Lukavac,  Maglaj,  Mladenovac,  Modri?a,  montenegro erlajnz,  mostar,  Mrkonji? Grad,  Neum,  Ni?,  Novi Pazar,  Novi Sad,  Novi Travnik,  Obrenovac,  Od?ak,  ohrid,  Ora?je,  Pale,  Pan?evo,  Para?in,  Pirot,  Po?arevac,  Podgorica,  Priboj,  Prijedor,  Prokuplje,  Prozor,  pula,  rijeka,  Ruma,  Sanski Most,  Sarajevo,  Senta,  serbija,  sibenik,  skopje,  Smederevo,  Smederevska Palanka,  Sokolac,  Sombor,  split,  Srebrenica,  Srebrenik,  Sremska Mitrovica,  Stolac,  Struga,  Subotica,  Temerin,  Tesli?,  tetovo,  Travnik,  Trebinje,  tuzla,  U?ice,  ulcinj,  Valjevo,  Velika Kladu?a,  Vi?egrad,  Visoko,  Vitez,  Vogo??a,  vojvodina,  Vranje,  Vr?ac,  Vrbas,  zadar,  Zagreb,  Zaje?ar,  Zavidovi?i,  Zenica,  Zrenjanin,  Zvornik,copacabana ulcinj,  h?tels,  hotel ulqin,  Kosova,  Mali i Zi,  Maqedonija,  Montenegro,  montenegro tourisme plage,  montenegro ulcinj,  Shpallje Falas,  Shpallje Falas per shitjen e shtepis se juaj,  Shpallje Falas per villat e juaj,  Shpallje Falas Real Estate,  Shpallje Falas turistike,  shqiperija,  tourisme,  Ulci?,  ulcinj,  ulqin,  ulqin hotel,  ulqini,  ulqini 2007,Ada Bojana,  Alba?czyk,  Cita di Dolcino,  Copacabana,  Czarnog?ra,  Czarnog?rzec,  Don Kichota,  Ma\u00b3a Pla?a,  Mandra,  MIGUEL DE SERVANTES,  p?\u00b3wyspy Marjan,  Pla?a Valdanos,  Rzeka Bojana,  Shas \/ ?as \/ Sva?,  Ulci?,  Ulcinjsk\u00b9 Riwier?,  Wielka Pla?a,  Wyspa Bojana,GORA,??????????,???????,??????????, ?ern? Hora,TO ULCINJ \/ ULQIN,MONTENEGRO, Czarnog?ra, Muntenegru, ????? ????, Montenegr?,villa ? louer ? ulcinj, location de vacance, location saisonni?res, louer chambres,location de vacance, Locations vacance, h?bergements vacances, locations villa, logements de vacances, location maison avec piscine, Location vacance, locations de vacance, h?bergements de vacances, location, locations entre particulier, logements vacance, vacances ? Mont?n?gro - location ? Ulcinj ,location  de bigorre,Albaniku,  Artana,  Bujanoci,  Burimi,  Dardana,  Dardan?,  De?an,  Dibra,  Drenas,  Drenasi,  Ferizaj,  Ferizaji,  Fush? Kosova,Besplatni internet oglasi,Besplatni oglasi,besplatni mali oglasi,besplatni turisti?ki oglasi,oglasi, usluge, turizam,Turisti?ke usluge,Doma?i turizam,Besplatni Oglasnik,Brzi Oglasi Besplatno,Besplatno OglasavanjeTurizam,besplatni oglasi sa slikom,Turisticki informator besplatni,li?ni-oglasi,BESPLATNI Turisticki OGLASI SA SLIKAMA,BESPLATNI Turisticki Oglasi saVideom,turisticki smestaj oglasi,Turisti?ki vodi? balkana,BESPLATNA REZERVACIJA SMESTAJA,Postavite besplatno Vas oglas,FREE TOURIST GUIDES,Izdavanje-Turizam oglasi,Balkan Turisticki vodic,shpallje turistike falas,Shpallje Falas,Shpallje falas per Komplekse Turistike,Lajmerime,Njoftime,shpallje shqip per shqiptaret ne shqiperi kosova maqedoni,mal te zi,Fush? Kosov?,  Gjakova,  Gjakov?,  Gjilan,  Gjilani,  Gostivari,  Istog,  Istog\u00b7,  Ka?anik,  Ka?aniku,  Kastrioti,  K?r?ova,  Klina,  Klin?,  Kumanova,  Leposaviq,  Leskovci,  Likova,  Lipjan,  Lipjani,  Malisheva,  Malishev?,  Manastiri,  Medvegja,  Mitrovica,  Mitrovic?,  Novob?rd?,  Obiliq\u00b7 Rahovec,  Ohri,  Peja,  Pej?,  Podujeva,  Podujev?,  Presheva,  Prishtina,  Prishtin?,  Prizren,  Prizreni,  Rahoveci,  Sharri,  Sharri (Kosov?),  Shkupi,  Sht?rpca,  Sht?rpc?,  Shtime,  Sk?nderaj,  Struga,  Tetova,  Theranda,  Therand?,  Triumf Riza,  Veleshta,  Viti,  Vitia,  Vushtrri,  Vushtrria,  Zubin Potok,  Zubin Potoku,  Zve?an,  Zve?ani,Struga,Gostivari,Gostivar,Ker?ova,Tirana,Durr?si,Elbasani,Shkodra,Tuzi,Vlora, Kor?a,Fieri,Berati,Lushnja ,Kavaja,Pogradeci,La?i,Gjirokastra,Patosi,Kruja,Ku?ova,Kuk?si,Lezha,Saranda,Peshkopia,Burreli,C?rriku,?orovoda,Shijaku,Librazhdi,Tepelena,Gramshi,Poli?ani,Bulqiza,P?rmeti,Fush?Kruja,Kamza,Rr?sheni,Ballshi,Mamurrasi,BajramCurri,Erseka,Peqini,Divjaka,Selenica,Bilishti,Roskoveci,Puka,Memaliaj,Rrogozhina,Ura Vajgurore,Himara,Delvina,Vora,Kopliku,Maliqi,P?rrenjasi,Kruma, Libohova,Orikumi,Fush?-Arr?za,Sh?ngjini,Rubiku,Miloti, Leskoviku,Konispoli,K?lcyra,Krasta,K?rraba,Manastiri,Hara?ina,Likova,Prilepi,Zajazi,Vrap?ishti,Bogovin?,\" width=\"420\" height=\"120\" \/><\/a><\/p>\n","protected":false},"excerpt":{"rendered":"<p>Morsko dobro je i obala rijeke Zakupci ulcinjskih kupali\u0161ta i vlasnici restorana na Adi Bojani ulo\u017eili su \u017ealbe na rje\u0161enja Op\u0161tine kojim je utvr?ena njihova taksena obaveza za jul i avgust \u201cpo osnovu kori\u0161?enja prostora na javnim povr\u0161inama\u201d. U \u017ealbi dostavljenom glavnom administratoru Pjeteru Ljulj?uraju i sekretaru za finansije Fatmiru ?eki, zakupac \u201cKopakabane\u201d i dijela [&hellip;]<\/p>\n","protected":false},"author":1,"featured_media":0,"comment_status":"open","ping_status":"closed","sticky":false,"template":"","format":"standard","meta":{"spay_email":"","jetpack_publicize_message":"","jetpack_is_tweetstorm":false,"jetpack_publicize_feature_enabled":true},"categories":[11,12,15],"tags":[138,4559],"jetpack_publicize_connections":[],"yoast_head":"<!-- This site is optimized with the Yoast SEO plugin v19.1 - https:\/\/yoast.com\/wordpress\/plugins\/seo\/ -->\n<title>U Budvanskom JP ocijenili da Ulcinjske vlasti nijesu imale osnova da ubiraju komunalnu taksu - Lajme nga Ulqini<\/title>\n<meta name=\"description\" content=\"Morsko dobro je i obala rijeke Zakupci ulcinjskih kupali\u0161ta i vlasnici restorana na Adi Bojani ulo\u017eili su \u017ealbe na rje\u0161enja Op\u0161tine kojim je utvr?ena\" \/>\n<meta name=\"robots\" content=\"index, follow, max-snippet:-1, max-image-preview:large, max-video-preview:-1\" \/>\n<link rel=\"canonical\" href=\"https:\/\/www.visit-ulcinj.com\/blog\/2008\/09\/15\/tvrde-da-su-bez-osnova-placali-komunalnu-taksu\/\" \/>\n<meta property=\"og:locale\" content=\"en_US\" \/>\n<meta property=\"og:type\" content=\"article\" \/>\n<meta property=\"og:title\" content=\"U Budvanskom JP ocijenili da Ulcinjske vlasti nijesu imale osnova da ubiraju komunalnu taksu - Lajme nga Ulqini\" \/>\n<meta property=\"og:description\" content=\"Morsko dobro je i obala rijeke Zakupci ulcinjskih kupali\u0161ta i vlasnici restorana na Adi Bojani ulo\u017eili su \u017ealbe na rje\u0161enja Op\u0161tine kojim je utvr?ena\" \/>\n<meta property=\"og:url\" content=\"https:\/\/www.visit-ulcinj.com\/blog\/2008\/09\/15\/tvrde-da-su-bez-osnova-placali-komunalnu-taksu\/\" \/>\n<meta property=\"og:site_name\" content=\"Lajme nga Ulqini\" \/>\n<meta property=\"article:published_time\" content=\"2008-09-15T21:58:19+00:00\" \/>\n<meta property=\"article:modified_time\" content=\"2008-10-17T19:45:22+00:00\" \/>\n<meta property=\"og:image\" content=\"http:\/\/www.visit-ulcinj.com\/blog\/wp-content\/uploads\/2008\/09\/ada-bojana-ulcinj81.jpg\" \/>\n<meta name=\"twitter:label1\" content=\"Written by\" \/>\n\t<meta name=\"twitter:data1\" content=\"ulqini\" \/>\n\t<meta name=\"twitter:label2\" content=\"Est. reading time\" \/>\n\t<meta name=\"twitter:data2\" content=\"4 minutes\" \/>\n<script type=\"application\/ld+json\" class=\"yoast-schema-graph\">{\"@context\":\"https:\/\/schema.org\",\"@graph\":[{\"@type\":\"WebSite\",\"@id\":\"https:\/\/www.visit-ulcinj.com\/blog\/#website\",\"url\":\"https:\/\/www.visit-ulcinj.com\/blog\/\",\"name\":\"Lajme nga Ulqini\",\"description\":\"Lajme,Vijesti,Ulqini,Ulqin,Crna Gora,Mali i Zi\",\"potentialAction\":[{\"@type\":\"SearchAction\",\"target\":{\"@type\":\"EntryPoint\",\"urlTemplate\":\"https:\/\/www.visit-ulcinj.com\/blog\/?s={search_term_string}\"},\"query-input\":\"required name=search_term_string\"}],\"inLanguage\":\"en-US\"},{\"@type\":\"ImageObject\",\"inLanguage\":\"en-US\",\"@id\":\"https:\/\/www.visit-ulcinj.com\/blog\/2008\/09\/15\/tvrde-da-su-bez-osnova-placali-komunalnu-taksu\/#primaryimage\",\"url\":\"http:\/\/www.visit-ulcinj.com\/blog\/wp-content\/uploads\/2008\/09\/ada-bojana-ulcinj81.jpg\",\"contentUrl\":\"http:\/\/www.visit-ulcinj.com\/blog\/wp-content\/uploads\/2008\/09\/ada-bojana-ulcinj81.jpg\"},{\"@type\":\"WebPage\",\"@id\":\"https:\/\/www.visit-ulcinj.com\/blog\/2008\/09\/15\/tvrde-da-su-bez-osnova-placali-komunalnu-taksu\/#webpage\",\"url\":\"https:\/\/www.visit-ulcinj.com\/blog\/2008\/09\/15\/tvrde-da-su-bez-osnova-placali-komunalnu-taksu\/\",\"name\":\"U Budvanskom JP ocijenili da Ulcinjske vlasti nijesu imale osnova da ubiraju komunalnu taksu - Lajme nga Ulqini\",\"isPartOf\":{\"@id\":\"https:\/\/www.visit-ulcinj.com\/blog\/#website\"},\"primaryImageOfPage\":{\"@id\":\"https:\/\/www.visit-ulcinj.com\/blog\/2008\/09\/15\/tvrde-da-su-bez-osnova-placali-komunalnu-taksu\/#primaryimage\"},\"datePublished\":\"2008-09-15T21:58:19+00:00\",\"dateModified\":\"2008-10-17T19:45:22+00:00\",\"author\":{\"@id\":\"https:\/\/www.visit-ulcinj.com\/blog\/#\/schema\/person\/dcab619c614d3038751c63bc2aadc06d\"},\"description\":\"Morsko dobro je i obala rijeke Zakupci ulcinjskih kupali\u0161ta i vlasnici restorana na Adi Bojani ulo\u017eili su \u017ealbe na rje\u0161enja Op\u0161tine kojim je utvr?ena\",\"breadcrumb\":{\"@id\":\"https:\/\/www.visit-ulcinj.com\/blog\/2008\/09\/15\/tvrde-da-su-bez-osnova-placali-komunalnu-taksu\/#breadcrumb\"},\"inLanguage\":\"en-US\",\"potentialAction\":[{\"@type\":\"ReadAction\",\"target\":[\"https:\/\/www.visit-ulcinj.com\/blog\/2008\/09\/15\/tvrde-da-su-bez-osnova-placali-komunalnu-taksu\/\"]}]},{\"@type\":\"BreadcrumbList\",\"@id\":\"https:\/\/www.visit-ulcinj.com\/blog\/2008\/09\/15\/tvrde-da-su-bez-osnova-placali-komunalnu-taksu\/#breadcrumb\",\"itemListElement\":[{\"@type\":\"ListItem\",\"position\":1,\"name\":\"U Budvanskom JP ocijenili da Ulcinjske vlasti nijesu imale osnova da ubiraju komunalnu taksu\"}]},{\"@type\":\"Person\",\"@id\":\"https:\/\/www.visit-ulcinj.com\/blog\/#\/schema\/person\/dcab619c614d3038751c63bc2aadc06d\",\"name\":\"ulqini\",\"sameAs\":[\"http:\/\/www.visit-ulcinj.com\"],\"url\":\"https:\/\/www.visit-ulcinj.com\/blog\/author\/admin\/\"}]}<\/script>\n<!-- \/ Yoast SEO plugin. -->","yoast_head_json":{"title":"U Budvanskom JP ocijenili da Ulcinjske vlasti nijesu imale osnova da ubiraju komunalnu taksu - Lajme nga Ulqini","description":"Morsko dobro je i obala rijeke Zakupci ulcinjskih kupali\u0161ta i vlasnici restorana na Adi Bojani ulo\u017eili su \u017ealbe na rje\u0161enja Op\u0161tine kojim je utvr?ena","robots":{"index":"index","follow":"follow","max-snippet":"max-snippet:-1","max-image-preview":"max-image-preview:large","max-video-preview":"max-video-preview:-1"},"canonical":"https:\/\/www.visit-ulcinj.com\/blog\/2008\/09\/15\/tvrde-da-su-bez-osnova-placali-komunalnu-taksu\/","og_locale":"en_US","og_type":"article","og_title":"U Budvanskom JP ocijenili da Ulcinjske vlasti nijesu imale osnova da ubiraju komunalnu taksu - Lajme nga Ulqini","og_description":"Morsko dobro je i obala rijeke Zakupci ulcinjskih kupali\u0161ta i vlasnici restorana na Adi Bojani ulo\u017eili su \u017ealbe na rje\u0161enja Op\u0161tine kojim je utvr?ena","og_url":"https:\/\/www.visit-ulcinj.com\/blog\/2008\/09\/15\/tvrde-da-su-bez-osnova-placali-komunalnu-taksu\/","og_site_name":"Lajme nga Ulqini","article_published_time":"2008-09-15T21:58:19+00:00","article_modified_time":"2008-10-17T19:45:22+00:00","og_image":[{"url":"http:\/\/www.visit-ulcinj.com\/blog\/wp-content\/uploads\/2008\/09\/ada-bojana-ulcinj81.jpg"}],"twitter_misc":{"Written by":"ulqini","Est. reading time":"4 minutes"},"schema":{"@context":"https:\/\/schema.org","@graph":[{"@type":"WebSite","@id":"https:\/\/www.visit-ulcinj.com\/blog\/#website","url":"https:\/\/www.visit-ulcinj.com\/blog\/","name":"Lajme nga Ulqini","description":"Lajme,Vijesti,Ulqini,Ulqin,Crna Gora,Mali i Zi","potentialAction":[{"@type":"SearchAction","target":{"@type":"EntryPoint","urlTemplate":"https:\/\/www.visit-ulcinj.com\/blog\/?s={search_term_string}"},"query-input":"required name=search_term_string"}],"inLanguage":"en-US"},{"@type":"ImageObject","inLanguage":"en-US","@id":"https:\/\/www.visit-ulcinj.com\/blog\/2008\/09\/15\/tvrde-da-su-bez-osnova-placali-komunalnu-taksu\/#primaryimage","url":"http:\/\/www.visit-ulcinj.com\/blog\/wp-content\/uploads\/2008\/09\/ada-bojana-ulcinj81.jpg","contentUrl":"http:\/\/www.visit-ulcinj.com\/blog\/wp-content\/uploads\/2008\/09\/ada-bojana-ulcinj81.jpg"},{"@type":"WebPage","@id":"https:\/\/www.visit-ulcinj.com\/blog\/2008\/09\/15\/tvrde-da-su-bez-osnova-placali-komunalnu-taksu\/#webpage","url":"https:\/\/www.visit-ulcinj.com\/blog\/2008\/09\/15\/tvrde-da-su-bez-osnova-placali-komunalnu-taksu\/","name":"U Budvanskom JP ocijenili da Ulcinjske vlasti nijesu imale osnova da ubiraju komunalnu taksu - Lajme nga Ulqini","isPartOf":{"@id":"https:\/\/www.visit-ulcinj.com\/blog\/#website"},"primaryImageOfPage":{"@id":"https:\/\/www.visit-ulcinj.com\/blog\/2008\/09\/15\/tvrde-da-su-bez-osnova-placali-komunalnu-taksu\/#primaryimage"},"datePublished":"2008-09-15T21:58:19+00:00","dateModified":"2008-10-17T19:45:22+00:00","author":{"@id":"https:\/\/www.visit-ulcinj.com\/blog\/#\/schema\/person\/dcab619c614d3038751c63bc2aadc06d"},"description":"Morsko dobro je i obala rijeke Zakupci ulcinjskih kupali\u0161ta i vlasnici restorana na Adi Bojani ulo\u017eili su \u017ealbe na rje\u0161enja Op\u0161tine kojim je utvr?ena","breadcrumb":{"@id":"https:\/\/www.visit-ulcinj.com\/blog\/2008\/09\/15\/tvrde-da-su-bez-osnova-placali-komunalnu-taksu\/#breadcrumb"},"inLanguage":"en-US","potentialAction":[{"@type":"ReadAction","target":["https:\/\/www.visit-ulcinj.com\/blog\/2008\/09\/15\/tvrde-da-su-bez-osnova-placali-komunalnu-taksu\/"]}]},{"@type":"BreadcrumbList","@id":"https:\/\/www.visit-ulcinj.com\/blog\/2008\/09\/15\/tvrde-da-su-bez-osnova-placali-komunalnu-taksu\/#breadcrumb","itemListElement":[{"@type":"ListItem","position":1,"name":"U Budvanskom JP ocijenili da Ulcinjske vlasti nijesu imale osnova da ubiraju komunalnu taksu"}]},{"@type":"Person","@id":"https:\/\/www.visit-ulcinj.com\/blog\/#\/schema\/person\/dcab619c614d3038751c63bc2aadc06d","name":"ulqini","sameAs":["http:\/\/www.visit-ulcinj.com"],"url":"https:\/\/www.visit-ulcinj.com\/blog\/author\/admin\/"}]}},"jetpack_featured_media_url":"","jetpack_sharing_enabled":true,"jetpack_shortlink":"https:\/\/wp.me\/pe6lTn-RX","_links":{"self":[{"href":"https:\/\/www.visit-ulcinj.com\/blog\/wp-json\/wp\/v2\/posts\/3345"}],"collection":[{"href":"https:\/\/www.visit-ulcinj.com\/blog\/wp-json\/wp\/v2\/posts"}],"about":[{"href":"https:\/\/www.visit-ulcinj.com\/blog\/wp-json\/wp\/v2\/types\/post"}],"author":[{"embeddable":true,"href":"https:\/\/www.visit-ulcinj.com\/blog\/wp-json\/wp\/v2\/users\/1"}],"replies":[{"embeddable":true,"href":"https:\/\/www.visit-ulcinj.com\/blog\/wp-json\/wp\/v2\/comments?post=3345"}],"version-history":[{"count":0,"href":"https:\/\/www.visit-ulcinj.com\/blog\/wp-json\/wp\/v2\/posts\/3345\/revisions"}],"wp:attachment":[{"href":"https:\/\/www.visit-ulcinj.com\/blog\/wp-json\/wp\/v2\/media?parent=3345"}],"wp:term":[{"taxonomy":"category","embeddable":true,"href":"https:\/\/www.visit-ulcinj.com\/blog\/wp-json\/wp\/v2\/categories?post=3345"},{"taxonomy":"post_tag","embeddable":true,"href":"https:\/\/www.visit-ulcinj.com\/blog\/wp-json\/wp\/v2\/tags?post=3345"}],"curies":[{"name":"wp","href":"https:\/\/api.w.org\/{rel}","templated":true}]}}