{"id":33470,"date":"2010-05-19T18:32:14","date_gmt":"2010-05-19T16:32:14","guid":{"rendered":"http:\/\/www.visit-ulcinj.com\/blog\/?p=33470"},"modified":"2010-05-19T18:32:14","modified_gmt":"2010-05-19T16:32:14","slug":"forca-spemila-program-albancima-nude-razvoj","status":"publish","type":"post","link":"https:\/\/www.visit-ulcinj.com\/blog\/2010\/05\/19\/forca-spemila-program-albancima-nude-razvoj\/","title":{"rendered":"Forca spemila program: Albancima nude razvoj"},"content":{"rendered":"<p><strong><a href=\"http:\/\/www.forca.me\/program_2010\/FORCA_Izborni_Program_2010-2014.pdf\" target=\"_blank\"><img loading=\"lazy\" class=\"alignleft size-full wp-image-33471\" title=\"IZBORNI PROGRAM FORCE_ULCINJ\" src=\"http:\/\/www.visit-ulcinj.com\/blog\/wp-content\/uploads\/2010\/05\/IZBORNI-PROGRAM-FORCE_ULCINJ.jpg\" alt=\"IZBORNI PROGRAM FORCE_ULCINJ\" width=\"490\" height=\"590\" \/><\/a><a href=\"http:\/\/www.forca.me\/program_2010\/FORCA_Izborni_Program_2010-2014.pdf\" target=\"_blank\">Forca spemila program<\/a><\/strong><br \/>\nPlav &#8211; Lider Force Nazif Cungu obe?ao je da ?e ta stranka pomagati razvojni program za mjesta u kojima \u017eive Albanci. On je kazao da ?e ta stranka poku\u0161ati da smanji siroma\u0161tvo na podru?jima u kojima su Albanci ve?ina. Nimanbegu je pojasnio da Forca \u017eeli da smanji broj nezaposlenih i pobolj\u0161a stanje u turizmu i poljoprivredi.<br \/>\n\u201cTu je i povra?aj imovine biv\u0161im vlasnicima u dijelu gdje \u017eive Albanci, pobolj\u0161anje sistema \u0161kolstva za Albance, ali i da se zastupi kulturno anga\u017eovanje svih Albanaca\u201c, kazao je Cungu na tribini u Plavu.<br \/>\nPoslanik Force u Skup\u0161tini Genci Nimanbegu kazao je da je vrijeme da se Albanci na pravi na?in integri\u0161u u crnogorsko dru\u0161tvo i razvijene narode Evrope.<br \/>\n<strong>A. I.<br \/>\n<a href=\"http:\/\/www.vijesti.me\/\" target=\"_blank\">Vijesti<\/a><\/strong><\/p>\n<p><a href=\"http:\/\/www.forca.me\/program_2010\/FORCA_Izborni_Program_2010-2014.pdf\" target=\"_blank\"><strong>Program Force za Ulcinj 2010 &#8211; 2014<\/strong><\/a><br \/>\n<!--YouTube Error: bad URL entered--><\/p>\n","protected":false},"excerpt":{"rendered":"<p>Forca spemila program Plav &#8211; Lider Force Nazif Cungu obe?ao je da ?e ta stranka pomagati razvojni program za mjesta u kojima \u017eive Albanci. On je kazao da ?e ta stranka poku\u0161ati da smanji siroma\u0161tvo na podru?jima u kojima su Albanci ve?ina. Nimanbegu je pojasnio da Forca \u017eeli da smanji broj nezaposlenih i pobolj\u0161a stanje [&hellip;]<\/p>\n","protected":false},"author":1,"featured_media":0,"comment_status":"open","ping_status":"closed","sticky":false,"template":"","format":"standard","meta":{"spay_email":"","jetpack_publicize_message":"","jetpack_is_tweetstorm":false,"jetpack_publicize_feature_enabled":true},"categories":[8337],"tags":[1520,874,1073,824,14383,4666],"jetpack_publicize_connections":[],"yoast_head":"<!-- This site is optimized with the Yoast SEO plugin v19.1 - https:\/\/yoast.com\/wordpress\/plugins\/seo\/ -->\n<title>Forca spemila program: Albancima nude razvoj - Lajme nga Ulqini<\/title>\n<meta name=\"description\" content=\"Forca spemila program Plav - Lider Force Nazif Cungu obe?ao je da ?e ta stranka pomagati razvojni program za mjesta u kojima \u017eive Albanci. On je kazao da\" \/>\n<meta name=\"robots\" content=\"index, follow, max-snippet:-1, max-image-preview:large, max-video-preview:-1\" \/>\n<link rel=\"canonical\" href=\"https:\/\/www.visit-ulcinj.com\/blog\/2010\/05\/19\/forca-spemila-program-albancima-nude-razvoj\/\" \/>\n<meta property=\"og:locale\" content=\"en_US\" \/>\n<meta property=\"og:type\" content=\"article\" \/>\n<meta property=\"og:title\" content=\"Forca spemila program: Albancima nude razvoj - Lajme nga Ulqini\" \/>\n<meta property=\"og:description\" content=\"Forca spemila program Plav - Lider Force Nazif Cungu obe?ao je da ?e ta stranka pomagati razvojni program za mjesta u kojima \u017eive Albanci. On je kazao da\" \/>\n<meta property=\"og:url\" content=\"https:\/\/www.visit-ulcinj.com\/blog\/2010\/05\/19\/forca-spemila-program-albancima-nude-razvoj\/\" \/>\n<meta property=\"og:site_name\" content=\"Lajme nga Ulqini\" \/>\n<meta property=\"article:published_time\" content=\"2010-05-19T16:32:14+00:00\" \/>\n<meta property=\"og:image\" content=\"http:\/\/www.visit-ulcinj.com\/blog\/wp-content\/uploads\/2010\/05\/IZBORNI-PROGRAM-FORCE_ULCINJ.jpg\" \/>\n<meta name=\"twitter:label1\" content=\"Written by\" \/>\n\t<meta name=\"twitter:data1\" content=\"ulqini\" \/>\n\t<meta name=\"twitter:label2\" content=\"Est. reading time\" \/>\n\t<meta name=\"twitter:data2\" content=\"1 minute\" \/>\n<script type=\"application\/ld+json\" class=\"yoast-schema-graph\">{\"@context\":\"https:\/\/schema.org\",\"@graph\":[{\"@type\":\"WebSite\",\"@id\":\"https:\/\/www.visit-ulcinj.com\/blog\/#website\",\"url\":\"https:\/\/www.visit-ulcinj.com\/blog\/\",\"name\":\"Lajme nga Ulqini\",\"description\":\"Lajme,Vijesti,Ulqini,Ulqin,Crna Gora,Mali i Zi\",\"potentialAction\":[{\"@type\":\"SearchAction\",\"target\":{\"@type\":\"EntryPoint\",\"urlTemplate\":\"https:\/\/www.visit-ulcinj.com\/blog\/?s={search_term_string}\"},\"query-input\":\"required name=search_term_string\"}],\"inLanguage\":\"en-US\"},{\"@type\":\"ImageObject\",\"inLanguage\":\"en-US\",\"@id\":\"https:\/\/www.visit-ulcinj.com\/blog\/2010\/05\/19\/forca-spemila-program-albancima-nude-razvoj\/#primaryimage\",\"url\":\"https:\/\/www.visit-ulcinj.com\/blog\/wp-content\/uploads\/2010\/05\/IZBORNI-PROGRAM-FORCE_ULCINJ.jpg\",\"contentUrl\":\"https:\/\/www.visit-ulcinj.com\/blog\/wp-content\/uploads\/2010\/05\/IZBORNI-PROGRAM-FORCE_ULCINJ.jpg\",\"width\":\"490\",\"height\":\"694\"},{\"@type\":\"WebPage\",\"@id\":\"https:\/\/www.visit-ulcinj.com\/blog\/2010\/05\/19\/forca-spemila-program-albancima-nude-razvoj\/#webpage\",\"url\":\"https:\/\/www.visit-ulcinj.com\/blog\/2010\/05\/19\/forca-spemila-program-albancima-nude-razvoj\/\",\"name\":\"Forca spemila program: Albancima nude razvoj - Lajme nga Ulqini\",\"isPartOf\":{\"@id\":\"https:\/\/www.visit-ulcinj.com\/blog\/#website\"},\"primaryImageOfPage\":{\"@id\":\"https:\/\/www.visit-ulcinj.com\/blog\/2010\/05\/19\/forca-spemila-program-albancima-nude-razvoj\/#primaryimage\"},\"datePublished\":\"2010-05-19T16:32:14+00:00\",\"dateModified\":\"2010-05-19T16:32:14+00:00\",\"author\":{\"@id\":\"https:\/\/www.visit-ulcinj.com\/blog\/#\/schema\/person\/dcab619c614d3038751c63bc2aadc06d\"},\"description\":\"Forca spemila program Plav - Lider Force Nazif Cungu obe?ao je da ?e ta stranka pomagati razvojni program za mjesta u kojima \u017eive Albanci. On je kazao da\",\"breadcrumb\":{\"@id\":\"https:\/\/www.visit-ulcinj.com\/blog\/2010\/05\/19\/forca-spemila-program-albancima-nude-razvoj\/#breadcrumb\"},\"inLanguage\":\"en-US\",\"potentialAction\":[{\"@type\":\"ReadAction\",\"target\":[\"https:\/\/www.visit-ulcinj.com\/blog\/2010\/05\/19\/forca-spemila-program-albancima-nude-razvoj\/\"]}]},{\"@type\":\"BreadcrumbList\",\"@id\":\"https:\/\/www.visit-ulcinj.com\/blog\/2010\/05\/19\/forca-spemila-program-albancima-nude-razvoj\/#breadcrumb\",\"itemListElement\":[{\"@type\":\"ListItem\",\"position\":1,\"name\":\"Forca spemila program: Albancima nude razvoj\"}]},{\"@type\":\"Person\",\"@id\":\"https:\/\/www.visit-ulcinj.com\/blog\/#\/schema\/person\/dcab619c614d3038751c63bc2aadc06d\",\"name\":\"ulqini\",\"sameAs\":[\"http:\/\/www.visit-ulcinj.com\"],\"url\":\"https:\/\/www.visit-ulcinj.com\/blog\/author\/admin\/\"}]}<\/script>\n<!-- \/ Yoast SEO plugin. -->","yoast_head_json":{"title":"Forca spemila program: Albancima nude razvoj - Lajme nga Ulqini","description":"Forca spemila program Plav - Lider Force Nazif Cungu obe?ao je da ?e ta stranka pomagati razvojni program za mjesta u kojima \u017eive Albanci. On je kazao da","robots":{"index":"index","follow":"follow","max-snippet":"max-snippet:-1","max-image-preview":"max-image-preview:large","max-video-preview":"max-video-preview:-1"},"canonical":"https:\/\/www.visit-ulcinj.com\/blog\/2010\/05\/19\/forca-spemila-program-albancima-nude-razvoj\/","og_locale":"en_US","og_type":"article","og_title":"Forca spemila program: Albancima nude razvoj - Lajme nga Ulqini","og_description":"Forca spemila program Plav - Lider Force Nazif Cungu obe?ao je da ?e ta stranka pomagati razvojni program za mjesta u kojima \u017eive Albanci. On je kazao da","og_url":"https:\/\/www.visit-ulcinj.com\/blog\/2010\/05\/19\/forca-spemila-program-albancima-nude-razvoj\/","og_site_name":"Lajme nga Ulqini","article_published_time":"2010-05-19T16:32:14+00:00","og_image":[{"url":"http:\/\/www.visit-ulcinj.com\/blog\/wp-content\/uploads\/2010\/05\/IZBORNI-PROGRAM-FORCE_ULCINJ.jpg"}],"twitter_misc":{"Written by":"ulqini","Est. reading time":"1 minute"},"schema":{"@context":"https:\/\/schema.org","@graph":[{"@type":"WebSite","@id":"https:\/\/www.visit-ulcinj.com\/blog\/#website","url":"https:\/\/www.visit-ulcinj.com\/blog\/","name":"Lajme nga Ulqini","description":"Lajme,Vijesti,Ulqini,Ulqin,Crna Gora,Mali i Zi","potentialAction":[{"@type":"SearchAction","target":{"@type":"EntryPoint","urlTemplate":"https:\/\/www.visit-ulcinj.com\/blog\/?s={search_term_string}"},"query-input":"required name=search_term_string"}],"inLanguage":"en-US"},{"@type":"ImageObject","inLanguage":"en-US","@id":"https:\/\/www.visit-ulcinj.com\/blog\/2010\/05\/19\/forca-spemila-program-albancima-nude-razvoj\/#primaryimage","url":"https:\/\/www.visit-ulcinj.com\/blog\/wp-content\/uploads\/2010\/05\/IZBORNI-PROGRAM-FORCE_ULCINJ.jpg","contentUrl":"https:\/\/www.visit-ulcinj.com\/blog\/wp-content\/uploads\/2010\/05\/IZBORNI-PROGRAM-FORCE_ULCINJ.jpg","width":"490","height":"694"},{"@type":"WebPage","@id":"https:\/\/www.visit-ulcinj.com\/blog\/2010\/05\/19\/forca-spemila-program-albancima-nude-razvoj\/#webpage","url":"https:\/\/www.visit-ulcinj.com\/blog\/2010\/05\/19\/forca-spemila-program-albancima-nude-razvoj\/","name":"Forca spemila program: Albancima nude razvoj - Lajme nga Ulqini","isPartOf":{"@id":"https:\/\/www.visit-ulcinj.com\/blog\/#website"},"primaryImageOfPage":{"@id":"https:\/\/www.visit-ulcinj.com\/blog\/2010\/05\/19\/forca-spemila-program-albancima-nude-razvoj\/#primaryimage"},"datePublished":"2010-05-19T16:32:14+00:00","dateModified":"2010-05-19T16:32:14+00:00","author":{"@id":"https:\/\/www.visit-ulcinj.com\/blog\/#\/schema\/person\/dcab619c614d3038751c63bc2aadc06d"},"description":"Forca spemila program Plav - Lider Force Nazif Cungu obe?ao je da ?e ta stranka pomagati razvojni program za mjesta u kojima \u017eive Albanci. On je kazao da","breadcrumb":{"@id":"https:\/\/www.visit-ulcinj.com\/blog\/2010\/05\/19\/forca-spemila-program-albancima-nude-razvoj\/#breadcrumb"},"inLanguage":"en-US","potentialAction":[{"@type":"ReadAction","target":["https:\/\/www.visit-ulcinj.com\/blog\/2010\/05\/19\/forca-spemila-program-albancima-nude-razvoj\/"]}]},{"@type":"BreadcrumbList","@id":"https:\/\/www.visit-ulcinj.com\/blog\/2010\/05\/19\/forca-spemila-program-albancima-nude-razvoj\/#breadcrumb","itemListElement":[{"@type":"ListItem","position":1,"name":"Forca spemila program: Albancima nude razvoj"}]},{"@type":"Person","@id":"https:\/\/www.visit-ulcinj.com\/blog\/#\/schema\/person\/dcab619c614d3038751c63bc2aadc06d","name":"ulqini","sameAs":["http:\/\/www.visit-ulcinj.com"],"url":"https:\/\/www.visit-ulcinj.com\/blog\/author\/admin\/"}]}},"jetpack_featured_media_url":"","jetpack_sharing_enabled":true,"jetpack_shortlink":"https:\/\/wp.me\/pe6lTn-8HQ","_links":{"self":[{"href":"https:\/\/www.visit-ulcinj.com\/blog\/wp-json\/wp\/v2\/posts\/33470"}],"collection":[{"href":"https:\/\/www.visit-ulcinj.com\/blog\/wp-json\/wp\/v2\/posts"}],"about":[{"href":"https:\/\/www.visit-ulcinj.com\/blog\/wp-json\/wp\/v2\/types\/post"}],"author":[{"embeddable":true,"href":"https:\/\/www.visit-ulcinj.com\/blog\/wp-json\/wp\/v2\/users\/1"}],"replies":[{"embeddable":true,"href":"https:\/\/www.visit-ulcinj.com\/blog\/wp-json\/wp\/v2\/comments?post=33470"}],"version-history":[{"count":0,"href":"https:\/\/www.visit-ulcinj.com\/blog\/wp-json\/wp\/v2\/posts\/33470\/revisions"}],"wp:attachment":[{"href":"https:\/\/www.visit-ulcinj.com\/blog\/wp-json\/wp\/v2\/media?parent=33470"}],"wp:term":[{"taxonomy":"category","embeddable":true,"href":"https:\/\/www.visit-ulcinj.com\/blog\/wp-json\/wp\/v2\/categories?post=33470"},{"taxonomy":"post_tag","embeddable":true,"href":"https:\/\/www.visit-ulcinj.com\/blog\/wp-json\/wp\/v2\/tags?post=33470"}],"curies":[{"name":"wp","href":"https:\/\/api.w.org\/{rel}","templated":true}]}}