{"id":33474,"date":"2010-05-19T19:29:29","date_gmt":"2010-05-19T17:29:29","guid":{"rendered":"http:\/\/www.visit-ulcinj.com\/blog\/?p=33474"},"modified":"2010-05-23T14:13:56","modified_gmt":"2010-05-23T12:13:56","slug":"konferenca-per-shtyp-e-koalicionit-per-malesine","status":"publish","type":"post","link":"https:\/\/www.visit-ulcinj.com\/blog\/2010\/05\/19\/konferenca-per-shtyp-e-koalicionit-per-malesine\/","title":{"rendered":"Konferenca p\u00ebr shtyp e &#8220;Koalicionit p\u00ebr Mal\u00ebsin\u00eb&#8221;"},"content":{"rendered":"<p><a href=\"http:\/\/www.visit-ulcinj.com\/blog\/wp-content\/uploads\/2010\/05\/LDn\u00ebMZ-BDSH-vizion-i-ri-me-vlera-t\u00eb-d\u00ebshmuara.jpg\"><img loading=\"lazy\" class=\"alignleft size-full wp-image-33783\" title=\"LDn\u00ebMZ-BDSH-vizion i ri me vlera t\u00eb d\u00ebshmuara\" src=\"http:\/\/www.visit-ulcinj.com\/blog\/wp-content\/uploads\/2010\/05\/LDn\u00ebMZ-BDSH-vizion-i-ri-me-vlera-t\u00eb-d\u00ebshmuara.jpg\" alt=\"LDn\u00ebMZ-BDSH-vizion i ri me vlera t\u00eb d\u00ebshmuara\" width=\"720\" height=\"514\" \/><\/a><\/p>\n<p><strong>Prononcimi i Nikoll\u00eb Camaj, kryetar i Lidhjes Demokratike-Dega e Mal\u00ebsis\u00eb<\/strong><\/p>\n<p><strong>T\u00eb nderuar qytetar\u00eb e qytetare t\u00eb Mal\u00ebsis\u00eb,<\/strong><\/p>\n<p>Si\u00e7 e dini, grupi politik i cili, p\u00ebr af\u00ebr 4 vite, mbante shumic\u00ebn n\u00eb Kuvendin e Komun\u00ebs urbane t\u00eb Tuzit, del i bashkuar edhe n\u00eb k\u00ebto zgjedhje lokale. Del i bashkuar se i bashkon nj\u00eb q\u00ebllim i vet\u00ebm; q\u00ebllimi q\u00eb Mal\u00ebsia t\u00eb ket\u00eb vet\u00ebqeverisje t\u00eb plot\u00eb, q\u00ebllimi q\u00eb mal\u00ebsor\u00ebt t\u00eb jen\u00eb zot n\u00eb sht\u00ebpi t\u00eb vet.<\/p>\n<p>Lidhja demokratike, me forma t\u00eb ndryshme t\u00eb veprimit, tash nj\u00ebzet vjet, Mal\u00ebsin\u00eb e ka n\u00eb krye t\u00eb agjend\u00ebs s\u00eb vet\u00eb, e n\u00eb ve\u00e7anti, \u00e7\u00ebshtjen e cila paraqet kulmin e t\u00eb gjitha halleve t\u00eb mal\u00ebsor\u00ebve, e ajo \u00ebsht\u00eb komuna e plot\u00eb.<\/p>\n<p>Andaj as k\u00ebsaj radhe nuk kemi pas se si q\u00eb t\u00eb mos rreshtohemi me ata t\u00eb cil\u00ebt gjithashtu Komun\u00ebn e kan\u00eb prioritet t\u00eb vet\u00eb, duke e ditur se koalicionet kan\u00eb forc\u00eb e fuqi q\u00eb t\u2019i bashkojn\u00eb edhe ata q\u00eb ndodh\u00eb t\u00eb ken\u00eb edhe divergjenca.<\/p>\n<p>Iu bashkuam bllokut p\u00ebr komun\u00eb t\u00eb plot\u00eb edhe nga fakti se ne, si subjekti i par\u00eb politik shqiptar, i pluralizmit n\u00eb Mal t\u00eb Zi, i cili rreth vetes dhe orientimit t\u00eb vet programor, ka bashkuar q\u00ebndres\u00ebn mal\u00ebsore dhe identitetin ton\u00eb, vler\u00ebsuam nuk guxojm\u00eb q\u00eb t\u00eb ardhmen e f\u00ebmij\u00ebve tan\u00eb ta lidhim me disponimin politik t\u00eb atyre q\u00eb, para zgjedhjeve, goj\u00ebn e kan\u00eb plot\u00eb premtime.<\/p>\n<p>Rival\u00ebt ton\u00eb, v\u00ebrtet po premtojn\u00eb k\u00ebto dit\u00eb, sikur nuk e kan\u00eb pasur rastin, mund\u00ebsin dhe shansin q\u00eb, t\u00eb gjitha ato, t\u2019i realizojn\u00eb edhe m\u00eb par\u00eb. A nuk ishin ata pushtet, n\u00eb t\u00eb gjitha nivelet e Malit t\u00eb Zi.\u00a0 E se sa kan\u00eb b\u00ebre, m\u00eb se miri e shihni ju vet\u00eb. Ata, e kan\u00eb goj\u00ebn plot\u00eb p\u00ebr t\u00eb b\u00ebrat, por fare mir\u00eb dihet se investimet n\u00eb Mal\u00ebsi nuk jan\u00eb as p\u00ebr af\u00ebr asaj, sa do t\u00eb duhej, sa ishte nevoja, sa pritej, sa premtohej, apo sa jan\u00eb t\u00eb ardhurat nga kjo trev\u00eb.<\/p>\n<p>T\u00eb bindur se edhe ju vet jeni lodhur nga fushatat e nj\u00eb pas nj\u00ebshme, nga premtimet iluzore dhe t\u00eb pabaza, q\u00eb vijn\u00eb nga ata t\u00eb cil\u00ebt po premtojn\u00eb jet\u00ebn n\u00eb Mal\u00ebsi, ku do hahet me lug ari, ne nuk premtojm\u00eb as, uj\u00eb as ura, as pushimore as rrug\u00eb, as ndri\u00e7im, as trotuare, as \u00e7erdhe&#8230;<\/p>\n<p>M\u00eb n\u00eb fund, k\u00ebto me Komun\u00eb urbane nuk b\u00ebhen. K\u00ebt\u00eb e dijn\u00eb edhe ata q\u00eb i premtojn\u00eb. Komuna urbane, nuk i ka kompetencat e duhura q\u00eb t\u00eb plot\u00ebsoj nevojat tuaja n\u00eb vet\u00ebqeverisje lokale. K\u00ebt\u00eb e kemi d\u00ebshmuar n\u00eb \u00e7do hap tonin, i kemi treguar \u00e7do kujt q\u00eb na ka pyetur, kemi apeluar tek ata q\u00eb vendosin, dhe n\u00eb fund \u00ebsht\u00eb argumentuar se ajo, nuk krijon mir\u00ebqenie dhe se\u00a0 nuk ka asnj\u00eb predispozit\u00eb q\u00eb duhet ta ket\u00eb komuna.<\/p>\n<p>K\u00ebt\u00eb q\u00eb po e them, e v\u00ebrteton fakti se edhe opozita jon\u00eb, sot po na treguaka at\u00eb q\u00eb ne kemi th\u00ebn\u00eb para kat\u00ebr vitesh, se kjo lloj zgjidhjet nuk funksionon. Pse do t\u00eb paralajm\u00ebronin referendum p\u00ebr komun\u00eb t\u00eb plot, sikur komuna urbane t\u00eb ishte zgjidhje m\u00eb e mir\u00eb?<\/p>\n<p>Prandaj, t\u00eb vet\u00ebdish\u00ebm se pa ndrrim t\u00eb statusit, premtimet n\u00eb infrastruktur\u00eb jan\u00eb vet\u00ebm tentativ\u00eb manipulimi, ne mund t\u00eb ju premtojm\u00eb vet\u00ebm at\u00eb q\u00eb mund ta b\u00ebjm\u00eb, e ajo \u00ebsht\u00eb; p\u00ebrfaq\u00ebsim dinjitoz dhe angazhim, me gjith\u00eb forc\u00ebn q\u00eb kemi, p\u00ebr Komun\u00eb t\u00eb plot\u00eb, si parakusht i \u00e7do zhvillimi.<\/p>\n<p>Me komun\u00eb t\u00eb plot\u00eb, Mal\u00ebsis\u00eb i mund\u00ebsohet zhvillimi i q\u00ebndruesh\u00ebm, i pengohet asimilimi i m\u00ebtutjesh\u00ebm, i ndalohet shp\u00ebrngulja, i ruhet identiteti, i hapen mund\u00ebsit p\u00ebr investime t\u00eb huaja, i krijohen kushte p\u00ebr zhvillimin e gjithansh\u00ebm n\u00eb infrastruktur\u00eb, sport, kultur\u00eb, sh\u00ebndet\u00ebsi, arsim etj. Me komun\u00eb t\u00eb plot Mal\u00ebsia fiton z\u00ebrin e vet\u00eb, e ngrit dinjitetin, i kthehet vetvetes dhe behet gjithnj\u00eb e m\u00eb autonome.<\/p>\n<p>Prandaj ju ftoj q\u00eb t\u00eb d\u00ebgjoni nd\u00ebrgjegjen tuaj, t\u00eb p\u00ebrkrahni \u201cKoalicionin p\u00ebr Mal\u00ebsin\u00eb\u201d, ata q\u00eb nuk i turp\u00ebrohen emrit t\u00eb Mal\u00ebsis\u00eb, t\u00eb kaluar\u00ebs s\u00eb saj\u00eb, q\u00eb jetojn\u00eb n\u00eb t\u00eb dhe, jet\u00ebn e vet\u00eb dhe t\u00eb f\u00ebmij\u00ebve t\u00eb vet, e kan\u00eb lidhur p\u00ebr saj\u00eb.<\/p>\n<p>Ju ftoj q\u00eb t\u00eb p\u00ebrkrahni \u201cKoalicionin p\u00ebr Mal\u00ebsisn\u00eb\u201d, sepse ne nuk turp\u00ebrohemi q\u00eb me 6 prill t\u00eb ngjitemi Bratil\u00ebs e De\u00e7iqit, ne nuk e kemi p\u00ebr zor t\u00eb themi se jemi t\u00eb gjakut t\u00eb Ded Gjo Lulit, ne e kemi p\u00ebr krenari t\u00eb themi se jemi mal\u00ebsor\u00eb, ne jemi kok\u00eblart\u00eb sepse kemi nxitur me shekuj bashk\u00ebjetes\u00ebn.<br \/>\nNe s\u2019kemi nevoj\u00eb q\u00eb dikush t\u00eb na m\u00ebsoj se shqiptaret qenkan v\u00ebllez\u00ebr, qofshin ata katolik\u00eb apo mysliman\u00eb. Ne k\u00ebt\u00eb e kemi d\u00ebshmuar.<\/p>\n<p><strong>Qytetar\u00eb t\u00eb nderuar,<\/strong><br \/>\nPra, para jush gjinden dy opsione p\u00ebr t\u00eb zgjedhur:<br \/>\nNj\u00ebri q\u00eb \u00e7on drejt ruajtjes s\u00eb trash\u00ebgimis\u00eb son\u00eb, drejt ruajtjes s\u00eb identitetit ton\u00eb, drejt krijimit t\u00eb kushteve p\u00ebr progres e zhvillim, por edhe p\u00ebr integrime me identitet t\u00eb plot\u00eb, e tjetri \u00e7on drejt nj\u00eb Mal\u00ebsie t\u00eb p\u00ebrkulur, t\u00eb kontrolluar, drejt nj\u00eb Mal\u00ebsie-ekspozitur\u00eb t\u00eb Qeveris\u00eb s\u00eb Malit t\u00eb Zi.<\/p>\n<p>E Mal\u00ebsia nuk \u00ebsht\u00eb as nuk mund t\u00eb jet\u00eb ekspozitur\u00eb e askujt. Ajo \u00ebsht\u00eb nj\u00eb \u00e7erdhe krenare, banor\u00ebt e t\u00eb s\u00eb cil\u00ebs kan\u00eb dij\u00eb t\u2019i dalin zot vetes n\u00eb \u00e7do koh\u00eb. Besojm\u00eb se do t\u00eb din\u00eb t\u2019i dalin zot edhe me 23 maj, duke votuar ata q\u00eb Mal\u00ebsis\u00eb i sigurojn\u00eb q\u00ebndrim burr\u00ebror nd\u00ebr sofra ku flitet p\u00ebr t\u00eb, vizion e qart\u00ebsi nd\u00ebr takime ku vendoset p\u00ebr t\u00eb ardhmen e saj\u00eb, por edhe p\u00ebrfaq\u00ebsim dinjitoz e kryelart\u00eb n\u00eb parlamente, ku ruhet krenaria jon\u00eb!<br \/>\nN\u00eb flet\u00ebn zgjedhore p\u00ebr Tuzin, \u201cKoalicioni p\u00ebr Mal\u00ebsin\u00eb \u00ebsht\u00eb me numrin 3, num\u00ebr ky i nj\u00ebjt\u00eb me at\u00eb t\u00eb 2006-\u00ebs. Sikur edhe vet Zoti ka dasht\u00eb q\u00eb ta d\u00ebshmoj\u00eb se, at\u00eb q\u00eb e pat\u00ebm filluar, duhet ta vazhdojm\u00eb.<\/p>\n<p>N\u00eb flet\u00ebn e Podgoric\u00ebs, kemi numrin 1, num\u00ebr q\u00eb Mal\u00ebsis\u00eb i jep vendin q\u00eb i takon, n\u00eb logun e kuvendit! Vend q\u00eb ne premtojm\u00eb se do ta mbrojm\u00eb me dinjitet.<\/p>\n<p><strong>N\u00eb Tuz, m\u00eb 14. 05. 2010<br \/>\nNikoll\u00eb Camaj<br \/>\n\n\t\t<style type=\"text\/css\">\n\t\t\t#gallery-1 {\n\t\t\t\tmargin: auto;\n\t\t\t}\n\t\t\t#gallery-1 .gallery-item {\n\t\t\t\tfloat: left;\n\t\t\t\tmargin-top: 10px;\n\t\t\t\ttext-align: center;\n\t\t\t\twidth: 33%;\n\t\t\t}\n\t\t\t#gallery-1 img {\n\t\t\t\tborder: 2px solid #cfcfcf;\n\t\t\t}\n\t\t\t#gallery-1 .gallery-caption {\n\t\t\t\tmargin-left: 0;\n\t\t\t}\n\t\t\t\/* see gallery_shortcode() in wp-includes\/media.php *\/\n\t\t<\/style>\n\t\t<div id='gallery-1' class='gallery galleryid-33474 gallery-columns-3 gallery-size-thumbnail'><dl class='gallery-item'>\n\t\t\t<dt class='gallery-icon '>\n\t\t\t\t<a href='https:\/\/www.visit-ulcinj.com\/blog\/wp-content\/uploads\/2010\/05\/Lidhja-Demokratike-n\u00c3\u00ab-Mal-t\u00c3\u00ab-Zi.jpg'><img width=\"1\" height=\"1\" src=\"https:\/\/www.visit-ulcinj.com\/blog\/wp-content\/uploads\/2010\/05\/Lidhja-Demokratike-n\u00c3\u00ab-Mal-t\u00c3\u00ab-Zi.jpg\" class=\"attachment-thumbnail size-thumbnail\" alt=\"\" loading=\"lazy\" \/><\/a>\n\t\t\t<\/dt><\/dl><dl class='gallery-item'>\n\t\t\t<dt class='gallery-icon '>\n\t\t\t\t<a href='https:\/\/www.visit-ulcinj.com\/blog\/wp-content\/uploads\/2010\/05\/Lidhja-Demokratike-n\u00c3\u00ab-Mal-t\u00c3\u00ab-Zi.2.jpg'><img width=\"1\" height=\"1\" src=\"https:\/\/www.visit-ulcinj.com\/blog\/wp-content\/uploads\/2010\/05\/Lidhja-Demokratike-n\u00c3\u00ab-Mal-t\u00c3\u00ab-Zi.2.jpg\" class=\"attachment-thumbnail size-thumbnail\" alt=\"\" loading=\"lazy\" \/><\/a>\n\t\t\t<\/dt><\/dl><dl class='gallery-item'>\n\t\t\t<dt class='gallery-icon '>\n\t\t\t\t<a href='https:\/\/www.visit-ulcinj.com\/blog\/wp-content\/uploads\/2010\/05\/Lidhja-Demokratike-n\u00c3\u00ab-Mal-t\u00c3\u00ab-Zi.1.jpg'><img width=\"1\" height=\"1\" src=\"https:\/\/www.visit-ulcinj.com\/blog\/wp-content\/uploads\/2010\/05\/Lidhja-Demokratike-n\u00c3\u00ab-Mal-t\u00c3\u00ab-Zi.1.jpg\" class=\"attachment-thumbnail size-thumbnail\" alt=\"\" loading=\"lazy\" \/><\/a>\n\t\t\t<\/dt><\/dl><br style=\"clear: both\" \/><dl class='gallery-item'>\n\t\t\t<dt class='gallery-icon '>\n\t\t\t\t<a href='https:\/\/www.visit-ulcinj.com\/blog\/wp-content\/uploads\/2010\/05\/LDn\u00c3\u00abMZ-BDSH-vizion-i-ri-me-vlera-t\u00c3\u00ab-d\u00c3\u00abshmuara.1.jpg'><img width=\"1\" height=\"1\" src=\"https:\/\/www.visit-ulcinj.com\/blog\/wp-content\/uploads\/2010\/05\/LDn\u00c3\u00abMZ-BDSH-vizion-i-ri-me-vlera-t\u00c3\u00ab-d\u00c3\u00abshmuara.1.jpg\" class=\"attachment-thumbnail size-thumbnail\" alt=\"\" loading=\"lazy\" \/><\/a>\n\t\t\t<\/dt><\/dl><dl class='gallery-item'>\n\t\t\t<dt class='gallery-icon '>\n\t\t\t\t<a href='https:\/\/www.visit-ulcinj.com\/blog\/wp-content\/uploads\/2010\/05\/LDn\u00c3\u00abMZ-BDSH-vizion-i-ri-me-vlera-t\u00c3\u00ab-d\u00c3\u00abshmuara.2.jpg'><img width=\"1\" height=\"1\" src=\"https:\/\/www.visit-ulcinj.com\/blog\/wp-content\/uploads\/2010\/05\/LDn\u00c3\u00abMZ-BDSH-vizion-i-ri-me-vlera-t\u00c3\u00ab-d\u00c3\u00abshmuara.2.jpg\" class=\"attachment-thumbnail size-thumbnail\" alt=\"\" loading=\"lazy\" \/><\/a>\n\t\t\t<\/dt><\/dl><dl class='gallery-item'>\n\t\t\t<dt class='gallery-icon '>\n\t\t\t\t<a href='https:\/\/www.visit-ulcinj.com\/blog\/wp-content\/uploads\/2010\/05\/LDn\u00c3\u00abMZ-BDSH-vizion-i-ri-me-vlera-t\u00c3\u00ab-d\u00c3\u00abshmuara.jpg'><img width=\"1\" height=\"1\" src=\"https:\/\/www.visit-ulcinj.com\/blog\/wp-content\/uploads\/2010\/05\/LDn\u00c3\u00abMZ-BDSH-vizion-i-ri-me-vlera-t\u00c3\u00ab-d\u00c3\u00abshmuara.jpg\" class=\"attachment-thumbnail size-thumbnail\" alt=\"\" loading=\"lazy\" \/><\/a>\n\t\t\t<\/dt><\/dl><br style=\"clear: both\" \/>\n\t\t<\/div>\n<br \/>\n<!--YouTube Error: bad URL entered--><\/strong><\/p>\n","protected":false},"excerpt":{"rendered":"<p>Prononcimi i Nikoll\u00eb Camaj, kryetar i Lidhjes Demokratike-Dega e Mal\u00ebsis\u00eb T\u00eb nderuar qytetar\u00eb e qytetare t\u00eb Mal\u00ebsis\u00eb, Si\u00e7 e dini, grupi politik i cili, p\u00ebr af\u00ebr 4 vite, mbante shumic\u00ebn n\u00eb Kuvendin e Komun\u00ebs urbane t\u00eb Tuzit, del i bashkuar edhe n\u00eb k\u00ebto zgjedhje lokale. Del i bashkuar se i bashkon nj\u00eb q\u00ebllim i vet\u00ebm; [&hellip;]<\/p>\n","protected":false},"author":1,"featured_media":0,"comment_status":"open","ping_status":"closed","sticky":false,"template":"","format":"standard","meta":{"spay_email":"","jetpack_publicize_message":"","jetpack_is_tweetstorm":false,"jetpack_publicize_feature_enabled":true},"categories":[14],"tags":[14385,4678,189,1645,14384],"jetpack_publicize_connections":[],"yoast_head":"<!-- This site is optimized with the Yoast SEO plugin v19.1 - https:\/\/yoast.com\/wordpress\/plugins\/seo\/ -->\n<title>Konferenca p\u00ebr shtyp e &quot;Koalicionit p\u00ebr Mal\u00ebsin\u00eb&quot; - Lajme nga Ulqini<\/title>\n<meta name=\"description\" content=\"Prononcimi i Nikoll\u00eb Camaj, kryetar i Lidhjes Demokratike-Dega e Mal\u00ebsis\u00eb T\u00eb nderuar qytetar\u00eb e qytetare t\u00eb Mal\u00ebsis\u00eb, Si\u00e7 e dini, grupi politik i cili,\" \/>\n<meta name=\"robots\" content=\"index, follow, max-snippet:-1, max-image-preview:large, max-video-preview:-1\" \/>\n<link rel=\"canonical\" href=\"https:\/\/www.visit-ulcinj.com\/blog\/2010\/05\/19\/konferenca-per-shtyp-e-koalicionit-per-malesine\/\" \/>\n<meta property=\"og:locale\" content=\"en_US\" \/>\n<meta property=\"og:type\" content=\"article\" \/>\n<meta property=\"og:title\" content=\"Konferenca p\u00ebr shtyp e &quot;Koalicionit p\u00ebr Mal\u00ebsin\u00eb&quot; - Lajme nga Ulqini\" \/>\n<meta property=\"og:description\" content=\"Prononcimi i Nikoll\u00eb Camaj, kryetar i Lidhjes Demokratike-Dega e Mal\u00ebsis\u00eb T\u00eb nderuar qytetar\u00eb e qytetare t\u00eb Mal\u00ebsis\u00eb, Si\u00e7 e dini, grupi politik i cili,\" \/>\n<meta property=\"og:url\" content=\"https:\/\/www.visit-ulcinj.com\/blog\/2010\/05\/19\/konferenca-per-shtyp-e-koalicionit-per-malesine\/\" \/>\n<meta property=\"og:site_name\" content=\"Lajme nga Ulqini\" \/>\n<meta property=\"article:published_time\" content=\"2010-05-19T17:29:29+00:00\" \/>\n<meta property=\"article:modified_time\" content=\"2010-05-23T12:13:56+00:00\" \/>\n<meta property=\"og:image\" content=\"https:\/\/www.visit-ulcinj.com\/blog\/wp-content\/uploads\/2010\/05\/Lidhja-Demokratike-n\u00c3\u00ab-Mal-t\u00c3\u00ab-Zi.jpg\" \/>\n<meta name=\"twitter:label1\" content=\"Written by\" \/>\n\t<meta name=\"twitter:data1\" content=\"ulqini\" \/>\n\t<meta name=\"twitter:label2\" content=\"Est. reading time\" \/>\n\t<meta name=\"twitter:data2\" content=\"6 minutes\" \/>\n<script type=\"application\/ld+json\" class=\"yoast-schema-graph\">{\"@context\":\"https:\/\/schema.org\",\"@graph\":[{\"@type\":\"WebSite\",\"@id\":\"https:\/\/www.visit-ulcinj.com\/blog\/#website\",\"url\":\"https:\/\/www.visit-ulcinj.com\/blog\/\",\"name\":\"Lajme nga Ulqini\",\"description\":\"Lajme,Vijesti,Ulqini,Ulqin,Crna Gora,Mali i Zi\",\"potentialAction\":[{\"@type\":\"SearchAction\",\"target\":{\"@type\":\"EntryPoint\",\"urlTemplate\":\"https:\/\/www.visit-ulcinj.com\/blog\/?s={search_term_string}\"},\"query-input\":\"required name=search_term_string\"}],\"inLanguage\":\"en-US\"},{\"@type\":\"WebPage\",\"@id\":\"https:\/\/www.visit-ulcinj.com\/blog\/2010\/05\/19\/konferenca-per-shtyp-e-koalicionit-per-malesine\/#webpage\",\"url\":\"https:\/\/www.visit-ulcinj.com\/blog\/2010\/05\/19\/konferenca-per-shtyp-e-koalicionit-per-malesine\/\",\"name\":\"Konferenca p\u00ebr shtyp e \\\"Koalicionit p\u00ebr Mal\u00ebsin\u00eb\\\" - Lajme nga Ulqini\",\"isPartOf\":{\"@id\":\"https:\/\/www.visit-ulcinj.com\/blog\/#website\"},\"datePublished\":\"2010-05-19T17:29:29+00:00\",\"dateModified\":\"2010-05-23T12:13:56+00:00\",\"author\":{\"@id\":\"https:\/\/www.visit-ulcinj.com\/blog\/#\/schema\/person\/dcab619c614d3038751c63bc2aadc06d\"},\"description\":\"Prononcimi i Nikoll\u00eb Camaj, kryetar i Lidhjes Demokratike-Dega e Mal\u00ebsis\u00eb T\u00eb nderuar qytetar\u00eb e qytetare t\u00eb Mal\u00ebsis\u00eb, Si\u00e7 e dini, grupi politik i cili,\",\"breadcrumb\":{\"@id\":\"https:\/\/www.visit-ulcinj.com\/blog\/2010\/05\/19\/konferenca-per-shtyp-e-koalicionit-per-malesine\/#breadcrumb\"},\"inLanguage\":\"en-US\",\"potentialAction\":[{\"@type\":\"ReadAction\",\"target\":[\"https:\/\/www.visit-ulcinj.com\/blog\/2010\/05\/19\/konferenca-per-shtyp-e-koalicionit-per-malesine\/\"]}]},{\"@type\":\"BreadcrumbList\",\"@id\":\"https:\/\/www.visit-ulcinj.com\/blog\/2010\/05\/19\/konferenca-per-shtyp-e-koalicionit-per-malesine\/#breadcrumb\",\"itemListElement\":[{\"@type\":\"ListItem\",\"position\":1,\"name\":\"Konferenca p\u00ebr shtyp e &#8220;Koalicionit p\u00ebr Mal\u00ebsin\u00eb&#8221;\"}]},{\"@type\":\"Person\",\"@id\":\"https:\/\/www.visit-ulcinj.com\/blog\/#\/schema\/person\/dcab619c614d3038751c63bc2aadc06d\",\"name\":\"ulqini\",\"sameAs\":[\"http:\/\/www.visit-ulcinj.com\"],\"url\":\"https:\/\/www.visit-ulcinj.com\/blog\/author\/admin\/\"}]}<\/script>\n<!-- \/ Yoast SEO plugin. -->","yoast_head_json":{"title":"Konferenca p\u00ebr shtyp e \"Koalicionit p\u00ebr Mal\u00ebsin\u00eb\" - Lajme nga Ulqini","description":"Prononcimi i Nikoll\u00eb Camaj, kryetar i Lidhjes Demokratike-Dega e Mal\u00ebsis\u00eb T\u00eb nderuar qytetar\u00eb e qytetare t\u00eb Mal\u00ebsis\u00eb, Si\u00e7 e dini, grupi politik i cili,","robots":{"index":"index","follow":"follow","max-snippet":"max-snippet:-1","max-image-preview":"max-image-preview:large","max-video-preview":"max-video-preview:-1"},"canonical":"https:\/\/www.visit-ulcinj.com\/blog\/2010\/05\/19\/konferenca-per-shtyp-e-koalicionit-per-malesine\/","og_locale":"en_US","og_type":"article","og_title":"Konferenca p\u00ebr shtyp e \"Koalicionit p\u00ebr Mal\u00ebsin\u00eb\" - Lajme nga Ulqini","og_description":"Prononcimi i Nikoll\u00eb Camaj, kryetar i Lidhjes Demokratike-Dega e Mal\u00ebsis\u00eb T\u00eb nderuar qytetar\u00eb e qytetare t\u00eb Mal\u00ebsis\u00eb, Si\u00e7 e dini, grupi politik i cili,","og_url":"https:\/\/www.visit-ulcinj.com\/blog\/2010\/05\/19\/konferenca-per-shtyp-e-koalicionit-per-malesine\/","og_site_name":"Lajme nga Ulqini","article_published_time":"2010-05-19T17:29:29+00:00","article_modified_time":"2010-05-23T12:13:56+00:00","og_image":[{"url":"https:\/\/www.visit-ulcinj.com\/blog\/wp-content\/uploads\/2010\/05\/Lidhja-Demokratike-n\u00c3\u00ab-Mal-t\u00c3\u00ab-Zi.jpg"}],"twitter_misc":{"Written by":"ulqini","Est. reading time":"6 minutes"},"schema":{"@context":"https:\/\/schema.org","@graph":[{"@type":"WebSite","@id":"https:\/\/www.visit-ulcinj.com\/blog\/#website","url":"https:\/\/www.visit-ulcinj.com\/blog\/","name":"Lajme nga Ulqini","description":"Lajme,Vijesti,Ulqini,Ulqin,Crna Gora,Mali i Zi","potentialAction":[{"@type":"SearchAction","target":{"@type":"EntryPoint","urlTemplate":"https:\/\/www.visit-ulcinj.com\/blog\/?s={search_term_string}"},"query-input":"required name=search_term_string"}],"inLanguage":"en-US"},{"@type":"WebPage","@id":"https:\/\/www.visit-ulcinj.com\/blog\/2010\/05\/19\/konferenca-per-shtyp-e-koalicionit-per-malesine\/#webpage","url":"https:\/\/www.visit-ulcinj.com\/blog\/2010\/05\/19\/konferenca-per-shtyp-e-koalicionit-per-malesine\/","name":"Konferenca p\u00ebr shtyp e \"Koalicionit p\u00ebr Mal\u00ebsin\u00eb\" - Lajme nga Ulqini","isPartOf":{"@id":"https:\/\/www.visit-ulcinj.com\/blog\/#website"},"datePublished":"2010-05-19T17:29:29+00:00","dateModified":"2010-05-23T12:13:56+00:00","author":{"@id":"https:\/\/www.visit-ulcinj.com\/blog\/#\/schema\/person\/dcab619c614d3038751c63bc2aadc06d"},"description":"Prononcimi i Nikoll\u00eb Camaj, kryetar i Lidhjes Demokratike-Dega e Mal\u00ebsis\u00eb T\u00eb nderuar qytetar\u00eb e qytetare t\u00eb Mal\u00ebsis\u00eb, Si\u00e7 e dini, grupi politik i cili,","breadcrumb":{"@id":"https:\/\/www.visit-ulcinj.com\/blog\/2010\/05\/19\/konferenca-per-shtyp-e-koalicionit-per-malesine\/#breadcrumb"},"inLanguage":"en-US","potentialAction":[{"@type":"ReadAction","target":["https:\/\/www.visit-ulcinj.com\/blog\/2010\/05\/19\/konferenca-per-shtyp-e-koalicionit-per-malesine\/"]}]},{"@type":"BreadcrumbList","@id":"https:\/\/www.visit-ulcinj.com\/blog\/2010\/05\/19\/konferenca-per-shtyp-e-koalicionit-per-malesine\/#breadcrumb","itemListElement":[{"@type":"ListItem","position":1,"name":"Konferenca p\u00ebr shtyp e &#8220;Koalicionit p\u00ebr Mal\u00ebsin\u00eb&#8221;"}]},{"@type":"Person","@id":"https:\/\/www.visit-ulcinj.com\/blog\/#\/schema\/person\/dcab619c614d3038751c63bc2aadc06d","name":"ulqini","sameAs":["http:\/\/www.visit-ulcinj.com"],"url":"https:\/\/www.visit-ulcinj.com\/blog\/author\/admin\/"}]}},"jetpack_featured_media_url":"","jetpack_sharing_enabled":true,"jetpack_shortlink":"https:\/\/wp.me\/pe6lTn-8HU","_links":{"self":[{"href":"https:\/\/www.visit-ulcinj.com\/blog\/wp-json\/wp\/v2\/posts\/33474"}],"collection":[{"href":"https:\/\/www.visit-ulcinj.com\/blog\/wp-json\/wp\/v2\/posts"}],"about":[{"href":"https:\/\/www.visit-ulcinj.com\/blog\/wp-json\/wp\/v2\/types\/post"}],"author":[{"embeddable":true,"href":"https:\/\/www.visit-ulcinj.com\/blog\/wp-json\/wp\/v2\/users\/1"}],"replies":[{"embeddable":true,"href":"https:\/\/www.visit-ulcinj.com\/blog\/wp-json\/wp\/v2\/comments?post=33474"}],"version-history":[{"count":0,"href":"https:\/\/www.visit-ulcinj.com\/blog\/wp-json\/wp\/v2\/posts\/33474\/revisions"}],"wp:attachment":[{"href":"https:\/\/www.visit-ulcinj.com\/blog\/wp-json\/wp\/v2\/media?parent=33474"}],"wp:term":[{"taxonomy":"category","embeddable":true,"href":"https:\/\/www.visit-ulcinj.com\/blog\/wp-json\/wp\/v2\/categories?post=33474"},{"taxonomy":"post_tag","embeddable":true,"href":"https:\/\/www.visit-ulcinj.com\/blog\/wp-json\/wp\/v2\/tags?post=33474"}],"curies":[{"name":"wp","href":"https:\/\/api.w.org\/{rel}","templated":true}]}}