{"id":33497,"date":"2010-05-20T19:29:39","date_gmt":"2010-05-20T17:29:39","guid":{"rendered":"http:\/\/www.visit-ulcinj.com\/blog\/?p=33497"},"modified":"2010-05-20T19:32:03","modified_gmt":"2010-05-20T17:32:03","slug":"gzim-hajdinaga-uradili-vise-od-svih-vlasti","status":"publish","type":"post","link":"https:\/\/www.visit-ulcinj.com\/blog\/2010\/05\/20\/gzim-hajdinaga-uradili-vise-od-svih-vlasti\/","title":{"rendered":"Gzim Hajdinaga: Uradili vi\u0161e od svih vlasti"},"content":{"rendered":"<p><a href=\"http:\/\/www.visit-ulcinj.com\/blog\/wp-content\/uploads\/2010\/05\/Koalicioni-P__r-Ulqinin-evropian-UDSH-PDS-_-Koalicija-za-Evropski-Ulcinj-DUA-DPS__201.jpg\"><img loading=\"lazy\" class=\"alignleft size-full wp-image-33498\" title=\"Koalicioni P__r Ulqinin evropian UDSH - PDS _ Koalicija za Evropski Ulcinj DUA - DPS__20\" src=\"http:\/\/www.visit-ulcinj.com\/blog\/wp-content\/uploads\/2010\/05\/Koalicioni-P__r-Ulqinin-evropian-UDSH-PDS-_-Koalicija-za-Evropski-Ulcinj-DUA-DPS__201.jpg\" alt=\"Koalicioni P__r Ulqinin evropian UDSH - PDS _ Koalicija za Evropski Ulcinj DUA - DPS__20\" width=\"490\" height=\"380\" \/><\/a>Minule tri i po godine, od kada vlast u Ulcinju vr\u0161i koalicija &#8220;Za Evropski Ulcinj&#8221;, najju\u017eniju op\u0161tinu karakteri\u0161u velika pobolj\u0161anja u svim sferama dru\u0161tvenog \u017eivota. Za razliku od prethodne vlasti, koja je prouzokovala politi?ku krizu kada se lokalna skup\u0161tina nije sastajala skoro tri godine, sada\u0161nja koalicija je funkcionisala na bazi partnerskog odnosa, konstuktivosti i velikog koncenzusa prilikom dono\u0161enja svih bitni odluka za ukupnu dobrobit gra?ana Ulcinja, ka\u017ee nosilac liste &#8220;Za evropski Ulcinj&#8221; Gzim Hajdinaga. Aktuelni predsjednik op\u0161tine najavljuje da ?e u narednom ?etvorogodi\u0161njem mandatu lokalna vlast nastaviti aktivnosti na realizaciji planiranih projekata.<br \/>\n&#8211; Gradi?e se most na Port Mileni, ?ija je vrijednosti 18 miliona eura, bi?e jedinstven na ?itavoj teritoriji biv\u0161e Jugoslavije i ?ijom ?e se izgradnjom definitivno rije\u0161iti problemi ?ekanja na putu prema Velikoj pla\u017ei. Novi most stvori?e preduslove za turisti?ku valorizaciju Velike pla\u017ee i Ade Bojane. Tako?e, nastavljamo sa aktivnostima na izgradnji regionalne deponije sa Barom, postrojenja za pre?i\u0161?avanje otpadnih voda, projekta izgradnje vjetro generatora na Mo\u017euri, nove marine u Ulcinju, pro\u0161irenje puta od grani?nog prelaza sa Albanijom do Ulcinja, povezivanje rijeke Bojane sa Port Milenom i \u0160askim jezerom, izgradnju sportske hale, elektrifikaciju \u0160tojskog i puta za Valdanos i produ\u017eetak Bulevara Skenderbega do Bulevara Teuta. Od projekata zna?ajnih za razvoj \u0161kolstva i zdravstva, u Ulcinju planira se izgradnja nove srednje \u0161kole i operacione sale u ulcinjskom porodili\u0161tu &#8211; navodi Hajdinaga.<br \/>\nPrema njegovim rije?ima, protekli mandat lokalne vlasti obilje\u017eila su velika ulaganja u gradsku i seosku infranstrukturu.<br \/>\n&#8211; Za tri i po godine asfaltirano je ne\u0161to vi\u0161e od 24 kilometara puteva, kao i 27 kilometara nove javne rasvjete. Posebno smo ponosni na novi put za \u0160asko jezero, koji je sada \u0161irok osam metara i vodi prema jednoj zoni gdje se o?ekuje izgradnja novih turisti?kih sadr\u017eaja. U toku su tri studije lokacije, od kojih jedna predvi?a izgradnju profesionalnog golf terena sa 18 rupa i hotelske kapacitete visoke kategorije za ovo podru?je &#8211; isti?e Hajdinaga.<br \/>\nDodaje da je period vladavine koalicije obilje\u017eila obnova vrijednosti kulturnog naslje?a, glavne gradske ulice i strarih ?esama.<\/p>\n<p><strong>M.K.<br \/>\n<a href=\"http:\/\/www.dan.co.me\/?nivo=3&amp;rubrika=Politika&amp;clanak=231885&amp;datum=2010-05-20\" target=\"_blank\">DAN<br \/>\n\n\t\t<style type=\"text\/css\">\n\t\t\t#gallery-1 {\n\t\t\t\tmargin: auto;\n\t\t\t}\n\t\t\t#gallery-1 .gallery-item {\n\t\t\t\tfloat: left;\n\t\t\t\tmargin-top: 10px;\n\t\t\t\ttext-align: center;\n\t\t\t\twidth: 33%;\n\t\t\t}\n\t\t\t#gallery-1 img {\n\t\t\t\tborder: 2px solid #cfcfcf;\n\t\t\t}\n\t\t\t#gallery-1 .gallery-caption {\n\t\t\t\tmargin-left: 0;\n\t\t\t}\n\t\t\t\/* see gallery_shortcode() in wp-includes\/media.php *\/\n\t\t<\/style>\n\t\t<div id='gallery-1' class='gallery galleryid-33497 gallery-columns-3 gallery-size-thumbnail'><dl class='gallery-item'>\n\t\t\t<dt class='gallery-icon landscape'>\n\t\t\t\t<a href='https:\/\/www.visit-ulcinj.com\/blog\/wp-content\/uploads\/2010\/05\/Koalicioni-P__r-Ulqinin-evropian-UDSH-PDS-_-Koalicija-za-Evropski-Ulcinj-DUA-DPS__201.jpg'><img width=\"150\" height=\"150\" src=\"https:\/\/www.visit-ulcinj.com\/blog\/wp-content\/uploads\/2010\/05\/Koalicioni-P__r-Ulqinin-evropian-UDSH-PDS-_-Koalicija-za-Evropski-Ulcinj-DUA-DPS__201-150x150.jpg\" class=\"attachment-thumbnail size-thumbnail\" alt=\"\" loading=\"lazy\" \/><\/a>\n\t\t\t<\/dt><\/dl><dl class='gallery-item'>\n\t\t\t<dt class='gallery-icon landscape'>\n\t\t\t\t<a href='https:\/\/www.visit-ulcinj.com\/blog\/wp-content\/uploads\/2010\/05\/Koalicioni-P__r-Ulqinin-evropian-UDSH-PDS-_-Koalicija-za-Evropski-Ulcinj-DUA-DPS_2.jpg'><img width=\"150\" height=\"150\" src=\"https:\/\/www.visit-ulcinj.com\/blog\/wp-content\/uploads\/2010\/05\/Koalicioni-P__r-Ulqinin-evropian-UDSH-PDS-_-Koalicija-za-Evropski-Ulcinj-DUA-DPS_2-150x150.jpg\" class=\"attachment-thumbnail size-thumbnail\" alt=\"\" loading=\"lazy\" \/><\/a>\n\t\t\t<\/dt><\/dl><dl class='gallery-item'>\n\t\t\t<dt class='gallery-icon landscape'>\n\t\t\t\t<a href='https:\/\/www.visit-ulcinj.com\/blog\/wp-content\/uploads\/2010\/05\/Koalicioni-P__r-Ulqinin-evropian-UDSH-PDS-_-Koalicija-za-Evropski-Ulcinj-DUA-DPS_3.jpg'><img width=\"150\" height=\"150\" src=\"https:\/\/www.visit-ulcinj.com\/blog\/wp-content\/uploads\/2010\/05\/Koalicioni-P__r-Ulqinin-evropian-UDSH-PDS-_-Koalicija-za-Evropski-Ulcinj-DUA-DPS_3-150x150.jpg\" class=\"attachment-thumbnail size-thumbnail\" alt=\"\" loading=\"lazy\" \/><\/a>\n\t\t\t<\/dt><\/dl><br style=\"clear: both\" \/><dl class='gallery-item'>\n\t\t\t<dt class='gallery-icon landscape'>\n\t\t\t\t<a href='https:\/\/www.visit-ulcinj.com\/blog\/wp-content\/uploads\/2010\/05\/Koalicioni-P__r-Ulqinin-evropian-UDSH-PDS-_-Koalicija-za-Evropski-Ulcinj-DUA-DPS_131.jpg'><img width=\"150\" height=\"150\" src=\"https:\/\/www.visit-ulcinj.com\/blog\/wp-content\/uploads\/2010\/05\/Koalicioni-P__r-Ulqinin-evropian-UDSH-PDS-_-Koalicija-za-Evropski-Ulcinj-DUA-DPS_131-150x150.jpg\" class=\"attachment-thumbnail size-thumbnail\" alt=\"\" loading=\"lazy\" \/><\/a>\n\t\t\t<\/dt><\/dl><dl class='gallery-item'>\n\t\t\t<dt class='gallery-icon landscape'>\n\t\t\t\t<a href='https:\/\/www.visit-ulcinj.com\/blog\/wp-content\/uploads\/2010\/05\/Koalicioni-P__r-Ulqinin-evropian-UDSH-PDS-_-Koalicija-za-Evropski-Ulcinj-DUA-DPS_23.jpg'><img width=\"150\" height=\"150\" src=\"https:\/\/www.visit-ulcinj.com\/blog\/wp-content\/uploads\/2010\/05\/Koalicioni-P__r-Ulqinin-evropian-UDSH-PDS-_-Koalicija-za-Evropski-Ulcinj-DUA-DPS_23-150x150.jpg\" class=\"attachment-thumbnail size-thumbnail\" alt=\"\" loading=\"lazy\" \/><\/a>\n\t\t\t<\/dt><\/dl><dl class='gallery-item'>\n\t\t\t<dt class='gallery-icon landscape'>\n\t\t\t\t<a href='https:\/\/www.visit-ulcinj.com\/blog\/wp-content\/uploads\/2010\/05\/Koalicioni-P__r-Ulqinin-evropian-UDSH-PDS-_-Koalicija-za-Evropski-Ulcinj-DUA-DPS_29.jpg'><img width=\"150\" height=\"150\" src=\"https:\/\/www.visit-ulcinj.com\/blog\/wp-content\/uploads\/2010\/05\/Koalicioni-P__r-Ulqinin-evropian-UDSH-PDS-_-Koalicija-za-Evropski-Ulcinj-DUA-DPS_29-150x150.jpg\" class=\"attachment-thumbnail size-thumbnail\" alt=\"\" loading=\"lazy\" \/><\/a>\n\t\t\t<\/dt><\/dl><br style=\"clear: both\" \/>\n\t\t<\/div>\n<br \/>\n<!--YouTube Error: bad URL entered--><\/a><\/strong><\/p>\n","protected":false},"excerpt":{"rendered":"<p>Minule tri i po godine, od kada vlast u Ulcinju vr\u0161i koalicija &#8220;Za Evropski Ulcinj&#8221;, najju\u017eniju op\u0161tinu karakteri\u0161u velika pobolj\u0161anja u svim sferama dru\u0161tvenog \u017eivota. Za razliku od prethodne vlasti, koja je prouzokovala politi?ku krizu kada se lokalna skup\u0161tina nije sastajala skoro tri godine, sada\u0161nja koalicija je funkcionisala na bazi partnerskog odnosa, konstuktivosti i velikog [&hellip;]<\/p>\n","protected":false},"author":1,"featured_media":0,"comment_status":"open","ping_status":"closed","sticky":false,"template":"","format":"standard","meta":{"spay_email":"","jetpack_publicize_message":"","jetpack_is_tweetstorm":false,"jetpack_publicize_feature_enabled":true},"categories":[8337],"tags":[140,14389],"jetpack_publicize_connections":[],"yoast_head":"<!-- This site is optimized with the Yoast SEO plugin v19.1 - https:\/\/yoast.com\/wordpress\/plugins\/seo\/ -->\n<title>Gzim Hajdinaga: Uradili vi\u0161e od svih vlasti - Lajme nga Ulqini<\/title>\n<meta name=\"description\" content=\"Minule tri i po godine, od kada vlast u Ulcinju vr\u0161i koalicija &quot;Za Evropski Ulcinj&quot;, najju\u017eniju op\u0161tinu karakteri\u0161u velika pobolj\u0161anja u svim sferama\" \/>\n<meta name=\"robots\" content=\"index, follow, max-snippet:-1, max-image-preview:large, max-video-preview:-1\" \/>\n<link rel=\"canonical\" href=\"https:\/\/www.visit-ulcinj.com\/blog\/2010\/05\/20\/gzim-hajdinaga-uradili-vise-od-svih-vlasti\/\" \/>\n<meta property=\"og:locale\" content=\"en_US\" \/>\n<meta property=\"og:type\" content=\"article\" \/>\n<meta property=\"og:title\" content=\"Gzim Hajdinaga: Uradili vi\u0161e od svih vlasti - Lajme nga Ulqini\" \/>\n<meta property=\"og:description\" content=\"Minule tri i po godine, od kada vlast u Ulcinju vr\u0161i koalicija &quot;Za Evropski Ulcinj&quot;, najju\u017eniju op\u0161tinu karakteri\u0161u velika pobolj\u0161anja u svim sferama\" \/>\n<meta property=\"og:url\" content=\"https:\/\/www.visit-ulcinj.com\/blog\/2010\/05\/20\/gzim-hajdinaga-uradili-vise-od-svih-vlasti\/\" \/>\n<meta property=\"og:site_name\" content=\"Lajme nga Ulqini\" \/>\n<meta property=\"article:published_time\" content=\"2010-05-20T17:29:39+00:00\" \/>\n<meta property=\"article:modified_time\" content=\"2010-05-20T17:32:03+00:00\" \/>\n<meta property=\"og:image\" content=\"https:\/\/www.visit-ulcinj.com\/blog\/wp-content\/uploads\/2010\/05\/Koalicioni-P__r-Ulqinin-evropian-UDSH-PDS-_-Koalicija-za-Evropski-Ulcinj-DUA-DPS__201-150x150.jpg\" \/>\n<meta name=\"twitter:label1\" content=\"Written by\" \/>\n\t<meta name=\"twitter:data1\" content=\"ulqini\" \/>\n\t<meta name=\"twitter:label2\" content=\"Est. reading time\" \/>\n\t<meta name=\"twitter:data2\" content=\"2 minutes\" \/>\n<script type=\"application\/ld+json\" class=\"yoast-schema-graph\">{\"@context\":\"https:\/\/schema.org\",\"@graph\":[{\"@type\":\"WebSite\",\"@id\":\"https:\/\/www.visit-ulcinj.com\/blog\/#website\",\"url\":\"https:\/\/www.visit-ulcinj.com\/blog\/\",\"name\":\"Lajme nga Ulqini\",\"description\":\"Lajme,Vijesti,Ulqini,Ulqin,Crna Gora,Mali i Zi\",\"potentialAction\":[{\"@type\":\"SearchAction\",\"target\":{\"@type\":\"EntryPoint\",\"urlTemplate\":\"https:\/\/www.visit-ulcinj.com\/blog\/?s={search_term_string}\"},\"query-input\":\"required name=search_term_string\"}],\"inLanguage\":\"en-US\"},{\"@type\":\"ImageObject\",\"inLanguage\":\"en-US\",\"@id\":\"https:\/\/www.visit-ulcinj.com\/blog\/2010\/05\/20\/gzim-hajdinaga-uradili-vise-od-svih-vlasti\/#primaryimage\",\"url\":\"https:\/\/www.visit-ulcinj.com\/blog\/wp-content\/uploads\/2010\/05\/Koalicioni-P__r-Ulqinin-evropian-UDSH-PDS-_-Koalicija-za-Evropski-Ulcinj-DUA-DPS__201.jpg\",\"contentUrl\":\"https:\/\/www.visit-ulcinj.com\/blog\/wp-content\/uploads\/2010\/05\/Koalicioni-P__r-Ulqinin-evropian-UDSH-PDS-_-Koalicija-za-Evropski-Ulcinj-DUA-DPS__201.jpg\",\"width\":\"720\",\"height\":\"540\"},{\"@type\":\"WebPage\",\"@id\":\"https:\/\/www.visit-ulcinj.com\/blog\/2010\/05\/20\/gzim-hajdinaga-uradili-vise-od-svih-vlasti\/#webpage\",\"url\":\"https:\/\/www.visit-ulcinj.com\/blog\/2010\/05\/20\/gzim-hajdinaga-uradili-vise-od-svih-vlasti\/\",\"name\":\"Gzim Hajdinaga: Uradili vi\u0161e od svih vlasti - Lajme nga Ulqini\",\"isPartOf\":{\"@id\":\"https:\/\/www.visit-ulcinj.com\/blog\/#website\"},\"primaryImageOfPage\":{\"@id\":\"https:\/\/www.visit-ulcinj.com\/blog\/2010\/05\/20\/gzim-hajdinaga-uradili-vise-od-svih-vlasti\/#primaryimage\"},\"datePublished\":\"2010-05-20T17:29:39+00:00\",\"dateModified\":\"2010-05-20T17:32:03+00:00\",\"author\":{\"@id\":\"https:\/\/www.visit-ulcinj.com\/blog\/#\/schema\/person\/dcab619c614d3038751c63bc2aadc06d\"},\"description\":\"Minule tri i po godine, od kada vlast u Ulcinju vr\u0161i koalicija \\\"Za Evropski Ulcinj\\\", najju\u017eniju op\u0161tinu karakteri\u0161u velika pobolj\u0161anja u svim sferama\",\"breadcrumb\":{\"@id\":\"https:\/\/www.visit-ulcinj.com\/blog\/2010\/05\/20\/gzim-hajdinaga-uradili-vise-od-svih-vlasti\/#breadcrumb\"},\"inLanguage\":\"en-US\",\"potentialAction\":[{\"@type\":\"ReadAction\",\"target\":[\"https:\/\/www.visit-ulcinj.com\/blog\/2010\/05\/20\/gzim-hajdinaga-uradili-vise-od-svih-vlasti\/\"]}]},{\"@type\":\"BreadcrumbList\",\"@id\":\"https:\/\/www.visit-ulcinj.com\/blog\/2010\/05\/20\/gzim-hajdinaga-uradili-vise-od-svih-vlasti\/#breadcrumb\",\"itemListElement\":[{\"@type\":\"ListItem\",\"position\":1,\"name\":\"Gzim Hajdinaga: Uradili vi\u0161e od svih vlasti\"}]},{\"@type\":\"Person\",\"@id\":\"https:\/\/www.visit-ulcinj.com\/blog\/#\/schema\/person\/dcab619c614d3038751c63bc2aadc06d\",\"name\":\"ulqini\",\"sameAs\":[\"http:\/\/www.visit-ulcinj.com\"],\"url\":\"https:\/\/www.visit-ulcinj.com\/blog\/author\/admin\/\"}]}<\/script>\n<!-- \/ Yoast SEO plugin. -->","yoast_head_json":{"title":"Gzim Hajdinaga: Uradili vi\u0161e od svih vlasti - Lajme nga Ulqini","description":"Minule tri i po godine, od kada vlast u Ulcinju vr\u0161i koalicija \"Za Evropski Ulcinj\", najju\u017eniju op\u0161tinu karakteri\u0161u velika pobolj\u0161anja u svim sferama","robots":{"index":"index","follow":"follow","max-snippet":"max-snippet:-1","max-image-preview":"max-image-preview:large","max-video-preview":"max-video-preview:-1"},"canonical":"https:\/\/www.visit-ulcinj.com\/blog\/2010\/05\/20\/gzim-hajdinaga-uradili-vise-od-svih-vlasti\/","og_locale":"en_US","og_type":"article","og_title":"Gzim Hajdinaga: Uradili vi\u0161e od svih vlasti - Lajme nga Ulqini","og_description":"Minule tri i po godine, od kada vlast u Ulcinju vr\u0161i koalicija \"Za Evropski Ulcinj\", najju\u017eniju op\u0161tinu karakteri\u0161u velika pobolj\u0161anja u svim sferama","og_url":"https:\/\/www.visit-ulcinj.com\/blog\/2010\/05\/20\/gzim-hajdinaga-uradili-vise-od-svih-vlasti\/","og_site_name":"Lajme nga Ulqini","article_published_time":"2010-05-20T17:29:39+00:00","article_modified_time":"2010-05-20T17:32:03+00:00","og_image":[{"url":"https:\/\/www.visit-ulcinj.com\/blog\/wp-content\/uploads\/2010\/05\/Koalicioni-P__r-Ulqinin-evropian-UDSH-PDS-_-Koalicija-za-Evropski-Ulcinj-DUA-DPS__201-150x150.jpg"}],"twitter_misc":{"Written by":"ulqini","Est. reading time":"2 minutes"},"schema":{"@context":"https:\/\/schema.org","@graph":[{"@type":"WebSite","@id":"https:\/\/www.visit-ulcinj.com\/blog\/#website","url":"https:\/\/www.visit-ulcinj.com\/blog\/","name":"Lajme nga Ulqini","description":"Lajme,Vijesti,Ulqini,Ulqin,Crna Gora,Mali i Zi","potentialAction":[{"@type":"SearchAction","target":{"@type":"EntryPoint","urlTemplate":"https:\/\/www.visit-ulcinj.com\/blog\/?s={search_term_string}"},"query-input":"required name=search_term_string"}],"inLanguage":"en-US"},{"@type":"ImageObject","inLanguage":"en-US","@id":"https:\/\/www.visit-ulcinj.com\/blog\/2010\/05\/20\/gzim-hajdinaga-uradili-vise-od-svih-vlasti\/#primaryimage","url":"https:\/\/www.visit-ulcinj.com\/blog\/wp-content\/uploads\/2010\/05\/Koalicioni-P__r-Ulqinin-evropian-UDSH-PDS-_-Koalicija-za-Evropski-Ulcinj-DUA-DPS__201.jpg","contentUrl":"https:\/\/www.visit-ulcinj.com\/blog\/wp-content\/uploads\/2010\/05\/Koalicioni-P__r-Ulqinin-evropian-UDSH-PDS-_-Koalicija-za-Evropski-Ulcinj-DUA-DPS__201.jpg","width":"720","height":"540"},{"@type":"WebPage","@id":"https:\/\/www.visit-ulcinj.com\/blog\/2010\/05\/20\/gzim-hajdinaga-uradili-vise-od-svih-vlasti\/#webpage","url":"https:\/\/www.visit-ulcinj.com\/blog\/2010\/05\/20\/gzim-hajdinaga-uradili-vise-od-svih-vlasti\/","name":"Gzim Hajdinaga: Uradili vi\u0161e od svih vlasti - Lajme nga Ulqini","isPartOf":{"@id":"https:\/\/www.visit-ulcinj.com\/blog\/#website"},"primaryImageOfPage":{"@id":"https:\/\/www.visit-ulcinj.com\/blog\/2010\/05\/20\/gzim-hajdinaga-uradili-vise-od-svih-vlasti\/#primaryimage"},"datePublished":"2010-05-20T17:29:39+00:00","dateModified":"2010-05-20T17:32:03+00:00","author":{"@id":"https:\/\/www.visit-ulcinj.com\/blog\/#\/schema\/person\/dcab619c614d3038751c63bc2aadc06d"},"description":"Minule tri i po godine, od kada vlast u Ulcinju vr\u0161i koalicija \"Za Evropski Ulcinj\", najju\u017eniju op\u0161tinu karakteri\u0161u velika pobolj\u0161anja u svim sferama","breadcrumb":{"@id":"https:\/\/www.visit-ulcinj.com\/blog\/2010\/05\/20\/gzim-hajdinaga-uradili-vise-od-svih-vlasti\/#breadcrumb"},"inLanguage":"en-US","potentialAction":[{"@type":"ReadAction","target":["https:\/\/www.visit-ulcinj.com\/blog\/2010\/05\/20\/gzim-hajdinaga-uradili-vise-od-svih-vlasti\/"]}]},{"@type":"BreadcrumbList","@id":"https:\/\/www.visit-ulcinj.com\/blog\/2010\/05\/20\/gzim-hajdinaga-uradili-vise-od-svih-vlasti\/#breadcrumb","itemListElement":[{"@type":"ListItem","position":1,"name":"Gzim Hajdinaga: Uradili vi\u0161e od svih vlasti"}]},{"@type":"Person","@id":"https:\/\/www.visit-ulcinj.com\/blog\/#\/schema\/person\/dcab619c614d3038751c63bc2aadc06d","name":"ulqini","sameAs":["http:\/\/www.visit-ulcinj.com"],"url":"https:\/\/www.visit-ulcinj.com\/blog\/author\/admin\/"}]}},"jetpack_featured_media_url":"","jetpack_sharing_enabled":true,"jetpack_shortlink":"https:\/\/wp.me\/pe6lTn-8Ih","_links":{"self":[{"href":"https:\/\/www.visit-ulcinj.com\/blog\/wp-json\/wp\/v2\/posts\/33497"}],"collection":[{"href":"https:\/\/www.visit-ulcinj.com\/blog\/wp-json\/wp\/v2\/posts"}],"about":[{"href":"https:\/\/www.visit-ulcinj.com\/blog\/wp-json\/wp\/v2\/types\/post"}],"author":[{"embeddable":true,"href":"https:\/\/www.visit-ulcinj.com\/blog\/wp-json\/wp\/v2\/users\/1"}],"replies":[{"embeddable":true,"href":"https:\/\/www.visit-ulcinj.com\/blog\/wp-json\/wp\/v2\/comments?post=33497"}],"version-history":[{"count":0,"href":"https:\/\/www.visit-ulcinj.com\/blog\/wp-json\/wp\/v2\/posts\/33497\/revisions"}],"wp:attachment":[{"href":"https:\/\/www.visit-ulcinj.com\/blog\/wp-json\/wp\/v2\/media?parent=33497"}],"wp:term":[{"taxonomy":"category","embeddable":true,"href":"https:\/\/www.visit-ulcinj.com\/blog\/wp-json\/wp\/v2\/categories?post=33497"},{"taxonomy":"post_tag","embeddable":true,"href":"https:\/\/www.visit-ulcinj.com\/blog\/wp-json\/wp\/v2\/tags?post=33497"}],"curies":[{"name":"wp","href":"https:\/\/api.w.org\/{rel}","templated":true}]}}