{"id":33507,"date":"2010-05-21T16:02:31","date_gmt":"2010-05-21T14:02:31","guid":{"rendered":"http:\/\/www.visit-ulcinj.com\/blog\/?p=33507"},"modified":"2010-05-24T00:44:26","modified_gmt":"2010-05-23T22:44:26","slug":"konventa-e-koalicionit-per-ulqinin-evropian","status":"publish","type":"post","link":"https:\/\/www.visit-ulcinj.com\/blog\/2010\/05\/21\/konventa-e-koalicionit-per-ulqinin-evropian\/","title":{"rendered":"Konventa e koalicionit &#8220;PER ULQININ EVROPIAN&#8221;"},"content":{"rendered":"<p><a href=\"http:\/\/www.visit-ulcinj.com\/blog\/wp-content\/uploads\/2010\/05\/Konventes-p__r-koalicioni-PER-ULQININ-EVROPIAN_4.JPG\"><img loading=\"lazy\" class=\"alignleft size-full wp-image-33512\" title=\"Konventes p__r koalicioni PER ULQININ EVROPIAN_4\" src=\"http:\/\/www.visit-ulcinj.com\/blog\/wp-content\/uploads\/2010\/05\/Konventes-p__r-koalicioni-PER-ULQININ-EVROPIAN_4.JPG\" alt=\"Konventes p__r koalicioni PER ULQININ EVROPIAN_4\" width=\"490\" height=\"380\" \/><\/a>Me 17 .05.2010 n\u00eb sall\u00ebn e komun\u00ebs s\u00eb Ulqinit\u00a0 u mbajt Konventa e koalicionit &#8220;PER ULQININ EVROPIAN &#8220;ku nder mes personaliteteve t\u00eb jet\u00ebs politike malazeze mor\u00ebn pjes antar\u00ebt e partis demokratike socialiste Svetozar Maroviq,Miodrag Vukoviq dhe Ljubo Shkreli nga PDS. ku nder mjet tjerash dol\u00ebn n\u00eb tribun t\u00eb kuvendit komunal dhe majten ligjirat per promovimin e\u00a0 Konventes p\u00ebr koalicioni&#8221; PER ULQININ EVROPIAN&#8221;.<br \/>\nMor\u00ebn pjes n\u00eb fjalim dhe Ferhat Dinosha,G\u00ebzim Hajdinaga,Meto Zenka,Fatmir Gjeka\u00a0 nga ana e Unionit demokratik t\u00eb shqiptar\u00ebve etj.<\/p>\n<p><strong>P\u00ebr ma teper ju ftoj ti shikoni fotografit e rastit:<\/strong><\/p>\n<p><strong>Lajme nga Ulqini<\/strong><br \/>\n<!--YouTube Error: bad URL entered--><br \/>\n\n\t\t<style type=\"text\/css\">\n\t\t\t#gallery-1 {\n\t\t\t\tmargin: auto;\n\t\t\t}\n\t\t\t#gallery-1 .gallery-item {\n\t\t\t\tfloat: left;\n\t\t\t\tmargin-top: 10px;\n\t\t\t\ttext-align: center;\n\t\t\t\twidth: 33%;\n\t\t\t}\n\t\t\t#gallery-1 img {\n\t\t\t\tborder: 2px solid #cfcfcf;\n\t\t\t}\n\t\t\t#gallery-1 .gallery-caption {\n\t\t\t\tmargin-left: 0;\n\t\t\t}\n\t\t\t\/* see gallery_shortcode() in wp-includes\/media.php *\/\n\t\t<\/style>\n\t\t<div id='gallery-1' class='gallery galleryid-33507 gallery-columns-3 gallery-size-thumbnail'><dl class='gallery-item'>\n\t\t\t<dt class='gallery-icon landscape'>\n\t\t\t\t<a href='https:\/\/www.visit-ulcinj.com\/blog\/wp-content\/uploads\/2010\/05\/Konventes-p__r-koalicioni-PER-ULQININ-EVROPIAN.JPG'><img width=\"150\" height=\"150\" src=\"https:\/\/www.visit-ulcinj.com\/blog\/wp-content\/uploads\/2010\/05\/Konventes-p__r-koalicioni-PER-ULQININ-EVROPIAN-150x150.jpg\" class=\"attachment-thumbnail size-thumbnail\" alt=\"\" loading=\"lazy\" \/><\/a>\n\t\t\t<\/dt><\/dl><dl class='gallery-item'>\n\t\t\t<dt class='gallery-icon landscape'>\n\t\t\t\t<a href='https:\/\/www.visit-ulcinj.com\/blog\/wp-content\/uploads\/2010\/05\/Konventes-p__r-koalicioni-PER-ULQININ-EVROPIAN_1.JPG'><img width=\"150\" height=\"150\" src=\"https:\/\/www.visit-ulcinj.com\/blog\/wp-content\/uploads\/2010\/05\/Konventes-p__r-koalicioni-PER-ULQININ-EVROPIAN_1-150x150.jpg\" class=\"attachment-thumbnail size-thumbnail\" alt=\"\" loading=\"lazy\" \/><\/a>\n\t\t\t<\/dt><\/dl><dl class='gallery-item'>\n\t\t\t<dt class='gallery-icon landscape'>\n\t\t\t\t<a href='https:\/\/www.visit-ulcinj.com\/blog\/wp-content\/uploads\/2010\/05\/Konventes-p__r-koalicioni-PER-ULQININ-EVROPIAN_2.JPG'><img width=\"150\" height=\"150\" src=\"https:\/\/www.visit-ulcinj.com\/blog\/wp-content\/uploads\/2010\/05\/Konventes-p__r-koalicioni-PER-ULQININ-EVROPIAN_2-150x150.jpg\" class=\"attachment-thumbnail size-thumbnail\" alt=\"\" loading=\"lazy\" \/><\/a>\n\t\t\t<\/dt><\/dl><br style=\"clear: both\" \/><dl class='gallery-item'>\n\t\t\t<dt class='gallery-icon landscape'>\n\t\t\t\t<a href='https:\/\/www.visit-ulcinj.com\/blog\/wp-content\/uploads\/2010\/05\/Konventes-p__r-koalicioni-PER-ULQININ-EVROPIAN_3.JPG'><img width=\"150\" height=\"150\" src=\"https:\/\/www.visit-ulcinj.com\/blog\/wp-content\/uploads\/2010\/05\/Konventes-p__r-koalicioni-PER-ULQININ-EVROPIAN_3-150x150.jpg\" class=\"attachment-thumbnail size-thumbnail\" alt=\"\" loading=\"lazy\" \/><\/a>\n\t\t\t<\/dt><\/dl><dl class='gallery-item'>\n\t\t\t<dt class='gallery-icon landscape'>\n\t\t\t\t<a href='https:\/\/www.visit-ulcinj.com\/blog\/wp-content\/uploads\/2010\/05\/Konventes-p__r-koalicioni-PER-ULQININ-EVROPIAN_4.JPG'><img width=\"150\" height=\"150\" src=\"https:\/\/www.visit-ulcinj.com\/blog\/wp-content\/uploads\/2010\/05\/Konventes-p__r-koalicioni-PER-ULQININ-EVROPIAN_4-150x150.jpg\" class=\"attachment-thumbnail size-thumbnail\" alt=\"\" loading=\"lazy\" \/><\/a>\n\t\t\t<\/dt><\/dl><dl class='gallery-item'>\n\t\t\t<dt class='gallery-icon landscape'>\n\t\t\t\t<a href='https:\/\/www.visit-ulcinj.com\/blog\/wp-content\/uploads\/2010\/05\/Konventes-p__r-koalicioni-PER-ULQININ-EVROPIAN_5.JPG'><img width=\"150\" height=\"150\" src=\"https:\/\/www.visit-ulcinj.com\/blog\/wp-content\/uploads\/2010\/05\/Konventes-p__r-koalicioni-PER-ULQININ-EVROPIAN_5-150x150.jpg\" class=\"attachment-thumbnail size-thumbnail\" alt=\"\" loading=\"lazy\" \/><\/a>\n\t\t\t<\/dt><\/dl><br style=\"clear: both\" \/><dl class='gallery-item'>\n\t\t\t<dt class='gallery-icon landscape'>\n\t\t\t\t<a href='https:\/\/www.visit-ulcinj.com\/blog\/wp-content\/uploads\/2010\/05\/Konventes-p__r-koalicioni-PER-ULQININ-EVROPIAN_6.JPG'><img width=\"150\" height=\"150\" src=\"https:\/\/www.visit-ulcinj.com\/blog\/wp-content\/uploads\/2010\/05\/Konventes-p__r-koalicioni-PER-ULQININ-EVROPIAN_6-150x150.jpg\" class=\"attachment-thumbnail size-thumbnail\" alt=\"\" loading=\"lazy\" \/><\/a>\n\t\t\t<\/dt><\/dl><dl class='gallery-item'>\n\t\t\t<dt class='gallery-icon landscape'>\n\t\t\t\t<a href='https:\/\/www.visit-ulcinj.com\/blog\/wp-content\/uploads\/2010\/05\/Konventes-p__r-koalicioni-PER-ULQININ-EVROPIAN_7.JPG'><img width=\"150\" height=\"150\" src=\"https:\/\/www.visit-ulcinj.com\/blog\/wp-content\/uploads\/2010\/05\/Konventes-p__r-koalicioni-PER-ULQININ-EVROPIAN_7-150x150.jpg\" class=\"attachment-thumbnail size-thumbnail\" alt=\"\" loading=\"lazy\" \/><\/a>\n\t\t\t<\/dt><\/dl><dl class='gallery-item'>\n\t\t\t<dt class='gallery-icon landscape'>\n\t\t\t\t<a href='https:\/\/www.visit-ulcinj.com\/blog\/wp-content\/uploads\/2010\/05\/Konventes-p__r-koalicioni-PER-ULQININ-EVROPIAN_8.JPG'><img width=\"150\" height=\"150\" src=\"https:\/\/www.visit-ulcinj.com\/blog\/wp-content\/uploads\/2010\/05\/Konventes-p__r-koalicioni-PER-ULQININ-EVROPIAN_8-150x150.jpg\" class=\"attachment-thumbnail size-thumbnail\" alt=\"\" loading=\"lazy\" \/><\/a>\n\t\t\t<\/dt><\/dl><br style=\"clear: both\" \/><dl class='gallery-item'>\n\t\t\t<dt class='gallery-icon landscape'>\n\t\t\t\t<a href='https:\/\/www.visit-ulcinj.com\/blog\/wp-content\/uploads\/2010\/05\/Konventes-p__r-koalicioni-PER-ULQININ-EVROPIAN_9.JPG'><img width=\"150\" height=\"150\" src=\"https:\/\/www.visit-ulcinj.com\/blog\/wp-content\/uploads\/2010\/05\/Konventes-p__r-koalicioni-PER-ULQININ-EVROPIAN_9-150x150.jpg\" class=\"attachment-thumbnail size-thumbnail\" alt=\"\" loading=\"lazy\" \/><\/a>\n\t\t\t<\/dt><\/dl><dl class='gallery-item'>\n\t\t\t<dt class='gallery-icon landscape'>\n\t\t\t\t<a href='https:\/\/www.visit-ulcinj.com\/blog\/wp-content\/uploads\/2010\/05\/Konventes-p__r-koalicioni-PER-ULQININ-EVROPIAN_10.JPG'><img width=\"150\" height=\"150\" src=\"https:\/\/www.visit-ulcinj.com\/blog\/wp-content\/uploads\/2010\/05\/Konventes-p__r-koalicioni-PER-ULQININ-EVROPIAN_10-150x150.jpg\" class=\"attachment-thumbnail size-thumbnail\" alt=\"\" loading=\"lazy\" \/><\/a>\n\t\t\t<\/dt><\/dl><dl class='gallery-item'>\n\t\t\t<dt class='gallery-icon landscape'>\n\t\t\t\t<a href='https:\/\/www.visit-ulcinj.com\/blog\/wp-content\/uploads\/2010\/05\/Konventes-p__r-koalicioni-PER-ULQININ-EVROPIAN_11.JPG'><img width=\"150\" height=\"150\" src=\"https:\/\/www.visit-ulcinj.com\/blog\/wp-content\/uploads\/2010\/05\/Konventes-p__r-koalicioni-PER-ULQININ-EVROPIAN_11-150x150.jpg\" class=\"attachment-thumbnail size-thumbnail\" alt=\"\" loading=\"lazy\" \/><\/a>\n\t\t\t<\/dt><\/dl><br style=\"clear: both\" \/><dl class='gallery-item'>\n\t\t\t<dt class='gallery-icon landscape'>\n\t\t\t\t<a href='https:\/\/www.visit-ulcinj.com\/blog\/wp-content\/uploads\/2010\/05\/Konventes-p__r-koalicioni-PER-ULQININ-EVROPIAN_12.JPG'><img width=\"150\" height=\"150\" src=\"https:\/\/www.visit-ulcinj.com\/blog\/wp-content\/uploads\/2010\/05\/Konventes-p__r-koalicioni-PER-ULQININ-EVROPIAN_12-150x150.jpg\" class=\"attachment-thumbnail size-thumbnail\" alt=\"\" loading=\"lazy\" \/><\/a>\n\t\t\t<\/dt><\/dl><dl class='gallery-item'>\n\t\t\t<dt class='gallery-icon landscape'>\n\t\t\t\t<a href='https:\/\/www.visit-ulcinj.com\/blog\/wp-content\/uploads\/2010\/05\/Konventes-p__r-koalicioni-PER-ULQININ-EVROPIAN_13.JPG'><img width=\"150\" height=\"150\" src=\"https:\/\/www.visit-ulcinj.com\/blog\/wp-content\/uploads\/2010\/05\/Konventes-p__r-koalicioni-PER-ULQININ-EVROPIAN_13-150x150.jpg\" class=\"attachment-thumbnail size-thumbnail\" alt=\"\" loading=\"lazy\" \/><\/a>\n\t\t\t<\/dt><\/dl>\n\t\t\t<br style='clear: both' \/>\n\t\t<\/div>\n<\/p>\n","protected":false},"excerpt":{"rendered":"<p>Me 17 .05.2010 n\u00eb sall\u00ebn e komun\u00ebs s\u00eb Ulqinit\u00a0 u mbajt Konventa e koalicionit &#8220;PER ULQININ EVROPIAN &#8220;ku nder mes personaliteteve t\u00eb jet\u00ebs politike malazeze mor\u00ebn pjes antar\u00ebt e partis demokratike socialiste Svetozar Maroviq,Miodrag Vukoviq dhe Ljubo Shkreli nga PDS. ku nder mjet tjerash dol\u00ebn n\u00eb tribun t\u00eb kuvendit komunal dhe majten ligjirat per promovimin [&hellip;]<\/p>\n","protected":false},"author":1,"featured_media":0,"comment_status":"open","ping_status":"closed","sticky":false,"template":"","format":"standard","meta":{"spay_email":"","jetpack_publicize_message":"","jetpack_is_tweetstorm":false,"jetpack_publicize_feature_enabled":true},"categories":[1],"tags":[7184,200,18],"jetpack_publicize_connections":[],"yoast_head":"<!-- This site is optimized with the Yoast SEO plugin v19.1 - https:\/\/yoast.com\/wordpress\/plugins\/seo\/ -->\n<title>Konventa e koalicionit &quot;PER ULQININ EVROPIAN&quot; - Lajme nga Ulqini<\/title>\n<meta name=\"description\" content=\"Me 17 .05.2010 n\u00eb sall\u00ebn e komun\u00ebs s\u00eb Ulqinit\u00a0 u mbajt Konventa e koalicionit &quot;PER ULQININ EVROPIAN &quot;ku nder mes personaliteteve t\u00eb jet\u00ebs politike\" \/>\n<meta name=\"robots\" content=\"index, follow, max-snippet:-1, max-image-preview:large, max-video-preview:-1\" \/>\n<link rel=\"canonical\" href=\"https:\/\/www.visit-ulcinj.com\/blog\/2010\/05\/21\/konventa-e-koalicionit-per-ulqinin-evropian\/\" \/>\n<meta property=\"og:locale\" content=\"en_US\" \/>\n<meta property=\"og:type\" content=\"article\" \/>\n<meta property=\"og:title\" content=\"Konventa e koalicionit &quot;PER ULQININ EVROPIAN&quot; - Lajme nga Ulqini\" \/>\n<meta property=\"og:description\" content=\"Me 17 .05.2010 n\u00eb sall\u00ebn e komun\u00ebs s\u00eb Ulqinit\u00a0 u mbajt Konventa e koalicionit &quot;PER ULQININ EVROPIAN &quot;ku nder mes personaliteteve t\u00eb jet\u00ebs politike\" \/>\n<meta property=\"og:url\" content=\"https:\/\/www.visit-ulcinj.com\/blog\/2010\/05\/21\/konventa-e-koalicionit-per-ulqinin-evropian\/\" \/>\n<meta property=\"og:site_name\" content=\"Lajme nga Ulqini\" \/>\n<meta property=\"article:published_time\" content=\"2010-05-21T14:02:31+00:00\" \/>\n<meta property=\"article:modified_time\" content=\"2010-05-23T22:44:26+00:00\" \/>\n<meta property=\"og:image\" content=\"https:\/\/www.visit-ulcinj.com\/blog\/wp-content\/uploads\/2010\/05\/Konventes-p__r-koalicioni-PER-ULQININ-EVROPIAN-150x150.jpg\" \/>\n<meta name=\"twitter:label1\" content=\"Written by\" \/>\n\t<meta name=\"twitter:data1\" content=\"ulqini\" \/>\n\t<meta name=\"twitter:label2\" content=\"Est. reading time\" \/>\n\t<meta name=\"twitter:data2\" content=\"1 minute\" \/>\n<script type=\"application\/ld+json\" class=\"yoast-schema-graph\">{\"@context\":\"https:\/\/schema.org\",\"@graph\":[{\"@type\":\"WebSite\",\"@id\":\"https:\/\/www.visit-ulcinj.com\/blog\/#website\",\"url\":\"https:\/\/www.visit-ulcinj.com\/blog\/\",\"name\":\"Lajme nga Ulqini\",\"description\":\"Lajme,Vijesti,Ulqini,Ulqin,Crna Gora,Mali i Zi\",\"potentialAction\":[{\"@type\":\"SearchAction\",\"target\":{\"@type\":\"EntryPoint\",\"urlTemplate\":\"https:\/\/www.visit-ulcinj.com\/blog\/?s={search_term_string}\"},\"query-input\":\"required name=search_term_string\"}],\"inLanguage\":\"en-US\"},{\"@type\":\"ImageObject\",\"inLanguage\":\"en-US\",\"@id\":\"https:\/\/www.visit-ulcinj.com\/blog\/2010\/05\/21\/konventa-e-koalicionit-per-ulqinin-evropian\/#primaryimage\",\"url\":\"https:\/\/www.visit-ulcinj.com\/blog\/wp-content\/uploads\/2010\/05\/Konventes-p__r-koalicioni-PER-ULQININ-EVROPIAN_4.JPG\",\"contentUrl\":\"https:\/\/www.visit-ulcinj.com\/blog\/wp-content\/uploads\/2010\/05\/Konventes-p__r-koalicioni-PER-ULQININ-EVROPIAN_4.JPG\",\"width\":\"800\",\"height\":\"533\"},{\"@type\":\"WebPage\",\"@id\":\"https:\/\/www.visit-ulcinj.com\/blog\/2010\/05\/21\/konventa-e-koalicionit-per-ulqinin-evropian\/#webpage\",\"url\":\"https:\/\/www.visit-ulcinj.com\/blog\/2010\/05\/21\/konventa-e-koalicionit-per-ulqinin-evropian\/\",\"name\":\"Konventa e koalicionit \\\"PER ULQININ EVROPIAN\\\" - Lajme nga Ulqini\",\"isPartOf\":{\"@id\":\"https:\/\/www.visit-ulcinj.com\/blog\/#website\"},\"primaryImageOfPage\":{\"@id\":\"https:\/\/www.visit-ulcinj.com\/blog\/2010\/05\/21\/konventa-e-koalicionit-per-ulqinin-evropian\/#primaryimage\"},\"datePublished\":\"2010-05-21T14:02:31+00:00\",\"dateModified\":\"2010-05-23T22:44:26+00:00\",\"author\":{\"@id\":\"https:\/\/www.visit-ulcinj.com\/blog\/#\/schema\/person\/dcab619c614d3038751c63bc2aadc06d\"},\"description\":\"Me 17 .05.2010 n\u00eb sall\u00ebn e komun\u00ebs s\u00eb Ulqinit\u00a0 u mbajt Konventa e koalicionit \\\"PER ULQININ EVROPIAN \\\"ku nder mes personaliteteve t\u00eb jet\u00ebs politike\",\"breadcrumb\":{\"@id\":\"https:\/\/www.visit-ulcinj.com\/blog\/2010\/05\/21\/konventa-e-koalicionit-per-ulqinin-evropian\/#breadcrumb\"},\"inLanguage\":\"en-US\",\"potentialAction\":[{\"@type\":\"ReadAction\",\"target\":[\"https:\/\/www.visit-ulcinj.com\/blog\/2010\/05\/21\/konventa-e-koalicionit-per-ulqinin-evropian\/\"]}]},{\"@type\":\"BreadcrumbList\",\"@id\":\"https:\/\/www.visit-ulcinj.com\/blog\/2010\/05\/21\/konventa-e-koalicionit-per-ulqinin-evropian\/#breadcrumb\",\"itemListElement\":[{\"@type\":\"ListItem\",\"position\":1,\"name\":\"Konventa e koalicionit &#8220;PER ULQININ EVROPIAN&#8221;\"}]},{\"@type\":\"Person\",\"@id\":\"https:\/\/www.visit-ulcinj.com\/blog\/#\/schema\/person\/dcab619c614d3038751c63bc2aadc06d\",\"name\":\"ulqini\",\"sameAs\":[\"http:\/\/www.visit-ulcinj.com\"],\"url\":\"https:\/\/www.visit-ulcinj.com\/blog\/author\/admin\/\"}]}<\/script>\n<!-- \/ Yoast SEO plugin. -->","yoast_head_json":{"title":"Konventa e koalicionit \"PER ULQININ EVROPIAN\" - Lajme nga Ulqini","description":"Me 17 .05.2010 n\u00eb sall\u00ebn e komun\u00ebs s\u00eb Ulqinit\u00a0 u mbajt Konventa e koalicionit \"PER ULQININ EVROPIAN \"ku nder mes personaliteteve t\u00eb jet\u00ebs politike","robots":{"index":"index","follow":"follow","max-snippet":"max-snippet:-1","max-image-preview":"max-image-preview:large","max-video-preview":"max-video-preview:-1"},"canonical":"https:\/\/www.visit-ulcinj.com\/blog\/2010\/05\/21\/konventa-e-koalicionit-per-ulqinin-evropian\/","og_locale":"en_US","og_type":"article","og_title":"Konventa e koalicionit \"PER ULQININ EVROPIAN\" - Lajme nga Ulqini","og_description":"Me 17 .05.2010 n\u00eb sall\u00ebn e komun\u00ebs s\u00eb Ulqinit\u00a0 u mbajt Konventa e koalicionit \"PER ULQININ EVROPIAN \"ku nder mes personaliteteve t\u00eb jet\u00ebs politike","og_url":"https:\/\/www.visit-ulcinj.com\/blog\/2010\/05\/21\/konventa-e-koalicionit-per-ulqinin-evropian\/","og_site_name":"Lajme nga Ulqini","article_published_time":"2010-05-21T14:02:31+00:00","article_modified_time":"2010-05-23T22:44:26+00:00","og_image":[{"url":"https:\/\/www.visit-ulcinj.com\/blog\/wp-content\/uploads\/2010\/05\/Konventes-p__r-koalicioni-PER-ULQININ-EVROPIAN-150x150.jpg"}],"twitter_misc":{"Written by":"ulqini","Est. reading time":"1 minute"},"schema":{"@context":"https:\/\/schema.org","@graph":[{"@type":"WebSite","@id":"https:\/\/www.visit-ulcinj.com\/blog\/#website","url":"https:\/\/www.visit-ulcinj.com\/blog\/","name":"Lajme nga Ulqini","description":"Lajme,Vijesti,Ulqini,Ulqin,Crna Gora,Mali i Zi","potentialAction":[{"@type":"SearchAction","target":{"@type":"EntryPoint","urlTemplate":"https:\/\/www.visit-ulcinj.com\/blog\/?s={search_term_string}"},"query-input":"required name=search_term_string"}],"inLanguage":"en-US"},{"@type":"ImageObject","inLanguage":"en-US","@id":"https:\/\/www.visit-ulcinj.com\/blog\/2010\/05\/21\/konventa-e-koalicionit-per-ulqinin-evropian\/#primaryimage","url":"https:\/\/www.visit-ulcinj.com\/blog\/wp-content\/uploads\/2010\/05\/Konventes-p__r-koalicioni-PER-ULQININ-EVROPIAN_4.JPG","contentUrl":"https:\/\/www.visit-ulcinj.com\/blog\/wp-content\/uploads\/2010\/05\/Konventes-p__r-koalicioni-PER-ULQININ-EVROPIAN_4.JPG","width":"800","height":"533"},{"@type":"WebPage","@id":"https:\/\/www.visit-ulcinj.com\/blog\/2010\/05\/21\/konventa-e-koalicionit-per-ulqinin-evropian\/#webpage","url":"https:\/\/www.visit-ulcinj.com\/blog\/2010\/05\/21\/konventa-e-koalicionit-per-ulqinin-evropian\/","name":"Konventa e koalicionit \"PER ULQININ EVROPIAN\" - Lajme nga Ulqini","isPartOf":{"@id":"https:\/\/www.visit-ulcinj.com\/blog\/#website"},"primaryImageOfPage":{"@id":"https:\/\/www.visit-ulcinj.com\/blog\/2010\/05\/21\/konventa-e-koalicionit-per-ulqinin-evropian\/#primaryimage"},"datePublished":"2010-05-21T14:02:31+00:00","dateModified":"2010-05-23T22:44:26+00:00","author":{"@id":"https:\/\/www.visit-ulcinj.com\/blog\/#\/schema\/person\/dcab619c614d3038751c63bc2aadc06d"},"description":"Me 17 .05.2010 n\u00eb sall\u00ebn e komun\u00ebs s\u00eb Ulqinit\u00a0 u mbajt Konventa e koalicionit \"PER ULQININ EVROPIAN \"ku nder mes personaliteteve t\u00eb jet\u00ebs politike","breadcrumb":{"@id":"https:\/\/www.visit-ulcinj.com\/blog\/2010\/05\/21\/konventa-e-koalicionit-per-ulqinin-evropian\/#breadcrumb"},"inLanguage":"en-US","potentialAction":[{"@type":"ReadAction","target":["https:\/\/www.visit-ulcinj.com\/blog\/2010\/05\/21\/konventa-e-koalicionit-per-ulqinin-evropian\/"]}]},{"@type":"BreadcrumbList","@id":"https:\/\/www.visit-ulcinj.com\/blog\/2010\/05\/21\/konventa-e-koalicionit-per-ulqinin-evropian\/#breadcrumb","itemListElement":[{"@type":"ListItem","position":1,"name":"Konventa e koalicionit &#8220;PER ULQININ EVROPIAN&#8221;"}]},{"@type":"Person","@id":"https:\/\/www.visit-ulcinj.com\/blog\/#\/schema\/person\/dcab619c614d3038751c63bc2aadc06d","name":"ulqini","sameAs":["http:\/\/www.visit-ulcinj.com"],"url":"https:\/\/www.visit-ulcinj.com\/blog\/author\/admin\/"}]}},"jetpack_featured_media_url":"","jetpack_sharing_enabled":true,"jetpack_shortlink":"https:\/\/wp.me\/pe6lTn-8Ir","_links":{"self":[{"href":"https:\/\/www.visit-ulcinj.com\/blog\/wp-json\/wp\/v2\/posts\/33507"}],"collection":[{"href":"https:\/\/www.visit-ulcinj.com\/blog\/wp-json\/wp\/v2\/posts"}],"about":[{"href":"https:\/\/www.visit-ulcinj.com\/blog\/wp-json\/wp\/v2\/types\/post"}],"author":[{"embeddable":true,"href":"https:\/\/www.visit-ulcinj.com\/blog\/wp-json\/wp\/v2\/users\/1"}],"replies":[{"embeddable":true,"href":"https:\/\/www.visit-ulcinj.com\/blog\/wp-json\/wp\/v2\/comments?post=33507"}],"version-history":[{"count":0,"href":"https:\/\/www.visit-ulcinj.com\/blog\/wp-json\/wp\/v2\/posts\/33507\/revisions"}],"wp:attachment":[{"href":"https:\/\/www.visit-ulcinj.com\/blog\/wp-json\/wp\/v2\/media?parent=33507"}],"wp:term":[{"taxonomy":"category","embeddable":true,"href":"https:\/\/www.visit-ulcinj.com\/blog\/wp-json\/wp\/v2\/categories?post=33507"},{"taxonomy":"post_tag","embeddable":true,"href":"https:\/\/www.visit-ulcinj.com\/blog\/wp-json\/wp\/v2\/tags?post=33507"}],"curies":[{"name":"wp","href":"https:\/\/api.w.org\/{rel}","templated":true}]}}