{"id":3351,"date":"2008-09-16T03:46:58","date_gmt":"2008-09-16T08:46:58","guid":{"rendered":"http:\/\/www.visit-ulcinj.com\/blog\/?p=3351"},"modified":"2008-10-17T14:46:04","modified_gmt":"2008-10-17T19:46:04","slug":"kumtese-per-opinion-e-forces-se-re-demokratike-2","status":"publish","type":"post","link":"https:\/\/www.visit-ulcinj.com\/blog\/2008\/09\/16\/kumtese-per-opinion-e-forces-se-re-demokratike-2\/","title":{"rendered":"Kumtes\u00eb p\u00ebr opinion e Forc\u00ebs s\u00eb Re Demokratike"},"content":{"rendered":"<p><a href=\"http:\/\/www.visit-ulcinj.com\/blog\/wp-content\/uploads\/2008\/09\/nazif-cungu.jpg\"><img loading=\"lazy\" class=\"alignleft size-medium wp-image-3210\" title=\"nazif-cungu\" src=\"http:\/\/www.visit-ulcinj.com\/blog\/wp-content\/uploads\/2008\/09\/nazif-cungu.jpg\" alt=\"\" width=\"290\" height=\"190\" \/><\/a><strong>Heqja dor\u00eb nga\u00a0 rruga e Limanit dhe nd\u00ebrtimit t\u00eb marin\u00ebs s\u00eb Ulqinit<\/strong><br \/>\nArdhja e p\u00ebrfaq\u00ebsuesve t\u00eb qeveris\u00eb s\u00eb Malit te Zi ne Ulqin, me 12 Shtator, prap\u00eb qiti n\u00eb pah paaft\u00ebsin\u00eb dhe papun\u00ebsin\u00eb e organeve t\u00eb pushtetit lokal. Tash sa kohe e kemi t\u00eb qart\u00eb epilogun e k\u00ebsaj rruge por edhe t\u00eb investimeve tjetra t\u00eb r\u00ebnd\u00ebsish\u00ebm sepse\u00a0 sekretariati p\u00ebrkat\u00ebs nuk e ka p\u00ebrgatitur propozimin p\u00ebr shpalljen e interesit t\u00eb p\u00ebrgjithsh\u00ebm p\u00ebr rrug\u00ebn e Limanit,\u00e7ka \u00ebsht\u00eb si pasoj pamund\u00ebsia p\u00ebr eksproprimin e tok\u00ebs p\u00ebr nd\u00ebrtimin e rrug\u00ebs. P\u00ebrfaq\u00ebsuesit e Ministrive me siguri kan\u00eb shpresuar se partner\u00ebt e koalicionit t\u00eb tyre do t\u00eb p\u00ebrfundojn\u00eb pun\u00ebt administrative t\u00eb cilat do t\u00eb kishin mund\u00ebsuar q\u00eb mjetet financiare t\u00eb ndara nga Drejtoria p\u00ebr pun\u00eb publike p\u00ebr zgjidhjen e gjendjes kaotike t\u00eb infrastruktur\u00ebn e Limanit.<br \/>\nOrganeve t\u00eb pushtetit lokal nuk i mjaftuan dy vite q\u00eb t\u00eb caktojn\u00eb interesin e p\u00ebrgjithsh\u00ebm p\u00ebr k\u00ebt\u00eb rrug\u00eb. Kjo rrug\u00eb duhet t\u00eb zgjedh problemin shum\u00ebvje\u00e7ar t\u00eb qytetar\u00ebve dhe t\u00eb mund\u00ebsoi zhvillimin e kapaciteteve turistike e jo si tani n\u00ebp\u00ebr rrug\u00eb delesh dhe dhish.<br \/>\nTash sigurisht e kan\u00eb t\u00eb qart\u00eb edhe ministri Gvozdenoviq edhe drejtori i drejtoris\u00eb t\u00eb pun\u00ebve publike z. Zhivkoviq si dhe funksionar\u00ebt tjer\u00eb t\u00eb qeveris\u00eb, se premtimet e udh\u00ebheq\u00ebsve t\u00eb pushtetit lokal t\u00eb Ulqinit nuk duhet ti i marrin seriozisht, p\u00ebrve\u00e7 atyre q\u00eb kan\u00eb t\u00eb b\u00ebjn\u00eb me pun\u00ebsime me kriterin kryesor\u00eb, shp\u00ebrblimi p\u00ebr votimet\u00a0 n\u00eb zgjedhjet e shtatorit t\u00eb vitit 2006. Pra vihet pyetja, a \u00ebsht\u00eb kjo e vetmja pun\u00eb q\u00eb din\u00eb dhe jan\u00eb t\u00eb aft\u00eb ta b\u00ebjn\u00eb? Apo ndoshta \u00ebsht\u00eb hequr dor\u00eb nga k\u00ebto investime sepse viti 2007 dhe 2008 nuk kan\u00eb qene vitet\u00a0 zgjedhore?<a title=\"marina e ulqinit\" href=\"http:\/\/fr.youtube.com\/watch?v=6VsfUBVxFo0\" target=\"_blank\"><img loading=\"lazy\" class=\"alignright size-medium wp-image-3355\" title=\"marina-e-ulqinit\" src=\"http:\/\/www.visit-ulcinj.com\/blog\/wp-content\/uploads\/2008\/09\/marina-e-ulqinit-300x204.jpg\" alt=\"\" width=\"300\" height=\"204\" srcset=\"https:\/\/www.visit-ulcinj.com\/blog\/wp-content\/uploads\/2008\/09\/marina-e-ulqinit-300x204.jpg 300w, https:\/\/www.visit-ulcinj.com\/blog\/wp-content\/uploads\/2008\/09\/marina-e-ulqinit.jpg 473w\" sizes=\"(max-width: 300px) 100vw, 300px\" \/><\/a><br \/>\nDrejtori i drejtoris\u00eb p\u00ebr pun\u00eb publike Zharko Zhivkoviq ka theksuar se p\u00ebr shkak t\u00eb \u00e7\u00ebshtjeve pron\u00ebsore t\u00eb pazgjidhura, q\u00eb pushteti lokal \u00ebsht\u00eb dashur ti i kryej, mjetet e ndara p\u00ebr\u00a0 rrug\u00ebn e Limanit do t\u00eb drejtohen n\u00eb investime tjera.Duke heq dor\u00eb nga nd\u00ebrtimi i rrug\u00ebs p\u00ebr n\u00eb Lima, p\u00ebr fat t\u00eb keq \u00ebsht\u00eb edhe heqja dor\u00eb nga nd\u00ebrtimi i Marin\u00ebs n\u00eb Lima. \u00c7ka ti thuhet qytetareve, \u00e7ka ti thuhet Slloven\u00ebve t\u00eb mashtruar q\u00eb kan\u00eb p\u00ebrgatitur disa\u00a0 dokumentacione teknike, \u00e7ka ti thuhet drejtoreve te em\u00ebruar?<br \/>\nA thua q\u00eb me te v\u00ebrtete dikush ka besuar se\u00a0 investimet e tilla mund te b\u00ebhen pa dokumentacione ligjore, teknike dhe urbanistike?<br \/>\nZot\u00ebri Zhivkoviq ka deklaruar q\u00eb dokumentacionin e p\u00ebrgatitur p\u00ebr nd\u00ebrtimin e Ur\u00ebs n\u00eb Port\u00eb Milen\u00eb ia ka dor\u00ebzuar organeve t\u00eb pushtetit lokal n\u00eb procedur\u00eb t\u00eb m\u00ebtejshme. A nuk e keni t\u00eb qart\u00eb Z-ni Zhivkoviq se ky pushtet lokal nuk ka potencial as ti filloj\u00eb e jo ti mbaroj\u00eb k\u00ebto investime kaq komplekse dhe profesionale.\u00a0 N\u00eb lidhje me premtimet e investimeve t\u00eb reja, q\u00eb i kan\u00eb dhan\u00eb p\u00ebrfaq\u00ebsuesit e\u00a0 Qeveris\u00eb s\u00eb bashku me Z-ni G\u00ebzim Hajdinag\u00ebn, p\u00ebr\u00a0 vitin e ardhsh\u00ebm, tash p\u00ebr tash nuk do ti komentojm\u00eb,por na mbetet q\u00eb t\u00eb shpresojm\u00eb se do t\u00eb realizohen dhe ne do t\u00eb p\u00ebrcjellim dinamik\u00ebn e realizimeve.\u00a0 <a href=\"http:\/\/www.visit-ulcinj.com\/blog\/wp-content\/uploads\/2008\/09\/forca_logo.jpg\"><img loading=\"lazy\" class=\"alignright size-medium wp-image-3352\" title=\"forca_logo\" src=\"http:\/\/www.visit-ulcinj.com\/blog\/wp-content\/uploads\/2008\/09\/forca_logo.jpg\" alt=\"\" width=\"250\" height=\"150\" \/><\/a><br \/>\n<strong><br \/>\n<\/strong><\/p>\n<p><strong>Ulqin, me 15,09,08<br \/>\nSh\u00ebrbimi Informativ i Forc\u00ebs <\/strong><\/p>\n<p style=\"text-align: center;\"><a class=\"aligncenter\" title=\"???? ????,?????,Ulcinj,Montenegru,??????????,\u00c7ernoqoriya,Besplatni internet oglasi,Besplatni oglasi,besplatni mali oglasi,besplatni turisti?ki oglasi,oglasi, usluge, turizam,Turisti?ke usluge,Doma?i turizam,Besplatni Oglasnik,Brzi Oglasi Besplatno,Besplatno OglasavanjeTurizam,besplatni oglasi sa slikom,Turisticki informator besplatni,li?ni-oglasi,BESPLATNI Turisticki OGLASI SA SLIKAMA,BESPLATNI Turisticki Oglasi saVideom,turisticki smestaj oglasi,Turisti?ki vodi? balkana,BESPLATNA REZERVACIJA SMESTAJA,Postavite besplatno Vas oglas,FREE TOURIST GUIDES,Izdavanje-Turizam oglasi,Balkan Turisticki vodic,shpallje turistike falas,Shpallje Falas,Shpallje falas per Komplekse Turistike,Lajmerime,Njoftime,shpallje shqip per shqiptaret ne shqiperi kosova maqedoni,mal te zi,???????????,Montenegiro,?ern\u00e1 Hora,??????????,Cz\u00f4rnog\u00f3ra,Cz\u00f4rn\u00f4 G\u00f3ra,Carna G\u00f3ra,T\u0161ernogooria,\u00c7ernogoriya,Montain\u00e9agr\u00f3,Montenegwo,?orna Hora,Montenegr\u00f3,M?ntenigro,Chernogoriya ,\u00c7\u00earnogor\u00ee ,?????????,????????? ,??????? ,Montes Nigrae,Mons Niger,M\u00f4ntenegr\u00f4,Muntenegru,??????????,Czarnog\u00f3ra,Muntinigru,Muntenegro,&lt;br &gt;&lt;\/a&gt; Muntenegru,\t?ierna Hora,Cxerngora,????????,?rna gora,Moontineegro,?ornog?ra,\u00c7ernogori\u00fda,Chernogoriya,Mont\u00f5negro,????? ???? ,?r?na Gora,?r?nogorije,?ernogorija,?arnahoryja,??????????,???????????????????? ,?ern\u00f4g\u00f4riy\u00e2,M\u00fbnt\u00een\u00ee?r\u00fb,????? ?????? ,????????,??????????,???????????,M\u00e2nten\u00eegro,???? ????? ,????????,M\u00f4ntenegr\u00f4,????????????,???????????,????????????, ??????????? ,????????????,??????????? ,\u008d\u2022?R\/?K?R ,\u0192\u201a\u0192\u201c\u0192e\u0192l\u0192O\u0192\u008d,\u00b8???\u00b3?\u00b1?\u00b7? ,Muntenegru, ????? ????, Montenegr?,chambres ? louer ? ulcinj, location de vacance, location saisonni?res, louer villa,location de vacance, Locations vacance, h?bergements vacances, locations villa, logements de vacances, location maison avec piscine, Location vacance, locations de vacance, h?bergements de vacances, location villa, locations entre particulier, logements vacance, vacances ? Mont?n?gro - location ? Ulcinj ,location  de bigorre,Urlaub in Ulcinj -Montenegro,Hotelbewertungen Ulcinj,Reisen Ulcinj, Urlaub Ulcinj,Hotel in Serbien und Montenegro von Urlaubern bewertet,Billig Urlaub in Ulcinj,ferienh?user,ferienwohnung,Billige Ferienh?user,Ferienwohnung ULCINJ,Ferien an der Adria,Urlaub im Ferienhaus ulcinjBilligreisen Ulcinj,Pauschalreisen,FKK Strand Ada Bojana ulcinj,Last Minute Angebote ulcinj,Preise f?r Lastminute,Kleinanzeigen gratis,Ausflug nach Ulcinj,FKK-Reisen ada bojana,FKK-Urlaub ulcinj,Privatni smje?taj,rezervacija smje?taja,apartmani,sobe,ku?e,odmor,sobe za odmor ulcinj,Pretra?ivanje privatnog smje?taja,rooms rent accommodation ulcinj, rentail private accommodation ulcinj,?elite rezervirati privatni smje?taj,Private accommodation,Smje?taj ulcinj,Pushime Verore ulqin,pushime t? lira n? ulqin,Pushime ne plazh,Pushime te kendshme,dhoma per pushime ulqin,dhoma me qera ulqin,dhoma te lira ulqin,pushime te lira ulqin,mali i zi,kosova,maqedoni,shqiperi,Pushime ne det te ulqinit,godi?nji odmor u ulcinj,odmor u ulcinj,Ku?a za odmor,kuda na odmor,ljetovanje u ulcinj,slobodne sobe,dhoma te lira,ku?a uz more,turisti?ka ponuda,odmor i zabava,povolne cene,sobe,usluge,Mjesto za Va? odmor , Place for Your holiday,Odmor portal,putovanaja,Iznajmljivanje soba ulcinj,odmor ulcinj info,Va?e mjesto za odmor ulcinj,nudisticka plaza ada bojana,smjestaj ponuda ulcinj,lokacioni i dhomave ulqin,deti,plazhet e bukura,diskoteka,zbavitja,.\" href=\"http:\/\/www.visit-ulcinj.com\/tourism\/\" target=\"_blank\"><img loading=\"lazy\" class=\"aligncenter\" title=\"SHPALLJE TURISTIKE FALAS,FREE TOURIST GUIDES,BESPLATNI TURISTI?KI OGLASI,balkan holiday rentals,ALBANIJA,ALBANIA,SHQIPERIJA,CRNA GORA,HRVATSKA,KROACIA,SLOVENIJA,MAKEDONIJA,MAKEDONIA,SRBIJA,MONTENEGRO,MALI I ZI,\" src=\"http:\/\/www.visit-ulcinj.com\/blog\/wp-content\/uploads\/2008\/09\/balkanholidayrentals.gif\" alt=\"Apatin,  Aran?elovac,  ?uprija,  ?a?ak,  ?apljina,  ?itluk,  ?abac,  ?ipovo,  ?iroki Brijeg,  ?ep?e,  ?ivinice,  Ba?ka Palanka,  Banja Luka,  Banovi?i,  Be?ej,  beograd,  Biha?,  Bijeljina,  Bor,  Bor?a,  Bosanska Gradi?ka,  Bosanska Krupa,  Bosanski ?amac,  Bosanski Brod,  Bosanski Novi,  Br?ko,  Bu?im,  Bugojno,  Cazin,  Crna Gora,  Derventa,  Doboj,  Donji Vakuf,  Drvar,  Dubrovnik,  Fo?a,  Fojnica,  Glamo?,  Gora?de,  Gornji Milanovac,  Gornji Vakuf,  gostivar,  Gra?anica,  Grada?ac,  Gradiska,  Grahovo,  Had?i?i,  Ilid?a,  In?ija,  Jablanica,  Jagodina,  Jajce,  Kakanj,  Kalu?erica,  Kikinda,  Klju?,  Konjic,  Kotor Varo?,  Kragujevac,  Kraljevo,  Kru?evac,  Kula,  Kupres,  Lakta?i,  Lazarevac,  Leskovac,  Livno,  Ljubinje,  ljublana,  Ljubu?ki,  Loznica,  Lukavac,  Maglaj,  Mladenovac,  Modri?a,  montenegro erlajnz,  mostar,  Mrkonji? Grad,  Neum,  Ni?,  Novi Pazar,  Novi Sad,  Novi Travnik,  Obrenovac,  Od?ak,  ohrid,  Ora?je,  Pale,  Pan?evo,  Para?in,  Pirot,  Po?arevac,  Podgorica,  Priboj,  Prijedor,  Prokuplje,  Prozor,  pula,  rijeka,  Ruma,  Sanski Most,  Sarajevo,  Senta,  serbija,  sibenik,  skopje,  Smederevo,  Smederevska Palanka,  Sokolac,  Sombor,  split,  Srebrenica,  Srebrenik,  Sremska Mitrovica,  Stolac,  Struga,  Subotica,  Temerin,  Tesli?,  tetovo,  Travnik,  Trebinje,  tuzla,  U?ice,  ulcinj,  Valjevo,  Velika Kladu?a,  Vi?egrad,  Visoko,  Vitez,  Vogo??a,  vojvodina,  Vranje,  Vr?ac,  Vrbas,  zadar,  Zagreb,  Zaje?ar,  Zavidovi?i,  Zenica,  Zrenjanin,  Zvornik,copacabana ulcinj,  h?tels,  hotel ulqin,  Kosova,  Mali i Zi,  Maqedonija,  Montenegro,  montenegro tourisme plage,  montenegro ulcinj,  Shpallje Falas,  Shpallje Falas per shitjen e shtepis se juaj,  Shpallje Falas per villat e juaj,  Shpallje Falas Real Estate,  Shpallje Falas turistike,  shqiperija,  tourisme,  Ulci?,  ulcinj,  ulqin,  ulqin hotel,  ulqini,  ulqini 2007,Ada Bojana,  Alba?czyk,  Cita di Dolcino,  Copacabana,  Czarnog?ra,  Czarnog?rzec,  Don Kichota,  Ma\u00b3a Pla?a,  Mandra,  MIGUEL DE SERVANTES,  p?\u00b3wyspy Marjan,  Pla?a Valdanos,  Rzeka Bojana,  Shas \/ ?as \/ Sva?,  Ulci?,  Ulcinjsk\u00b9 Riwier?,  Wielka Pla?a,  Wyspa Bojana,GORA,??????????,???????,??????????, ?ern? Hora,TO ULCINJ \/ ULQIN,MONTENEGRO, Czarnog?ra, Muntenegru, ????? ????, Montenegr?,villa ? louer ? ulcinj, location de vacance, location saisonni?res, louer chambres,location de vacance, Locations vacance, h?bergements vacances, locations villa, logements de vacances, location maison avec piscine, Location vacance, locations de vacance, h?bergements de vacances, location, locations entre particulier, logements vacance, vacances ? Mont?n?gro - location ? Ulcinj ,location  de bigorre,Albaniku,  Artana,  Bujanoci,  Burimi,  Dardana,  Dardan?,  De?an,  Dibra,  Drenas,  Drenasi,  Ferizaj,  Ferizaji,  Fush? Kosova,Besplatni internet oglasi,Besplatni oglasi,besplatni mali oglasi,besplatni turisti?ki oglasi,oglasi, usluge, turizam,Turisti?ke usluge,Doma?i turizam,Besplatni Oglasnik,Brzi Oglasi Besplatno,Besplatno OglasavanjeTurizam,besplatni oglasi sa slikom,Turisticki informator besplatni,li?ni-oglasi,BESPLATNI Turisticki OGLASI SA SLIKAMA,BESPLATNI Turisticki Oglasi saVideom,turisticki smestaj oglasi,Turisti?ki vodi? balkana,BESPLATNA REZERVACIJA SMESTAJA,Postavite besplatno Vas oglas,FREE TOURIST GUIDES,Izdavanje-Turizam oglasi,Balkan Turisticki vodic,shpallje turistike falas,Shpallje Falas,Shpallje falas per Komplekse Turistike,Lajmerime,Njoftime,shpallje shqip per shqiptaret ne shqiperi kosova maqedoni,mal te zi,Fush? Kosov?,  Gjakova,  Gjakov?,  Gjilan,  Gjilani,  Gostivari,  Istog,  Istog\u00b7,  Ka?anik,  Ka?aniku,  Kastrioti,  K?r?ova,  Klina,  Klin?,  Kumanova,  Leposaviq,  Leskovci,  Likova,  Lipjan,  Lipjani,  Malisheva,  Malishev?,  Manastiri,  Medvegja,  Mitrovica,  Mitrovic?,  Novob?rd?,  Obiliq\u00b7 Rahovec,  Ohri,  Peja,  Pej?,  Podujeva,  Podujev?,  Presheva,  Prishtina,  Prishtin?,  Prizren,  Prizreni,  Rahoveci,  Sharri,  Sharri (Kosov?),  Shkupi,  Sht?rpca,  Sht?rpc?,  Shtime,  Sk?nderaj,  Struga,  Tetova,  Theranda,  Therand?,  Triumf Riza,  Veleshta,  Viti,  Vitia,  Vushtrri,  Vushtrria,  Zubin Potok,  Zubin Potoku,  Zve?an,  Zve?ani,Struga,Gostivari,Gostivar,Ker?ova,Tirana,Durr?si,Elbasani,Shkodra,Tuzi,Vlora, Kor?a,Fieri,Berati,Lushnja ,Kavaja,Pogradeci,La?i,Gjirokastra,Patosi,Kruja,Ku?ova,Kuk?si,Lezha,Saranda,Peshkopia,Burreli,C?rriku,?orovoda,Shijaku,Librazhdi,Tepelena,Gramshi,Poli?ani,Bulqiza,P?rmeti,Fush?Kruja,Kamza,Rr?sheni,Ballshi,Mamurrasi,BajramCurri,Erseka,Peqini,Divjaka,Selenica,Bilishti,Roskoveci,Puka,Memaliaj,Rrogozhina,Ura Vajgurore,Himara,Delvina,Vora,Kopliku,Maliqi,P?rrenjasi,Kruma, Libohova,Orikumi,Fush?-Arr?za,Sh?ngjini,Rubiku,Miloti, Leskoviku,Konispoli,K?lcyra,Krasta,K?rraba,Manastiri,Hara?ina,Likova,Prilepi,Zajazi,Vrap?ishti,Bogovin?,\" width=\"420\" height=\"120\" \/><\/a><\/p>\n","protected":false},"excerpt":{"rendered":"<p>Heqja dor\u00eb nga\u00a0 rruga e Limanit dhe nd\u00ebrtimit t\u00eb marin\u00ebs s\u00eb Ulqinit Ardhja e p\u00ebrfaq\u00ebsuesve t\u00eb qeveris\u00eb s\u00eb Malit te Zi ne Ulqin, me 12 Shtator, prap\u00eb qiti n\u00eb pah paaft\u00ebsin\u00eb dhe papun\u00ebsin\u00eb e organeve t\u00eb pushtetit lokal. Tash sa kohe e kemi t\u00eb qart\u00eb epilogun e k\u00ebsaj rruge por edhe t\u00eb investimeve tjetra t\u00eb [&hellip;]<\/p>\n","protected":false},"author":1,"featured_media":0,"comment_status":"open","ping_status":"closed","sticky":false,"template":"","format":"standard","meta":{"spay_email":"","jetpack_publicize_message":"","jetpack_is_tweetstorm":false,"jetpack_publicize_feature_enabled":true},"categories":[1,6],"tags":[222,95,293,118],"jetpack_publicize_connections":[],"yoast_head":"<!-- This site is optimized with the Yoast SEO plugin v19.1 - https:\/\/yoast.com\/wordpress\/plugins\/seo\/ -->\n<title>Kumtes\u00eb p\u00ebr opinion e Forc\u00ebs s\u00eb Re Demokratike - Lajme nga Ulqini<\/title>\n<meta name=\"description\" content=\"Heqja dor\u00eb nga\u00a0 rruga e Limanit dhe nd\u00ebrtimit t\u00eb marin\u00ebs s\u00eb Ulqinit Ardhja e p\u00ebrfaq\u00ebsuesve t\u00eb qeveris\u00eb s\u00eb Malit te Zi ne Ulqin, me 12 Shtator, prap\u00eb qiti\" \/>\n<meta name=\"robots\" content=\"index, follow, max-snippet:-1, max-image-preview:large, max-video-preview:-1\" \/>\n<link rel=\"canonical\" href=\"https:\/\/www.visit-ulcinj.com\/blog\/2008\/09\/16\/kumtese-per-opinion-e-forces-se-re-demokratike-2\/\" \/>\n<meta property=\"og:locale\" content=\"en_US\" \/>\n<meta property=\"og:type\" content=\"article\" \/>\n<meta property=\"og:title\" content=\"Kumtes\u00eb p\u00ebr opinion e Forc\u00ebs s\u00eb Re Demokratike - Lajme nga Ulqini\" \/>\n<meta property=\"og:description\" content=\"Heqja dor\u00eb nga\u00a0 rruga e Limanit dhe nd\u00ebrtimit t\u00eb marin\u00ebs s\u00eb Ulqinit Ardhja e p\u00ebrfaq\u00ebsuesve t\u00eb qeveris\u00eb s\u00eb Malit te Zi ne Ulqin, me 12 Shtator, prap\u00eb qiti\" \/>\n<meta property=\"og:url\" content=\"https:\/\/www.visit-ulcinj.com\/blog\/2008\/09\/16\/kumtese-per-opinion-e-forces-se-re-demokratike-2\/\" \/>\n<meta property=\"og:site_name\" content=\"Lajme nga Ulqini\" \/>\n<meta property=\"article:published_time\" content=\"2008-09-16T08:46:58+00:00\" \/>\n<meta property=\"article:modified_time\" content=\"2008-10-17T19:46:04+00:00\" \/>\n<meta property=\"og:image\" content=\"http:\/\/www.visit-ulcinj.com\/blog\/wp-content\/uploads\/2008\/09\/nazif-cungu.jpg\" \/>\n<meta name=\"twitter:label1\" content=\"Written by\" \/>\n\t<meta name=\"twitter:data1\" content=\"ulqini\" \/>\n\t<meta name=\"twitter:label2\" content=\"Est. reading time\" \/>\n\t<meta name=\"twitter:data2\" content=\"3 minutes\" \/>\n<script type=\"application\/ld+json\" class=\"yoast-schema-graph\">{\"@context\":\"https:\/\/schema.org\",\"@graph\":[{\"@type\":\"WebSite\",\"@id\":\"https:\/\/www.visit-ulcinj.com\/blog\/#website\",\"url\":\"https:\/\/www.visit-ulcinj.com\/blog\/\",\"name\":\"Lajme nga Ulqini\",\"description\":\"Lajme,Vijesti,Ulqini,Ulqin,Crna Gora,Mali i Zi\",\"potentialAction\":[{\"@type\":\"SearchAction\",\"target\":{\"@type\":\"EntryPoint\",\"urlTemplate\":\"https:\/\/www.visit-ulcinj.com\/blog\/?s={search_term_string}\"},\"query-input\":\"required name=search_term_string\"}],\"inLanguage\":\"en-US\"},{\"@type\":\"ImageObject\",\"inLanguage\":\"en-US\",\"@id\":\"https:\/\/www.visit-ulcinj.com\/blog\/2008\/09\/16\/kumtese-per-opinion-e-forces-se-re-demokratike-2\/#primaryimage\",\"url\":\"http:\/\/www.visit-ulcinj.com\/blog\/wp-content\/uploads\/2008\/09\/nazif-cungu.jpg\",\"contentUrl\":\"http:\/\/www.visit-ulcinj.com\/blog\/wp-content\/uploads\/2008\/09\/nazif-cungu.jpg\"},{\"@type\":\"WebPage\",\"@id\":\"https:\/\/www.visit-ulcinj.com\/blog\/2008\/09\/16\/kumtese-per-opinion-e-forces-se-re-demokratike-2\/#webpage\",\"url\":\"https:\/\/www.visit-ulcinj.com\/blog\/2008\/09\/16\/kumtese-per-opinion-e-forces-se-re-demokratike-2\/\",\"name\":\"Kumtes\u00eb p\u00ebr opinion e Forc\u00ebs s\u00eb Re Demokratike - Lajme nga Ulqini\",\"isPartOf\":{\"@id\":\"https:\/\/www.visit-ulcinj.com\/blog\/#website\"},\"primaryImageOfPage\":{\"@id\":\"https:\/\/www.visit-ulcinj.com\/blog\/2008\/09\/16\/kumtese-per-opinion-e-forces-se-re-demokratike-2\/#primaryimage\"},\"datePublished\":\"2008-09-16T08:46:58+00:00\",\"dateModified\":\"2008-10-17T19:46:04+00:00\",\"author\":{\"@id\":\"https:\/\/www.visit-ulcinj.com\/blog\/#\/schema\/person\/dcab619c614d3038751c63bc2aadc06d\"},\"description\":\"Heqja dor\u00eb nga\u00a0 rruga e Limanit dhe nd\u00ebrtimit t\u00eb marin\u00ebs s\u00eb Ulqinit Ardhja e p\u00ebrfaq\u00ebsuesve t\u00eb qeveris\u00eb s\u00eb Malit te Zi ne Ulqin, me 12 Shtator, prap\u00eb qiti\",\"breadcrumb\":{\"@id\":\"https:\/\/www.visit-ulcinj.com\/blog\/2008\/09\/16\/kumtese-per-opinion-e-forces-se-re-demokratike-2\/#breadcrumb\"},\"inLanguage\":\"en-US\",\"potentialAction\":[{\"@type\":\"ReadAction\",\"target\":[\"https:\/\/www.visit-ulcinj.com\/blog\/2008\/09\/16\/kumtese-per-opinion-e-forces-se-re-demokratike-2\/\"]}]},{\"@type\":\"BreadcrumbList\",\"@id\":\"https:\/\/www.visit-ulcinj.com\/blog\/2008\/09\/16\/kumtese-per-opinion-e-forces-se-re-demokratike-2\/#breadcrumb\",\"itemListElement\":[{\"@type\":\"ListItem\",\"position\":1,\"name\":\"Kumtes\u00eb p\u00ebr opinion e Forc\u00ebs s\u00eb Re Demokratike\"}]},{\"@type\":\"Person\",\"@id\":\"https:\/\/www.visit-ulcinj.com\/blog\/#\/schema\/person\/dcab619c614d3038751c63bc2aadc06d\",\"name\":\"ulqini\",\"sameAs\":[\"http:\/\/www.visit-ulcinj.com\"],\"url\":\"https:\/\/www.visit-ulcinj.com\/blog\/author\/admin\/\"}]}<\/script>\n<!-- \/ Yoast SEO plugin. -->","yoast_head_json":{"title":"Kumtes\u00eb p\u00ebr opinion e Forc\u00ebs s\u00eb Re Demokratike - Lajme nga Ulqini","description":"Heqja dor\u00eb nga\u00a0 rruga e Limanit dhe nd\u00ebrtimit t\u00eb marin\u00ebs s\u00eb Ulqinit Ardhja e p\u00ebrfaq\u00ebsuesve t\u00eb qeveris\u00eb s\u00eb Malit te Zi ne Ulqin, me 12 Shtator, prap\u00eb qiti","robots":{"index":"index","follow":"follow","max-snippet":"max-snippet:-1","max-image-preview":"max-image-preview:large","max-video-preview":"max-video-preview:-1"},"canonical":"https:\/\/www.visit-ulcinj.com\/blog\/2008\/09\/16\/kumtese-per-opinion-e-forces-se-re-demokratike-2\/","og_locale":"en_US","og_type":"article","og_title":"Kumtes\u00eb p\u00ebr opinion e Forc\u00ebs s\u00eb Re Demokratike - Lajme nga Ulqini","og_description":"Heqja dor\u00eb nga\u00a0 rruga e Limanit dhe nd\u00ebrtimit t\u00eb marin\u00ebs s\u00eb Ulqinit Ardhja e p\u00ebrfaq\u00ebsuesve t\u00eb qeveris\u00eb s\u00eb Malit te Zi ne Ulqin, me 12 Shtator, prap\u00eb qiti","og_url":"https:\/\/www.visit-ulcinj.com\/blog\/2008\/09\/16\/kumtese-per-opinion-e-forces-se-re-demokratike-2\/","og_site_name":"Lajme nga Ulqini","article_published_time":"2008-09-16T08:46:58+00:00","article_modified_time":"2008-10-17T19:46:04+00:00","og_image":[{"url":"http:\/\/www.visit-ulcinj.com\/blog\/wp-content\/uploads\/2008\/09\/nazif-cungu.jpg"}],"twitter_misc":{"Written by":"ulqini","Est. reading time":"3 minutes"},"schema":{"@context":"https:\/\/schema.org","@graph":[{"@type":"WebSite","@id":"https:\/\/www.visit-ulcinj.com\/blog\/#website","url":"https:\/\/www.visit-ulcinj.com\/blog\/","name":"Lajme nga Ulqini","description":"Lajme,Vijesti,Ulqini,Ulqin,Crna Gora,Mali i Zi","potentialAction":[{"@type":"SearchAction","target":{"@type":"EntryPoint","urlTemplate":"https:\/\/www.visit-ulcinj.com\/blog\/?s={search_term_string}"},"query-input":"required name=search_term_string"}],"inLanguage":"en-US"},{"@type":"ImageObject","inLanguage":"en-US","@id":"https:\/\/www.visit-ulcinj.com\/blog\/2008\/09\/16\/kumtese-per-opinion-e-forces-se-re-demokratike-2\/#primaryimage","url":"http:\/\/www.visit-ulcinj.com\/blog\/wp-content\/uploads\/2008\/09\/nazif-cungu.jpg","contentUrl":"http:\/\/www.visit-ulcinj.com\/blog\/wp-content\/uploads\/2008\/09\/nazif-cungu.jpg"},{"@type":"WebPage","@id":"https:\/\/www.visit-ulcinj.com\/blog\/2008\/09\/16\/kumtese-per-opinion-e-forces-se-re-demokratike-2\/#webpage","url":"https:\/\/www.visit-ulcinj.com\/blog\/2008\/09\/16\/kumtese-per-opinion-e-forces-se-re-demokratike-2\/","name":"Kumtes\u00eb p\u00ebr opinion e Forc\u00ebs s\u00eb Re Demokratike - Lajme nga Ulqini","isPartOf":{"@id":"https:\/\/www.visit-ulcinj.com\/blog\/#website"},"primaryImageOfPage":{"@id":"https:\/\/www.visit-ulcinj.com\/blog\/2008\/09\/16\/kumtese-per-opinion-e-forces-se-re-demokratike-2\/#primaryimage"},"datePublished":"2008-09-16T08:46:58+00:00","dateModified":"2008-10-17T19:46:04+00:00","author":{"@id":"https:\/\/www.visit-ulcinj.com\/blog\/#\/schema\/person\/dcab619c614d3038751c63bc2aadc06d"},"description":"Heqja dor\u00eb nga\u00a0 rruga e Limanit dhe nd\u00ebrtimit t\u00eb marin\u00ebs s\u00eb Ulqinit Ardhja e p\u00ebrfaq\u00ebsuesve t\u00eb qeveris\u00eb s\u00eb Malit te Zi ne Ulqin, me 12 Shtator, prap\u00eb qiti","breadcrumb":{"@id":"https:\/\/www.visit-ulcinj.com\/blog\/2008\/09\/16\/kumtese-per-opinion-e-forces-se-re-demokratike-2\/#breadcrumb"},"inLanguage":"en-US","potentialAction":[{"@type":"ReadAction","target":["https:\/\/www.visit-ulcinj.com\/blog\/2008\/09\/16\/kumtese-per-opinion-e-forces-se-re-demokratike-2\/"]}]},{"@type":"BreadcrumbList","@id":"https:\/\/www.visit-ulcinj.com\/blog\/2008\/09\/16\/kumtese-per-opinion-e-forces-se-re-demokratike-2\/#breadcrumb","itemListElement":[{"@type":"ListItem","position":1,"name":"Kumtes\u00eb p\u00ebr opinion e Forc\u00ebs s\u00eb Re Demokratike"}]},{"@type":"Person","@id":"https:\/\/www.visit-ulcinj.com\/blog\/#\/schema\/person\/dcab619c614d3038751c63bc2aadc06d","name":"ulqini","sameAs":["http:\/\/www.visit-ulcinj.com"],"url":"https:\/\/www.visit-ulcinj.com\/blog\/author\/admin\/"}]}},"jetpack_featured_media_url":"","jetpack_sharing_enabled":true,"jetpack_shortlink":"https:\/\/wp.me\/pe6lTn-S3","_links":{"self":[{"href":"https:\/\/www.visit-ulcinj.com\/blog\/wp-json\/wp\/v2\/posts\/3351"}],"collection":[{"href":"https:\/\/www.visit-ulcinj.com\/blog\/wp-json\/wp\/v2\/posts"}],"about":[{"href":"https:\/\/www.visit-ulcinj.com\/blog\/wp-json\/wp\/v2\/types\/post"}],"author":[{"embeddable":true,"href":"https:\/\/www.visit-ulcinj.com\/blog\/wp-json\/wp\/v2\/users\/1"}],"replies":[{"embeddable":true,"href":"https:\/\/www.visit-ulcinj.com\/blog\/wp-json\/wp\/v2\/comments?post=3351"}],"version-history":[{"count":0,"href":"https:\/\/www.visit-ulcinj.com\/blog\/wp-json\/wp\/v2\/posts\/3351\/revisions"}],"wp:attachment":[{"href":"https:\/\/www.visit-ulcinj.com\/blog\/wp-json\/wp\/v2\/media?parent=3351"}],"wp:term":[{"taxonomy":"category","embeddable":true,"href":"https:\/\/www.visit-ulcinj.com\/blog\/wp-json\/wp\/v2\/categories?post=3351"},{"taxonomy":"post_tag","embeddable":true,"href":"https:\/\/www.visit-ulcinj.com\/blog\/wp-json\/wp\/v2\/tags?post=3351"}],"curies":[{"name":"wp","href":"https:\/\/api.w.org\/{rel}","templated":true}]}}