{"id":33550,"date":"2010-05-21T19:05:08","date_gmt":"2010-05-21T17:05:08","guid":{"rendered":"http:\/\/www.visit-ulcinj.com\/blog\/?p=33550"},"modified":"2010-05-21T20:20:05","modified_gmt":"2010-05-21T18:20:05","slug":"konventa-perbyllese-e-koalicionit-per-ulqinin-evropian","status":"publish","type":"post","link":"https:\/\/www.visit-ulcinj.com\/blog\/2010\/05\/21\/konventa-perbyllese-e-koalicionit-per-ulqinin-evropian\/","title":{"rendered":"Konventa perbyllese e koalicionit PER ULQININ EVROPIAN"},"content":{"rendered":"<p><a href=\"http:\/\/www.visit-ulcinj.com\/blog\/wp-content\/uploads\/2010\/05\/Konventa-perbyllese-e-koalicionit-PER-ULQININ-EVROPIAN.JPG\"><img loading=\"lazy\" class=\"alignleft size-full wp-image-33551\" title=\"Konventa perbyllese e koalicionit PER ULQININ EVROPIAN\" src=\"http:\/\/www.visit-ulcinj.com\/blog\/wp-content\/uploads\/2010\/05\/Konventa-perbyllese-e-koalicionit-PER-ULQININ-EVROPIAN.JPG\" alt=\"Konventa perbyllese e koalicionit PER ULQININ EVROPIAN\" width=\"490\" height=\"380\" \/><\/a>Me 20.05.2010 u mbajt\u00a0 Konventa perbyllese e koalicionit PER ULQININ EVROPIAN,ku simpatizuest e dy partive ne pushtet atyre t\u00eb PDS-s\u00eb dhe UDSH-s\u00eb brohorit\u00ebn gjat rrug\u00ebve t\u00eb Ulqinit me sirena dhe me bajraqe partijake n\u00eb duar.K\u00ebshtu q\u00eb me 23.05.2010 pritet me padurim q\u00eb rezultatet e zgjedjeve t\u00eb\u00a0 dalin me perqindje sa me te madhe me votu dhe ti knaq\u00eb kerkesat e partive politike n\u00eb pushtet.<br \/>\nN\u00eb pallatin e kultures s\u00eb Ulqinit mori pjes edhe kangetari kosovar Sinan Vasaliu,ku ne te njajt\u00ebn koh\u00eb fansat e mirprit\u00ebn me shum brohoritje duarsh.<\/p>\n<p>Duke ju deshiruar shikim te kanshem t\u00eb Fotografive .<\/p>\n<p><strong>Lajme nga Ulqini<br \/>\n<!--YouTube Error: bad URL entered--><br \/>\n\n\t\t<style type=\"text\/css\">\n\t\t\t#gallery-1 {\n\t\t\t\tmargin: auto;\n\t\t\t}\n\t\t\t#gallery-1 .gallery-item {\n\t\t\t\tfloat: left;\n\t\t\t\tmargin-top: 10px;\n\t\t\t\ttext-align: center;\n\t\t\t\twidth: 33%;\n\t\t\t}\n\t\t\t#gallery-1 img {\n\t\t\t\tborder: 2px solid #cfcfcf;\n\t\t\t}\n\t\t\t#gallery-1 .gallery-caption {\n\t\t\t\tmargin-left: 0;\n\t\t\t}\n\t\t\t\/* see gallery_shortcode() in wp-includes\/media.php *\/\n\t\t<\/style>\n\t\t<div id='gallery-1' class='gallery galleryid-33550 gallery-columns-3 gallery-size-thumbnail'><dl class='gallery-item'>\n\t\t\t<dt class='gallery-icon landscape'>\n\t\t\t\t<a href='https:\/\/www.visit-ulcinj.com\/blog\/wp-content\/uploads\/2010\/05\/Konventa-perbyllese-e-koalicionit-PER-ULQININ-EVROPIAN.JPG'><img width=\"150\" height=\"150\" src=\"https:\/\/www.visit-ulcinj.com\/blog\/wp-content\/uploads\/2010\/05\/Konventa-perbyllese-e-koalicionit-PER-ULQININ-EVROPIAN-150x150.jpg\" class=\"attachment-thumbnail size-thumbnail\" alt=\"\" loading=\"lazy\" \/><\/a>\n\t\t\t<\/dt><\/dl><dl class='gallery-item'>\n\t\t\t<dt class='gallery-icon landscape'>\n\t\t\t\t<a href='https:\/\/www.visit-ulcinj.com\/blog\/wp-content\/uploads\/2010\/05\/Konventa-perbyllese-e-koalicionit-PER-ULQININ-EVROPIAN_1.JPG'><img width=\"150\" height=\"150\" src=\"https:\/\/www.visit-ulcinj.com\/blog\/wp-content\/uploads\/2010\/05\/Konventa-perbyllese-e-koalicionit-PER-ULQININ-EVROPIAN_1-150x150.jpg\" class=\"attachment-thumbnail size-thumbnail\" alt=\"\" loading=\"lazy\" \/><\/a>\n\t\t\t<\/dt><\/dl><dl class='gallery-item'>\n\t\t\t<dt class='gallery-icon landscape'>\n\t\t\t\t<a href='https:\/\/www.visit-ulcinj.com\/blog\/wp-content\/uploads\/2010\/05\/Konventa-perbyllese-e-koalicionit-PER-ULQININ-EVROPIAN_2.JPG'><img width=\"150\" height=\"150\" src=\"https:\/\/www.visit-ulcinj.com\/blog\/wp-content\/uploads\/2010\/05\/Konventa-perbyllese-e-koalicionit-PER-ULQININ-EVROPIAN_2-150x150.jpg\" class=\"attachment-thumbnail size-thumbnail\" alt=\"\" loading=\"lazy\" \/><\/a>\n\t\t\t<\/dt><\/dl><br style=\"clear: both\" \/><dl class='gallery-item'>\n\t\t\t<dt class='gallery-icon landscape'>\n\t\t\t\t<a href='https:\/\/www.visit-ulcinj.com\/blog\/wp-content\/uploads\/2010\/05\/Konventa-perbyllese-e-koalicionit-PER-ULQININ-EVROPIAN_3.JPG'><img width=\"150\" height=\"150\" src=\"https:\/\/www.visit-ulcinj.com\/blog\/wp-content\/uploads\/2010\/05\/Konventa-perbyllese-e-koalicionit-PER-ULQININ-EVROPIAN_3-150x150.jpg\" class=\"attachment-thumbnail size-thumbnail\" alt=\"\" loading=\"lazy\" \/><\/a>\n\t\t\t<\/dt><\/dl><dl class='gallery-item'>\n\t\t\t<dt class='gallery-icon landscape'>\n\t\t\t\t<a href='https:\/\/www.visit-ulcinj.com\/blog\/wp-content\/uploads\/2010\/05\/Konventa-perbyllese-e-koalicionit-PER-ULQININ-EVROPIAN_4.JPG'><img width=\"150\" height=\"150\" src=\"https:\/\/www.visit-ulcinj.com\/blog\/wp-content\/uploads\/2010\/05\/Konventa-perbyllese-e-koalicionit-PER-ULQININ-EVROPIAN_4-150x150.jpg\" class=\"attachment-thumbnail size-thumbnail\" alt=\"\" loading=\"lazy\" \/><\/a>\n\t\t\t<\/dt><\/dl><dl class='gallery-item'>\n\t\t\t<dt class='gallery-icon landscape'>\n\t\t\t\t<a href='https:\/\/www.visit-ulcinj.com\/blog\/wp-content\/uploads\/2010\/05\/Konventa-perbyllese-e-koalicionit-PER-ULQININ-EVROPIAN_5.JPG'><img width=\"150\" height=\"150\" src=\"https:\/\/www.visit-ulcinj.com\/blog\/wp-content\/uploads\/2010\/05\/Konventa-perbyllese-e-koalicionit-PER-ULQININ-EVROPIAN_5-150x150.jpg\" class=\"attachment-thumbnail size-thumbnail\" alt=\"\" loading=\"lazy\" \/><\/a>\n\t\t\t<\/dt><\/dl><br style=\"clear: both\" \/><dl class='gallery-item'>\n\t\t\t<dt class='gallery-icon landscape'>\n\t\t\t\t<a href='https:\/\/www.visit-ulcinj.com\/blog\/wp-content\/uploads\/2010\/05\/Konventa-perbyllese-e-koalicionit-PER-ULQININ-EVROPIAN_6.JPG'><img width=\"150\" height=\"150\" src=\"https:\/\/www.visit-ulcinj.com\/blog\/wp-content\/uploads\/2010\/05\/Konventa-perbyllese-e-koalicionit-PER-ULQININ-EVROPIAN_6-150x150.jpg\" class=\"attachment-thumbnail size-thumbnail\" alt=\"\" loading=\"lazy\" \/><\/a>\n\t\t\t<\/dt><\/dl><dl class='gallery-item'>\n\t\t\t<dt class='gallery-icon landscape'>\n\t\t\t\t<a href='https:\/\/www.visit-ulcinj.com\/blog\/wp-content\/uploads\/2010\/05\/Konventa-perbyllese-e-koalicionit-PER-ULQININ-EVROPIAN_7.JPG'><img width=\"150\" height=\"150\" src=\"https:\/\/www.visit-ulcinj.com\/blog\/wp-content\/uploads\/2010\/05\/Konventa-perbyllese-e-koalicionit-PER-ULQININ-EVROPIAN_7-150x150.jpg\" class=\"attachment-thumbnail size-thumbnail\" alt=\"\" loading=\"lazy\" \/><\/a>\n\t\t\t<\/dt><\/dl><dl class='gallery-item'>\n\t\t\t<dt class='gallery-icon landscape'>\n\t\t\t\t<a href='https:\/\/www.visit-ulcinj.com\/blog\/wp-content\/uploads\/2010\/05\/Konventa-perbyllese-e-koalicionit-PER-ULQININ-EVROPIAN_8.JPG'><img width=\"150\" height=\"150\" src=\"https:\/\/www.visit-ulcinj.com\/blog\/wp-content\/uploads\/2010\/05\/Konventa-perbyllese-e-koalicionit-PER-ULQININ-EVROPIAN_8-150x150.jpg\" class=\"attachment-thumbnail size-thumbnail\" alt=\"\" loading=\"lazy\" \/><\/a>\n\t\t\t<\/dt><\/dl><br style=\"clear: both\" \/><dl class='gallery-item'>\n\t\t\t<dt class='gallery-icon landscape'>\n\t\t\t\t<a href='https:\/\/www.visit-ulcinj.com\/blog\/wp-content\/uploads\/2010\/05\/Konventa-perbyllese-e-koalicionit-PER-ULQININ-EVROPIAN_9.JPG'><img width=\"150\" height=\"150\" src=\"https:\/\/www.visit-ulcinj.com\/blog\/wp-content\/uploads\/2010\/05\/Konventa-perbyllese-e-koalicionit-PER-ULQININ-EVROPIAN_9-150x150.jpg\" class=\"attachment-thumbnail size-thumbnail\" alt=\"\" loading=\"lazy\" \/><\/a>\n\t\t\t<\/dt><\/dl><dl class='gallery-item'>\n\t\t\t<dt class='gallery-icon landscape'>\n\t\t\t\t<a href='https:\/\/www.visit-ulcinj.com\/blog\/wp-content\/uploads\/2010\/05\/Konventa-perbyllese-e-koalicionit-PER-ULQININ-EVROPIAN_10.JPG'><img width=\"150\" height=\"150\" src=\"https:\/\/www.visit-ulcinj.com\/blog\/wp-content\/uploads\/2010\/05\/Konventa-perbyllese-e-koalicionit-PER-ULQININ-EVROPIAN_10-150x150.jpg\" class=\"attachment-thumbnail size-thumbnail\" alt=\"\" loading=\"lazy\" \/><\/a>\n\t\t\t<\/dt><\/dl><dl class='gallery-item'>\n\t\t\t<dt class='gallery-icon landscape'>\n\t\t\t\t<a href='https:\/\/www.visit-ulcinj.com\/blog\/wp-content\/uploads\/2010\/05\/Konventa-perbyllese-e-koalicionit-PER-ULQININ-EVROPIAN_11.JPG'><img width=\"150\" height=\"150\" src=\"https:\/\/www.visit-ulcinj.com\/blog\/wp-content\/uploads\/2010\/05\/Konventa-perbyllese-e-koalicionit-PER-ULQININ-EVROPIAN_11-150x150.jpg\" class=\"attachment-thumbnail size-thumbnail\" alt=\"\" loading=\"lazy\" \/><\/a>\n\t\t\t<\/dt><\/dl><br style=\"clear: both\" \/><dl class='gallery-item'>\n\t\t\t<dt class='gallery-icon landscape'>\n\t\t\t\t<a href='https:\/\/www.visit-ulcinj.com\/blog\/wp-content\/uploads\/2010\/05\/Konventa-perbyllese-e-koalicionit-PER-ULQININ-EVROPIAN_12.JPG'><img width=\"150\" height=\"150\" src=\"https:\/\/www.visit-ulcinj.com\/blog\/wp-content\/uploads\/2010\/05\/Konventa-perbyllese-e-koalicionit-PER-ULQININ-EVROPIAN_12-150x150.jpg\" class=\"attachment-thumbnail size-thumbnail\" alt=\"\" loading=\"lazy\" \/><\/a>\n\t\t\t<\/dt><\/dl><dl class='gallery-item'>\n\t\t\t<dt class='gallery-icon landscape'>\n\t\t\t\t<a href='https:\/\/www.visit-ulcinj.com\/blog\/wp-content\/uploads\/2010\/05\/Konventa-perbyllese-e-koalicionit-PER-ULQININ-EVROPIAN_13.JPG'><img width=\"150\" height=\"150\" src=\"https:\/\/www.visit-ulcinj.com\/blog\/wp-content\/uploads\/2010\/05\/Konventa-perbyllese-e-koalicionit-PER-ULQININ-EVROPIAN_13-150x150.jpg\" class=\"attachment-thumbnail size-thumbnail\" alt=\"\" loading=\"lazy\" \/><\/a>\n\t\t\t<\/dt><\/dl><dl class='gallery-item'>\n\t\t\t<dt class='gallery-icon landscape'>\n\t\t\t\t<a href='https:\/\/www.visit-ulcinj.com\/blog\/wp-content\/uploads\/2010\/05\/Konventa-perbyllese-e-koalicionit-PER-ULQININ-EVROPIAN_14.JPG'><img width=\"150\" height=\"150\" src=\"https:\/\/www.visit-ulcinj.com\/blog\/wp-content\/uploads\/2010\/05\/Konventa-perbyllese-e-koalicionit-PER-ULQININ-EVROPIAN_14-150x150.jpg\" class=\"attachment-thumbnail size-thumbnail\" alt=\"\" loading=\"lazy\" \/><\/a>\n\t\t\t<\/dt><\/dl><br style=\"clear: both\" \/><dl class='gallery-item'>\n\t\t\t<dt class='gallery-icon landscape'>\n\t\t\t\t<a href='https:\/\/www.visit-ulcinj.com\/blog\/wp-content\/uploads\/2010\/05\/Konventa-perbyllese-e-koalicionit-PER-ULQININ-EVROPIAN_15.JPG'><img width=\"150\" height=\"150\" src=\"https:\/\/www.visit-ulcinj.com\/blog\/wp-content\/uploads\/2010\/05\/Konventa-perbyllese-e-koalicionit-PER-ULQININ-EVROPIAN_15-150x150.jpg\" class=\"attachment-thumbnail size-thumbnail\" alt=\"\" loading=\"lazy\" \/><\/a>\n\t\t\t<\/dt><\/dl><dl class='gallery-item'>\n\t\t\t<dt class='gallery-icon landscape'>\n\t\t\t\t<a href='https:\/\/www.visit-ulcinj.com\/blog\/wp-content\/uploads\/2010\/05\/Konventa-perbyllese-e-koalicionit-PER-ULQININ-EVROPIAN_16.JPG'><img width=\"150\" height=\"150\" src=\"https:\/\/www.visit-ulcinj.com\/blog\/wp-content\/uploads\/2010\/05\/Konventa-perbyllese-e-koalicionit-PER-ULQININ-EVROPIAN_16-150x150.jpg\" class=\"attachment-thumbnail size-thumbnail\" alt=\"\" loading=\"lazy\" \/><\/a>\n\t\t\t<\/dt><\/dl><dl class='gallery-item'>\n\t\t\t<dt class='gallery-icon landscape'>\n\t\t\t\t<a href='https:\/\/www.visit-ulcinj.com\/blog\/wp-content\/uploads\/2010\/05\/Konventa-perbyllese-e-koalicionit-PER-ULQININ-EVROPIAN_17.JPG'><img width=\"150\" height=\"150\" src=\"https:\/\/www.visit-ulcinj.com\/blog\/wp-content\/uploads\/2010\/05\/Konventa-perbyllese-e-koalicionit-PER-ULQININ-EVROPIAN_17-150x150.jpg\" class=\"attachment-thumbnail size-thumbnail\" alt=\"\" loading=\"lazy\" \/><\/a>\n\t\t\t<\/dt><\/dl><br style=\"clear: both\" \/><dl class='gallery-item'>\n\t\t\t<dt class='gallery-icon landscape'>\n\t\t\t\t<a href='https:\/\/www.visit-ulcinj.com\/blog\/wp-content\/uploads\/2010\/05\/Konventa-perbyllese-e-koalicionit-PER-ULQININ-EVROPIAN_18.JPG'><img width=\"150\" height=\"150\" src=\"https:\/\/www.visit-ulcinj.com\/blog\/wp-content\/uploads\/2010\/05\/Konventa-perbyllese-e-koalicionit-PER-ULQININ-EVROPIAN_18-150x150.jpg\" class=\"attachment-thumbnail size-thumbnail\" alt=\"\" loading=\"lazy\" \/><\/a>\n\t\t\t<\/dt><\/dl><dl class='gallery-item'>\n\t\t\t<dt class='gallery-icon landscape'>\n\t\t\t\t<a href='https:\/\/www.visit-ulcinj.com\/blog\/wp-content\/uploads\/2010\/05\/Konventa-perbyllese-e-koalicionit-PER-ULQININ-EVROPIAN_19.JPG'><img width=\"150\" height=\"150\" src=\"https:\/\/www.visit-ulcinj.com\/blog\/wp-content\/uploads\/2010\/05\/Konventa-perbyllese-e-koalicionit-PER-ULQININ-EVROPIAN_19-150x150.jpg\" class=\"attachment-thumbnail size-thumbnail\" alt=\"\" loading=\"lazy\" \/><\/a>\n\t\t\t<\/dt><\/dl><dl class='gallery-item'>\n\t\t\t<dt class='gallery-icon landscape'>\n\t\t\t\t<a href='https:\/\/www.visit-ulcinj.com\/blog\/wp-content\/uploads\/2010\/05\/Konventa-perbyllese-e-koalicionit-PER-ULQININ-EVROPIAN_20.JPG'><img width=\"150\" height=\"150\" src=\"https:\/\/www.visit-ulcinj.com\/blog\/wp-content\/uploads\/2010\/05\/Konventa-perbyllese-e-koalicionit-PER-ULQININ-EVROPIAN_20-150x150.jpg\" class=\"attachment-thumbnail size-thumbnail\" alt=\"\" loading=\"lazy\" \/><\/a>\n\t\t\t<\/dt><\/dl><br style=\"clear: both\" \/><dl class='gallery-item'>\n\t\t\t<dt class='gallery-icon landscape'>\n\t\t\t\t<a href='https:\/\/www.visit-ulcinj.com\/blog\/wp-content\/uploads\/2010\/05\/Konventa-perbyllese-e-koalicionit-PER-ULQININ-EVROPIAN_21.JPG'><img width=\"150\" height=\"150\" src=\"https:\/\/www.visit-ulcinj.com\/blog\/wp-content\/uploads\/2010\/05\/Konventa-perbyllese-e-koalicionit-PER-ULQININ-EVROPIAN_21-150x150.jpg\" class=\"attachment-thumbnail size-thumbnail\" alt=\"\" loading=\"lazy\" \/><\/a>\n\t\t\t<\/dt><\/dl><dl class='gallery-item'>\n\t\t\t<dt class='gallery-icon landscape'>\n\t\t\t\t<a href='https:\/\/www.visit-ulcinj.com\/blog\/wp-content\/uploads\/2010\/05\/Konventa-perbyllese-e-koalicionit-PER-ULQININ-EVROPIAN_22.JPG'><img width=\"150\" height=\"150\" src=\"https:\/\/www.visit-ulcinj.com\/blog\/wp-content\/uploads\/2010\/05\/Konventa-perbyllese-e-koalicionit-PER-ULQININ-EVROPIAN_22-150x150.jpg\" class=\"attachment-thumbnail size-thumbnail\" alt=\"\" loading=\"lazy\" \/><\/a>\n\t\t\t<\/dt><\/dl><dl class='gallery-item'>\n\t\t\t<dt class='gallery-icon landscape'>\n\t\t\t\t<a href='https:\/\/www.visit-ulcinj.com\/blog\/wp-content\/uploads\/2010\/05\/Konventa-perbyllese-e-koalicionit-PER-ULQININ-EVROPIAN_23.JPG'><img width=\"150\" height=\"150\" src=\"https:\/\/www.visit-ulcinj.com\/blog\/wp-content\/uploads\/2010\/05\/Konventa-perbyllese-e-koalicionit-PER-ULQININ-EVROPIAN_23-150x150.jpg\" class=\"attachment-thumbnail size-thumbnail\" alt=\"\" loading=\"lazy\" \/><\/a>\n\t\t\t<\/dt><\/dl><br style=\"clear: both\" \/><dl class='gallery-item'>\n\t\t\t<dt class='gallery-icon portrait'>\n\t\t\t\t<a href='https:\/\/www.visit-ulcinj.com\/blog\/wp-content\/uploads\/2010\/05\/Konventa-perbyllese-e-koalicionit-PER-ULQININ-EVROPIAN_24.JPG'><img width=\"150\" height=\"150\" src=\"https:\/\/www.visit-ulcinj.com\/blog\/wp-content\/uploads\/2010\/05\/Konventa-perbyllese-e-koalicionit-PER-ULQININ-EVROPIAN_24-150x150.jpg\" class=\"attachment-thumbnail size-thumbnail\" alt=\"\" loading=\"lazy\" \/><\/a>\n\t\t\t<\/dt><\/dl><dl class='gallery-item'>\n\t\t\t<dt class='gallery-icon landscape'>\n\t\t\t\t<a href='https:\/\/www.visit-ulcinj.com\/blog\/wp-content\/uploads\/2010\/05\/Konventa-perbyllese-e-koalicionit-PER-ULQININ-EVROPIAN_25.JPG'><img width=\"150\" height=\"150\" src=\"https:\/\/www.visit-ulcinj.com\/blog\/wp-content\/uploads\/2010\/05\/Konventa-perbyllese-e-koalicionit-PER-ULQININ-EVROPIAN_25-150x150.jpg\" class=\"attachment-thumbnail size-thumbnail\" alt=\"\" loading=\"lazy\" \/><\/a>\n\t\t\t<\/dt><\/dl><dl class='gallery-item'>\n\t\t\t<dt class='gallery-icon landscape'>\n\t\t\t\t<a href='https:\/\/www.visit-ulcinj.com\/blog\/wp-content\/uploads\/2010\/05\/Konventa-perbyllese-e-koalicionit-PER-ULQININ-EVROPIAN_26.JPG'><img width=\"150\" height=\"150\" src=\"https:\/\/www.visit-ulcinj.com\/blog\/wp-content\/uploads\/2010\/05\/Konventa-perbyllese-e-koalicionit-PER-ULQININ-EVROPIAN_26-150x150.jpg\" class=\"attachment-thumbnail size-thumbnail\" alt=\"\" loading=\"lazy\" \/><\/a>\n\t\t\t<\/dt><\/dl><br style=\"clear: both\" \/><dl class='gallery-item'>\n\t\t\t<dt class='gallery-icon landscape'>\n\t\t\t\t<a href='https:\/\/www.visit-ulcinj.com\/blog\/wp-content\/uploads\/2010\/05\/Konventa-perbyllese-e-koalicionit-PER-ULQININ-EVROPIAN_27.JPG'><img width=\"150\" height=\"150\" src=\"https:\/\/www.visit-ulcinj.com\/blog\/wp-content\/uploads\/2010\/05\/Konventa-perbyllese-e-koalicionit-PER-ULQININ-EVROPIAN_27-150x150.jpg\" class=\"attachment-thumbnail size-thumbnail\" alt=\"\" loading=\"lazy\" \/><\/a>\n\t\t\t<\/dt><\/dl><dl class='gallery-item'>\n\t\t\t<dt class='gallery-icon landscape'>\n\t\t\t\t<a href='https:\/\/www.visit-ulcinj.com\/blog\/wp-content\/uploads\/2010\/05\/Konventa-perbyllese-e-koalicionit-PER-ULQININ-EVROPIAN_28.JPG'><img width=\"150\" height=\"150\" src=\"https:\/\/www.visit-ulcinj.com\/blog\/wp-content\/uploads\/2010\/05\/Konventa-perbyllese-e-koalicionit-PER-ULQININ-EVROPIAN_28-150x150.jpg\" class=\"attachment-thumbnail size-thumbnail\" alt=\"\" loading=\"lazy\" \/><\/a>\n\t\t\t<\/dt><\/dl><dl class='gallery-item'>\n\t\t\t<dt class='gallery-icon landscape'>\n\t\t\t\t<a href='https:\/\/www.visit-ulcinj.com\/blog\/wp-content\/uploads\/2010\/05\/Konventa-perbyllese-e-koalicionit-PER-ULQININ-EVROPIAN_29.JPG'><img width=\"150\" height=\"150\" src=\"https:\/\/www.visit-ulcinj.com\/blog\/wp-content\/uploads\/2010\/05\/Konventa-perbyllese-e-koalicionit-PER-ULQININ-EVROPIAN_29-150x150.jpg\" class=\"attachment-thumbnail size-thumbnail\" alt=\"\" loading=\"lazy\" \/><\/a>\n\t\t\t<\/dt><\/dl><br style=\"clear: both\" \/>\n\t\t<\/div>\n<\/p>\n<p><\/strong><\/p>\n<p><strong> <\/strong><\/p>\n","protected":false},"excerpt":{"rendered":"<p>Me 20.05.2010 u mbajt\u00a0 Konventa perbyllese e koalicionit PER ULQININ EVROPIAN,ku simpatizuest e dy partive ne pushtet atyre t\u00eb PDS-s\u00eb dhe UDSH-s\u00eb brohorit\u00ebn gjat rrug\u00ebve t\u00eb Ulqinit me sirena dhe me bajraqe partijake n\u00eb duar.K\u00ebshtu q\u00eb me 23.05.2010 pritet me padurim q\u00eb rezultatet e zgjedjeve t\u00eb\u00a0 dalin me perqindje sa me te madhe me votu [&hellip;]<\/p>\n","protected":false},"author":1,"featured_media":0,"comment_status":"open","ping_status":"closed","sticky":false,"template":"","format":"standard","meta":{"spay_email":"","jetpack_publicize_message":"","jetpack_is_tweetstorm":false,"jetpack_publicize_feature_enabled":true},"categories":[7],"tags":[2825,2611,200,18],"jetpack_publicize_connections":[],"yoast_head":"<!-- This site is optimized with the Yoast SEO plugin v19.1 - https:\/\/yoast.com\/wordpress\/plugins\/seo\/ -->\n<title>Konventa perbyllese e koalicionit PER ULQININ EVROPIAN - Lajme nga Ulqini<\/title>\n<meta name=\"description\" content=\"Me 20.05.2010 u mbajt\u00a0 Konventa perbyllese e koalicionit PER ULQININ EVROPIAN,ku simpatizuest e dy partive ne pushtet atyre t\u00eb PDS-s\u00eb dhe UDSH-s\u00eb\" \/>\n<meta name=\"robots\" content=\"index, follow, max-snippet:-1, max-image-preview:large, max-video-preview:-1\" \/>\n<link rel=\"canonical\" href=\"https:\/\/www.visit-ulcinj.com\/blog\/2010\/05\/21\/konventa-perbyllese-e-koalicionit-per-ulqinin-evropian\/\" \/>\n<meta property=\"og:locale\" content=\"en_US\" \/>\n<meta property=\"og:type\" content=\"article\" \/>\n<meta property=\"og:title\" content=\"Konventa perbyllese e koalicionit PER ULQININ EVROPIAN - Lajme nga Ulqini\" \/>\n<meta property=\"og:description\" content=\"Me 20.05.2010 u mbajt\u00a0 Konventa perbyllese e koalicionit PER ULQININ EVROPIAN,ku simpatizuest e dy partive ne pushtet atyre t\u00eb PDS-s\u00eb dhe UDSH-s\u00eb\" \/>\n<meta property=\"og:url\" content=\"https:\/\/www.visit-ulcinj.com\/blog\/2010\/05\/21\/konventa-perbyllese-e-koalicionit-per-ulqinin-evropian\/\" \/>\n<meta property=\"og:site_name\" content=\"Lajme nga Ulqini\" \/>\n<meta property=\"article:published_time\" content=\"2010-05-21T17:05:08+00:00\" \/>\n<meta property=\"article:modified_time\" content=\"2010-05-21T18:20:05+00:00\" \/>\n<meta property=\"og:image\" content=\"https:\/\/www.visit-ulcinj.com\/blog\/wp-content\/uploads\/2010\/05\/Konventa-perbyllese-e-koalicionit-PER-ULQININ-EVROPIAN-150x150.jpg\" \/>\n<meta name=\"twitter:label1\" content=\"Written by\" \/>\n\t<meta name=\"twitter:data1\" content=\"ulqini\" \/>\n\t<meta name=\"twitter:label2\" content=\"Est. reading time\" \/>\n\t<meta name=\"twitter:data2\" content=\"1 minute\" \/>\n<script type=\"application\/ld+json\" class=\"yoast-schema-graph\">{\"@context\":\"https:\/\/schema.org\",\"@graph\":[{\"@type\":\"WebSite\",\"@id\":\"https:\/\/www.visit-ulcinj.com\/blog\/#website\",\"url\":\"https:\/\/www.visit-ulcinj.com\/blog\/\",\"name\":\"Lajme nga Ulqini\",\"description\":\"Lajme,Vijesti,Ulqini,Ulqin,Crna Gora,Mali i Zi\",\"potentialAction\":[{\"@type\":\"SearchAction\",\"target\":{\"@type\":\"EntryPoint\",\"urlTemplate\":\"https:\/\/www.visit-ulcinj.com\/blog\/?s={search_term_string}\"},\"query-input\":\"required name=search_term_string\"}],\"inLanguage\":\"en-US\"},{\"@type\":\"ImageObject\",\"inLanguage\":\"en-US\",\"@id\":\"https:\/\/www.visit-ulcinj.com\/blog\/2010\/05\/21\/konventa-perbyllese-e-koalicionit-per-ulqinin-evropian\/#primaryimage\",\"url\":\"https:\/\/www.visit-ulcinj.com\/blog\/wp-content\/uploads\/2010\/05\/Konventa-perbyllese-e-koalicionit-PER-ULQININ-EVROPIAN.JPG\",\"contentUrl\":\"https:\/\/www.visit-ulcinj.com\/blog\/wp-content\/uploads\/2010\/05\/Konventa-perbyllese-e-koalicionit-PER-ULQININ-EVROPIAN.JPG\",\"width\":\"640\",\"height\":\"426\"},{\"@type\":\"WebPage\",\"@id\":\"https:\/\/www.visit-ulcinj.com\/blog\/2010\/05\/21\/konventa-perbyllese-e-koalicionit-per-ulqinin-evropian\/#webpage\",\"url\":\"https:\/\/www.visit-ulcinj.com\/blog\/2010\/05\/21\/konventa-perbyllese-e-koalicionit-per-ulqinin-evropian\/\",\"name\":\"Konventa perbyllese e koalicionit PER ULQININ EVROPIAN - Lajme nga Ulqini\",\"isPartOf\":{\"@id\":\"https:\/\/www.visit-ulcinj.com\/blog\/#website\"},\"primaryImageOfPage\":{\"@id\":\"https:\/\/www.visit-ulcinj.com\/blog\/2010\/05\/21\/konventa-perbyllese-e-koalicionit-per-ulqinin-evropian\/#primaryimage\"},\"datePublished\":\"2010-05-21T17:05:08+00:00\",\"dateModified\":\"2010-05-21T18:20:05+00:00\",\"author\":{\"@id\":\"https:\/\/www.visit-ulcinj.com\/blog\/#\/schema\/person\/dcab619c614d3038751c63bc2aadc06d\"},\"description\":\"Me 20.05.2010 u mbajt\u00a0 Konventa perbyllese e koalicionit PER ULQININ EVROPIAN,ku simpatizuest e dy partive ne pushtet atyre t\u00eb PDS-s\u00eb dhe UDSH-s\u00eb\",\"breadcrumb\":{\"@id\":\"https:\/\/www.visit-ulcinj.com\/blog\/2010\/05\/21\/konventa-perbyllese-e-koalicionit-per-ulqinin-evropian\/#breadcrumb\"},\"inLanguage\":\"en-US\",\"potentialAction\":[{\"@type\":\"ReadAction\",\"target\":[\"https:\/\/www.visit-ulcinj.com\/blog\/2010\/05\/21\/konventa-perbyllese-e-koalicionit-per-ulqinin-evropian\/\"]}]},{\"@type\":\"BreadcrumbList\",\"@id\":\"https:\/\/www.visit-ulcinj.com\/blog\/2010\/05\/21\/konventa-perbyllese-e-koalicionit-per-ulqinin-evropian\/#breadcrumb\",\"itemListElement\":[{\"@type\":\"ListItem\",\"position\":1,\"name\":\"Konventa perbyllese e koalicionit PER ULQININ EVROPIAN\"}]},{\"@type\":\"Person\",\"@id\":\"https:\/\/www.visit-ulcinj.com\/blog\/#\/schema\/person\/dcab619c614d3038751c63bc2aadc06d\",\"name\":\"ulqini\",\"sameAs\":[\"http:\/\/www.visit-ulcinj.com\"],\"url\":\"https:\/\/www.visit-ulcinj.com\/blog\/author\/admin\/\"}]}<\/script>\n<!-- \/ Yoast SEO plugin. -->","yoast_head_json":{"title":"Konventa perbyllese e koalicionit PER ULQININ EVROPIAN - Lajme nga Ulqini","description":"Me 20.05.2010 u mbajt\u00a0 Konventa perbyllese e koalicionit PER ULQININ EVROPIAN,ku simpatizuest e dy partive ne pushtet atyre t\u00eb PDS-s\u00eb dhe UDSH-s\u00eb","robots":{"index":"index","follow":"follow","max-snippet":"max-snippet:-1","max-image-preview":"max-image-preview:large","max-video-preview":"max-video-preview:-1"},"canonical":"https:\/\/www.visit-ulcinj.com\/blog\/2010\/05\/21\/konventa-perbyllese-e-koalicionit-per-ulqinin-evropian\/","og_locale":"en_US","og_type":"article","og_title":"Konventa perbyllese e koalicionit PER ULQININ EVROPIAN - Lajme nga Ulqini","og_description":"Me 20.05.2010 u mbajt\u00a0 Konventa perbyllese e koalicionit PER ULQININ EVROPIAN,ku simpatizuest e dy partive ne pushtet atyre t\u00eb PDS-s\u00eb dhe UDSH-s\u00eb","og_url":"https:\/\/www.visit-ulcinj.com\/blog\/2010\/05\/21\/konventa-perbyllese-e-koalicionit-per-ulqinin-evropian\/","og_site_name":"Lajme nga Ulqini","article_published_time":"2010-05-21T17:05:08+00:00","article_modified_time":"2010-05-21T18:20:05+00:00","og_image":[{"url":"https:\/\/www.visit-ulcinj.com\/blog\/wp-content\/uploads\/2010\/05\/Konventa-perbyllese-e-koalicionit-PER-ULQININ-EVROPIAN-150x150.jpg"}],"twitter_misc":{"Written by":"ulqini","Est. reading time":"1 minute"},"schema":{"@context":"https:\/\/schema.org","@graph":[{"@type":"WebSite","@id":"https:\/\/www.visit-ulcinj.com\/blog\/#website","url":"https:\/\/www.visit-ulcinj.com\/blog\/","name":"Lajme nga Ulqini","description":"Lajme,Vijesti,Ulqini,Ulqin,Crna Gora,Mali i Zi","potentialAction":[{"@type":"SearchAction","target":{"@type":"EntryPoint","urlTemplate":"https:\/\/www.visit-ulcinj.com\/blog\/?s={search_term_string}"},"query-input":"required name=search_term_string"}],"inLanguage":"en-US"},{"@type":"ImageObject","inLanguage":"en-US","@id":"https:\/\/www.visit-ulcinj.com\/blog\/2010\/05\/21\/konventa-perbyllese-e-koalicionit-per-ulqinin-evropian\/#primaryimage","url":"https:\/\/www.visit-ulcinj.com\/blog\/wp-content\/uploads\/2010\/05\/Konventa-perbyllese-e-koalicionit-PER-ULQININ-EVROPIAN.JPG","contentUrl":"https:\/\/www.visit-ulcinj.com\/blog\/wp-content\/uploads\/2010\/05\/Konventa-perbyllese-e-koalicionit-PER-ULQININ-EVROPIAN.JPG","width":"640","height":"426"},{"@type":"WebPage","@id":"https:\/\/www.visit-ulcinj.com\/blog\/2010\/05\/21\/konventa-perbyllese-e-koalicionit-per-ulqinin-evropian\/#webpage","url":"https:\/\/www.visit-ulcinj.com\/blog\/2010\/05\/21\/konventa-perbyllese-e-koalicionit-per-ulqinin-evropian\/","name":"Konventa perbyllese e koalicionit PER ULQININ EVROPIAN - Lajme nga Ulqini","isPartOf":{"@id":"https:\/\/www.visit-ulcinj.com\/blog\/#website"},"primaryImageOfPage":{"@id":"https:\/\/www.visit-ulcinj.com\/blog\/2010\/05\/21\/konventa-perbyllese-e-koalicionit-per-ulqinin-evropian\/#primaryimage"},"datePublished":"2010-05-21T17:05:08+00:00","dateModified":"2010-05-21T18:20:05+00:00","author":{"@id":"https:\/\/www.visit-ulcinj.com\/blog\/#\/schema\/person\/dcab619c614d3038751c63bc2aadc06d"},"description":"Me 20.05.2010 u mbajt\u00a0 Konventa perbyllese e koalicionit PER ULQININ EVROPIAN,ku simpatizuest e dy partive ne pushtet atyre t\u00eb PDS-s\u00eb dhe UDSH-s\u00eb","breadcrumb":{"@id":"https:\/\/www.visit-ulcinj.com\/blog\/2010\/05\/21\/konventa-perbyllese-e-koalicionit-per-ulqinin-evropian\/#breadcrumb"},"inLanguage":"en-US","potentialAction":[{"@type":"ReadAction","target":["https:\/\/www.visit-ulcinj.com\/blog\/2010\/05\/21\/konventa-perbyllese-e-koalicionit-per-ulqinin-evropian\/"]}]},{"@type":"BreadcrumbList","@id":"https:\/\/www.visit-ulcinj.com\/blog\/2010\/05\/21\/konventa-perbyllese-e-koalicionit-per-ulqinin-evropian\/#breadcrumb","itemListElement":[{"@type":"ListItem","position":1,"name":"Konventa perbyllese e koalicionit PER ULQININ EVROPIAN"}]},{"@type":"Person","@id":"https:\/\/www.visit-ulcinj.com\/blog\/#\/schema\/person\/dcab619c614d3038751c63bc2aadc06d","name":"ulqini","sameAs":["http:\/\/www.visit-ulcinj.com"],"url":"https:\/\/www.visit-ulcinj.com\/blog\/author\/admin\/"}]}},"jetpack_featured_media_url":"","jetpack_sharing_enabled":true,"jetpack_shortlink":"https:\/\/wp.me\/pe6lTn-8J8","_links":{"self":[{"href":"https:\/\/www.visit-ulcinj.com\/blog\/wp-json\/wp\/v2\/posts\/33550"}],"collection":[{"href":"https:\/\/www.visit-ulcinj.com\/blog\/wp-json\/wp\/v2\/posts"}],"about":[{"href":"https:\/\/www.visit-ulcinj.com\/blog\/wp-json\/wp\/v2\/types\/post"}],"author":[{"embeddable":true,"href":"https:\/\/www.visit-ulcinj.com\/blog\/wp-json\/wp\/v2\/users\/1"}],"replies":[{"embeddable":true,"href":"https:\/\/www.visit-ulcinj.com\/blog\/wp-json\/wp\/v2\/comments?post=33550"}],"version-history":[{"count":0,"href":"https:\/\/www.visit-ulcinj.com\/blog\/wp-json\/wp\/v2\/posts\/33550\/revisions"}],"wp:attachment":[{"href":"https:\/\/www.visit-ulcinj.com\/blog\/wp-json\/wp\/v2\/media?parent=33550"}],"wp:term":[{"taxonomy":"category","embeddable":true,"href":"https:\/\/www.visit-ulcinj.com\/blog\/wp-json\/wp\/v2\/categories?post=33550"},{"taxonomy":"post_tag","embeddable":true,"href":"https:\/\/www.visit-ulcinj.com\/blog\/wp-json\/wp\/v2\/tags?post=33550"}],"curies":[{"name":"wp","href":"https:\/\/api.w.org\/{rel}","templated":true}]}}