{"id":33554,"date":"2010-05-21T19:18:33","date_gmt":"2010-05-21T17:18:33","guid":{"rendered":"http:\/\/www.visit-ulcinj.com\/blog\/?p=33554"},"modified":"2010-05-24T18:37:42","modified_gmt":"2010-05-24T16:37:42","slug":"fushata-paraelektorale-ne-mal-te-zi-ne-fazen-perfundimtare","status":"publish","type":"post","link":"https:\/\/www.visit-ulcinj.com\/blog\/2010\/05\/21\/fushata-paraelektorale-ne-mal-te-zi-ne-fazen-perfundimtare\/","title":{"rendered":"Fushata paraelektorale n\u00eb Ulqin n\u00eb faz\u00ebn p\u00ebrfundimtare &#8211; Video Forca"},"content":{"rendered":"<p><a href=\"http:\/\/www.visit-ulcinj.com\/blog\/wp-content\/uploads\/2010\/05\/promovimi-qendror-i-FORCES.1.jpg\"><img loading=\"lazy\" class=\"alignleft size-full wp-image-33555\" title=\"promovimi qendror i FORCES.1\" src=\"http:\/\/www.visit-ulcinj.com\/blog\/wp-content\/uploads\/2010\/05\/promovimi-qendror-i-FORCES.1.jpg\" alt=\"promovimi qendror i FORCES.1\" width=\"490\" height=\"380\" \/><\/a><strong>Fushata paraelektorale n\u00eb Mal t\u00eb Zi n\u00eb faz\u00ebn p\u00ebrfundimtare<\/strong><\/p>\n<p>Ulqin, 21 maj &#8211; Fushata paraelektorale p\u00ebr zgjedhjet lokale n\u00eb Mal t\u00eb Zi ka hyr\u00eb n\u00eb faz\u00ebn p\u00ebrfundimtare, nd\u00ebrsa partit\u00eb politike kan\u00eb dh\u00ebn\u00eb premtime p\u00ebr p\u00ebrmir\u00ebsimin e jet\u00ebs s\u00eb qytetar\u00ebve ulqinak\u00eb.<br \/>\nKoalicioni \u201cP\u00ebr Ulqinin Evropian\u201d, i p\u00ebrb\u00ebr\u00eb nga Unioni Demokratik i Shqiptar\u00ebve dhe Partia Demokratike e Socialist\u00ebve t\u00eb kryeministrit Milo Gjukanoviq u premtuan ulqinak\u00ebve investime t\u00eb reja dhe kthimin e pronave t\u00eb nacionalizuara q\u00eb n\u00eb koh\u00ebn e monizmit.<br \/>\nNd\u00ebrkaq, Nazif Cungu nga Forca e Re Demokratike, i bindur se ky subjekt do ta siguroj\u00eb vet\u00ebm shumic\u00ebn e duhur n\u00eb Parlamentin e Ulqinit, t\u00eb premten n\u00eb nj\u00eb konferenc\u00eb me gazetar\u00eb deklaroi \u201cq\u00eb jav\u00ebn e par\u00eb do t\u00eb aplikojm\u00eb planin e transformimit t\u00eb pushtetit n\u00eb Komun\u00ebn e Ulqinit\u201d.<br \/>\nAi tha se kan\u00eb formuar grupin e ekspert\u00ebve q\u00eb brenda nj\u00eb afati \u201crekord\u201d t\u00eb startojn\u00eb me nj\u00eb pushtet t\u00eb ri efikas dhe t\u00eb p\u00ebrgjegjsh\u00ebm, krahasuar me pushtetin, si\u00e7 e quajti ai, t\u00eb kryetarit n\u00eb largim, G\u00ebzim Hajdinaga.<br \/>\nKrahasuar me dy listat e m\u00ebsip\u00ebrme kandiduese, koalicioni Lidhja Demokratike n\u00eb Mal t\u00eb Zi dhe Bashkimi Demokratik i Shqiptar\u00ebve porosisin ulqinak\u00ebt, anamalasit, kranjan\u00ebt dhe mal\u00ebsor\u00ebt, se \u201cme flamujt e Malit t\u00eb Zi nuk ruhet identiteti komb\u00ebtar shqiptar, nuk kthehen pronat e eksproprijuar, nuk avancohet arsimi, as kultura shqiptare n\u00eb k\u00ebto mjedise\u201d<\/p>\n<p><strong>Koha Net<\/strong><br \/>\n[flv width=&#8221;490&#8243; height=&#8221;390&#8243;]http:\/\/forca.me\/images\/stories\/videos\/Promovimi_Ulqin.flv[\/flv]<br \/>\n\n\t\t<style type=\"text\/css\">\n\t\t\t#gallery-1 {\n\t\t\t\tmargin: auto;\n\t\t\t}\n\t\t\t#gallery-1 .gallery-item {\n\t\t\t\tfloat: left;\n\t\t\t\tmargin-top: 10px;\n\t\t\t\ttext-align: center;\n\t\t\t\twidth: 33%;\n\t\t\t}\n\t\t\t#gallery-1 img {\n\t\t\t\tborder: 2px solid #cfcfcf;\n\t\t\t}\n\t\t\t#gallery-1 .gallery-caption {\n\t\t\t\tmargin-left: 0;\n\t\t\t}\n\t\t\t\/* see gallery_shortcode() in wp-includes\/media.php *\/\n\t\t<\/style>\n\t\t<div id='gallery-1' class='gallery galleryid-33554 gallery-columns-3 gallery-size-thumbnail'><dl class='gallery-item'>\n\t\t\t<dt class='gallery-icon landscape'>\n\t\t\t\t<a href='https:\/\/www.visit-ulcinj.com\/blog\/wp-content\/uploads\/2010\/05\/promovimi-qendror-i-FORCES.1.jpg'><img width=\"150\" height=\"150\" src=\"https:\/\/www.visit-ulcinj.com\/blog\/wp-content\/uploads\/2010\/05\/promovimi-qendror-i-FORCES.1-150x150.jpg\" class=\"attachment-thumbnail size-thumbnail\" alt=\"\" loading=\"lazy\" \/><\/a>\n\t\t\t<\/dt><\/dl><dl class='gallery-item'>\n\t\t\t<dt class='gallery-icon landscape'>\n\t\t\t\t<a href='https:\/\/www.visit-ulcinj.com\/blog\/wp-content\/uploads\/2010\/05\/promovimi-qendror-i-FORCES.jpg'><img width=\"150\" height=\"150\" src=\"https:\/\/www.visit-ulcinj.com\/blog\/wp-content\/uploads\/2010\/05\/promovimi-qendror-i-FORCES-150x150.jpg\" class=\"attachment-thumbnail size-thumbnail\" alt=\"\" loading=\"lazy\" \/><\/a>\n\t\t\t<\/dt><\/dl><dl class='gallery-item'>\n\t\t\t<dt class='gallery-icon landscape'>\n\t\t\t\t<a href='https:\/\/www.visit-ulcinj.com\/blog\/wp-content\/uploads\/2010\/05\/promovimi-qendror-i-FORCES_1.jpg'><img width=\"150\" height=\"150\" src=\"https:\/\/www.visit-ulcinj.com\/blog\/wp-content\/uploads\/2010\/05\/promovimi-qendror-i-FORCES_1-150x150.jpg\" class=\"attachment-thumbnail size-thumbnail\" alt=\"\" loading=\"lazy\" \/><\/a>\n\t\t\t<\/dt><\/dl><br style=\"clear: both\" \/><dl class='gallery-item'>\n\t\t\t<dt class='gallery-icon landscape'>\n\t\t\t\t<a href='https:\/\/www.visit-ulcinj.com\/blog\/wp-content\/uploads\/2010\/05\/promovimi-qendror-i-FORCES_2.jpg'><img width=\"150\" height=\"150\" src=\"https:\/\/www.visit-ulcinj.com\/blog\/wp-content\/uploads\/2010\/05\/promovimi-qendror-i-FORCES_2-150x150.jpg\" class=\"attachment-thumbnail size-thumbnail\" alt=\"\" loading=\"lazy\" \/><\/a>\n\t\t\t<\/dt><\/dl><dl class='gallery-item'>\n\t\t\t<dt class='gallery-icon landscape'>\n\t\t\t\t<a href='https:\/\/www.visit-ulcinj.com\/blog\/wp-content\/uploads\/2010\/05\/promovimi-qendror-i-FORCES_3.jpg'><img width=\"150\" height=\"150\" src=\"https:\/\/www.visit-ulcinj.com\/blog\/wp-content\/uploads\/2010\/05\/promovimi-qendror-i-FORCES_3-150x150.jpg\" class=\"attachment-thumbnail size-thumbnail\" alt=\"\" loading=\"lazy\" \/><\/a>\n\t\t\t<\/dt><\/dl><dl class='gallery-item'>\n\t\t\t<dt class='gallery-icon landscape'>\n\t\t\t\t<a href='https:\/\/www.visit-ulcinj.com\/blog\/wp-content\/uploads\/2010\/05\/promovimi-qendror-i-FORCES_4.jpg'><img width=\"150\" height=\"150\" src=\"https:\/\/www.visit-ulcinj.com\/blog\/wp-content\/uploads\/2010\/05\/promovimi-qendror-i-FORCES_4-150x150.jpg\" class=\"attachment-thumbnail size-thumbnail\" alt=\"\" loading=\"lazy\" \/><\/a>\n\t\t\t<\/dt><\/dl><br style=\"clear: both\" \/><dl class='gallery-item'>\n\t\t\t<dt class='gallery-icon landscape'>\n\t\t\t\t<a href='https:\/\/www.visit-ulcinj.com\/blog\/wp-content\/uploads\/2010\/05\/promovimi-qendror-i-FORCES_5.jpg'><img width=\"150\" height=\"150\" src=\"https:\/\/www.visit-ulcinj.com\/blog\/wp-content\/uploads\/2010\/05\/promovimi-qendror-i-FORCES_5-150x150.jpg\" class=\"attachment-thumbnail size-thumbnail\" alt=\"\" loading=\"lazy\" \/><\/a>\n\t\t\t<\/dt><\/dl><dl class='gallery-item'>\n\t\t\t<dt class='gallery-icon landscape'>\n\t\t\t\t<a href='https:\/\/www.visit-ulcinj.com\/blog\/wp-content\/uploads\/2010\/05\/promovimi-qendror-i-FORCES_6.jpg'><img width=\"150\" height=\"150\" src=\"https:\/\/www.visit-ulcinj.com\/blog\/wp-content\/uploads\/2010\/05\/promovimi-qendror-i-FORCES_6-150x150.jpg\" class=\"attachment-thumbnail size-thumbnail\" alt=\"\" loading=\"lazy\" \/><\/a>\n\t\t\t<\/dt><\/dl><dl class='gallery-item'>\n\t\t\t<dt class='gallery-icon landscape'>\n\t\t\t\t<a href='https:\/\/www.visit-ulcinj.com\/blog\/wp-content\/uploads\/2010\/05\/promovimi-qendror-i-FORCES_7.jpg'><img width=\"150\" height=\"150\" src=\"https:\/\/www.visit-ulcinj.com\/blog\/wp-content\/uploads\/2010\/05\/promovimi-qendror-i-FORCES_7-150x150.jpg\" class=\"attachment-thumbnail size-thumbnail\" alt=\"\" loading=\"lazy\" \/><\/a>\n\t\t\t<\/dt><\/dl><br style=\"clear: both\" \/><dl class='gallery-item'>\n\t\t\t<dt class='gallery-icon landscape'>\n\t\t\t\t<a href='https:\/\/www.visit-ulcinj.com\/blog\/wp-content\/uploads\/2010\/05\/promovimi-qendror-i-FORCES_8.jpg'><img width=\"150\" height=\"150\" src=\"https:\/\/www.visit-ulcinj.com\/blog\/wp-content\/uploads\/2010\/05\/promovimi-qendror-i-FORCES_8-150x150.jpg\" class=\"attachment-thumbnail size-thumbnail\" alt=\"\" loading=\"lazy\" \/><\/a>\n\t\t\t<\/dt><\/dl><dl class='gallery-item'>\n\t\t\t<dt class='gallery-icon landscape'>\n\t\t\t\t<a href='https:\/\/www.visit-ulcinj.com\/blog\/wp-content\/uploads\/2010\/05\/promovimi-qendror-i-FORCES_9.jpg'><img width=\"150\" height=\"150\" src=\"https:\/\/www.visit-ulcinj.com\/blog\/wp-content\/uploads\/2010\/05\/promovimi-qendror-i-FORCES_9-150x150.jpg\" class=\"attachment-thumbnail size-thumbnail\" alt=\"\" loading=\"lazy\" \/><\/a>\n\t\t\t<\/dt><\/dl><dl class='gallery-item'>\n\t\t\t<dt class='gallery-icon landscape'>\n\t\t\t\t<a href='https:\/\/www.visit-ulcinj.com\/blog\/wp-content\/uploads\/2010\/05\/promovimi-qendror-i-FORCES_10.jpg'><img width=\"150\" height=\"150\" src=\"https:\/\/www.visit-ulcinj.com\/blog\/wp-content\/uploads\/2010\/05\/promovimi-qendror-i-FORCES_10-150x150.jpg\" class=\"attachment-thumbnail size-thumbnail\" alt=\"\" loading=\"lazy\" \/><\/a>\n\t\t\t<\/dt><\/dl><br style=\"clear: both\" \/><dl class='gallery-item'>\n\t\t\t<dt class='gallery-icon landscape'>\n\t\t\t\t<a href='https:\/\/www.visit-ulcinj.com\/blog\/wp-content\/uploads\/2010\/05\/promovimi-qendror-i-FORCES_11.jpg'><img width=\"150\" height=\"150\" src=\"https:\/\/www.visit-ulcinj.com\/blog\/wp-content\/uploads\/2010\/05\/promovimi-qendror-i-FORCES_11-150x150.jpg\" class=\"attachment-thumbnail size-thumbnail\" alt=\"\" loading=\"lazy\" \/><\/a>\n\t\t\t<\/dt><\/dl><dl class='gallery-item'>\n\t\t\t<dt class='gallery-icon landscape'>\n\t\t\t\t<a href='https:\/\/www.visit-ulcinj.com\/blog\/wp-content\/uploads\/2010\/05\/promovimi-qendror-i-FORCES_12.jpg'><img width=\"150\" height=\"150\" src=\"https:\/\/www.visit-ulcinj.com\/blog\/wp-content\/uploads\/2010\/05\/promovimi-qendror-i-FORCES_12-150x150.jpg\" class=\"attachment-thumbnail size-thumbnail\" alt=\"\" loading=\"lazy\" \/><\/a>\n\t\t\t<\/dt><\/dl><dl class='gallery-item'>\n\t\t\t<dt class='gallery-icon landscape'>\n\t\t\t\t<a href='https:\/\/www.visit-ulcinj.com\/blog\/wp-content\/uploads\/2010\/05\/promovimi-qendror-i-FORCES_13.jpg'><img width=\"150\" height=\"150\" src=\"https:\/\/www.visit-ulcinj.com\/blog\/wp-content\/uploads\/2010\/05\/promovimi-qendror-i-FORCES_13-150x150.jpg\" class=\"attachment-thumbnail size-thumbnail\" alt=\"\" loading=\"lazy\" \/><\/a>\n\t\t\t<\/dt><\/dl><br style=\"clear: both\" \/><dl class='gallery-item'>\n\t\t\t<dt class='gallery-icon landscape'>\n\t\t\t\t<a href='https:\/\/www.visit-ulcinj.com\/blog\/wp-content\/uploads\/2010\/05\/promovimi-qendror-i-FORCES_14.jpg'><img width=\"150\" height=\"150\" src=\"https:\/\/www.visit-ulcinj.com\/blog\/wp-content\/uploads\/2010\/05\/promovimi-qendror-i-FORCES_14-150x150.jpg\" class=\"attachment-thumbnail size-thumbnail\" alt=\"\" loading=\"lazy\" \/><\/a>\n\t\t\t<\/dt><\/dl><dl class='gallery-item'>\n\t\t\t<dt class='gallery-icon landscape'>\n\t\t\t\t<a href='https:\/\/www.visit-ulcinj.com\/blog\/wp-content\/uploads\/2010\/05\/promovimi-qendror-i-FORCES_15.jpg'><img width=\"150\" height=\"150\" src=\"https:\/\/www.visit-ulcinj.com\/blog\/wp-content\/uploads\/2010\/05\/promovimi-qendror-i-FORCES_15-150x150.jpg\" class=\"attachment-thumbnail size-thumbnail\" alt=\"\" loading=\"lazy\" \/><\/a>\n\t\t\t<\/dt><\/dl><dl class='gallery-item'>\n\t\t\t<dt class='gallery-icon landscape'>\n\t\t\t\t<a href='https:\/\/www.visit-ulcinj.com\/blog\/wp-content\/uploads\/2010\/05\/promovimi-qendror-i-FORCES_16.jpg'><img width=\"150\" height=\"150\" src=\"https:\/\/www.visit-ulcinj.com\/blog\/wp-content\/uploads\/2010\/05\/promovimi-qendror-i-FORCES_16-150x150.jpg\" class=\"attachment-thumbnail size-thumbnail\" alt=\"\" loading=\"lazy\" \/><\/a>\n\t\t\t<\/dt><\/dl><br style=\"clear: both\" \/><dl class='gallery-item'>\n\t\t\t<dt class='gallery-icon landscape'>\n\t\t\t\t<a href='https:\/\/www.visit-ulcinj.com\/blog\/wp-content\/uploads\/2010\/05\/promovimi-qendror-i-FORCES_17.jpg'><img width=\"150\" height=\"150\" src=\"https:\/\/www.visit-ulcinj.com\/blog\/wp-content\/uploads\/2010\/05\/promovimi-qendror-i-FORCES_17-150x150.jpg\" class=\"attachment-thumbnail size-thumbnail\" alt=\"\" loading=\"lazy\" \/><\/a>\n\t\t\t<\/dt><\/dl><dl class='gallery-item'>\n\t\t\t<dt class='gallery-icon landscape'>\n\t\t\t\t<a href='https:\/\/www.visit-ulcinj.com\/blog\/wp-content\/uploads\/2010\/05\/promovimi-qendror-i-FORCES_18.jpg'><img width=\"150\" height=\"150\" src=\"https:\/\/www.visit-ulcinj.com\/blog\/wp-content\/uploads\/2010\/05\/promovimi-qendror-i-FORCES_18-150x150.jpg\" class=\"attachment-thumbnail size-thumbnail\" alt=\"\" loading=\"lazy\" \/><\/a>\n\t\t\t<\/dt><\/dl><dl class='gallery-item'>\n\t\t\t<dt class='gallery-icon landscape'>\n\t\t\t\t<a href='https:\/\/www.visit-ulcinj.com\/blog\/wp-content\/uploads\/2010\/05\/promovimi-qendror-i-FORCES_19.jpg'><img width=\"150\" height=\"150\" src=\"https:\/\/www.visit-ulcinj.com\/blog\/wp-content\/uploads\/2010\/05\/promovimi-qendror-i-FORCES_19-150x150.jpg\" class=\"attachment-thumbnail size-thumbnail\" alt=\"\" loading=\"lazy\" \/><\/a>\n\t\t\t<\/dt><\/dl><br style=\"clear: both\" \/><dl class='gallery-item'>\n\t\t\t<dt class='gallery-icon landscape'>\n\t\t\t\t<a href='https:\/\/www.visit-ulcinj.com\/blog\/wp-content\/uploads\/2010\/05\/promovimi-qendror-i-FORCES_20.jpg'><img width=\"150\" height=\"150\" src=\"https:\/\/www.visit-ulcinj.com\/blog\/wp-content\/uploads\/2010\/05\/promovimi-qendror-i-FORCES_20-150x150.jpg\" class=\"attachment-thumbnail size-thumbnail\" alt=\"\" loading=\"lazy\" \/><\/a>\n\t\t\t<\/dt><\/dl><dl class='gallery-item'>\n\t\t\t<dt class='gallery-icon landscape'>\n\t\t\t\t<a href='https:\/\/www.visit-ulcinj.com\/blog\/wp-content\/uploads\/2010\/05\/promovimi-qendror-i-FORCES_21.jpg'><img width=\"150\" height=\"150\" src=\"https:\/\/www.visit-ulcinj.com\/blog\/wp-content\/uploads\/2010\/05\/promovimi-qendror-i-FORCES_21-150x150.jpg\" class=\"attachment-thumbnail size-thumbnail\" alt=\"\" loading=\"lazy\" \/><\/a>\n\t\t\t<\/dt><\/dl><dl class='gallery-item'>\n\t\t\t<dt class='gallery-icon landscape'>\n\t\t\t\t<a href='https:\/\/www.visit-ulcinj.com\/blog\/wp-content\/uploads\/2010\/05\/promovimi-qendror-i-FORCES_22.jpg'><img width=\"150\" height=\"150\" src=\"https:\/\/www.visit-ulcinj.com\/blog\/wp-content\/uploads\/2010\/05\/promovimi-qendror-i-FORCES_22-150x150.jpg\" class=\"attachment-thumbnail size-thumbnail\" alt=\"\" loading=\"lazy\" \/><\/a>\n\t\t\t<\/dt><\/dl><br style=\"clear: both\" \/><dl class='gallery-item'>\n\t\t\t<dt class='gallery-icon landscape'>\n\t\t\t\t<a href='https:\/\/www.visit-ulcinj.com\/blog\/wp-content\/uploads\/2010\/05\/promovimi-qendror-i-FORCES_23.jpg'><img width=\"150\" height=\"150\" src=\"https:\/\/www.visit-ulcinj.com\/blog\/wp-content\/uploads\/2010\/05\/promovimi-qendror-i-FORCES_23-150x150.jpg\" class=\"attachment-thumbnail size-thumbnail\" alt=\"\" loading=\"lazy\" \/><\/a>\n\t\t\t<\/dt><\/dl><dl class='gallery-item'>\n\t\t\t<dt class='gallery-icon landscape'>\n\t\t\t\t<a href='https:\/\/www.visit-ulcinj.com\/blog\/wp-content\/uploads\/2010\/05\/promovimi-qendror-i-FORCES_24.jpg'><img width=\"150\" height=\"150\" src=\"https:\/\/www.visit-ulcinj.com\/blog\/wp-content\/uploads\/2010\/05\/promovimi-qendror-i-FORCES_24-150x150.jpg\" class=\"attachment-thumbnail size-thumbnail\" alt=\"\" loading=\"lazy\" \/><\/a>\n\t\t\t<\/dt><\/dl><dl class='gallery-item'>\n\t\t\t<dt class='gallery-icon landscape'>\n\t\t\t\t<a href='https:\/\/www.visit-ulcinj.com\/blog\/wp-content\/uploads\/2010\/05\/promovimi-qendror-i-FORCES_25.jpg'><img width=\"150\" height=\"150\" src=\"https:\/\/www.visit-ulcinj.com\/blog\/wp-content\/uploads\/2010\/05\/promovimi-qendror-i-FORCES_25-150x150.jpg\" class=\"attachment-thumbnail size-thumbnail\" alt=\"\" loading=\"lazy\" \/><\/a>\n\t\t\t<\/dt><\/dl><br style=\"clear: both\" \/>\n\t\t<\/div>\n<\/p>\n","protected":false},"excerpt":{"rendered":"<p>Fushata paraelektorale n\u00eb Mal t\u00eb Zi n\u00eb faz\u00ebn p\u00ebrfundimtare Ulqin, 21 maj &#8211; Fushata paraelektorale p\u00ebr zgjedhjet lokale n\u00eb Mal t\u00eb Zi ka hyr\u00eb n\u00eb faz\u00ebn p\u00ebrfundimtare, nd\u00ebrsa partit\u00eb politike kan\u00eb dh\u00ebn\u00eb premtime p\u00ebr p\u00ebrmir\u00ebsimin e jet\u00ebs s\u00eb qytetar\u00ebve ulqinak\u00eb. Koalicioni \u201cP\u00ebr Ulqinin Evropian\u201d, i p\u00ebrb\u00ebr\u00eb nga Unioni Demokratik i Shqiptar\u00ebve dhe Partia Demokratike e [&hellip;]<\/p>\n","protected":false},"author":1,"featured_media":0,"comment_status":"open","ping_status":"closed","sticky":false,"template":"","format":"standard","meta":{"spay_email":"","jetpack_publicize_message":"","jetpack_is_tweetstorm":false,"jetpack_publicize_feature_enabled":true},"categories":[14249],"tags":[14399,14403,14436,14440,14395,14401,14412,14430,14437,14414,14432,14416,14402,14404,14434,14400,14435,14409,14423,5148,672,14417,14411,14406,14427,14397,14410,14415,824,14431,14433,14425,14442,14443,14405,14418,14429,14396,14426,14407,14394,14421,14413,14398,14438,14441,14428,14419,14422,14420,14424,14408,14439],"jetpack_publicize_connections":[],"yoast_head":"<!-- This site is optimized with the Yoast SEO plugin v19.1 - https:\/\/yoast.com\/wordpress\/plugins\/seo\/ -->\n<title>Fushata paraelektorale n\u00eb Ulqin n\u00eb faz\u00ebn p\u00ebrfundimtare - Video Forca - Lajme nga Ulqini<\/title>\n<meta name=\"description\" content=\"Fushata paraelektorale n\u00eb Mal t\u00eb Zi n\u00eb faz\u00ebn p\u00ebrfundimtare Ulqin, 21 maj - Fushata paraelektorale p\u00ebr zgjedhjet lokale n\u00eb Mal t\u00eb Zi ka hyr\u00eb n\u00eb faz\u00ebn\" \/>\n<meta name=\"robots\" content=\"index, follow, max-snippet:-1, max-image-preview:large, max-video-preview:-1\" \/>\n<link rel=\"canonical\" href=\"https:\/\/www.visit-ulcinj.com\/blog\/2010\/05\/21\/fushata-paraelektorale-ne-mal-te-zi-ne-fazen-perfundimtare\/\" \/>\n<meta property=\"og:locale\" content=\"en_US\" \/>\n<meta property=\"og:type\" content=\"article\" \/>\n<meta property=\"og:title\" content=\"Fushata paraelektorale n\u00eb Ulqin n\u00eb faz\u00ebn p\u00ebrfundimtare - Video Forca - Lajme nga Ulqini\" \/>\n<meta property=\"og:description\" content=\"Fushata paraelektorale n\u00eb Mal t\u00eb Zi n\u00eb faz\u00ebn p\u00ebrfundimtare Ulqin, 21 maj - Fushata paraelektorale p\u00ebr zgjedhjet lokale n\u00eb Mal t\u00eb Zi ka hyr\u00eb n\u00eb faz\u00ebn\" \/>\n<meta property=\"og:url\" content=\"https:\/\/www.visit-ulcinj.com\/blog\/2010\/05\/21\/fushata-paraelektorale-ne-mal-te-zi-ne-fazen-perfundimtare\/\" \/>\n<meta property=\"og:site_name\" content=\"Lajme nga Ulqini\" \/>\n<meta property=\"article:published_time\" content=\"2010-05-21T17:18:33+00:00\" \/>\n<meta property=\"article:modified_time\" content=\"2010-05-24T16:37:42+00:00\" \/>\n<meta property=\"og:image\" content=\"https:\/\/www.visit-ulcinj.com\/blog\/wp-content\/uploads\/2010\/05\/promovimi-qendror-i-FORCES.1-150x150.jpg\" \/>\n<meta name=\"twitter:label1\" content=\"Written by\" \/>\n\t<meta name=\"twitter:data1\" content=\"ulqini\" \/>\n\t<meta name=\"twitter:label2\" content=\"Est. reading time\" \/>\n\t<meta name=\"twitter:data2\" content=\"1 minute\" \/>\n<script type=\"application\/ld+json\" class=\"yoast-schema-graph\">{\"@context\":\"https:\/\/schema.org\",\"@graph\":[{\"@type\":\"WebSite\",\"@id\":\"https:\/\/www.visit-ulcinj.com\/blog\/#website\",\"url\":\"https:\/\/www.visit-ulcinj.com\/blog\/\",\"name\":\"Lajme nga Ulqini\",\"description\":\"Lajme,Vijesti,Ulqini,Ulqin,Crna Gora,Mali i Zi\",\"potentialAction\":[{\"@type\":\"SearchAction\",\"target\":{\"@type\":\"EntryPoint\",\"urlTemplate\":\"https:\/\/www.visit-ulcinj.com\/blog\/?s={search_term_string}\"},\"query-input\":\"required name=search_term_string\"}],\"inLanguage\":\"en-US\"},{\"@type\":\"ImageObject\",\"inLanguage\":\"en-US\",\"@id\":\"https:\/\/www.visit-ulcinj.com\/blog\/2010\/05\/21\/fushata-paraelektorale-ne-mal-te-zi-ne-fazen-perfundimtare\/#primaryimage\",\"url\":\"https:\/\/www.visit-ulcinj.com\/blog\/wp-content\/uploads\/2010\/05\/promovimi-qendror-i-FORCES.1.jpg\",\"contentUrl\":\"https:\/\/www.visit-ulcinj.com\/blog\/wp-content\/uploads\/2010\/05\/promovimi-qendror-i-FORCES.1.jpg\",\"width\":\"720\",\"height\":\"479\"},{\"@type\":\"WebPage\",\"@id\":\"https:\/\/www.visit-ulcinj.com\/blog\/2010\/05\/21\/fushata-paraelektorale-ne-mal-te-zi-ne-fazen-perfundimtare\/#webpage\",\"url\":\"https:\/\/www.visit-ulcinj.com\/blog\/2010\/05\/21\/fushata-paraelektorale-ne-mal-te-zi-ne-fazen-perfundimtare\/\",\"name\":\"Fushata paraelektorale n\u00eb Ulqin n\u00eb faz\u00ebn p\u00ebrfundimtare - Video Forca - Lajme nga Ulqini\",\"isPartOf\":{\"@id\":\"https:\/\/www.visit-ulcinj.com\/blog\/#website\"},\"primaryImageOfPage\":{\"@id\":\"https:\/\/www.visit-ulcinj.com\/blog\/2010\/05\/21\/fushata-paraelektorale-ne-mal-te-zi-ne-fazen-perfundimtare\/#primaryimage\"},\"datePublished\":\"2010-05-21T17:18:33+00:00\",\"dateModified\":\"2010-05-24T16:37:42+00:00\",\"author\":{\"@id\":\"https:\/\/www.visit-ulcinj.com\/blog\/#\/schema\/person\/dcab619c614d3038751c63bc2aadc06d\"},\"description\":\"Fushata paraelektorale n\u00eb Mal t\u00eb Zi n\u00eb faz\u00ebn p\u00ebrfundimtare Ulqin, 21 maj - Fushata paraelektorale p\u00ebr zgjedhjet lokale n\u00eb Mal t\u00eb Zi ka hyr\u00eb n\u00eb faz\u00ebn\",\"breadcrumb\":{\"@id\":\"https:\/\/www.visit-ulcinj.com\/blog\/2010\/05\/21\/fushata-paraelektorale-ne-mal-te-zi-ne-fazen-perfundimtare\/#breadcrumb\"},\"inLanguage\":\"en-US\",\"potentialAction\":[{\"@type\":\"ReadAction\",\"target\":[\"https:\/\/www.visit-ulcinj.com\/blog\/2010\/05\/21\/fushata-paraelektorale-ne-mal-te-zi-ne-fazen-perfundimtare\/\"]}]},{\"@type\":\"BreadcrumbList\",\"@id\":\"https:\/\/www.visit-ulcinj.com\/blog\/2010\/05\/21\/fushata-paraelektorale-ne-mal-te-zi-ne-fazen-perfundimtare\/#breadcrumb\",\"itemListElement\":[{\"@type\":\"ListItem\",\"position\":1,\"name\":\"Fushata paraelektorale n\u00eb Ulqin n\u00eb faz\u00ebn p\u00ebrfundimtare &#8211; Video Forca\"}]},{\"@type\":\"Person\",\"@id\":\"https:\/\/www.visit-ulcinj.com\/blog\/#\/schema\/person\/dcab619c614d3038751c63bc2aadc06d\",\"name\":\"ulqini\",\"sameAs\":[\"http:\/\/www.visit-ulcinj.com\"],\"url\":\"https:\/\/www.visit-ulcinj.com\/blog\/author\/admin\/\"}]}<\/script>\n<!-- \/ Yoast SEO plugin. -->","yoast_head_json":{"title":"Fushata paraelektorale n\u00eb Ulqin n\u00eb faz\u00ebn p\u00ebrfundimtare - Video Forca - Lajme nga Ulqini","description":"Fushata paraelektorale n\u00eb Mal t\u00eb Zi n\u00eb faz\u00ebn p\u00ebrfundimtare Ulqin, 21 maj - Fushata paraelektorale p\u00ebr zgjedhjet lokale n\u00eb Mal t\u00eb Zi ka hyr\u00eb n\u00eb faz\u00ebn","robots":{"index":"index","follow":"follow","max-snippet":"max-snippet:-1","max-image-preview":"max-image-preview:large","max-video-preview":"max-video-preview:-1"},"canonical":"https:\/\/www.visit-ulcinj.com\/blog\/2010\/05\/21\/fushata-paraelektorale-ne-mal-te-zi-ne-fazen-perfundimtare\/","og_locale":"en_US","og_type":"article","og_title":"Fushata paraelektorale n\u00eb Ulqin n\u00eb faz\u00ebn p\u00ebrfundimtare - Video Forca - Lajme nga Ulqini","og_description":"Fushata paraelektorale n\u00eb Mal t\u00eb Zi n\u00eb faz\u00ebn p\u00ebrfundimtare Ulqin, 21 maj - Fushata paraelektorale p\u00ebr zgjedhjet lokale n\u00eb Mal t\u00eb Zi ka hyr\u00eb n\u00eb faz\u00ebn","og_url":"https:\/\/www.visit-ulcinj.com\/blog\/2010\/05\/21\/fushata-paraelektorale-ne-mal-te-zi-ne-fazen-perfundimtare\/","og_site_name":"Lajme nga Ulqini","article_published_time":"2010-05-21T17:18:33+00:00","article_modified_time":"2010-05-24T16:37:42+00:00","og_image":[{"url":"https:\/\/www.visit-ulcinj.com\/blog\/wp-content\/uploads\/2010\/05\/promovimi-qendror-i-FORCES.1-150x150.jpg"}],"twitter_misc":{"Written by":"ulqini","Est. reading time":"1 minute"},"schema":{"@context":"https:\/\/schema.org","@graph":[{"@type":"WebSite","@id":"https:\/\/www.visit-ulcinj.com\/blog\/#website","url":"https:\/\/www.visit-ulcinj.com\/blog\/","name":"Lajme nga Ulqini","description":"Lajme,Vijesti,Ulqini,Ulqin,Crna Gora,Mali i Zi","potentialAction":[{"@type":"SearchAction","target":{"@type":"EntryPoint","urlTemplate":"https:\/\/www.visit-ulcinj.com\/blog\/?s={search_term_string}"},"query-input":"required name=search_term_string"}],"inLanguage":"en-US"},{"@type":"ImageObject","inLanguage":"en-US","@id":"https:\/\/www.visit-ulcinj.com\/blog\/2010\/05\/21\/fushata-paraelektorale-ne-mal-te-zi-ne-fazen-perfundimtare\/#primaryimage","url":"https:\/\/www.visit-ulcinj.com\/blog\/wp-content\/uploads\/2010\/05\/promovimi-qendror-i-FORCES.1.jpg","contentUrl":"https:\/\/www.visit-ulcinj.com\/blog\/wp-content\/uploads\/2010\/05\/promovimi-qendror-i-FORCES.1.jpg","width":"720","height":"479"},{"@type":"WebPage","@id":"https:\/\/www.visit-ulcinj.com\/blog\/2010\/05\/21\/fushata-paraelektorale-ne-mal-te-zi-ne-fazen-perfundimtare\/#webpage","url":"https:\/\/www.visit-ulcinj.com\/blog\/2010\/05\/21\/fushata-paraelektorale-ne-mal-te-zi-ne-fazen-perfundimtare\/","name":"Fushata paraelektorale n\u00eb Ulqin n\u00eb faz\u00ebn p\u00ebrfundimtare - Video Forca - Lajme nga Ulqini","isPartOf":{"@id":"https:\/\/www.visit-ulcinj.com\/blog\/#website"},"primaryImageOfPage":{"@id":"https:\/\/www.visit-ulcinj.com\/blog\/2010\/05\/21\/fushata-paraelektorale-ne-mal-te-zi-ne-fazen-perfundimtare\/#primaryimage"},"datePublished":"2010-05-21T17:18:33+00:00","dateModified":"2010-05-24T16:37:42+00:00","author":{"@id":"https:\/\/www.visit-ulcinj.com\/blog\/#\/schema\/person\/dcab619c614d3038751c63bc2aadc06d"},"description":"Fushata paraelektorale n\u00eb Mal t\u00eb Zi n\u00eb faz\u00ebn p\u00ebrfundimtare Ulqin, 21 maj - Fushata paraelektorale p\u00ebr zgjedhjet lokale n\u00eb Mal t\u00eb Zi ka hyr\u00eb n\u00eb faz\u00ebn","breadcrumb":{"@id":"https:\/\/www.visit-ulcinj.com\/blog\/2010\/05\/21\/fushata-paraelektorale-ne-mal-te-zi-ne-fazen-perfundimtare\/#breadcrumb"},"inLanguage":"en-US","potentialAction":[{"@type":"ReadAction","target":["https:\/\/www.visit-ulcinj.com\/blog\/2010\/05\/21\/fushata-paraelektorale-ne-mal-te-zi-ne-fazen-perfundimtare\/"]}]},{"@type":"BreadcrumbList","@id":"https:\/\/www.visit-ulcinj.com\/blog\/2010\/05\/21\/fushata-paraelektorale-ne-mal-te-zi-ne-fazen-perfundimtare\/#breadcrumb","itemListElement":[{"@type":"ListItem","position":1,"name":"Fushata paraelektorale n\u00eb Ulqin n\u00eb faz\u00ebn p\u00ebrfundimtare &#8211; Video Forca"}]},{"@type":"Person","@id":"https:\/\/www.visit-ulcinj.com\/blog\/#\/schema\/person\/dcab619c614d3038751c63bc2aadc06d","name":"ulqini","sameAs":["http:\/\/www.visit-ulcinj.com"],"url":"https:\/\/www.visit-ulcinj.com\/blog\/author\/admin\/"}]}},"jetpack_featured_media_url":"","jetpack_sharing_enabled":true,"jetpack_shortlink":"https:\/\/wp.me\/pe6lTn-8Jc","_links":{"self":[{"href":"https:\/\/www.visit-ulcinj.com\/blog\/wp-json\/wp\/v2\/posts\/33554"}],"collection":[{"href":"https:\/\/www.visit-ulcinj.com\/blog\/wp-json\/wp\/v2\/posts"}],"about":[{"href":"https:\/\/www.visit-ulcinj.com\/blog\/wp-json\/wp\/v2\/types\/post"}],"author":[{"embeddable":true,"href":"https:\/\/www.visit-ulcinj.com\/blog\/wp-json\/wp\/v2\/users\/1"}],"replies":[{"embeddable":true,"href":"https:\/\/www.visit-ulcinj.com\/blog\/wp-json\/wp\/v2\/comments?post=33554"}],"version-history":[{"count":0,"href":"https:\/\/www.visit-ulcinj.com\/blog\/wp-json\/wp\/v2\/posts\/33554\/revisions"}],"wp:attachment":[{"href":"https:\/\/www.visit-ulcinj.com\/blog\/wp-json\/wp\/v2\/media?parent=33554"}],"wp:term":[{"taxonomy":"category","embeddable":true,"href":"https:\/\/www.visit-ulcinj.com\/blog\/wp-json\/wp\/v2\/categories?post=33554"},{"taxonomy":"post_tag","embeddable":true,"href":"https:\/\/www.visit-ulcinj.com\/blog\/wp-json\/wp\/v2\/tags?post=33554"}],"curies":[{"name":"wp","href":"https:\/\/api.w.org\/{rel}","templated":true}]}}