{"id":3357,"date":"2008-09-16T06:26:29","date_gmt":"2008-09-16T11:26:29","guid":{"rendered":"http:\/\/www.visit-ulcinj.com\/blog\/?p=3357"},"modified":"2008-10-17T14:46:21","modified_gmt":"2008-10-17T19:46:21","slug":"ulcinj-svjetski-a-nas","status":"publish","type":"post","link":"https:\/\/www.visit-ulcinj.com\/blog\/2008\/09\/16\/ulcinj-svjetski-a-nas\/","title":{"rendered":"Ulcinj svjetski a na\u0161"},"content":{"rendered":"<p><a href=\"http:\/\/www.visit-ulcinj.com\/blog\/wp-content\/uploads\/2008\/09\/gzim-hajdinaga_gvozdenovic.jpg\"><img loading=\"lazy\" class=\"alignleft size-medium wp-image-3294\" title=\"gzim-hajdinaga_gvozdenovic\" src=\"http:\/\/www.visit-ulcinj.com\/blog\/wp-content\/uploads\/2008\/09\/gzim-hajdinaga_gvozdenovic.jpg\" alt=\"\" width=\"290\" height=\"190\" \/><\/a>Zaustavljanje bespravne gradnje je dr\u017eavni prioritet i o?ekujem da odgovaraju svi koji ne budu po\u0161tovali pravila. Ako ne budemo ?uvali prostor sami ?emo zaustaviti ekonomski razvoj, kazao je ju?e ministar ekonomije Branimir Bojani?, nakon sastanka sa ulcinjskim gradona?elnikom Gzimom Hajdinagom.<br \/>\nNaveo je da je dosada\u0161nje djelovanje gra?evinske inspekcije bilo povremeno, ali da je Vlada zaklju?ila da se divljoj gradnji mora stati u kraj.<br \/>\n&#8211; Ulcinj ima ogroman potencijal i cilj nam je da zajedni?ki tim Vlade i Op\u0161tine obezbijei ubrzan razvoj. Najvi\u0161e pa\u017enje posve?eno je valorizaciji Velike pla\u017ee, i u novembru ?e biti objavljen me?unarodni tender. Ulcinj ?e biti svjetski poznata i priznata turisti?ka destinacija &#8211; otkrio je Gvozdenovi?, dodaju?i da je \u201eklju?na stvar za razvoj? zavr\u0161etak prostorno planske dokumentacije.<br \/>\n\u2013 Vjerujem da ?emo vrlo brzo mo?i da se pohvalimo projektima koji realizuju najeminentnije svjetske kompanije i rokovima njihove realizacije \u2013 naglasio je on.<br \/>\nHajdinaga je kazao je da se li?no zalo\u017eio da se hitno interveni\u0161e na Adi Bojani.<br \/>\n&#8211; To je atraktivan lokalitet i ne smijemo dozvoliti da bude devastiran. Insistira?emo na uklanjanju svih bespravno podignutih objekata &#8211; obe?ao je Hajdinaga i naveo da ?e Vlada pomo?i da se izgradi sportska hala i most na Port Mileni, ?iji je projekat zavr\u0161en i predat op\u0161tini. Direktor Direkcije javnih radova \u017darko \u017divkovi? najavio je nastavak asfaltiranja puteva i postavljanja javne rasvjete.<br \/>\n<strong>M. K.<br \/>\nIzvor \/ Dan<\/strong><\/p>\n<p style=\"text-align: center;\"><a href=\"http:\/\/www.visit-ulcinj.com\/blog\/wp-content\/uploads\/2008\/09\/klubi-i-basketbollit-ulqini.jpg\"><img loading=\"lazy\" class=\"aligncenter size-medium wp-image-3400\" title=\"klubi-i-basketbollit-ulqini\" src=\"http:\/\/www.visit-ulcinj.com\/blog\/wp-content\/uploads\/2008\/09\/klubi-i-basketbollit-ulqini.jpg\" alt=\"\" width=\"500\" height=\"300\" \/><\/a><\/p>\n","protected":false},"excerpt":{"rendered":"<p>Zaustavljanje bespravne gradnje je dr\u017eavni prioritet i o?ekujem da odgovaraju svi koji ne budu po\u0161tovali pravila. Ako ne budemo ?uvali prostor sami ?emo zaustaviti ekonomski razvoj, kazao je ju?e ministar ekonomije Branimir Bojani?, nakon sastanka sa ulcinjskim gradona?elnikom Gzimom Hajdinagom. Naveo je da je dosada\u0161nje djelovanje gra?evinske inspekcije bilo povremeno, ali da je Vlada zaklju?ila [&hellip;]<\/p>\n","protected":false},"author":1,"featured_media":0,"comment_status":"open","ping_status":"closed","sticky":false,"template":"","format":"standard","meta":{"spay_email":"","jetpack_publicize_message":"","jetpack_is_tweetstorm":false,"jetpack_publicize_feature_enabled":true},"categories":[1,12],"tags":[19],"jetpack_publicize_connections":[],"yoast_head":"<!-- This site is optimized with the Yoast SEO plugin v19.1 - https:\/\/yoast.com\/wordpress\/plugins\/seo\/ -->\n<title>Ulcinj svjetski a na\u0161 - Lajme nga Ulqini<\/title>\n<meta name=\"description\" content=\"Zaustavljanje bespravne gradnje je dr\u017eavni prioritet i o?ekujem da odgovaraju svi koji ne budu po\u0161tovali pravila. Ako ne budemo ?uvali prostor sami ?emo\" \/>\n<meta name=\"robots\" content=\"index, follow, max-snippet:-1, max-image-preview:large, max-video-preview:-1\" \/>\n<link rel=\"canonical\" href=\"https:\/\/www.visit-ulcinj.com\/blog\/2008\/09\/16\/ulcinj-svjetski-a-nas\/\" \/>\n<meta property=\"og:locale\" content=\"en_US\" \/>\n<meta property=\"og:type\" content=\"article\" \/>\n<meta property=\"og:title\" content=\"Ulcinj svjetski a na\u0161 - Lajme nga Ulqini\" \/>\n<meta property=\"og:description\" content=\"Zaustavljanje bespravne gradnje je dr\u017eavni prioritet i o?ekujem da odgovaraju svi koji ne budu po\u0161tovali pravila. Ako ne budemo ?uvali prostor sami ?emo\" \/>\n<meta property=\"og:url\" content=\"https:\/\/www.visit-ulcinj.com\/blog\/2008\/09\/16\/ulcinj-svjetski-a-nas\/\" \/>\n<meta property=\"og:site_name\" content=\"Lajme nga Ulqini\" \/>\n<meta property=\"article:published_time\" content=\"2008-09-16T11:26:29+00:00\" \/>\n<meta property=\"article:modified_time\" content=\"2008-10-17T19:46:21+00:00\" \/>\n<meta property=\"og:image\" content=\"http:\/\/www.visit-ulcinj.com\/blog\/wp-content\/uploads\/2008\/09\/gzim-hajdinaga_gvozdenovic.jpg\" \/>\n<meta name=\"twitter:label1\" content=\"Written by\" \/>\n\t<meta name=\"twitter:data1\" content=\"ulqini\" \/>\n\t<meta name=\"twitter:label2\" content=\"Est. reading time\" \/>\n\t<meta name=\"twitter:data2\" content=\"1 minute\" \/>\n<script type=\"application\/ld+json\" class=\"yoast-schema-graph\">{\"@context\":\"https:\/\/schema.org\",\"@graph\":[{\"@type\":\"WebSite\",\"@id\":\"https:\/\/www.visit-ulcinj.com\/blog\/#website\",\"url\":\"https:\/\/www.visit-ulcinj.com\/blog\/\",\"name\":\"Lajme nga Ulqini\",\"description\":\"Lajme,Vijesti,Ulqini,Ulqin,Crna Gora,Mali i Zi\",\"potentialAction\":[{\"@type\":\"SearchAction\",\"target\":{\"@type\":\"EntryPoint\",\"urlTemplate\":\"https:\/\/www.visit-ulcinj.com\/blog\/?s={search_term_string}\"},\"query-input\":\"required name=search_term_string\"}],\"inLanguage\":\"en-US\"},{\"@type\":\"ImageObject\",\"inLanguage\":\"en-US\",\"@id\":\"https:\/\/www.visit-ulcinj.com\/blog\/2008\/09\/16\/ulcinj-svjetski-a-nas\/#primaryimage\",\"url\":\"http:\/\/www.visit-ulcinj.com\/blog\/wp-content\/uploads\/2008\/09\/gzim-hajdinaga_gvozdenovic.jpg\",\"contentUrl\":\"http:\/\/www.visit-ulcinj.com\/blog\/wp-content\/uploads\/2008\/09\/gzim-hajdinaga_gvozdenovic.jpg\"},{\"@type\":\"WebPage\",\"@id\":\"https:\/\/www.visit-ulcinj.com\/blog\/2008\/09\/16\/ulcinj-svjetski-a-nas\/#webpage\",\"url\":\"https:\/\/www.visit-ulcinj.com\/blog\/2008\/09\/16\/ulcinj-svjetski-a-nas\/\",\"name\":\"Ulcinj svjetski a na\u0161 - Lajme nga Ulqini\",\"isPartOf\":{\"@id\":\"https:\/\/www.visit-ulcinj.com\/blog\/#website\"},\"primaryImageOfPage\":{\"@id\":\"https:\/\/www.visit-ulcinj.com\/blog\/2008\/09\/16\/ulcinj-svjetski-a-nas\/#primaryimage\"},\"datePublished\":\"2008-09-16T11:26:29+00:00\",\"dateModified\":\"2008-10-17T19:46:21+00:00\",\"author\":{\"@id\":\"https:\/\/www.visit-ulcinj.com\/blog\/#\/schema\/person\/dcab619c614d3038751c63bc2aadc06d\"},\"description\":\"Zaustavljanje bespravne gradnje je dr\u017eavni prioritet i o?ekujem da odgovaraju svi koji ne budu po\u0161tovali pravila. Ako ne budemo ?uvali prostor sami ?emo\",\"breadcrumb\":{\"@id\":\"https:\/\/www.visit-ulcinj.com\/blog\/2008\/09\/16\/ulcinj-svjetski-a-nas\/#breadcrumb\"},\"inLanguage\":\"en-US\",\"potentialAction\":[{\"@type\":\"ReadAction\",\"target\":[\"https:\/\/www.visit-ulcinj.com\/blog\/2008\/09\/16\/ulcinj-svjetski-a-nas\/\"]}]},{\"@type\":\"BreadcrumbList\",\"@id\":\"https:\/\/www.visit-ulcinj.com\/blog\/2008\/09\/16\/ulcinj-svjetski-a-nas\/#breadcrumb\",\"itemListElement\":[{\"@type\":\"ListItem\",\"position\":1,\"name\":\"Ulcinj svjetski a na\u0161\"}]},{\"@type\":\"Person\",\"@id\":\"https:\/\/www.visit-ulcinj.com\/blog\/#\/schema\/person\/dcab619c614d3038751c63bc2aadc06d\",\"name\":\"ulqini\",\"sameAs\":[\"http:\/\/www.visit-ulcinj.com\"],\"url\":\"https:\/\/www.visit-ulcinj.com\/blog\/author\/admin\/\"}]}<\/script>\n<!-- \/ Yoast SEO plugin. -->","yoast_head_json":{"title":"Ulcinj svjetski a na\u0161 - Lajme nga Ulqini","description":"Zaustavljanje bespravne gradnje je dr\u017eavni prioritet i o?ekujem da odgovaraju svi koji ne budu po\u0161tovali pravila. Ako ne budemo ?uvali prostor sami ?emo","robots":{"index":"index","follow":"follow","max-snippet":"max-snippet:-1","max-image-preview":"max-image-preview:large","max-video-preview":"max-video-preview:-1"},"canonical":"https:\/\/www.visit-ulcinj.com\/blog\/2008\/09\/16\/ulcinj-svjetski-a-nas\/","og_locale":"en_US","og_type":"article","og_title":"Ulcinj svjetski a na\u0161 - Lajme nga Ulqini","og_description":"Zaustavljanje bespravne gradnje je dr\u017eavni prioritet i o?ekujem da odgovaraju svi koji ne budu po\u0161tovali pravila. Ako ne budemo ?uvali prostor sami ?emo","og_url":"https:\/\/www.visit-ulcinj.com\/blog\/2008\/09\/16\/ulcinj-svjetski-a-nas\/","og_site_name":"Lajme nga Ulqini","article_published_time":"2008-09-16T11:26:29+00:00","article_modified_time":"2008-10-17T19:46:21+00:00","og_image":[{"url":"http:\/\/www.visit-ulcinj.com\/blog\/wp-content\/uploads\/2008\/09\/gzim-hajdinaga_gvozdenovic.jpg"}],"twitter_misc":{"Written by":"ulqini","Est. reading time":"1 minute"},"schema":{"@context":"https:\/\/schema.org","@graph":[{"@type":"WebSite","@id":"https:\/\/www.visit-ulcinj.com\/blog\/#website","url":"https:\/\/www.visit-ulcinj.com\/blog\/","name":"Lajme nga Ulqini","description":"Lajme,Vijesti,Ulqini,Ulqin,Crna Gora,Mali i Zi","potentialAction":[{"@type":"SearchAction","target":{"@type":"EntryPoint","urlTemplate":"https:\/\/www.visit-ulcinj.com\/blog\/?s={search_term_string}"},"query-input":"required name=search_term_string"}],"inLanguage":"en-US"},{"@type":"ImageObject","inLanguage":"en-US","@id":"https:\/\/www.visit-ulcinj.com\/blog\/2008\/09\/16\/ulcinj-svjetski-a-nas\/#primaryimage","url":"http:\/\/www.visit-ulcinj.com\/blog\/wp-content\/uploads\/2008\/09\/gzim-hajdinaga_gvozdenovic.jpg","contentUrl":"http:\/\/www.visit-ulcinj.com\/blog\/wp-content\/uploads\/2008\/09\/gzim-hajdinaga_gvozdenovic.jpg"},{"@type":"WebPage","@id":"https:\/\/www.visit-ulcinj.com\/blog\/2008\/09\/16\/ulcinj-svjetski-a-nas\/#webpage","url":"https:\/\/www.visit-ulcinj.com\/blog\/2008\/09\/16\/ulcinj-svjetski-a-nas\/","name":"Ulcinj svjetski a na\u0161 - Lajme nga Ulqini","isPartOf":{"@id":"https:\/\/www.visit-ulcinj.com\/blog\/#website"},"primaryImageOfPage":{"@id":"https:\/\/www.visit-ulcinj.com\/blog\/2008\/09\/16\/ulcinj-svjetski-a-nas\/#primaryimage"},"datePublished":"2008-09-16T11:26:29+00:00","dateModified":"2008-10-17T19:46:21+00:00","author":{"@id":"https:\/\/www.visit-ulcinj.com\/blog\/#\/schema\/person\/dcab619c614d3038751c63bc2aadc06d"},"description":"Zaustavljanje bespravne gradnje je dr\u017eavni prioritet i o?ekujem da odgovaraju svi koji ne budu po\u0161tovali pravila. Ako ne budemo ?uvali prostor sami ?emo","breadcrumb":{"@id":"https:\/\/www.visit-ulcinj.com\/blog\/2008\/09\/16\/ulcinj-svjetski-a-nas\/#breadcrumb"},"inLanguage":"en-US","potentialAction":[{"@type":"ReadAction","target":["https:\/\/www.visit-ulcinj.com\/blog\/2008\/09\/16\/ulcinj-svjetski-a-nas\/"]}]},{"@type":"BreadcrumbList","@id":"https:\/\/www.visit-ulcinj.com\/blog\/2008\/09\/16\/ulcinj-svjetski-a-nas\/#breadcrumb","itemListElement":[{"@type":"ListItem","position":1,"name":"Ulcinj svjetski a na\u0161"}]},{"@type":"Person","@id":"https:\/\/www.visit-ulcinj.com\/blog\/#\/schema\/person\/dcab619c614d3038751c63bc2aadc06d","name":"ulqini","sameAs":["http:\/\/www.visit-ulcinj.com"],"url":"https:\/\/www.visit-ulcinj.com\/blog\/author\/admin\/"}]}},"jetpack_featured_media_url":"","jetpack_sharing_enabled":true,"jetpack_shortlink":"https:\/\/wp.me\/pe6lTn-S9","_links":{"self":[{"href":"https:\/\/www.visit-ulcinj.com\/blog\/wp-json\/wp\/v2\/posts\/3357"}],"collection":[{"href":"https:\/\/www.visit-ulcinj.com\/blog\/wp-json\/wp\/v2\/posts"}],"about":[{"href":"https:\/\/www.visit-ulcinj.com\/blog\/wp-json\/wp\/v2\/types\/post"}],"author":[{"embeddable":true,"href":"https:\/\/www.visit-ulcinj.com\/blog\/wp-json\/wp\/v2\/users\/1"}],"replies":[{"embeddable":true,"href":"https:\/\/www.visit-ulcinj.com\/blog\/wp-json\/wp\/v2\/comments?post=3357"}],"version-history":[{"count":0,"href":"https:\/\/www.visit-ulcinj.com\/blog\/wp-json\/wp\/v2\/posts\/3357\/revisions"}],"wp:attachment":[{"href":"https:\/\/www.visit-ulcinj.com\/blog\/wp-json\/wp\/v2\/media?parent=3357"}],"wp:term":[{"taxonomy":"category","embeddable":true,"href":"https:\/\/www.visit-ulcinj.com\/blog\/wp-json\/wp\/v2\/categories?post=3357"},{"taxonomy":"post_tag","embeddable":true,"href":"https:\/\/www.visit-ulcinj.com\/blog\/wp-json\/wp\/v2\/tags?post=3357"}],"curies":[{"name":"wp","href":"https:\/\/api.w.org\/{rel}","templated":true}]}}