{"id":3360,"date":"2008-09-16T11:51:48","date_gmt":"2008-09-16T16:51:48","guid":{"rendered":"http:\/\/www.visit-ulcinj.com\/blog\/?p=3360"},"modified":"2008-10-17T14:41:16","modified_gmt":"2008-10-17T19:41:16","slug":"mali-i-zi-pergatitet-ta-njohe-kosoven","status":"publish","type":"post","link":"https:\/\/www.visit-ulcinj.com\/blog\/2008\/09\/16\/mali-i-zi-pergatitet-ta-njohe-kosoven\/","title":{"rendered":"Mali i Zi p\u00ebrgatitet ta njoh\u00eb Kosov\u00ebn"},"content":{"rendered":"<p><a href=\"http:\/\/www.visit-ulcinj.com\/blog\/wp-content\/uploads\/2008\/09\/ranko-krivokapic.jpg\"><img loading=\"lazy\" class=\"alignleft size-medium wp-image-3361\" title=\"ranko-krivokapic\" src=\"http:\/\/www.visit-ulcinj.com\/blog\/wp-content\/uploads\/2008\/09\/ranko-krivokapic-287x300.jpg\" alt=\"\" width=\"287\" height=\"300\" srcset=\"https:\/\/www.visit-ulcinj.com\/blog\/wp-content\/uploads\/2008\/09\/ranko-krivokapic-287x300.jpg 287w, https:\/\/www.visit-ulcinj.com\/blog\/wp-content\/uploads\/2008\/09\/ranko-krivokapic.jpg 350w\" sizes=\"(max-width: 287px) 100vw, 287px\" \/><\/a>Deputet\u00ebt e koalicionit qeveris\u00ebs i kan\u00eb d\u00ebrguar kryetarit t\u00eb parlamentit Ranko Krivokapiq nj\u00eb rezolut\u00eb p\u00ebr domosdoshm\u00ebrin\u00eb e p\u00ebrshpejtimit t\u00eb procesit t\u00eb integrimit t\u00eb Malit t\u00eb Zi n\u00eb strukturat evropiane dhe euroatlantike.<br \/>\nPor, sipas radios s\u00eb Podgoric\u00ebs, Radio Antena M, thelbi i k\u00ebsaj rezolute paraqet hyrje n\u00eb diskutimin parlamentar p\u00ebr njohjen e Kosov\u00ebs, \u00e7\u00ebshtje kjo q\u00eb n\u00eb m\u00ebnyr\u00eb implicite p\u00ebrcaktohet se pjes\u00eb e pandashme e procesit t\u00eb integrimit.<br \/>\nN\u00eb pik\u00ebn e tret\u00eb t\u00eb rezolut\u00ebs, theksohet gatishm\u00ebria e Mali t\u00eb Zi q\u00eb t\u00eb respektoj\u00eb realitetin politik t\u00eb cilin BE dhe NAT0 e vler\u00ebsojn\u00eb si t\u00eb r\u00ebnd\u00ebsish\u00ebm p\u00ebr stabilitetin rajonal.<br \/>\n&#8220;Kjo do t\u00eb jet\u00eb baz\u00eb edhe p\u00ebr p\u00ebrcaktimin e Malit t\u00eb Zi ndaj \u00e7\u00ebshtjes s\u00eb Kosov\u00ebs&#8221;, theksohet n\u00eb fund t\u00eb pik\u00ebs s\u00eb tret\u00eb t\u00eb dokumentit dhe q\u00eb promovon p\u00ebrkushtimin p\u00ebr zgjidhjen paq\u00ebsore t\u00eb konflikteve, me nd\u00ebrmjet\u00ebsimin e bashk\u00ebsis\u00eb nd\u00ebrkomb\u00ebtare.<br \/>\nDeputet\u00ebt q\u00eb e kan\u00eb n\u00ebnshkruar rezolut\u00ebn kan\u00eb k\u00ebrkuar q\u00eb ajo t\u00eb vihet n\u00eb rend dite n\u00eb seanc\u00ebn e par\u00eb t\u00eb sesionit vjeshtor t\u00eb parlamentit.<br \/>\nDiskutimi p\u00ebr njohjen e Kosov\u00ebs ka qen\u00eb n\u00eb rend dite edhe m\u00eb 16 qershor, por p\u00ebr shkak t\u00eb bojkotit t\u00eb opozit\u00ebs nuk \u00ebsht\u00eb zhvilluar.<br \/>\n<strong>Burimi \/ QIK<\/strong><\/p>\n<p style=\"text-align: center;\"><a class=\"aligncenter\" title=\"???? ????,?????,Ulcinj,Montenegru,??????????,\u00c7ernoqoriya,Besplatni internet oglasi,Besplatni oglasi,besplatni mali oglasi,besplatni turisti?ki oglasi,oglasi, usluge, turizam,Turisti?ke usluge,Doma?i turizam,Besplatni Oglasnik,Brzi Oglasi Besplatno,Besplatno OglasavanjeTurizam,besplatni oglasi sa slikom,Turisticki informator besplatni,li?ni-oglasi,BESPLATNI Turisticki OGLASI SA SLIKAMA,BESPLATNI Turisticki Oglasi saVideom,turisticki smestaj oglasi,Turisti?ki vodi? balkana,BESPLATNA REZERVACIJA SMESTAJA,Postavite besplatno Vas oglas,FREE TOURIST GUIDES,Izdavanje-Turizam oglasi,Balkan Turisticki vodic,shpallje turistike falas,Shpallje Falas,Shpallje falas per Komplekse Turistike,Lajmerime,Njoftime,shpallje shqip per shqiptaret ne shqiperi kosova maqedoni,mal te zi,???????????,Montenegiro,?ern\u00e1 Hora,??????????,Cz\u00f4rnog\u00f3ra,Cz\u00f4rn\u00f4 G\u00f3ra,Carna G\u00f3ra,T\u0161ernogooria,\u00c7ernogoriya,Montain\u00e9agr\u00f3,Montenegwo,?orna Hora,Montenegr\u00f3,M?ntenigro,Chernogoriya ,\u00c7\u00earnogor\u00ee ,?????????,????????? ,??????? ,Montes Nigrae,Mons Niger,M\u00f4ntenegr\u00f4,Muntenegru,??????????,Czarnog\u00f3ra,Muntinigru,Muntenegro,&lt;br &gt;&lt;\/a&gt; Muntenegru,\t?ierna Hora,Cxerngora,????????,?rna gora,Moontineegro,?ornog?ra,\u00c7ernogori\u00fda,Chernogoriya,Mont\u00f5negro,????? ???? ,?r?na Gora,?r?nogorije,?ernogorija,?arnahoryja,??????????,???????????????????? ,?ern\u00f4g\u00f4riy\u00e2,M\u00fbnt\u00een\u00ee?r\u00fb,????? ?????? ,????????,??????????,???????????,M\u00e2nten\u00eegro,???? ????? ,????????,M\u00f4ntenegr\u00f4,????????????,???????????,????????????, ??????????? ,????????????,??????????? ,\u008d\u2022?R\/?K?R ,\u0192\u201a\u0192\u201c\u0192e\u0192l\u0192O\u0192\u008d,\u00b8???\u00b3?\u00b1?\u00b7? ,Muntenegru, ????? ????, Montenegr?,chambres ? louer ? ulcinj, location de vacance, location saisonni?res, louer villa,location de vacance, Locations vacance, h?bergements vacances, locations villa, logements de vacances, location maison avec piscine, Location vacance, locations de vacance, h?bergements de vacances, location villa, locations entre particulier, logements vacance, vacances ? Mont?n?gro - location ? Ulcinj ,location  de bigorre,Urlaub in Ulcinj -Montenegro,Hotelbewertungen Ulcinj,Reisen Ulcinj, Urlaub Ulcinj,Hotel in Serbien und Montenegro von Urlaubern bewertet,Billig Urlaub in Ulcinj,ferienh?user,ferienwohnung,Billige Ferienh?user,Ferienwohnung ULCINJ,Ferien an der Adria,Urlaub im Ferienhaus ulcinjBilligreisen Ulcinj,Pauschalreisen,FKK Strand Ada Bojana ulcinj,Last Minute Angebote ulcinj,Preise f?r Lastminute,Kleinanzeigen gratis,Ausflug nach Ulcinj,FKK-Reisen ada bojana,FKK-Urlaub ulcinj,Privatni smje?taj,rezervacija smje?taja,apartmani,sobe,ku?e,odmor,sobe za odmor ulcinj,Pretra?ivanje privatnog smje?taja,rooms rent accommodation ulcinj, rentail private accommodation ulcinj,?elite rezervirati privatni smje?taj,Private accommodation,Smje?taj ulcinj,Pushime Verore ulqin,pushime t? lira n? ulqin,Pushime ne plazh,Pushime te kendshme,dhoma per pushime ulqin,dhoma me qera ulqin,dhoma te lira ulqin,pushime te lira ulqin,mali i zi,kosova,maqedoni,shqiperi,Pushime ne det te ulqinit,godi?nji odmor u ulcinj,odmor u ulcinj,Ku?a za odmor,kuda na odmor,ljetovanje u ulcinj,slobodne sobe,dhoma te lira,ku?a uz more,turisti?ka ponuda,odmor i zabava,povolne cene,sobe,usluge,Mjesto za Va? odmor , Place for Your holiday,Odmor portal,putovanaja,Iznajmljivanje soba ulcinj,odmor ulcinj info,Va?e mjesto za odmor ulcinj,nudisticka plaza ada bojana,smjestaj ponuda ulcinj,lokacioni i dhomave ulqin,deti,plazhet e bukura,diskoteka,zbavitja,.\" href=\"http:\/\/www.visit-ulcinj.com\/tourism\/\" target=\"_blank\"><img loading=\"lazy\" class=\"aligncenter\" title=\"SHPALLJE TURISTIKE FALAS,FREE TOURIST GUIDES,BESPLATNI TURISTI?KI OGLASI,balkan holiday rentals,ALBANIJA,ALBANIA,SHQIPERIJA,CRNA GORA,HRVATSKA,KROACIA,SLOVENIJA,MAKEDONIJA,MAKEDONIA,SRBIJA,MONTENEGRO,MALI I ZI,\" src=\"http:\/\/www.visit-ulcinj.com\/blog\/wp-content\/uploads\/2008\/09\/balkanholidayrentals.gif\" alt=\"Apatin,  Aran?elovac,  ?uprija,  ?a?ak,  ?apljina,  ?itluk,  ?abac,  ?ipovo,  ?iroki Brijeg,  ?ep?e,  ?ivinice,  Ba?ka Palanka,  Banja Luka,  Banovi?i,  Be?ej,  beograd,  Biha?,  Bijeljina,  Bor,  Bor?a,  Bosanska Gradi?ka,  Bosanska Krupa,  Bosanski ?amac,  Bosanski Brod,  Bosanski Novi,  Br?ko,  Bu?im,  Bugojno,  Cazin,  Crna Gora,  Derventa,  Doboj,  Donji Vakuf,  Drvar,  Dubrovnik,  Fo?a,  Fojnica,  Glamo?,  Gora?de,  Gornji Milanovac,  Gornji Vakuf,  gostivar,  Gra?anica,  Grada?ac,  Gradiska,  Grahovo,  Had?i?i,  Ilid?a,  In?ija,  Jablanica,  Jagodina,  Jajce,  Kakanj,  Kalu?erica,  Kikinda,  Klju?,  Konjic,  Kotor Varo?,  Kragujevac,  Kraljevo,  Kru?evac,  Kula,  Kupres,  Lakta?i,  Lazarevac,  Leskovac,  Livno,  Ljubinje,  ljublana,  Ljubu?ki,  Loznica,  Lukavac,  Maglaj,  Mladenovac,  Modri?a,  montenegro erlajnz,  mostar,  Mrkonji? Grad,  Neum,  Ni?,  Novi Pazar,  Novi Sad,  Novi Travnik,  Obrenovac,  Od?ak,  ohrid,  Ora?je,  Pale,  Pan?evo,  Para?in,  Pirot,  Po?arevac,  Podgorica,  Priboj,  Prijedor,  Prokuplje,  Prozor,  pula,  rijeka,  Ruma,  Sanski Most,  Sarajevo,  Senta,  serbija,  sibenik,  skopje,  Smederevo,  Smederevska Palanka,  Sokolac,  Sombor,  split,  Srebrenica,  Srebrenik,  Sremska Mitrovica,  Stolac,  Struga,  Subotica,  Temerin,  Tesli?,  tetovo,  Travnik,  Trebinje,  tuzla,  U?ice,  ulcinj,  Valjevo,  Velika Kladu?a,  Vi?egrad,  Visoko,  Vitez,  Vogo??a,  vojvodina,  Vranje,  Vr?ac,  Vrbas,  zadar,  Zagreb,  Zaje?ar,  Zavidovi?i,  Zenica,  Zrenjanin,  Zvornik,copacabana ulcinj,  h?tels,  hotel ulqin,  Kosova,  Mali i Zi,  Maqedonija,  Montenegro,  montenegro tourisme plage,  montenegro ulcinj,  Shpallje Falas,  Shpallje Falas per shitjen e shtepis se juaj,  Shpallje Falas per villat e juaj,  Shpallje Falas Real Estate,  Shpallje Falas turistike,  shqiperija,  tourisme,  Ulci?,  ulcinj,  ulqin,  ulqin hotel,  ulqini,  ulqini 2007,Ada Bojana,  Alba?czyk,  Cita di Dolcino,  Copacabana,  Czarnog?ra,  Czarnog?rzec,  Don Kichota,  Ma\u00b3a Pla?a,  Mandra,  MIGUEL DE SERVANTES,  p?\u00b3wyspy Marjan,  Pla?a Valdanos,  Rzeka Bojana,  Shas \/ ?as \/ Sva?,  Ulci?,  Ulcinjsk\u00b9 Riwier?,  Wielka Pla?a,  Wyspa Bojana,GORA,??????????,???????,??????????, ?ern? Hora,TO ULCINJ \/ ULQIN,MONTENEGRO, Czarnog?ra, Muntenegru, ????? ????, Montenegr?,villa ? louer ? ulcinj, location de vacance, location saisonni?res, louer chambres,location de vacance, Locations vacance, h?bergements vacances, locations villa, logements de vacances, location maison avec piscine, Location vacance, locations de vacance, h?bergements de vacances, location, locations entre particulier, logements vacance, vacances ? Mont?n?gro - location ? Ulcinj ,location  de bigorre,Albaniku,  Artana,  Bujanoci,  Burimi,  Dardana,  Dardan?,  De?an,  Dibra,  Drenas,  Drenasi,  Ferizaj,  Ferizaji,  Fush? Kosova,Besplatni internet oglasi,Besplatni oglasi,besplatni mali oglasi,besplatni turisti?ki oglasi,oglasi, usluge, turizam,Turisti?ke usluge,Doma?i turizam,Besplatni Oglasnik,Brzi Oglasi Besplatno,Besplatno OglasavanjeTurizam,besplatni oglasi sa slikom,Turisticki informator besplatni,li?ni-oglasi,BESPLATNI Turisticki OGLASI SA SLIKAMA,BESPLATNI Turisticki Oglasi saVideom,turisticki smestaj oglasi,Turisti?ki vodi? balkana,BESPLATNA REZERVACIJA SMESTAJA,Postavite besplatno Vas oglas,FREE TOURIST GUIDES,Izdavanje-Turizam oglasi,Balkan Turisticki vodic,shpallje turistike falas,Shpallje Falas,Shpallje falas per Komplekse Turistike,Lajmerime,Njoftime,shpallje shqip per shqiptaret ne shqiperi kosova maqedoni,mal te zi,Fush? Kosov?,  Gjakova,  Gjakov?,  Gjilan,  Gjilani,  Gostivari,  Istog,  Istog\u00b7,  Ka?anik,  Ka?aniku,  Kastrioti,  K?r?ova,  Klina,  Klin?,  Kumanova,  Leposaviq,  Leskovci,  Likova,  Lipjan,  Lipjani,  Malisheva,  Malishev?,  Manastiri,  Medvegja,  Mitrovica,  Mitrovic?,  Novob?rd?,  Obiliq\u00b7 Rahovec,  Ohri,  Peja,  Pej?,  Podujeva,  Podujev?,  Presheva,  Prishtina,  Prishtin?,  Prizren,  Prizreni,  Rahoveci,  Sharri,  Sharri (Kosov?),  Shkupi,  Sht?rpca,  Sht?rpc?,  Shtime,  Sk?nderaj,  Struga,  Tetova,  Theranda,  Therand?,  Triumf Riza,  Veleshta,  Viti,  Vitia,  Vushtrri,  Vushtrria,  Zubin Potok,  Zubin Potoku,  Zve?an,  Zve?ani,Struga,Gostivari,Gostivar,Ker?ova,Tirana,Durr?si,Elbasani,Shkodra,Tuzi,Vlora, Kor?a,Fieri,Berati,Lushnja ,Kavaja,Pogradeci,La?i,Gjirokastra,Patosi,Kruja,Ku?ova,Kuk?si,Lezha,Saranda,Peshkopia,Burreli,C?rriku,?orovoda,Shijaku,Librazhdi,Tepelena,Gramshi,Poli?ani,Bulqiza,P?rmeti,Fush?Kruja,Kamza,Rr?sheni,Ballshi,Mamurrasi,BajramCurri,Erseka,Peqini,Divjaka,Selenica,Bilishti,Roskoveci,Puka,Memaliaj,Rrogozhina,Ura Vajgurore,Himara,Delvina,Vora,Kopliku,Maliqi,P?rrenjasi,Kruma, Libohova,Orikumi,Fush?-Arr?za,Sh?ngjini,Rubiku,Miloti, Leskoviku,Konispoli,K?lcyra,Krasta,K?rraba,Manastiri,Hara?ina,Likova,Prilepi,Zajazi,Vrap?ishti,Bogovin?,\" width=\"420\" height=\"120\" \/><\/a><\/p>\n","protected":false},"excerpt":{"rendered":"<p>Deputet\u00ebt e koalicionit qeveris\u00ebs i kan\u00eb d\u00ebrguar kryetarit t\u00eb parlamentit Ranko Krivokapiq nj\u00eb rezolut\u00eb p\u00ebr domosdoshm\u00ebrin\u00eb e p\u00ebrshpejtimit t\u00eb procesit t\u00eb integrimit t\u00eb Malit t\u00eb Zi n\u00eb strukturat evropiane dhe euroatlantike. Por, sipas radios s\u00eb Podgoric\u00ebs, Radio Antena M, thelbi i k\u00ebsaj rezolute paraqet hyrje n\u00eb diskutimin parlamentar p\u00ebr njohjen e Kosov\u00ebs, \u00e7\u00ebshtje kjo q\u00eb [&hellip;]<\/p>\n","protected":false},"author":1,"featured_media":0,"comment_status":"open","ping_status":"closed","sticky":false,"template":"","format":"standard","meta":{"spay_email":"","jetpack_publicize_message":"","jetpack_is_tweetstorm":false,"jetpack_publicize_feature_enabled":true},"categories":[6,12],"tags":[49,95,4560],"jetpack_publicize_connections":[],"yoast_head":"<!-- This site is optimized with the Yoast SEO plugin v19.1 - https:\/\/yoast.com\/wordpress\/plugins\/seo\/ -->\n<title>Mali i Zi p\u00ebrgatitet ta njoh\u00eb Kosov\u00ebn  - Lajme nga Ulqini<\/title>\n<meta name=\"description\" content=\"Deputet\u00ebt e koalicionit qeveris\u00ebs i kan\u00eb d\u00ebrguar kryetarit t\u00eb parlamentit Ranko Krivokapiq nj\u00eb rezolut\u00eb p\u00ebr domosdoshm\u00ebrin\u00eb e p\u00ebrshpejtimit t\u00eb procesit t\u00eb\" \/>\n<meta name=\"robots\" content=\"index, follow, max-snippet:-1, max-image-preview:large, max-video-preview:-1\" \/>\n<link rel=\"canonical\" href=\"https:\/\/www.visit-ulcinj.com\/blog\/2008\/09\/16\/mali-i-zi-pergatitet-ta-njohe-kosoven\/\" \/>\n<meta property=\"og:locale\" content=\"en_US\" \/>\n<meta property=\"og:type\" content=\"article\" \/>\n<meta property=\"og:title\" content=\"Mali i Zi p\u00ebrgatitet ta njoh\u00eb Kosov\u00ebn  - Lajme nga Ulqini\" \/>\n<meta property=\"og:description\" content=\"Deputet\u00ebt e koalicionit qeveris\u00ebs i kan\u00eb d\u00ebrguar kryetarit t\u00eb parlamentit Ranko Krivokapiq nj\u00eb rezolut\u00eb p\u00ebr domosdoshm\u00ebrin\u00eb e p\u00ebrshpejtimit t\u00eb procesit t\u00eb\" \/>\n<meta property=\"og:url\" content=\"https:\/\/www.visit-ulcinj.com\/blog\/2008\/09\/16\/mali-i-zi-pergatitet-ta-njohe-kosoven\/\" \/>\n<meta property=\"og:site_name\" content=\"Lajme nga Ulqini\" \/>\n<meta property=\"article:published_time\" content=\"2008-09-16T16:51:48+00:00\" \/>\n<meta property=\"article:modified_time\" content=\"2008-10-17T19:41:16+00:00\" \/>\n<meta property=\"og:image\" content=\"http:\/\/www.visit-ulcinj.com\/blog\/wp-content\/uploads\/2008\/09\/ranko-krivokapic-287x300.jpg\" \/>\n<meta name=\"twitter:label1\" content=\"Written by\" \/>\n\t<meta name=\"twitter:data1\" content=\"ulqini\" \/>\n\t<meta name=\"twitter:label2\" content=\"Est. reading time\" \/>\n\t<meta name=\"twitter:data2\" content=\"1 minute\" \/>\n<script type=\"application\/ld+json\" class=\"yoast-schema-graph\">{\"@context\":\"https:\/\/schema.org\",\"@graph\":[{\"@type\":\"WebSite\",\"@id\":\"https:\/\/www.visit-ulcinj.com\/blog\/#website\",\"url\":\"https:\/\/www.visit-ulcinj.com\/blog\/\",\"name\":\"Lajme nga Ulqini\",\"description\":\"Lajme,Vijesti,Ulqini,Ulqin,Crna Gora,Mali i Zi\",\"potentialAction\":[{\"@type\":\"SearchAction\",\"target\":{\"@type\":\"EntryPoint\",\"urlTemplate\":\"https:\/\/www.visit-ulcinj.com\/blog\/?s={search_term_string}\"},\"query-input\":\"required name=search_term_string\"}],\"inLanguage\":\"en-US\"},{\"@type\":\"ImageObject\",\"inLanguage\":\"en-US\",\"@id\":\"https:\/\/www.visit-ulcinj.com\/blog\/2008\/09\/16\/mali-i-zi-pergatitet-ta-njohe-kosoven\/#primaryimage\",\"url\":\"http:\/\/www.visit-ulcinj.com\/blog\/wp-content\/uploads\/2008\/09\/ranko-krivokapic-287x300.jpg\",\"contentUrl\":\"http:\/\/www.visit-ulcinj.com\/blog\/wp-content\/uploads\/2008\/09\/ranko-krivokapic-287x300.jpg\"},{\"@type\":\"WebPage\",\"@id\":\"https:\/\/www.visit-ulcinj.com\/blog\/2008\/09\/16\/mali-i-zi-pergatitet-ta-njohe-kosoven\/#webpage\",\"url\":\"https:\/\/www.visit-ulcinj.com\/blog\/2008\/09\/16\/mali-i-zi-pergatitet-ta-njohe-kosoven\/\",\"name\":\"Mali i Zi p\u00ebrgatitet ta njoh\u00eb Kosov\u00ebn - Lajme nga Ulqini\",\"isPartOf\":{\"@id\":\"https:\/\/www.visit-ulcinj.com\/blog\/#website\"},\"primaryImageOfPage\":{\"@id\":\"https:\/\/www.visit-ulcinj.com\/blog\/2008\/09\/16\/mali-i-zi-pergatitet-ta-njohe-kosoven\/#primaryimage\"},\"datePublished\":\"2008-09-16T16:51:48+00:00\",\"dateModified\":\"2008-10-17T19:41:16+00:00\",\"author\":{\"@id\":\"https:\/\/www.visit-ulcinj.com\/blog\/#\/schema\/person\/dcab619c614d3038751c63bc2aadc06d\"},\"description\":\"Deputet\u00ebt e koalicionit qeveris\u00ebs i kan\u00eb d\u00ebrguar kryetarit t\u00eb parlamentit Ranko Krivokapiq nj\u00eb rezolut\u00eb p\u00ebr domosdoshm\u00ebrin\u00eb e p\u00ebrshpejtimit t\u00eb procesit t\u00eb\",\"breadcrumb\":{\"@id\":\"https:\/\/www.visit-ulcinj.com\/blog\/2008\/09\/16\/mali-i-zi-pergatitet-ta-njohe-kosoven\/#breadcrumb\"},\"inLanguage\":\"en-US\",\"potentialAction\":[{\"@type\":\"ReadAction\",\"target\":[\"https:\/\/www.visit-ulcinj.com\/blog\/2008\/09\/16\/mali-i-zi-pergatitet-ta-njohe-kosoven\/\"]}]},{\"@type\":\"BreadcrumbList\",\"@id\":\"https:\/\/www.visit-ulcinj.com\/blog\/2008\/09\/16\/mali-i-zi-pergatitet-ta-njohe-kosoven\/#breadcrumb\",\"itemListElement\":[{\"@type\":\"ListItem\",\"position\":1,\"name\":\"Mali i Zi p\u00ebrgatitet ta njoh\u00eb Kosov\u00ebn\"}]},{\"@type\":\"Person\",\"@id\":\"https:\/\/www.visit-ulcinj.com\/blog\/#\/schema\/person\/dcab619c614d3038751c63bc2aadc06d\",\"name\":\"ulqini\",\"sameAs\":[\"http:\/\/www.visit-ulcinj.com\"],\"url\":\"https:\/\/www.visit-ulcinj.com\/blog\/author\/admin\/\"}]}<\/script>\n<!-- \/ Yoast SEO plugin. -->","yoast_head_json":{"title":"Mali i Zi p\u00ebrgatitet ta njoh\u00eb Kosov\u00ebn  - Lajme nga Ulqini","description":"Deputet\u00ebt e koalicionit qeveris\u00ebs i kan\u00eb d\u00ebrguar kryetarit t\u00eb parlamentit Ranko Krivokapiq nj\u00eb rezolut\u00eb p\u00ebr domosdoshm\u00ebrin\u00eb e p\u00ebrshpejtimit t\u00eb procesit t\u00eb","robots":{"index":"index","follow":"follow","max-snippet":"max-snippet:-1","max-image-preview":"max-image-preview:large","max-video-preview":"max-video-preview:-1"},"canonical":"https:\/\/www.visit-ulcinj.com\/blog\/2008\/09\/16\/mali-i-zi-pergatitet-ta-njohe-kosoven\/","og_locale":"en_US","og_type":"article","og_title":"Mali i Zi p\u00ebrgatitet ta njoh\u00eb Kosov\u00ebn  - Lajme nga Ulqini","og_description":"Deputet\u00ebt e koalicionit qeveris\u00ebs i kan\u00eb d\u00ebrguar kryetarit t\u00eb parlamentit Ranko Krivokapiq nj\u00eb rezolut\u00eb p\u00ebr domosdoshm\u00ebrin\u00eb e p\u00ebrshpejtimit t\u00eb procesit t\u00eb","og_url":"https:\/\/www.visit-ulcinj.com\/blog\/2008\/09\/16\/mali-i-zi-pergatitet-ta-njohe-kosoven\/","og_site_name":"Lajme nga Ulqini","article_published_time":"2008-09-16T16:51:48+00:00","article_modified_time":"2008-10-17T19:41:16+00:00","og_image":[{"url":"http:\/\/www.visit-ulcinj.com\/blog\/wp-content\/uploads\/2008\/09\/ranko-krivokapic-287x300.jpg"}],"twitter_misc":{"Written by":"ulqini","Est. reading time":"1 minute"},"schema":{"@context":"https:\/\/schema.org","@graph":[{"@type":"WebSite","@id":"https:\/\/www.visit-ulcinj.com\/blog\/#website","url":"https:\/\/www.visit-ulcinj.com\/blog\/","name":"Lajme nga Ulqini","description":"Lajme,Vijesti,Ulqini,Ulqin,Crna Gora,Mali i Zi","potentialAction":[{"@type":"SearchAction","target":{"@type":"EntryPoint","urlTemplate":"https:\/\/www.visit-ulcinj.com\/blog\/?s={search_term_string}"},"query-input":"required name=search_term_string"}],"inLanguage":"en-US"},{"@type":"ImageObject","inLanguage":"en-US","@id":"https:\/\/www.visit-ulcinj.com\/blog\/2008\/09\/16\/mali-i-zi-pergatitet-ta-njohe-kosoven\/#primaryimage","url":"http:\/\/www.visit-ulcinj.com\/blog\/wp-content\/uploads\/2008\/09\/ranko-krivokapic-287x300.jpg","contentUrl":"http:\/\/www.visit-ulcinj.com\/blog\/wp-content\/uploads\/2008\/09\/ranko-krivokapic-287x300.jpg"},{"@type":"WebPage","@id":"https:\/\/www.visit-ulcinj.com\/blog\/2008\/09\/16\/mali-i-zi-pergatitet-ta-njohe-kosoven\/#webpage","url":"https:\/\/www.visit-ulcinj.com\/blog\/2008\/09\/16\/mali-i-zi-pergatitet-ta-njohe-kosoven\/","name":"Mali i Zi p\u00ebrgatitet ta njoh\u00eb Kosov\u00ebn - Lajme nga Ulqini","isPartOf":{"@id":"https:\/\/www.visit-ulcinj.com\/blog\/#website"},"primaryImageOfPage":{"@id":"https:\/\/www.visit-ulcinj.com\/blog\/2008\/09\/16\/mali-i-zi-pergatitet-ta-njohe-kosoven\/#primaryimage"},"datePublished":"2008-09-16T16:51:48+00:00","dateModified":"2008-10-17T19:41:16+00:00","author":{"@id":"https:\/\/www.visit-ulcinj.com\/blog\/#\/schema\/person\/dcab619c614d3038751c63bc2aadc06d"},"description":"Deputet\u00ebt e koalicionit qeveris\u00ebs i kan\u00eb d\u00ebrguar kryetarit t\u00eb parlamentit Ranko Krivokapiq nj\u00eb rezolut\u00eb p\u00ebr domosdoshm\u00ebrin\u00eb e p\u00ebrshpejtimit t\u00eb procesit t\u00eb","breadcrumb":{"@id":"https:\/\/www.visit-ulcinj.com\/blog\/2008\/09\/16\/mali-i-zi-pergatitet-ta-njohe-kosoven\/#breadcrumb"},"inLanguage":"en-US","potentialAction":[{"@type":"ReadAction","target":["https:\/\/www.visit-ulcinj.com\/blog\/2008\/09\/16\/mali-i-zi-pergatitet-ta-njohe-kosoven\/"]}]},{"@type":"BreadcrumbList","@id":"https:\/\/www.visit-ulcinj.com\/blog\/2008\/09\/16\/mali-i-zi-pergatitet-ta-njohe-kosoven\/#breadcrumb","itemListElement":[{"@type":"ListItem","position":1,"name":"Mali i Zi p\u00ebrgatitet ta njoh\u00eb Kosov\u00ebn"}]},{"@type":"Person","@id":"https:\/\/www.visit-ulcinj.com\/blog\/#\/schema\/person\/dcab619c614d3038751c63bc2aadc06d","name":"ulqini","sameAs":["http:\/\/www.visit-ulcinj.com"],"url":"https:\/\/www.visit-ulcinj.com\/blog\/author\/admin\/"}]}},"jetpack_featured_media_url":"","jetpack_sharing_enabled":true,"jetpack_shortlink":"https:\/\/wp.me\/pe6lTn-Sc","_links":{"self":[{"href":"https:\/\/www.visit-ulcinj.com\/blog\/wp-json\/wp\/v2\/posts\/3360"}],"collection":[{"href":"https:\/\/www.visit-ulcinj.com\/blog\/wp-json\/wp\/v2\/posts"}],"about":[{"href":"https:\/\/www.visit-ulcinj.com\/blog\/wp-json\/wp\/v2\/types\/post"}],"author":[{"embeddable":true,"href":"https:\/\/www.visit-ulcinj.com\/blog\/wp-json\/wp\/v2\/users\/1"}],"replies":[{"embeddable":true,"href":"https:\/\/www.visit-ulcinj.com\/blog\/wp-json\/wp\/v2\/comments?post=3360"}],"version-history":[{"count":0,"href":"https:\/\/www.visit-ulcinj.com\/blog\/wp-json\/wp\/v2\/posts\/3360\/revisions"}],"wp:attachment":[{"href":"https:\/\/www.visit-ulcinj.com\/blog\/wp-json\/wp\/v2\/media?parent=3360"}],"wp:term":[{"taxonomy":"category","embeddable":true,"href":"https:\/\/www.visit-ulcinj.com\/blog\/wp-json\/wp\/v2\/categories?post=3360"},{"taxonomy":"post_tag","embeddable":true,"href":"https:\/\/www.visit-ulcinj.com\/blog\/wp-json\/wp\/v2\/tags?post=3360"}],"curies":[{"name":"wp","href":"https:\/\/api.w.org\/{rel}","templated":true}]}}