{"id":33632,"date":"2010-05-22T19:10:50","date_gmt":"2010-05-22T17:10:50","guid":{"rendered":"http:\/\/www.visit-ulcinj.com\/blog\/?p=33632"},"modified":"2010-10-04T23:05:41","modified_gmt":"2010-10-04T21:05:41","slug":"mesazhi-i-nazif-cungut-qytetareve-te-ulqinit","status":"publish","type":"post","link":"https:\/\/www.visit-ulcinj.com\/blog\/2010\/05\/22\/mesazhi-i-nazif-cungut-qytetareve-te-ulqinit\/","title":{"rendered":"Mesazhi i Nazif  Cungut qytetar\u00ebve t\u00eb Ulqinit"},"content":{"rendered":"<p><a href=\"http:\/\/www.visit-ulcinj.com\/blog\/wp-content\/uploads\/2010\/05\/Lider-Force-Nazif-Cungu.jpg\"><img loading=\"lazy\" class=\"alignleft size-full wp-image-33626\" title=\"Lider Force Nazif  Cungu\" src=\"http:\/\/www.visit-ulcinj.com\/blog\/wp-content\/uploads\/2010\/05\/Lider-Force-Nazif-Cungu.jpg\" alt=\"Lider Force Nazif  Cungu\" width=\"490\" height=\"390\" \/><\/a>Lideri i Forces Nazif Cungu k\u00ebrkon edhe nj\u00eb her\u00eb qytetar\u00ebt p\u00ebr tu p\u00ebrcaktuar, n\u00eb m\u00ebnyr\u00eb q\u00eb s\u00eb bashku ne t\u00eb nd\u00ebrtojm\u00eb nj\u00eb Ulqin m\u00eb t\u00eb mir\u00eb, dhe s\u00eb bashku te jemi n\u00eb\u00a0 ekzekutivin e komun\u00ebs s\u00eb Ulqinit.<br \/>\nLideri i Forces Nazif Cungu thot\u00eb se qytetar\u00ebt e Ulqinit me 17 tetor mund t\u00eb votojn\u00eb\u00a0 p\u00ebr premtimet e rrejshme ose t\u00eb votojn p\u00ebr nj\u00eb Ulqin m\u00eb t\u00eb mir\u00eb.<br \/>\nQytetar\u00ebt e Ulqinit votojn\u00eb p\u00ebr jet\u00ebn apo p\u00ebr realitetin virtual. realiteti\u00a0 ajo\u00a0 q\u00eb siguron\u00a0 koalicioni &#8220;P\u00ebr Ulqinin evropian&#8221; n\u00eb zgjedhjet me biloborda me fotot e ura, autostrada\u00a0 dhe shum gj\u00ebra tjera<br \/>\nNe ofrojm\u00eb nj\u00eb m\u00ebnyr\u00eb konkrete p\u00ebr t\u00eb zgjidhur problemet e akumuluara n\u00eb komun t\u00eb Ulqinit. Ne jemi n\u00eb k\u00ebt\u00eb histori t\u00eb gjith\u00eb t\u00eb bashkuar,dhe\u00a0 ata q\u00eb duan t\u00eb tejkalohen kto manipullime dhe probleme t\u00eb popullit t\u00eb Ulqinit tha kreu i Forc\u00ebs Nazif Cungu.<br \/>\n<strong>Forca Press<br \/>\n<a name=\"pd_a_3816709\"><\/a>\n<div class=\"CSS_Poll PDS_Poll\" id=\"PDI_container3816709\" style=\"display:inline-block;\"><\/div>\n<div id=\"PD_superContainer\"><\/div>\n<script type=\"text\/javascript\" charset=\"UTF-8\" src=\"\/\/static.polldaddy.com\/p\/3816709.js\"><\/script>\n<noscript><a href=\"https:\/\/poll.fm\/3816709\">Take Our Poll<\/a><\/noscript><br \/>\n<\/strong><!--YouTube Error: bad URL entered--><\/p>\n","protected":false},"excerpt":{"rendered":"<p>Lideri i Forces Nazif Cungu k\u00ebrkon edhe nj\u00eb her\u00eb qytetar\u00ebt p\u00ebr tu p\u00ebrcaktuar, n\u00eb m\u00ebnyr\u00eb q\u00eb s\u00eb bashku ne t\u00eb nd\u00ebrtojm\u00eb nj\u00eb Ulqin m\u00eb t\u00eb mir\u00eb, dhe s\u00eb bashku te jemi n\u00eb\u00a0 ekzekutivin e komun\u00ebs s\u00eb Ulqinit. Lideri i Forces Nazif Cungu thot\u00eb se qytetar\u00ebt e Ulqinit me 17 tetor mund t\u00eb votojn\u00eb\u00a0 p\u00ebr premtimet [&hellip;]<\/p>\n","protected":false},"author":1,"featured_media":0,"comment_status":"open","ping_status":"closed","sticky":false,"template":"","format":"standard","meta":{"spay_email":"","jetpack_publicize_message":"","jetpack_is_tweetstorm":false,"jetpack_publicize_feature_enabled":true},"categories":[6],"tags":[14525,15858,14524,15868,2761,14505,15852,15864,15869,1073,15854,13756,14502,297,14392,15865,15853,15857,15871,15870,15856,14518,15861,15866,14516,15862,15860,14514,15859,200,13737,18,12690,14510,15863,15867,15855],"jetpack_publicize_connections":[],"yoast_head":"<!-- This site is optimized with the Yoast SEO plugin v19.1 - https:\/\/yoast.com\/wordpress\/plugins\/seo\/ -->\n<title>Mesazhi i Nazif Cungut qytetar\u00ebve t\u00eb Ulqinit - Lajme nga Ulqini<\/title>\n<meta name=\"description\" content=\"Lideri i Forces Nazif Cungu k\u00ebrkon edhe nj\u00eb her\u00eb qytetar\u00ebt p\u00ebr tu p\u00ebrcaktuar, n\u00eb m\u00ebnyr\u00eb q\u00eb s\u00eb bashku ne t\u00eb nd\u00ebrtojm\u00eb nj\u00eb Ulqin m\u00eb t\u00eb mir\u00eb, dhe s\u00eb bashku\" \/>\n<meta name=\"robots\" content=\"index, follow, max-snippet:-1, max-image-preview:large, max-video-preview:-1\" \/>\n<link rel=\"canonical\" href=\"https:\/\/www.visit-ulcinj.com\/blog\/2010\/05\/22\/mesazhi-i-nazif-cungut-qytetareve-te-ulqinit\/\" \/>\n<meta property=\"og:locale\" content=\"en_US\" \/>\n<meta property=\"og:type\" content=\"article\" \/>\n<meta property=\"og:title\" content=\"Mesazhi i Nazif Cungut qytetar\u00ebve t\u00eb Ulqinit - Lajme nga Ulqini\" \/>\n<meta property=\"og:description\" content=\"Lideri i Forces Nazif Cungu k\u00ebrkon edhe nj\u00eb her\u00eb qytetar\u00ebt p\u00ebr tu p\u00ebrcaktuar, n\u00eb m\u00ebnyr\u00eb q\u00eb s\u00eb bashku ne t\u00eb nd\u00ebrtojm\u00eb nj\u00eb Ulqin m\u00eb t\u00eb mir\u00eb, dhe s\u00eb bashku\" \/>\n<meta property=\"og:url\" content=\"https:\/\/www.visit-ulcinj.com\/blog\/2010\/05\/22\/mesazhi-i-nazif-cungut-qytetareve-te-ulqinit\/\" \/>\n<meta property=\"og:site_name\" content=\"Lajme nga Ulqini\" \/>\n<meta property=\"article:published_time\" content=\"2010-05-22T17:10:50+00:00\" \/>\n<meta property=\"article:modified_time\" content=\"2010-10-04T21:05:41+00:00\" \/>\n<meta property=\"og:image\" content=\"http:\/\/www.visit-ulcinj.com\/blog\/wp-content\/uploads\/2010\/05\/Lider-Force-Nazif-Cungu.jpg\" \/>\n<meta name=\"twitter:label1\" content=\"Written by\" \/>\n\t<meta name=\"twitter:data1\" content=\"ulqini\" \/>\n\t<meta name=\"twitter:label2\" content=\"Est. reading time\" \/>\n\t<meta name=\"twitter:data2\" content=\"1 minute\" \/>\n<script type=\"application\/ld+json\" class=\"yoast-schema-graph\">{\"@context\":\"https:\/\/schema.org\",\"@graph\":[{\"@type\":\"WebSite\",\"@id\":\"https:\/\/www.visit-ulcinj.com\/blog\/#website\",\"url\":\"https:\/\/www.visit-ulcinj.com\/blog\/\",\"name\":\"Lajme nga Ulqini\",\"description\":\"Lajme,Vijesti,Ulqini,Ulqin,Crna Gora,Mali i Zi\",\"potentialAction\":[{\"@type\":\"SearchAction\",\"target\":{\"@type\":\"EntryPoint\",\"urlTemplate\":\"https:\/\/www.visit-ulcinj.com\/blog\/?s={search_term_string}\"},\"query-input\":\"required name=search_term_string\"}],\"inLanguage\":\"en-US\"},{\"@type\":\"ImageObject\",\"inLanguage\":\"en-US\",\"@id\":\"https:\/\/www.visit-ulcinj.com\/blog\/2010\/05\/22\/mesazhi-i-nazif-cungut-qytetareve-te-ulqinit\/#primaryimage\",\"url\":\"https:\/\/www.visit-ulcinj.com\/blog\/wp-content\/uploads\/2010\/05\/Lider-Force-Nazif-Cungu.jpg\",\"contentUrl\":\"https:\/\/www.visit-ulcinj.com\/blog\/wp-content\/uploads\/2010\/05\/Lider-Force-Nazif-Cungu.jpg\",\"width\":\"490\",\"height\":\"396\"},{\"@type\":\"WebPage\",\"@id\":\"https:\/\/www.visit-ulcinj.com\/blog\/2010\/05\/22\/mesazhi-i-nazif-cungut-qytetareve-te-ulqinit\/#webpage\",\"url\":\"https:\/\/www.visit-ulcinj.com\/blog\/2010\/05\/22\/mesazhi-i-nazif-cungut-qytetareve-te-ulqinit\/\",\"name\":\"Mesazhi i Nazif Cungut qytetar\u00ebve t\u00eb Ulqinit - Lajme nga Ulqini\",\"isPartOf\":{\"@id\":\"https:\/\/www.visit-ulcinj.com\/blog\/#website\"},\"primaryImageOfPage\":{\"@id\":\"https:\/\/www.visit-ulcinj.com\/blog\/2010\/05\/22\/mesazhi-i-nazif-cungut-qytetareve-te-ulqinit\/#primaryimage\"},\"datePublished\":\"2010-05-22T17:10:50+00:00\",\"dateModified\":\"2010-10-04T21:05:41+00:00\",\"author\":{\"@id\":\"https:\/\/www.visit-ulcinj.com\/blog\/#\/schema\/person\/dcab619c614d3038751c63bc2aadc06d\"},\"description\":\"Lideri i Forces Nazif Cungu k\u00ebrkon edhe nj\u00eb her\u00eb qytetar\u00ebt p\u00ebr tu p\u00ebrcaktuar, n\u00eb m\u00ebnyr\u00eb q\u00eb s\u00eb bashku ne t\u00eb nd\u00ebrtojm\u00eb nj\u00eb Ulqin m\u00eb t\u00eb mir\u00eb, dhe s\u00eb bashku\",\"breadcrumb\":{\"@id\":\"https:\/\/www.visit-ulcinj.com\/blog\/2010\/05\/22\/mesazhi-i-nazif-cungut-qytetareve-te-ulqinit\/#breadcrumb\"},\"inLanguage\":\"en-US\",\"potentialAction\":[{\"@type\":\"ReadAction\",\"target\":[\"https:\/\/www.visit-ulcinj.com\/blog\/2010\/05\/22\/mesazhi-i-nazif-cungut-qytetareve-te-ulqinit\/\"]}]},{\"@type\":\"BreadcrumbList\",\"@id\":\"https:\/\/www.visit-ulcinj.com\/blog\/2010\/05\/22\/mesazhi-i-nazif-cungut-qytetareve-te-ulqinit\/#breadcrumb\",\"itemListElement\":[{\"@type\":\"ListItem\",\"position\":1,\"name\":\"Mesazhi i Nazif Cungut qytetar\u00ebve t\u00eb Ulqinit\"}]},{\"@type\":\"Person\",\"@id\":\"https:\/\/www.visit-ulcinj.com\/blog\/#\/schema\/person\/dcab619c614d3038751c63bc2aadc06d\",\"name\":\"ulqini\",\"sameAs\":[\"http:\/\/www.visit-ulcinj.com\"],\"url\":\"https:\/\/www.visit-ulcinj.com\/blog\/author\/admin\/\"}]}<\/script>\n<!-- \/ Yoast SEO plugin. -->","yoast_head_json":{"title":"Mesazhi i Nazif Cungut qytetar\u00ebve t\u00eb Ulqinit - Lajme nga Ulqini","description":"Lideri i Forces Nazif Cungu k\u00ebrkon edhe nj\u00eb her\u00eb qytetar\u00ebt p\u00ebr tu p\u00ebrcaktuar, n\u00eb m\u00ebnyr\u00eb q\u00eb s\u00eb bashku ne t\u00eb nd\u00ebrtojm\u00eb nj\u00eb Ulqin m\u00eb t\u00eb mir\u00eb, dhe s\u00eb bashku","robots":{"index":"index","follow":"follow","max-snippet":"max-snippet:-1","max-image-preview":"max-image-preview:large","max-video-preview":"max-video-preview:-1"},"canonical":"https:\/\/www.visit-ulcinj.com\/blog\/2010\/05\/22\/mesazhi-i-nazif-cungut-qytetareve-te-ulqinit\/","og_locale":"en_US","og_type":"article","og_title":"Mesazhi i Nazif Cungut qytetar\u00ebve t\u00eb Ulqinit - Lajme nga Ulqini","og_description":"Lideri i Forces Nazif Cungu k\u00ebrkon edhe nj\u00eb her\u00eb qytetar\u00ebt p\u00ebr tu p\u00ebrcaktuar, n\u00eb m\u00ebnyr\u00eb q\u00eb s\u00eb bashku ne t\u00eb nd\u00ebrtojm\u00eb nj\u00eb Ulqin m\u00eb t\u00eb mir\u00eb, dhe s\u00eb bashku","og_url":"https:\/\/www.visit-ulcinj.com\/blog\/2010\/05\/22\/mesazhi-i-nazif-cungut-qytetareve-te-ulqinit\/","og_site_name":"Lajme nga Ulqini","article_published_time":"2010-05-22T17:10:50+00:00","article_modified_time":"2010-10-04T21:05:41+00:00","og_image":[{"url":"http:\/\/www.visit-ulcinj.com\/blog\/wp-content\/uploads\/2010\/05\/Lider-Force-Nazif-Cungu.jpg"}],"twitter_misc":{"Written by":"ulqini","Est. reading time":"1 minute"},"schema":{"@context":"https:\/\/schema.org","@graph":[{"@type":"WebSite","@id":"https:\/\/www.visit-ulcinj.com\/blog\/#website","url":"https:\/\/www.visit-ulcinj.com\/blog\/","name":"Lajme nga Ulqini","description":"Lajme,Vijesti,Ulqini,Ulqin,Crna Gora,Mali i Zi","potentialAction":[{"@type":"SearchAction","target":{"@type":"EntryPoint","urlTemplate":"https:\/\/www.visit-ulcinj.com\/blog\/?s={search_term_string}"},"query-input":"required name=search_term_string"}],"inLanguage":"en-US"},{"@type":"ImageObject","inLanguage":"en-US","@id":"https:\/\/www.visit-ulcinj.com\/blog\/2010\/05\/22\/mesazhi-i-nazif-cungut-qytetareve-te-ulqinit\/#primaryimage","url":"https:\/\/www.visit-ulcinj.com\/blog\/wp-content\/uploads\/2010\/05\/Lider-Force-Nazif-Cungu.jpg","contentUrl":"https:\/\/www.visit-ulcinj.com\/blog\/wp-content\/uploads\/2010\/05\/Lider-Force-Nazif-Cungu.jpg","width":"490","height":"396"},{"@type":"WebPage","@id":"https:\/\/www.visit-ulcinj.com\/blog\/2010\/05\/22\/mesazhi-i-nazif-cungut-qytetareve-te-ulqinit\/#webpage","url":"https:\/\/www.visit-ulcinj.com\/blog\/2010\/05\/22\/mesazhi-i-nazif-cungut-qytetareve-te-ulqinit\/","name":"Mesazhi i Nazif Cungut qytetar\u00ebve t\u00eb Ulqinit - Lajme nga Ulqini","isPartOf":{"@id":"https:\/\/www.visit-ulcinj.com\/blog\/#website"},"primaryImageOfPage":{"@id":"https:\/\/www.visit-ulcinj.com\/blog\/2010\/05\/22\/mesazhi-i-nazif-cungut-qytetareve-te-ulqinit\/#primaryimage"},"datePublished":"2010-05-22T17:10:50+00:00","dateModified":"2010-10-04T21:05:41+00:00","author":{"@id":"https:\/\/www.visit-ulcinj.com\/blog\/#\/schema\/person\/dcab619c614d3038751c63bc2aadc06d"},"description":"Lideri i Forces Nazif Cungu k\u00ebrkon edhe nj\u00eb her\u00eb qytetar\u00ebt p\u00ebr tu p\u00ebrcaktuar, n\u00eb m\u00ebnyr\u00eb q\u00eb s\u00eb bashku ne t\u00eb nd\u00ebrtojm\u00eb nj\u00eb Ulqin m\u00eb t\u00eb mir\u00eb, dhe s\u00eb bashku","breadcrumb":{"@id":"https:\/\/www.visit-ulcinj.com\/blog\/2010\/05\/22\/mesazhi-i-nazif-cungut-qytetareve-te-ulqinit\/#breadcrumb"},"inLanguage":"en-US","potentialAction":[{"@type":"ReadAction","target":["https:\/\/www.visit-ulcinj.com\/blog\/2010\/05\/22\/mesazhi-i-nazif-cungut-qytetareve-te-ulqinit\/"]}]},{"@type":"BreadcrumbList","@id":"https:\/\/www.visit-ulcinj.com\/blog\/2010\/05\/22\/mesazhi-i-nazif-cungut-qytetareve-te-ulqinit\/#breadcrumb","itemListElement":[{"@type":"ListItem","position":1,"name":"Mesazhi i Nazif Cungut qytetar\u00ebve t\u00eb Ulqinit"}]},{"@type":"Person","@id":"https:\/\/www.visit-ulcinj.com\/blog\/#\/schema\/person\/dcab619c614d3038751c63bc2aadc06d","name":"ulqini","sameAs":["http:\/\/www.visit-ulcinj.com"],"url":"https:\/\/www.visit-ulcinj.com\/blog\/author\/admin\/"}]}},"jetpack_featured_media_url":"","jetpack_sharing_enabled":true,"jetpack_shortlink":"https:\/\/wp.me\/pe6lTn-8Ks","_links":{"self":[{"href":"https:\/\/www.visit-ulcinj.com\/blog\/wp-json\/wp\/v2\/posts\/33632"}],"collection":[{"href":"https:\/\/www.visit-ulcinj.com\/blog\/wp-json\/wp\/v2\/posts"}],"about":[{"href":"https:\/\/www.visit-ulcinj.com\/blog\/wp-json\/wp\/v2\/types\/post"}],"author":[{"embeddable":true,"href":"https:\/\/www.visit-ulcinj.com\/blog\/wp-json\/wp\/v2\/users\/1"}],"replies":[{"embeddable":true,"href":"https:\/\/www.visit-ulcinj.com\/blog\/wp-json\/wp\/v2\/comments?post=33632"}],"version-history":[{"count":0,"href":"https:\/\/www.visit-ulcinj.com\/blog\/wp-json\/wp\/v2\/posts\/33632\/revisions"}],"wp:attachment":[{"href":"https:\/\/www.visit-ulcinj.com\/blog\/wp-json\/wp\/v2\/media?parent=33632"}],"wp:term":[{"taxonomy":"category","embeddable":true,"href":"https:\/\/www.visit-ulcinj.com\/blog\/wp-json\/wp\/v2\/categories?post=33632"},{"taxonomy":"post_tag","embeddable":true,"href":"https:\/\/www.visit-ulcinj.com\/blog\/wp-json\/wp\/v2\/tags?post=33632"}],"curies":[{"name":"wp","href":"https:\/\/api.w.org\/{rel}","templated":true}]}}