{"id":3373,"date":"2008-09-17T11:44:53","date_gmt":"2008-09-17T16:44:53","guid":{"rendered":"http:\/\/www.visit-ulcinj.com\/blog\/?p=3373"},"modified":"2008-10-17T14:48:00","modified_gmt":"2008-10-17T19:48:00","slug":"garancher-nxit-malin-e-zi-ta-njohe-kosoven","status":"publish","type":"post","link":"https:\/\/www.visit-ulcinj.com\/blog\/2008\/09\/17\/garancher-nxit-malin-e-zi-ta-njohe-kosoven\/","title":{"rendered":"Garancher nxit Malin e Zi ta njoh\u00eb Kosov\u00ebn"},"content":{"rendered":"<p><a href=\"http:\/\/www.visit-ulcinj.com\/blog\/wp-content\/uploads\/2008\/09\/bernard-garancher.jpg\"><img loading=\"lazy\" class=\"alignleft size-medium wp-image-3374\" title=\"bernard-garancher\" src=\"http:\/\/www.visit-ulcinj.com\/blog\/wp-content\/uploads\/2008\/09\/bernard-garancher.jpg\" alt=\"\" width=\"210\" height=\"210\" srcset=\"https:\/\/www.visit-ulcinj.com\/blog\/wp-content\/uploads\/2008\/09\/bernard-garancher.jpg 210w, https:\/\/www.visit-ulcinj.com\/blog\/wp-content\/uploads\/2008\/09\/bernard-garancher-150x150.jpg 150w\" sizes=\"(max-width: 210px) 100vw, 210px\" \/><\/a>Me njohjen e Kosov\u00ebs, Mali i Zi do t\u00eb kontribuonte edhe m\u00eb shum\u00eb n\u00eb stabilitetin rajonal dhe do ta forconte t\u00eb ardhmen e tij n\u00eb kuad\u00ebr t\u00eb Bashkimit Evropian, ka vler\u00ebsuar ambasadori i Franc\u00ebs n\u00eb Mal t\u00eb Zi, Bernard Garancher.<br \/>\nAi ka vler\u00ebsuar se \u201cnjohja e realitetit n\u00eb Kosov\u00eb \u00ebsht\u00eb domosdoshm\u00ebri politike, me t\u00eb cil\u00ebn pushteti malazias ka kuraj\u00eb t\u00eb ballafaqohet\u201d.<br \/>\n&#8220;Duke e ndjekur shembullin e kryeqendrave t\u00eb tjera evropiane, t\u00eb cilat tashm\u00eb e kan\u00eb njohur Kosov\u00ebn, Mali i Zi edhe m\u00eb shum\u00eb do t\u00eb kontribuonte n\u00eb stabilitetin rajonal dhe do ta sforconte ardhm\u00ebrin\u00eb vetjake n\u00eb kuad\u00ebr t\u00eb asaj q\u00eb do t\u00eb b\u00ebhet sht\u00ebpia jon\u00eb e p\u00ebrbashk\u00ebt &#8211; Bashkimi Evropian\u201d, ka th\u00ebn\u00eb Garancher, njoftojn\u00eb mediat e Podgoric\u00ebs.<br \/>\nAi po ashtu ka th\u00ebn\u00eb se Franca, bashk\u00eb me shtetet t\u00eb tjera, n\u00eb kuad\u00ebr t\u00eb misionit evropian p\u00ebr sundim t\u00eb ligjit, vazhdon me aktivitete t\u00eb r\u00ebnd\u00ebsishme n\u00eb Kosov\u00eb me q\u00ebllim t\u00eb krijimit t\u00eb kushteve p\u00ebr paqe dhe prosperitetin e t\u00eb gjitha bashk\u00ebsive etnike aty. &#8220;Shtetet evropiane presin q\u00eb ky t\u00eb jet\u00eb misioni i EULEX-it n\u00eb Kosov\u00eb\u201d, ka th\u00ebn\u00eb ai.<br \/>\n<strong>Burimi \/ Telegrafi<\/strong><\/p>\n<p style=\"text-align: center;\"><a href=\"http:\/\/www.visit-ulcinj.com\/blog\/wp-content\/uploads\/2008\/09\/klubi-i-basketbollit-ulqini.jpg\"><img loading=\"lazy\" class=\"aligncenter size-medium wp-image-3400\" title=\"klubi-i-basketbollit-ulqini\" src=\"http:\/\/www.visit-ulcinj.com\/blog\/wp-content\/uploads\/2008\/09\/klubi-i-basketbollit-ulqini.jpg\" alt=\"\" width=\"500\" height=\"300\" \/><\/a><\/p>\n","protected":false},"excerpt":{"rendered":"<p>Me njohjen e Kosov\u00ebs, Mali i Zi do t\u00eb kontribuonte edhe m\u00eb shum\u00eb n\u00eb stabilitetin rajonal dhe do ta forconte t\u00eb ardhmen e tij n\u00eb kuad\u00ebr t\u00eb Bashkimit Evropian, ka vler\u00ebsuar ambasadori i Franc\u00ebs n\u00eb Mal t\u00eb Zi, Bernard Garancher. Ai ka vler\u00ebsuar se \u201cnjohja e realitetit n\u00eb Kosov\u00eb \u00ebsht\u00eb domosdoshm\u00ebri politike, me t\u00eb cil\u00ebn [&hellip;]<\/p>\n","protected":false},"author":1,"featured_media":0,"comment_status":"open","ping_status":"closed","sticky":false,"template":"","format":"standard","meta":{"spay_email":"","jetpack_publicize_message":"","jetpack_is_tweetstorm":false,"jetpack_publicize_feature_enabled":true},"categories":[6,12],"tags":[4565,4564],"jetpack_publicize_connections":[],"yoast_head":"<!-- This site is optimized with the Yoast SEO plugin v19.1 - https:\/\/yoast.com\/wordpress\/plugins\/seo\/ -->\n<title>Garancher nxit Malin e Zi ta njoh\u00eb Kosov\u00ebn - Lajme nga Ulqini<\/title>\n<meta name=\"description\" content=\"Me njohjen e Kosov\u00ebs, Mali i Zi do t\u00eb kontribuonte edhe m\u00eb shum\u00eb n\u00eb stabilitetin rajonal dhe do ta forconte t\u00eb ardhmen e tij n\u00eb kuad\u00ebr t\u00eb Bashkimit\" \/>\n<meta name=\"robots\" content=\"index, follow, max-snippet:-1, max-image-preview:large, max-video-preview:-1\" \/>\n<link rel=\"canonical\" href=\"https:\/\/www.visit-ulcinj.com\/blog\/2008\/09\/17\/garancher-nxit-malin-e-zi-ta-njohe-kosoven\/\" \/>\n<meta property=\"og:locale\" content=\"en_US\" \/>\n<meta property=\"og:type\" content=\"article\" \/>\n<meta property=\"og:title\" content=\"Garancher nxit Malin e Zi ta njoh\u00eb Kosov\u00ebn - Lajme nga Ulqini\" \/>\n<meta property=\"og:description\" content=\"Me njohjen e Kosov\u00ebs, Mali i Zi do t\u00eb kontribuonte edhe m\u00eb shum\u00eb n\u00eb stabilitetin rajonal dhe do ta forconte t\u00eb ardhmen e tij n\u00eb kuad\u00ebr t\u00eb Bashkimit\" \/>\n<meta property=\"og:url\" content=\"https:\/\/www.visit-ulcinj.com\/blog\/2008\/09\/17\/garancher-nxit-malin-e-zi-ta-njohe-kosoven\/\" \/>\n<meta property=\"og:site_name\" content=\"Lajme nga Ulqini\" \/>\n<meta property=\"article:published_time\" content=\"2008-09-17T16:44:53+00:00\" \/>\n<meta property=\"article:modified_time\" content=\"2008-10-17T19:48:00+00:00\" \/>\n<meta property=\"og:image\" content=\"http:\/\/www.visit-ulcinj.com\/blog\/wp-content\/uploads\/2008\/09\/bernard-garancher.jpg\" \/>\n<meta name=\"twitter:label1\" content=\"Written by\" \/>\n\t<meta name=\"twitter:data1\" content=\"ulqini\" \/>\n\t<meta name=\"twitter:label2\" content=\"Est. reading time\" \/>\n\t<meta name=\"twitter:data2\" content=\"1 minute\" \/>\n<script type=\"application\/ld+json\" class=\"yoast-schema-graph\">{\"@context\":\"https:\/\/schema.org\",\"@graph\":[{\"@type\":\"WebSite\",\"@id\":\"https:\/\/www.visit-ulcinj.com\/blog\/#website\",\"url\":\"https:\/\/www.visit-ulcinj.com\/blog\/\",\"name\":\"Lajme nga Ulqini\",\"description\":\"Lajme,Vijesti,Ulqini,Ulqin,Crna Gora,Mali i Zi\",\"potentialAction\":[{\"@type\":\"SearchAction\",\"target\":{\"@type\":\"EntryPoint\",\"urlTemplate\":\"https:\/\/www.visit-ulcinj.com\/blog\/?s={search_term_string}\"},\"query-input\":\"required name=search_term_string\"}],\"inLanguage\":\"en-US\"},{\"@type\":\"ImageObject\",\"inLanguage\":\"en-US\",\"@id\":\"https:\/\/www.visit-ulcinj.com\/blog\/2008\/09\/17\/garancher-nxit-malin-e-zi-ta-njohe-kosoven\/#primaryimage\",\"url\":\"http:\/\/www.visit-ulcinj.com\/blog\/wp-content\/uploads\/2008\/09\/bernard-garancher.jpg\",\"contentUrl\":\"http:\/\/www.visit-ulcinj.com\/blog\/wp-content\/uploads\/2008\/09\/bernard-garancher.jpg\"},{\"@type\":\"WebPage\",\"@id\":\"https:\/\/www.visit-ulcinj.com\/blog\/2008\/09\/17\/garancher-nxit-malin-e-zi-ta-njohe-kosoven\/#webpage\",\"url\":\"https:\/\/www.visit-ulcinj.com\/blog\/2008\/09\/17\/garancher-nxit-malin-e-zi-ta-njohe-kosoven\/\",\"name\":\"Garancher nxit Malin e Zi ta njoh\u00eb Kosov\u00ebn - Lajme nga Ulqini\",\"isPartOf\":{\"@id\":\"https:\/\/www.visit-ulcinj.com\/blog\/#website\"},\"primaryImageOfPage\":{\"@id\":\"https:\/\/www.visit-ulcinj.com\/blog\/2008\/09\/17\/garancher-nxit-malin-e-zi-ta-njohe-kosoven\/#primaryimage\"},\"datePublished\":\"2008-09-17T16:44:53+00:00\",\"dateModified\":\"2008-10-17T19:48:00+00:00\",\"author\":{\"@id\":\"https:\/\/www.visit-ulcinj.com\/blog\/#\/schema\/person\/dcab619c614d3038751c63bc2aadc06d\"},\"description\":\"Me njohjen e Kosov\u00ebs, Mali i Zi do t\u00eb kontribuonte edhe m\u00eb shum\u00eb n\u00eb stabilitetin rajonal dhe do ta forconte t\u00eb ardhmen e tij n\u00eb kuad\u00ebr t\u00eb Bashkimit\",\"breadcrumb\":{\"@id\":\"https:\/\/www.visit-ulcinj.com\/blog\/2008\/09\/17\/garancher-nxit-malin-e-zi-ta-njohe-kosoven\/#breadcrumb\"},\"inLanguage\":\"en-US\",\"potentialAction\":[{\"@type\":\"ReadAction\",\"target\":[\"https:\/\/www.visit-ulcinj.com\/blog\/2008\/09\/17\/garancher-nxit-malin-e-zi-ta-njohe-kosoven\/\"]}]},{\"@type\":\"BreadcrumbList\",\"@id\":\"https:\/\/www.visit-ulcinj.com\/blog\/2008\/09\/17\/garancher-nxit-malin-e-zi-ta-njohe-kosoven\/#breadcrumb\",\"itemListElement\":[{\"@type\":\"ListItem\",\"position\":1,\"name\":\"Garancher nxit Malin e Zi ta njoh\u00eb Kosov\u00ebn\"}]},{\"@type\":\"Person\",\"@id\":\"https:\/\/www.visit-ulcinj.com\/blog\/#\/schema\/person\/dcab619c614d3038751c63bc2aadc06d\",\"name\":\"ulqini\",\"sameAs\":[\"http:\/\/www.visit-ulcinj.com\"],\"url\":\"https:\/\/www.visit-ulcinj.com\/blog\/author\/admin\/\"}]}<\/script>\n<!-- \/ Yoast SEO plugin. -->","yoast_head_json":{"title":"Garancher nxit Malin e Zi ta njoh\u00eb Kosov\u00ebn - Lajme nga Ulqini","description":"Me njohjen e Kosov\u00ebs, Mali i Zi do t\u00eb kontribuonte edhe m\u00eb shum\u00eb n\u00eb stabilitetin rajonal dhe do ta forconte t\u00eb ardhmen e tij n\u00eb kuad\u00ebr t\u00eb Bashkimit","robots":{"index":"index","follow":"follow","max-snippet":"max-snippet:-1","max-image-preview":"max-image-preview:large","max-video-preview":"max-video-preview:-1"},"canonical":"https:\/\/www.visit-ulcinj.com\/blog\/2008\/09\/17\/garancher-nxit-malin-e-zi-ta-njohe-kosoven\/","og_locale":"en_US","og_type":"article","og_title":"Garancher nxit Malin e Zi ta njoh\u00eb Kosov\u00ebn - Lajme nga Ulqini","og_description":"Me njohjen e Kosov\u00ebs, Mali i Zi do t\u00eb kontribuonte edhe m\u00eb shum\u00eb n\u00eb stabilitetin rajonal dhe do ta forconte t\u00eb ardhmen e tij n\u00eb kuad\u00ebr t\u00eb Bashkimit","og_url":"https:\/\/www.visit-ulcinj.com\/blog\/2008\/09\/17\/garancher-nxit-malin-e-zi-ta-njohe-kosoven\/","og_site_name":"Lajme nga Ulqini","article_published_time":"2008-09-17T16:44:53+00:00","article_modified_time":"2008-10-17T19:48:00+00:00","og_image":[{"url":"http:\/\/www.visit-ulcinj.com\/blog\/wp-content\/uploads\/2008\/09\/bernard-garancher.jpg"}],"twitter_misc":{"Written by":"ulqini","Est. reading time":"1 minute"},"schema":{"@context":"https:\/\/schema.org","@graph":[{"@type":"WebSite","@id":"https:\/\/www.visit-ulcinj.com\/blog\/#website","url":"https:\/\/www.visit-ulcinj.com\/blog\/","name":"Lajme nga Ulqini","description":"Lajme,Vijesti,Ulqini,Ulqin,Crna Gora,Mali i Zi","potentialAction":[{"@type":"SearchAction","target":{"@type":"EntryPoint","urlTemplate":"https:\/\/www.visit-ulcinj.com\/blog\/?s={search_term_string}"},"query-input":"required name=search_term_string"}],"inLanguage":"en-US"},{"@type":"ImageObject","inLanguage":"en-US","@id":"https:\/\/www.visit-ulcinj.com\/blog\/2008\/09\/17\/garancher-nxit-malin-e-zi-ta-njohe-kosoven\/#primaryimage","url":"http:\/\/www.visit-ulcinj.com\/blog\/wp-content\/uploads\/2008\/09\/bernard-garancher.jpg","contentUrl":"http:\/\/www.visit-ulcinj.com\/blog\/wp-content\/uploads\/2008\/09\/bernard-garancher.jpg"},{"@type":"WebPage","@id":"https:\/\/www.visit-ulcinj.com\/blog\/2008\/09\/17\/garancher-nxit-malin-e-zi-ta-njohe-kosoven\/#webpage","url":"https:\/\/www.visit-ulcinj.com\/blog\/2008\/09\/17\/garancher-nxit-malin-e-zi-ta-njohe-kosoven\/","name":"Garancher nxit Malin e Zi ta njoh\u00eb Kosov\u00ebn - Lajme nga Ulqini","isPartOf":{"@id":"https:\/\/www.visit-ulcinj.com\/blog\/#website"},"primaryImageOfPage":{"@id":"https:\/\/www.visit-ulcinj.com\/blog\/2008\/09\/17\/garancher-nxit-malin-e-zi-ta-njohe-kosoven\/#primaryimage"},"datePublished":"2008-09-17T16:44:53+00:00","dateModified":"2008-10-17T19:48:00+00:00","author":{"@id":"https:\/\/www.visit-ulcinj.com\/blog\/#\/schema\/person\/dcab619c614d3038751c63bc2aadc06d"},"description":"Me njohjen e Kosov\u00ebs, Mali i Zi do t\u00eb kontribuonte edhe m\u00eb shum\u00eb n\u00eb stabilitetin rajonal dhe do ta forconte t\u00eb ardhmen e tij n\u00eb kuad\u00ebr t\u00eb Bashkimit","breadcrumb":{"@id":"https:\/\/www.visit-ulcinj.com\/blog\/2008\/09\/17\/garancher-nxit-malin-e-zi-ta-njohe-kosoven\/#breadcrumb"},"inLanguage":"en-US","potentialAction":[{"@type":"ReadAction","target":["https:\/\/www.visit-ulcinj.com\/blog\/2008\/09\/17\/garancher-nxit-malin-e-zi-ta-njohe-kosoven\/"]}]},{"@type":"BreadcrumbList","@id":"https:\/\/www.visit-ulcinj.com\/blog\/2008\/09\/17\/garancher-nxit-malin-e-zi-ta-njohe-kosoven\/#breadcrumb","itemListElement":[{"@type":"ListItem","position":1,"name":"Garancher nxit Malin e Zi ta njoh\u00eb Kosov\u00ebn"}]},{"@type":"Person","@id":"https:\/\/www.visit-ulcinj.com\/blog\/#\/schema\/person\/dcab619c614d3038751c63bc2aadc06d","name":"ulqini","sameAs":["http:\/\/www.visit-ulcinj.com"],"url":"https:\/\/www.visit-ulcinj.com\/blog\/author\/admin\/"}]}},"jetpack_featured_media_url":"","jetpack_sharing_enabled":true,"jetpack_shortlink":"https:\/\/wp.me\/pe6lTn-Sp","_links":{"self":[{"href":"https:\/\/www.visit-ulcinj.com\/blog\/wp-json\/wp\/v2\/posts\/3373"}],"collection":[{"href":"https:\/\/www.visit-ulcinj.com\/blog\/wp-json\/wp\/v2\/posts"}],"about":[{"href":"https:\/\/www.visit-ulcinj.com\/blog\/wp-json\/wp\/v2\/types\/post"}],"author":[{"embeddable":true,"href":"https:\/\/www.visit-ulcinj.com\/blog\/wp-json\/wp\/v2\/users\/1"}],"replies":[{"embeddable":true,"href":"https:\/\/www.visit-ulcinj.com\/blog\/wp-json\/wp\/v2\/comments?post=3373"}],"version-history":[{"count":0,"href":"https:\/\/www.visit-ulcinj.com\/blog\/wp-json\/wp\/v2\/posts\/3373\/revisions"}],"wp:attachment":[{"href":"https:\/\/www.visit-ulcinj.com\/blog\/wp-json\/wp\/v2\/media?parent=3373"}],"wp:term":[{"taxonomy":"category","embeddable":true,"href":"https:\/\/www.visit-ulcinj.com\/blog\/wp-json\/wp\/v2\/categories?post=3373"},{"taxonomy":"post_tag","embeddable":true,"href":"https:\/\/www.visit-ulcinj.com\/blog\/wp-json\/wp\/v2\/tags?post=3373"}],"curies":[{"name":"wp","href":"https:\/\/api.w.org\/{rel}","templated":true}]}}